{"id":921316,"date":"2024-03-02T09:02:56","date_gmt":"2024-03-02T12:02:56","guid":{"rendered":"https:\/\/www.pm.pb.gov.br\/portal\/?p=921316"},"modified":"2024-03-02T09:02:58","modified_gmt":"2024-03-02T12:02:58","slug":"em-cabedelo-policia-militar-apreende-arma-de-fogo-com-trio-que-estava-com-carro-roubado","status":"publish","type":"post","link":"https:\/\/www.pm.pb.gov.br\/portal\/2024\/03\/02\/em-cabedelo-policia-militar-apreende-arma-de-fogo-com-trio-que-estava-com-carro-roubado\/","title":{"rendered":"Em Cabedelo, Pol\u00edcia Militar apreende arma de fogo com trio que estava com carro roubado"},"content":{"rendered":"\n<p>Ap\u00f3s mais de 30 armas de fogo apreendidas em Cabedelo nos dois primeiros meses do ano, a Pol\u00edcia Militar iniciou as a\u00e7\u00f5es de mar\u00e7o com pris\u00e3o de acusados e apreens\u00e3o de arma na regi\u00e3o da cidade portu\u00e1ria. Tr\u00eas foram presos, uma pistola foi apreendida e um carro roubado foi recuperado nesta madrugada de s\u00e1bado (2).<\/p>\n<p>A a\u00e7\u00e3o da PM ocorreu na regi\u00e3o do Recanto do Po\u00e7o e foi coordenada pelo pr\u00f3prio comandante-geral da PM, o coronel S\u00e9rgio Fonseca, em conjunto com policiais da Companhia de Choque e da 6\u00aa Companhia Independente. De acordo com o subcomando da 6\u00aa CIPM, os policiais receberam informa\u00e7\u00f5es sobre um ve\u00edculo Gol da cor branca, roubado, e chegaram at\u00e9 a localidade encontrando tr\u00eas suspeitos.<\/p>\n<p><img loading=\"lazy\" decoding=\"async\" class=\" wp-image-921318 aligncenter\" src=\"http:\/\/www.pm.pb.gov.br\/portal\/wp-content\/uploads\/2024\/03\/WhatsApp-Image-2024-03-02-at-05.07.53-593x445.jpeg\" alt=\"\" width=\"528\" height=\"396\" srcset=\"https:\/\/www.pm.pb.gov.br\/portal\/wp-content\/uploads\/2024\/03\/WhatsApp-Image-2024-03-02-at-05.07.53-593x445.jpeg 593w, https:\/\/www.pm.pb.gov.br\/portal\/wp-content\/uploads\/2024\/03\/WhatsApp-Image-2024-03-02-at-05.07.53-760x570.jpeg 760w, https:\/\/www.pm.pb.gov.br\/portal\/wp-content\/uploads\/2024\/03\/WhatsApp-Image-2024-03-02-at-05.07.53-768x576.jpeg 768w, https:\/\/www.pm.pb.gov.br\/portal\/wp-content\/uploads\/2024\/03\/WhatsApp-Image-2024-03-02-at-05.07.53-1536x1152.jpeg 1536w, https:\/\/www.pm.pb.gov.br\/portal\/wp-content\/uploads\/2024\/03\/WhatsApp-Image-2024-03-02-at-05.07.53-2048x1536.jpeg 2048w\" sizes=\"(max-width: 528px) 100vw, 528px\" \/><\/p>\n<p>De acordo com a unidade, o grupo estava com uma pistola calibre nove mil\u00edmetros, quatro carregadores, sendo um deles alongado, o que aumenta o poder de fogo do armamento (foto acima). Ainda segundo a 6\u00aa CIPM, entre os presos, dois deles s\u00e3o de alta periculosidade e podem estar envolvidos em v\u00e1rios crimes na regi\u00e3o, algo que ser\u00e1 investigado.<\/p>\n<p>A ocorr\u00eancia foi encaminhada para a Cidade da Pol\u00edcia Civil para os procedimentos cab\u00edveis. Novas a\u00e7\u00f5es preventivas e de combate a grupos criminosos na regi\u00e3o devem continuar.<\/p>\n<p><img loading=\"lazy\" decoding=\"async\" class=\" wp-image-921320 aligncenter\" src=\"http:\/\/www.pm.pb.gov.br\/portal\/wp-content\/uploads\/2024\/03\/WhatsApp-Image-2024-03-02-at-08.32.31-593x445.jpeg\" alt=\"\" width=\"463\" height=\"348\" srcset=\"https:\/\/www.pm.pb.gov.br\/portal\/wp-content\/uploads\/2024\/03\/WhatsApp-Image-2024-03-02-at-08.32.31-593x445.jpeg 593w, https:\/\/www.pm.pb.gov.br\/portal\/wp-content\/uploads\/2024\/03\/WhatsApp-Image-2024-03-02-at-08.32.31-760x570.jpeg 760w, https:\/\/www.pm.pb.gov.br\/portal\/wp-content\/uploads\/2024\/03\/WhatsApp-Image-2024-03-02-at-08.32.31-768x576.jpeg 768w, https:\/\/www.pm.pb.gov.br\/portal\/wp-content\/uploads\/2024\/03\/WhatsApp-Image-2024-03-02-at-08.32.31-1536x1152.jpeg 1536w, https:\/\/www.pm.pb.gov.br\/portal\/wp-content\/uploads\/2024\/03\/WhatsApp-Image-2024-03-02-at-08.32.31-2048x1536.jpeg 2048w\" sizes=\"(max-width: 463px) 100vw, 463px\" \/><\/p>\n<p><img loading=\"lazy\" decoding=\"async\" class=\" wp-image-921319 aligncenter\" src=\"http:\/\/www.pm.pb.gov.br\/portal\/wp-content\/uploads\/2024\/03\/WhatsApp-Image-2024-03-02-at-09.06.08-1-593x445.jpeg\" alt=\"\" width=\"472\" height=\"354\" srcset=\"https:\/\/www.pm.pb.gov.br\/portal\/wp-content\/uploads\/2024\/03\/WhatsApp-Image-2024-03-02-at-09.06.08-1-593x445.jpeg 593w, https:\/\/www.pm.pb.gov.br\/portal\/wp-content\/uploads\/2024\/03\/WhatsApp-Image-2024-03-02-at-09.06.08-1-760x570.jpeg 760w, https:\/\/www.pm.pb.gov.br\/portal\/wp-content\/uploads\/2024\/03\/WhatsApp-Image-2024-03-02-at-09.06.08-1-768x576.jpeg 768w, https:\/\/www.pm.pb.gov.br\/portal\/wp-content\/uploads\/2024\/03\/WhatsApp-Image-2024-03-02-at-09.06.08-1-1536x1152.jpeg 1536w, https:\/\/www.pm.pb.gov.br\/portal\/wp-content\/uploads\/2024\/03\/WhatsApp-Image-2024-03-02-at-09.06.08-1-2048x1536.jpeg 2048w\" sizes=\"(max-width: 472px) 100vw, 472px\" \/><\/p>\n\n\n","protected":false},"excerpt":{"rendered":"<p>Ap\u00f3s mais de 30 armas de fogo apreendidas em Cabedelo nos dois primeiros meses do ano, a Pol\u00edcia Militar iniciou<\/p>\n","protected":false},"author":12,"featured_media":921317,"comment_status":"closed","ping_status":"closed","sticky":false,"template":"","format":"standard","meta":{"_exactmetrics_skip_tracking":false,"_exactmetrics_sitenote_active":false,"_exactmetrics_sitenote_note":"","_exactmetrics_sitenote_category":0,"footnotes":""},"categories":[4],"tags":[],"yoast_head":"<!-- This site is optimized with the Yoast SEO plugin v22.0 - https:\/\/yoast.com\/wordpress\/plugins\/seo\/ -->\n<title>Em Cabedelo, Pol\u00edcia Militar apreende arma de fogo com trio que estava com carro roubado - Pol\u00edcia Militar da Para\u00edba<\/title>\n<meta name=\"description\" content=\"Mais de 30 armas de fogo foram apreendidas na regi\u00e3o nos primeiros dois meses de 2024; a\u00e7\u00f5es de combate a grupos criminosos devem continuar.\" \/>\n<meta name=\"robots\" content=\"index, follow, max-snippet:-1, max-image-preview:large, max-video-preview:-1\" \/>\n<link rel=\"canonical\" href=\"https:\/\/www.pm.pb.gov.br\/portal\/2024\/03\/02\/em-cabedelo-policia-militar-apreende-arma-de-fogo-com-trio-que-estava-com-carro-roubado\/\" \/>\n<meta property=\"og:locale\" content=\"pt_BR\" \/>\n<meta property=\"og:type\" content=\"article\" \/>\n<meta property=\"og:title\" content=\"Em Cabedelo, Pol\u00edcia Militar apreende arma de fogo com trio que estava com carro roubado - Pol\u00edcia Militar da Para\u00edba\" \/>\n<meta property=\"og:description\" content=\"Mais de 30 armas de fogo foram apreendidas na regi\u00e3o nos primeiros dois meses de 2024; a\u00e7\u00f5es de combate a grupos criminosos devem continuar.\" \/>\n<meta property=\"og:url\" content=\"https:\/\/www.pm.pb.gov.br\/portal\/2024\/03\/02\/em-cabedelo-policia-militar-apreende-arma-de-fogo-com-trio-que-estava-com-carro-roubado\/\" \/>\n<meta property=\"og:site_name\" content=\"Pol\u00edcia Militar da Para\u00edba\" \/>\n<meta property=\"article:published_time\" content=\"2024-03-02T12:02:56+00:00\" \/>\n<meta property=\"article:modified_time\" content=\"2024-03-02T12:02:58+00:00\" \/>\n<meta property=\"og:image\" content=\"http:\/\/www.pm.pb.gov.br\/portal\/wp-content\/uploads\/2024\/03\/choque.jpeg\" \/>\n\t<meta property=\"og:image:width\" content=\"800\" \/>\n\t<meta property=\"og:image:height\" content=\"445\" \/>\n\t<meta property=\"og:image:type\" content=\"image\/jpeg\" \/>\n<meta name=\"author\" content=\"Tarcisio Oliveira\" \/>\n<meta name=\"twitter:card\" content=\"summary_large_image\" \/>\n<meta name=\"twitter:label1\" content=\"Escrito por\" \/>\n\t<meta name=\"twitter:data1\" content=\"Tarcisio Oliveira\" \/>\n\t<meta name=\"twitter:label2\" content=\"Est. tempo de leitura\" \/>\n\t<meta name=\"twitter:data2\" content=\"2 minutos\" \/>\n<script type=\"application\/ld+json\" class=\"yoast-schema-graph\">{\"@context\":\"https:\/\/schema.org\",\"@graph\":[{\"@type\":\"Article\",\"@id\":\"https:\/\/www.pm.pb.gov.br\/portal\/2024\/03\/02\/em-cabedelo-policia-militar-apreende-arma-de-fogo-com-trio-que-estava-com-carro-roubado\/#article\",\"isPartOf\":{\"@id\":\"https:\/\/www.pm.pb.gov.br\/portal\/2024\/03\/02\/em-cabedelo-policia-militar-apreende-arma-de-fogo-com-trio-que-estava-com-carro-roubado\/\"},\"author\":{\"name\":\"Tarcisio Oliveira\",\"@id\":\"https:\/\/www.pm.pb.gov.br\/portal\/#\/schema\/person\/f84f56dcc78ce4357054da888b8247fd\"},\"headline\":\"Em Cabedelo, Pol\u00edcia Militar apreende arma de fogo com trio que estava com carro roubado\",\"datePublished\":\"2024-03-02T12:02:56+00:00\",\"dateModified\":\"2024-03-02T12:02:58+00:00\",\"mainEntityOfPage\":{\"@id\":\"https:\/\/www.pm.pb.gov.br\/portal\/2024\/03\/02\/em-cabedelo-policia-militar-apreende-arma-de-fogo-com-trio-que-estava-com-carro-roubado\/\"},\"wordCount\":242,\"publisher\":{\"@id\":\"https:\/\/www.pm.pb.gov.br\/portal\/#organization\"},\"articleSection\":[\"A\u00e7\u00f5es Policiais\"],\"inLanguage\":\"pt-BR\"},{\"@type\":\"WebPage\",\"@id\":\"https:\/\/www.pm.pb.gov.br\/portal\/2024\/03\/02\/em-cabedelo-policia-militar-apreende-arma-de-fogo-com-trio-que-estava-com-carro-roubado\/\",\"url\":\"https:\/\/www.pm.pb.gov.br\/portal\/2024\/03\/02\/em-cabedelo-policia-militar-apreende-arma-de-fogo-com-trio-que-estava-com-carro-roubado\/\",\"name\":\"Em Cabedelo, Pol\u00edcia Militar apreende arma de fogo com trio que estava com carro roubado - Pol\u00edcia Militar da Para\u00edba\",\"isPartOf\":{\"@id\":\"https:\/\/www.pm.pb.gov.br\/portal\/#website\"},\"datePublished\":\"2024-03-02T12:02:56+00:00\",\"dateModified\":\"2024-03-02T12:02:58+00:00\",\"description\":\"Mais de 30 armas de fogo foram apreendidas na regi\u00e3o nos primeiros dois meses de 2024; a\u00e7\u00f5es de combate a grupos criminosos devem continuar.\",\"breadcrumb\":{\"@id\":\"https:\/\/www.pm.pb.gov.br\/portal\/2024\/03\/02\/em-cabedelo-policia-militar-apreende-arma-de-fogo-com-trio-que-estava-com-carro-roubado\/#breadcrumb\"},\"inLanguage\":\"pt-BR\",\"potentialAction\":[{\"@type\":\"ReadAction\",\"target\":[\"https:\/\/www.pm.pb.gov.br\/portal\/2024\/03\/02\/em-cabedelo-policia-militar-apreende-arma-de-fogo-com-trio-que-estava-com-carro-roubado\/\"]}]},{\"@type\":\"BreadcrumbList\",\"@id\":\"https:\/\/www.pm.pb.gov.br\/portal\/2024\/03\/02\/em-cabedelo-policia-militar-apreende-arma-de-fogo-com-trio-que-estava-com-carro-roubado\/#breadcrumb\",\"itemListElement\":[{\"@type\":\"ListItem\",\"position\":1,\"name\":\"In\u00edcio\",\"item\":\"https:\/\/www.pm.pb.gov.br\/portal\/\"},{\"@type\":\"ListItem\",\"position\":2,\"name\":\"Em Cabedelo, Pol\u00edcia Militar apreende arma de fogo com trio que estava com carro roubado\"}]},{\"@type\":\"WebSite\",\"@id\":\"https:\/\/www.pm.pb.gov.br\/portal\/#website\",\"url\":\"https:\/\/www.pm.pb.gov.br\/portal\/\",\"name\":\"Pol\u00edcia Militar da Para\u00edba\",\"description\":\"\",\"publisher\":{\"@id\":\"https:\/\/www.pm.pb.gov.br\/portal\/#organization\"},\"potentialAction\":[{\"@type\":\"SearchAction\",\"target\":{\"@type\":\"EntryPoint\",\"urlTemplate\":\"https:\/\/www.pm.pb.gov.br\/portal\/?s={search_term_string}\"},\"query-input\":\"required name=search_term_string\"}],\"inLanguage\":\"pt-BR\"},{\"@type\":\"Organization\",\"@id\":\"https:\/\/www.pm.pb.gov.br\/portal\/#organization\",\"name\":\"Pol\u00edcia Militar da Para\u00edba\",\"url\":\"https:\/\/www.pm.pb.gov.br\/portal\/\",\"logo\":{\"@type\":\"ImageObject\",\"inLanguage\":\"pt-BR\",\"@id\":\"https:\/\/www.pm.pb.gov.br\/portal\/#\/schema\/logo\/image\/\",\"url\":\"https:\/\/www.pm.pb.gov.br\/portal\/wp-content\/uploads\/2025\/03\/cropped-logo-site-mag2-1.png\",\"contentUrl\":\"https:\/\/www.pm.pb.gov.br\/portal\/wp-content\/uploads\/2025\/03\/cropped-logo-site-mag2-1.png\",\"width\":320,\"height\":90,\"caption\":\"Pol\u00edcia Militar da Para\u00edba\"},\"image\":{\"@id\":\"https:\/\/www.pm.pb.gov.br\/portal\/#\/schema\/logo\/image\/\"}},{\"@type\":\"Person\",\"@id\":\"https:\/\/www.pm.pb.gov.br\/portal\/#\/schema\/person\/f84f56dcc78ce4357054da888b8247fd\",\"name\":\"Tarcisio Oliveira\",\"image\":{\"@type\":\"ImageObject\",\"inLanguage\":\"pt-BR\",\"@id\":\"https:\/\/www.pm.pb.gov.br\/portal\/#\/schema\/person\/image\/\",\"url\":\"https:\/\/secure.gravatar.com\/avatar\/72917b630b69d31cd0297507f34bac97?s=96&d=mm&r=g\",\"contentUrl\":\"https:\/\/secure.gravatar.com\/avatar\/72917b630b69d31cd0297507f34bac97?s=96&d=mm&r=g\",\"caption\":\"Tarcisio Oliveira\"},\"url\":\"https:\/\/www.pm.pb.gov.br\/portal\/author\/tarcisio\/\"}]}<\/script>\n<!-- \/ Yoast SEO plugin. -->","yoast_head_json":{"title":"Em Cabedelo, Pol\u00edcia Militar apreende arma de fogo com trio que estava com carro roubado - Pol\u00edcia Militar da Para\u00edba","description":"Mais de 30 armas de fogo foram apreendidas na regi\u00e3o nos primeiros dois meses de 2024; a\u00e7\u00f5es de combate a grupos criminosos devem continuar.","robots":{"index":"index","follow":"follow","max-snippet":"max-snippet:-1","max-image-preview":"max-image-preview:large","max-video-preview":"max-video-preview:-1"},"canonical":"https:\/\/www.pm.pb.gov.br\/portal\/2024\/03\/02\/em-cabedelo-policia-militar-apreende-arma-de-fogo-com-trio-que-estava-com-carro-roubado\/","og_locale":"pt_BR","og_type":"article","og_title":"Em Cabedelo, Pol\u00edcia Militar apreende arma de fogo com trio que estava com carro roubado - Pol\u00edcia Militar da Para\u00edba","og_description":"Mais de 30 armas de fogo foram apreendidas na regi\u00e3o nos primeiros dois meses de 2024; a\u00e7\u00f5es de combate a grupos criminosos devem continuar.","og_url":"https:\/\/www.pm.pb.gov.br\/portal\/2024\/03\/02\/em-cabedelo-policia-militar-apreende-arma-de-fogo-com-trio-que-estava-com-carro-roubado\/","og_site_name":"Pol\u00edcia Militar da Para\u00edba","article_published_time":"2024-03-02T12:02:56+00:00","article_modified_time":"2024-03-02T12:02:58+00:00","og_image":[{"width":800,"height":445,"url":"http:\/\/www.pm.pb.gov.br\/portal\/wp-content\/uploads\/2024\/03\/choque.jpeg","type":"image\/jpeg"}],"author":"Tarcisio Oliveira","twitter_card":"summary_large_image","twitter_misc":{"Escrito por":"Tarcisio Oliveira","Est. tempo de leitura":"2 minutos"},"schema":{"@context":"https:\/\/schema.org","@graph":[{"@type":"Article","@id":"https:\/\/www.pm.pb.gov.br\/portal\/2024\/03\/02\/em-cabedelo-policia-militar-apreende-arma-de-fogo-com-trio-que-estava-com-carro-roubado\/#article","isPartOf":{"@id":"https:\/\/www.pm.pb.gov.br\/portal\/2024\/03\/02\/em-cabedelo-policia-militar-apreende-arma-de-fogo-com-trio-que-estava-com-carro-roubado\/"},"author":{"name":"Tarcisio Oliveira","@id":"https:\/\/www.pm.pb.gov.br\/portal\/#\/schema\/person\/f84f56dcc78ce4357054da888b8247fd"},"headline":"Em Cabedelo, Pol\u00edcia Militar apreende arma de fogo com trio que estava com carro roubado","datePublished":"2024-03-02T12:02:56+00:00","dateModified":"2024-03-02T12:02:58+00:00","mainEntityOfPage":{"@id":"https:\/\/www.pm.pb.gov.br\/portal\/2024\/03\/02\/em-cabedelo-policia-militar-apreende-arma-de-fogo-com-trio-que-estava-com-carro-roubado\/"},"wordCount":242,"publisher":{"@id":"https:\/\/www.pm.pb.gov.br\/portal\/#organization"},"articleSection":["A\u00e7\u00f5es Policiais"],"inLanguage":"pt-BR"},{"@type":"WebPage","@id":"https:\/\/www.pm.pb.gov.br\/portal\/2024\/03\/02\/em-cabedelo-policia-militar-apreende-arma-de-fogo-com-trio-que-estava-com-carro-roubado\/","url":"https:\/\/www.pm.pb.gov.br\/portal\/2024\/03\/02\/em-cabedelo-policia-militar-apreende-arma-de-fogo-com-trio-que-estava-com-carro-roubado\/","name":"Em Cabedelo, Pol\u00edcia Militar apreende arma de fogo com trio que estava com carro roubado - Pol\u00edcia Militar da Para\u00edba","isPartOf":{"@id":"https:\/\/www.pm.pb.gov.br\/portal\/#website"},"datePublished":"2024-03-02T12:02:56+00:00","dateModified":"2024-03-02T12:02:58+00:00","description":"Mais de 30 armas de fogo foram apreendidas na regi\u00e3o nos primeiros dois meses de 2024; a\u00e7\u00f5es de combate a grupos criminosos devem continuar.","breadcrumb":{"@id":"https:\/\/www.pm.pb.gov.br\/portal\/2024\/03\/02\/em-cabedelo-policia-militar-apreende-arma-de-fogo-com-trio-que-estava-com-carro-roubado\/#breadcrumb"},"inLanguage":"pt-BR","potentialAction":[{"@type":"ReadAction","target":["https:\/\/www.pm.pb.gov.br\/portal\/2024\/03\/02\/em-cabedelo-policia-militar-apreende-arma-de-fogo-com-trio-que-estava-com-carro-roubado\/"]}]},{"@type":"BreadcrumbList","@id":"https:\/\/www.pm.pb.gov.br\/portal\/2024\/03\/02\/em-cabedelo-policia-militar-apreende-arma-de-fogo-com-trio-que-estava-com-carro-roubado\/#breadcrumb","itemListElement":[{"@type":"ListItem","position":1,"name":"In\u00edcio","item":"https:\/\/www.pm.pb.gov.br\/portal\/"},{"@type":"ListItem","position":2,"name":"Em Cabedelo, Pol\u00edcia Militar apreende arma de fogo com trio que estava com carro roubado"}]},{"@type":"WebSite","@id":"https:\/\/www.pm.pb.gov.br\/portal\/#website","url":"https:\/\/www.pm.pb.gov.br\/portal\/","name":"Pol\u00edcia Militar da Para\u00edba","description":"","publisher":{"@id":"https:\/\/www.pm.pb.gov.br\/portal\/#organization"},"potentialAction":[{"@type":"SearchAction","target":{"@type":"EntryPoint","urlTemplate":"https:\/\/www.pm.pb.gov.br\/portal\/?s={search_term_string}"},"query-input":"required name=search_term_string"}],"inLanguage":"pt-BR"},{"@type":"Organization","@id":"https:\/\/www.pm.pb.gov.br\/portal\/#organization","name":"Pol\u00edcia Militar da Para\u00edba","url":"https:\/\/www.pm.pb.gov.br\/portal\/","logo":{"@type":"ImageObject","inLanguage":"pt-BR","@id":"https:\/\/www.pm.pb.gov.br\/portal\/#\/schema\/logo\/image\/","url":"https:\/\/www.pm.pb.gov.br\/portal\/wp-content\/uploads\/2025\/03\/cropped-logo-site-mag2-1.png","contentUrl":"https:\/\/www.pm.pb.gov.br\/portal\/wp-content\/uploads\/2025\/03\/cropped-logo-site-mag2-1.png","width":320,"height":90,"caption":"Pol\u00edcia Militar da Para\u00edba"},"image":{"@id":"https:\/\/www.pm.pb.gov.br\/portal\/#\/schema\/logo\/image\/"}},{"@type":"Person","@id":"https:\/\/www.pm.pb.gov.br\/portal\/#\/schema\/person\/f84f56dcc78ce4357054da888b8247fd","name":"Tarcisio Oliveira","image":{"@type":"ImageObject","inLanguage":"pt-BR","@id":"https:\/\/www.pm.pb.gov.br\/portal\/#\/schema\/person\/image\/","url":"https:\/\/secure.gravatar.com\/avatar\/72917b630b69d31cd0297507f34bac97?s=96&d=mm&r=g","contentUrl":"https:\/\/secure.gravatar.com\/avatar\/72917b630b69d31cd0297507f34bac97?s=96&d=mm&r=g","caption":"Tarcisio Oliveira"},"url":"https:\/\/www.pm.pb.gov.br\/portal\/author\/tarcisio\/"}]}},"_links":{"self":[{"href":"https:\/\/www.pm.pb.gov.br\/portal\/wp-json\/wp\/v2\/posts\/921316"}],"collection":[{"href":"https:\/\/www.pm.pb.gov.br\/portal\/wp-json\/wp\/v2\/posts"}],"about":[{"href":"https:\/\/www.pm.pb.gov.br\/portal\/wp-json\/wp\/v2\/types\/post"}],"author":[{"embeddable":true,"href":"https:\/\/www.pm.pb.gov.br\/portal\/wp-json\/wp\/v2\/users\/12"}],"replies":[{"embeddable":true,"href":"https:\/\/www.pm.pb.gov.br\/portal\/wp-json\/wp\/v2\/comments?post=921316"}],"version-history":[{"count":1,"href":"https:\/\/www.pm.pb.gov.br\/portal\/wp-json\/wp\/v2\/posts\/921316\/revisions"}],"predecessor-version":[{"id":921321,"href":"https:\/\/www.pm.pb.gov.br\/portal\/wp-json\/wp\/v2\/posts\/921316\/revisions\/921321"}],"wp:featuredmedia":[{"embeddable":true,"href":"https:\/\/www.pm.pb.gov.br\/portal\/wp-json\/wp\/v2\/media\/921317"}],"wp:attachment":[{"href":"https:\/\/www.pm.pb.gov.br\/portal\/wp-json\/wp\/v2\/media?parent=921316"}],"wp:term":[{"taxonomy":"category","embeddable":true,"href":"https:\/\/www.pm.pb.gov.br\/portal\/wp-json\/wp\/v2\/categories?post=921316"},{"taxonomy":"post_tag","embeddable":true,"href":"https:\/\/www.pm.pb.gov.br\/portal\/wp-json\/wp\/v2\/tags?post=921316"}],"curies":[{"name":"wp","href":"https:\/\/api.w.org\/{rel}","templated":true}]}}