{"id":921310,"date":"2024-02-29T14:53:36","date_gmt":"2024-02-29T17:53:36","guid":{"rendered":"https:\/\/www.pm.pb.gov.br\/portal\/?p=921310"},"modified":"2024-02-29T14:54:01","modified_gmt":"2024-02-29T17:54:01","slug":"reincidencia-acusado-de-diversos-homicidios-em-cabedelo-e-preso-novamente-pela-pm","status":"publish","type":"post","link":"https:\/\/www.pm.pb.gov.br\/portal\/2024\/02\/29\/reincidencia-acusado-de-diversos-homicidios-em-cabedelo-e-preso-novamente-pela-pm\/","title":{"rendered":"REINCID\u00caNCIA: Acusado de diversos homic\u00eddios em Cabedelo \u00e9 preso novamente pela PM"},"content":{"rendered":"\n<p>Novas a\u00e7\u00f5es de refor\u00e7o do policiamento em Cabedelo prenderam um homem acusado de cometer mais de 10 homic\u00eddios na cidade. Ele foi capturado na noite de ontem (28) com uma pistola, que \u00e9 a oitava arma de fogo apreendida na regi\u00e3o em menos de 48 horas (foto acima).<\/p>\n<p>De acordo com a 6\u00aa Companhia Independente, o acusado foi preso no Recanto do Po\u00e7o ap\u00f3s amea\u00e7ar moradores. Ele estava com uma pistola calibre nove mil\u00edmetros, e mais de 20 muni\u00e7\u00f5es. De acordo com os policiais, o acusado j\u00e1 tem v\u00e1rias passagens por crimes de homic\u00eddio e teria sa\u00eddo do pres\u00eddio com o uso de tornozeleira eletr\u00f4nica. Com esta nova pris\u00e3o, a participa\u00e7\u00e3o dele nos crimes na regi\u00e3o dever\u00e1 ser investigada.<\/p>\n<p>Outras sete armas de fogo j\u00e1 foram apreendidas pela PM entre a ter\u00e7a-feira e esta \u00faltima quarta com integrantes de grupos criminosos, em Cabedelo (fotos abaixo). A a\u00e7\u00e3o acontece a partir do refor\u00e7o do policiamento na localidade. Al\u00e9m delas, drogas e um kit Roni, que faz uma \u201cconvers\u00e3o\u201d de pistola em submetralhadora, aumentando o poder de fogo, tamb\u00e9m foram apreendidas.<\/p>\n<p><img loading=\"lazy\" decoding=\"async\" class=\" wp-image-921306 aligncenter\" src=\"http:\/\/www.pm.pb.gov.br\/portal\/wp-content\/uploads\/2024\/02\/WhatsApp-Image-2024-02-28-at-23.00.18.jpeg\" alt=\"\" width=\"586\" height=\"326\" srcset=\"https:\/\/www.pm.pb.gov.br\/portal\/wp-content\/uploads\/2024\/02\/WhatsApp-Image-2024-02-28-at-23.00.18.jpeg 800w, https:\/\/www.pm.pb.gov.br\/portal\/wp-content\/uploads\/2024\/02\/WhatsApp-Image-2024-02-28-at-23.00.18-245x136.jpeg 245w, https:\/\/www.pm.pb.gov.br\/portal\/wp-content\/uploads\/2024\/02\/WhatsApp-Image-2024-02-28-at-23.00.18-768x427.jpeg 768w\" sizes=\"(max-width: 586px) 100vw, 586px\" \/><\/p>\n<p><img loading=\"lazy\" decoding=\"async\" class=\"size-medium wp-image-921307 aligncenter\" src=\"http:\/\/www.pm.pb.gov.br\/portal\/wp-content\/uploads\/2024\/02\/WhatsApp-Image-2024-02-28-at-23.02.19-593x445.jpeg\" alt=\"\" width=\"593\" height=\"445\" srcset=\"https:\/\/www.pm.pb.gov.br\/portal\/wp-content\/uploads\/2024\/02\/WhatsApp-Image-2024-02-28-at-23.02.19-593x445.jpeg 593w, https:\/\/www.pm.pb.gov.br\/portal\/wp-content\/uploads\/2024\/02\/WhatsApp-Image-2024-02-28-at-23.02.19-760x570.jpeg 760w, https:\/\/www.pm.pb.gov.br\/portal\/wp-content\/uploads\/2024\/02\/WhatsApp-Image-2024-02-28-at-23.02.19-768x576.jpeg 768w, https:\/\/www.pm.pb.gov.br\/portal\/wp-content\/uploads\/2024\/02\/WhatsApp-Image-2024-02-28-at-23.02.19.jpeg 1280w\" sizes=\"(max-width: 593px) 100vw, 593px\" \/><\/p>\n<p><img loading=\"lazy\" decoding=\"async\" class=\"size-medium wp-image-921292 aligncenter\" src=\"http:\/\/www.pm.pb.gov.br\/portal\/wp-content\/uploads\/2024\/02\/IMG-20240228-WA0000-593x445.jpg\" alt=\"\" width=\"593\" height=\"445\" srcset=\"https:\/\/www.pm.pb.gov.br\/portal\/wp-content\/uploads\/2024\/02\/IMG-20240228-WA0000-593x445.jpg 593w, https:\/\/www.pm.pb.gov.br\/portal\/wp-content\/uploads\/2024\/02\/IMG-20240228-WA0000-760x570.jpg 760w, https:\/\/www.pm.pb.gov.br\/portal\/wp-content\/uploads\/2024\/02\/IMG-20240228-WA0000-768x576.jpg 768w, https:\/\/www.pm.pb.gov.br\/portal\/wp-content\/uploads\/2024\/02\/IMG-20240228-WA0000-1536x1152.jpg 1536w, https:\/\/www.pm.pb.gov.br\/portal\/wp-content\/uploads\/2024\/02\/IMG-20240228-WA0000.jpg 1600w\" sizes=\"(max-width: 593px) 100vw, 593px\" \/><\/p>\n\n\n","protected":false},"excerpt":{"rendered":"<p>Novas a\u00e7\u00f5es de refor\u00e7o do policiamento em Cabedelo prenderam um homem acusado de cometer mais de 10 homic\u00eddios na cidade.<\/p>\n","protected":false},"author":12,"featured_media":921309,"comment_status":"closed","ping_status":"closed","sticky":false,"template":"","format":"standard","meta":{"_exactmetrics_skip_tracking":false,"_exactmetrics_sitenote_active":false,"_exactmetrics_sitenote_note":"","_exactmetrics_sitenote_category":0,"footnotes":""},"categories":[4],"tags":[],"yoast_head":"<!-- This site is optimized with the Yoast SEO plugin v22.0 - https:\/\/yoast.com\/wordpress\/plugins\/seo\/ -->\n<title>REINCID\u00caNCIA: Acusado de diversos homic\u00eddios em Cabedelo \u00e9 preso novamente pela PM - Pol\u00edcia Militar da Para\u00edba<\/title>\n<meta name=\"description\" content=\"Ele estava com uma pistola calibre 9 mil\u00edmetros, e mais de 20 muni\u00e7\u00f5es. Outras 7 armas de fogo j\u00e1 foram apreendidas pela PM em 48 horas.\" \/>\n<meta name=\"robots\" content=\"index, follow, max-snippet:-1, max-image-preview:large, max-video-preview:-1\" \/>\n<link rel=\"canonical\" href=\"https:\/\/www.pm.pb.gov.br\/portal\/2024\/02\/29\/reincidencia-acusado-de-diversos-homicidios-em-cabedelo-e-preso-novamente-pela-pm\/\" \/>\n<meta property=\"og:locale\" content=\"pt_BR\" \/>\n<meta property=\"og:type\" content=\"article\" \/>\n<meta property=\"og:title\" content=\"REINCID\u00caNCIA: Acusado de diversos homic\u00eddios em Cabedelo \u00e9 preso novamente pela PM - Pol\u00edcia Militar da Para\u00edba\" \/>\n<meta property=\"og:description\" content=\"Ele estava com uma pistola calibre 9 mil\u00edmetros, e mais de 20 muni\u00e7\u00f5es. Outras 7 armas de fogo j\u00e1 foram apreendidas pela PM em 48 horas.\" \/>\n<meta property=\"og:url\" content=\"https:\/\/www.pm.pb.gov.br\/portal\/2024\/02\/29\/reincidencia-acusado-de-diversos-homicidios-em-cabedelo-e-preso-novamente-pela-pm\/\" \/>\n<meta property=\"og:site_name\" content=\"Pol\u00edcia Militar da Para\u00edba\" \/>\n<meta property=\"article:published_time\" content=\"2024-02-29T17:53:36+00:00\" \/>\n<meta property=\"article:modified_time\" content=\"2024-02-29T17:54:01+00:00\" \/>\n<meta property=\"og:image\" content=\"http:\/\/www.pm.pb.gov.br\/portal\/wp-content\/uploads\/2024\/02\/Foto-1.jpg\" \/>\n\t<meta property=\"og:image:width\" content=\"800\" \/>\n\t<meta property=\"og:image:height\" content=\"445\" \/>\n\t<meta property=\"og:image:type\" content=\"image\/jpeg\" \/>\n<meta name=\"author\" content=\"Tarcisio Oliveira\" \/>\n<meta name=\"twitter:card\" content=\"summary_large_image\" \/>\n<meta name=\"twitter:label1\" content=\"Escrito por\" \/>\n\t<meta name=\"twitter:data1\" content=\"Tarcisio Oliveira\" \/>\n\t<meta name=\"twitter:label2\" content=\"Est. tempo de leitura\" \/>\n\t<meta name=\"twitter:data2\" content=\"2 minutos\" \/>\n<script type=\"application\/ld+json\" class=\"yoast-schema-graph\">{\"@context\":\"https:\/\/schema.org\",\"@graph\":[{\"@type\":\"Article\",\"@id\":\"https:\/\/www.pm.pb.gov.br\/portal\/2024\/02\/29\/reincidencia-acusado-de-diversos-homicidios-em-cabedelo-e-preso-novamente-pela-pm\/#article\",\"isPartOf\":{\"@id\":\"https:\/\/www.pm.pb.gov.br\/portal\/2024\/02\/29\/reincidencia-acusado-de-diversos-homicidios-em-cabedelo-e-preso-novamente-pela-pm\/\"},\"author\":{\"name\":\"Tarcisio Oliveira\",\"@id\":\"https:\/\/www.pm.pb.gov.br\/portal\/#\/schema\/person\/f84f56dcc78ce4357054da888b8247fd\"},\"headline\":\"REINCID\u00caNCIA: Acusado de diversos homic\u00eddios em Cabedelo \u00e9 preso novamente pela PM\",\"datePublished\":\"2024-02-29T17:53:36+00:00\",\"dateModified\":\"2024-02-29T17:54:01+00:00\",\"mainEntityOfPage\":{\"@id\":\"https:\/\/www.pm.pb.gov.br\/portal\/2024\/02\/29\/reincidencia-acusado-de-diversos-homicidios-em-cabedelo-e-preso-novamente-pela-pm\/\"},\"wordCount\":209,\"publisher\":{\"@id\":\"https:\/\/www.pm.pb.gov.br\/portal\/#organization\"},\"articleSection\":[\"A\u00e7\u00f5es Policiais\"],\"inLanguage\":\"pt-BR\"},{\"@type\":\"WebPage\",\"@id\":\"https:\/\/www.pm.pb.gov.br\/portal\/2024\/02\/29\/reincidencia-acusado-de-diversos-homicidios-em-cabedelo-e-preso-novamente-pela-pm\/\",\"url\":\"https:\/\/www.pm.pb.gov.br\/portal\/2024\/02\/29\/reincidencia-acusado-de-diversos-homicidios-em-cabedelo-e-preso-novamente-pela-pm\/\",\"name\":\"REINCID\u00caNCIA: Acusado de diversos homic\u00eddios em Cabedelo \u00e9 preso novamente pela PM - Pol\u00edcia Militar da Para\u00edba\",\"isPartOf\":{\"@id\":\"https:\/\/www.pm.pb.gov.br\/portal\/#website\"},\"datePublished\":\"2024-02-29T17:53:36+00:00\",\"dateModified\":\"2024-02-29T17:54:01+00:00\",\"description\":\"Ele estava com uma pistola calibre 9 mil\u00edmetros, e mais de 20 muni\u00e7\u00f5es. Outras 7 armas de fogo j\u00e1 foram apreendidas pela PM em 48 horas.\",\"breadcrumb\":{\"@id\":\"https:\/\/www.pm.pb.gov.br\/portal\/2024\/02\/29\/reincidencia-acusado-de-diversos-homicidios-em-cabedelo-e-preso-novamente-pela-pm\/#breadcrumb\"},\"inLanguage\":\"pt-BR\",\"potentialAction\":[{\"@type\":\"ReadAction\",\"target\":[\"https:\/\/www.pm.pb.gov.br\/portal\/2024\/02\/29\/reincidencia-acusado-de-diversos-homicidios-em-cabedelo-e-preso-novamente-pela-pm\/\"]}]},{\"@type\":\"BreadcrumbList\",\"@id\":\"https:\/\/www.pm.pb.gov.br\/portal\/2024\/02\/29\/reincidencia-acusado-de-diversos-homicidios-em-cabedelo-e-preso-novamente-pela-pm\/#breadcrumb\",\"itemListElement\":[{\"@type\":\"ListItem\",\"position\":1,\"name\":\"In\u00edcio\",\"item\":\"https:\/\/www.pm.pb.gov.br\/portal\/\"},{\"@type\":\"ListItem\",\"position\":2,\"name\":\"REINCID\u00caNCIA: Acusado de diversos homic\u00eddios em Cabedelo \u00e9 preso novamente pela PM\"}]},{\"@type\":\"WebSite\",\"@id\":\"https:\/\/www.pm.pb.gov.br\/portal\/#website\",\"url\":\"https:\/\/www.pm.pb.gov.br\/portal\/\",\"name\":\"Pol\u00edcia Militar da Para\u00edba\",\"description\":\"\",\"publisher\":{\"@id\":\"https:\/\/www.pm.pb.gov.br\/portal\/#organization\"},\"potentialAction\":[{\"@type\":\"SearchAction\",\"target\":{\"@type\":\"EntryPoint\",\"urlTemplate\":\"https:\/\/www.pm.pb.gov.br\/portal\/?s={search_term_string}\"},\"query-input\":\"required name=search_term_string\"}],\"inLanguage\":\"pt-BR\"},{\"@type\":\"Organization\",\"@id\":\"https:\/\/www.pm.pb.gov.br\/portal\/#organization\",\"name\":\"Pol\u00edcia Militar da Para\u00edba\",\"url\":\"https:\/\/www.pm.pb.gov.br\/portal\/\",\"logo\":{\"@type\":\"ImageObject\",\"inLanguage\":\"pt-BR\",\"@id\":\"https:\/\/www.pm.pb.gov.br\/portal\/#\/schema\/logo\/image\/\",\"url\":\"https:\/\/www.pm.pb.gov.br\/portal\/wp-content\/uploads\/2025\/03\/cropped-logo-site-mag2-1.png\",\"contentUrl\":\"https:\/\/www.pm.pb.gov.br\/portal\/wp-content\/uploads\/2025\/03\/cropped-logo-site-mag2-1.png\",\"width\":320,\"height\":90,\"caption\":\"Pol\u00edcia Militar da Para\u00edba\"},\"image\":{\"@id\":\"https:\/\/www.pm.pb.gov.br\/portal\/#\/schema\/logo\/image\/\"}},{\"@type\":\"Person\",\"@id\":\"https:\/\/www.pm.pb.gov.br\/portal\/#\/schema\/person\/f84f56dcc78ce4357054da888b8247fd\",\"name\":\"Tarcisio Oliveira\",\"image\":{\"@type\":\"ImageObject\",\"inLanguage\":\"pt-BR\",\"@id\":\"https:\/\/www.pm.pb.gov.br\/portal\/#\/schema\/person\/image\/\",\"url\":\"https:\/\/secure.gravatar.com\/avatar\/72917b630b69d31cd0297507f34bac97?s=96&d=mm&r=g\",\"contentUrl\":\"https:\/\/secure.gravatar.com\/avatar\/72917b630b69d31cd0297507f34bac97?s=96&d=mm&r=g\",\"caption\":\"Tarcisio Oliveira\"},\"url\":\"https:\/\/www.pm.pb.gov.br\/portal\/author\/tarcisio\/\"}]}<\/script>\n<!-- \/ Yoast SEO plugin. -->","yoast_head_json":{"title":"REINCID\u00caNCIA: Acusado de diversos homic\u00eddios em Cabedelo \u00e9 preso novamente pela PM - Pol\u00edcia Militar da Para\u00edba","description":"Ele estava com uma pistola calibre 9 mil\u00edmetros, e mais de 20 muni\u00e7\u00f5es. Outras 7 armas de fogo j\u00e1 foram apreendidas pela PM em 48 horas.","robots":{"index":"index","follow":"follow","max-snippet":"max-snippet:-1","max-image-preview":"max-image-preview:large","max-video-preview":"max-video-preview:-1"},"canonical":"https:\/\/www.pm.pb.gov.br\/portal\/2024\/02\/29\/reincidencia-acusado-de-diversos-homicidios-em-cabedelo-e-preso-novamente-pela-pm\/","og_locale":"pt_BR","og_type":"article","og_title":"REINCID\u00caNCIA: Acusado de diversos homic\u00eddios em Cabedelo \u00e9 preso novamente pela PM - Pol\u00edcia Militar da Para\u00edba","og_description":"Ele estava com uma pistola calibre 9 mil\u00edmetros, e mais de 20 muni\u00e7\u00f5es. Outras 7 armas de fogo j\u00e1 foram apreendidas pela PM em 48 horas.","og_url":"https:\/\/www.pm.pb.gov.br\/portal\/2024\/02\/29\/reincidencia-acusado-de-diversos-homicidios-em-cabedelo-e-preso-novamente-pela-pm\/","og_site_name":"Pol\u00edcia Militar da Para\u00edba","article_published_time":"2024-02-29T17:53:36+00:00","article_modified_time":"2024-02-29T17:54:01+00:00","og_image":[{"width":800,"height":445,"url":"http:\/\/www.pm.pb.gov.br\/portal\/wp-content\/uploads\/2024\/02\/Foto-1.jpg","type":"image\/jpeg"}],"author":"Tarcisio Oliveira","twitter_card":"summary_large_image","twitter_misc":{"Escrito por":"Tarcisio Oliveira","Est. tempo de leitura":"2 minutos"},"schema":{"@context":"https:\/\/schema.org","@graph":[{"@type":"Article","@id":"https:\/\/www.pm.pb.gov.br\/portal\/2024\/02\/29\/reincidencia-acusado-de-diversos-homicidios-em-cabedelo-e-preso-novamente-pela-pm\/#article","isPartOf":{"@id":"https:\/\/www.pm.pb.gov.br\/portal\/2024\/02\/29\/reincidencia-acusado-de-diversos-homicidios-em-cabedelo-e-preso-novamente-pela-pm\/"},"author":{"name":"Tarcisio Oliveira","@id":"https:\/\/www.pm.pb.gov.br\/portal\/#\/schema\/person\/f84f56dcc78ce4357054da888b8247fd"},"headline":"REINCID\u00caNCIA: Acusado de diversos homic\u00eddios em Cabedelo \u00e9 preso novamente pela PM","datePublished":"2024-02-29T17:53:36+00:00","dateModified":"2024-02-29T17:54:01+00:00","mainEntityOfPage":{"@id":"https:\/\/www.pm.pb.gov.br\/portal\/2024\/02\/29\/reincidencia-acusado-de-diversos-homicidios-em-cabedelo-e-preso-novamente-pela-pm\/"},"wordCount":209,"publisher":{"@id":"https:\/\/www.pm.pb.gov.br\/portal\/#organization"},"articleSection":["A\u00e7\u00f5es Policiais"],"inLanguage":"pt-BR"},{"@type":"WebPage","@id":"https:\/\/www.pm.pb.gov.br\/portal\/2024\/02\/29\/reincidencia-acusado-de-diversos-homicidios-em-cabedelo-e-preso-novamente-pela-pm\/","url":"https:\/\/www.pm.pb.gov.br\/portal\/2024\/02\/29\/reincidencia-acusado-de-diversos-homicidios-em-cabedelo-e-preso-novamente-pela-pm\/","name":"REINCID\u00caNCIA: Acusado de diversos homic\u00eddios em Cabedelo \u00e9 preso novamente pela PM - Pol\u00edcia Militar da Para\u00edba","isPartOf":{"@id":"https:\/\/www.pm.pb.gov.br\/portal\/#website"},"datePublished":"2024-02-29T17:53:36+00:00","dateModified":"2024-02-29T17:54:01+00:00","description":"Ele estava com uma pistola calibre 9 mil\u00edmetros, e mais de 20 muni\u00e7\u00f5es. Outras 7 armas de fogo j\u00e1 foram apreendidas pela PM em 48 horas.","breadcrumb":{"@id":"https:\/\/www.pm.pb.gov.br\/portal\/2024\/02\/29\/reincidencia-acusado-de-diversos-homicidios-em-cabedelo-e-preso-novamente-pela-pm\/#breadcrumb"},"inLanguage":"pt-BR","potentialAction":[{"@type":"ReadAction","target":["https:\/\/www.pm.pb.gov.br\/portal\/2024\/02\/29\/reincidencia-acusado-de-diversos-homicidios-em-cabedelo-e-preso-novamente-pela-pm\/"]}]},{"@type":"BreadcrumbList","@id":"https:\/\/www.pm.pb.gov.br\/portal\/2024\/02\/29\/reincidencia-acusado-de-diversos-homicidios-em-cabedelo-e-preso-novamente-pela-pm\/#breadcrumb","itemListElement":[{"@type":"ListItem","position":1,"name":"In\u00edcio","item":"https:\/\/www.pm.pb.gov.br\/portal\/"},{"@type":"ListItem","position":2,"name":"REINCID\u00caNCIA: Acusado de diversos homic\u00eddios em Cabedelo \u00e9 preso novamente pela PM"}]},{"@type":"WebSite","@id":"https:\/\/www.pm.pb.gov.br\/portal\/#website","url":"https:\/\/www.pm.pb.gov.br\/portal\/","name":"Pol\u00edcia Militar da Para\u00edba","description":"","publisher":{"@id":"https:\/\/www.pm.pb.gov.br\/portal\/#organization"},"potentialAction":[{"@type":"SearchAction","target":{"@type":"EntryPoint","urlTemplate":"https:\/\/www.pm.pb.gov.br\/portal\/?s={search_term_string}"},"query-input":"required name=search_term_string"}],"inLanguage":"pt-BR"},{"@type":"Organization","@id":"https:\/\/www.pm.pb.gov.br\/portal\/#organization","name":"Pol\u00edcia Militar da Para\u00edba","url":"https:\/\/www.pm.pb.gov.br\/portal\/","logo":{"@type":"ImageObject","inLanguage":"pt-BR","@id":"https:\/\/www.pm.pb.gov.br\/portal\/#\/schema\/logo\/image\/","url":"https:\/\/www.pm.pb.gov.br\/portal\/wp-content\/uploads\/2025\/03\/cropped-logo-site-mag2-1.png","contentUrl":"https:\/\/www.pm.pb.gov.br\/portal\/wp-content\/uploads\/2025\/03\/cropped-logo-site-mag2-1.png","width":320,"height":90,"caption":"Pol\u00edcia Militar da Para\u00edba"},"image":{"@id":"https:\/\/www.pm.pb.gov.br\/portal\/#\/schema\/logo\/image\/"}},{"@type":"Person","@id":"https:\/\/www.pm.pb.gov.br\/portal\/#\/schema\/person\/f84f56dcc78ce4357054da888b8247fd","name":"Tarcisio Oliveira","image":{"@type":"ImageObject","inLanguage":"pt-BR","@id":"https:\/\/www.pm.pb.gov.br\/portal\/#\/schema\/person\/image\/","url":"https:\/\/secure.gravatar.com\/avatar\/72917b630b69d31cd0297507f34bac97?s=96&d=mm&r=g","contentUrl":"https:\/\/secure.gravatar.com\/avatar\/72917b630b69d31cd0297507f34bac97?s=96&d=mm&r=g","caption":"Tarcisio Oliveira"},"url":"https:\/\/www.pm.pb.gov.br\/portal\/author\/tarcisio\/"}]}},"_links":{"self":[{"href":"https:\/\/www.pm.pb.gov.br\/portal\/wp-json\/wp\/v2\/posts\/921310"}],"collection":[{"href":"https:\/\/www.pm.pb.gov.br\/portal\/wp-json\/wp\/v2\/posts"}],"about":[{"href":"https:\/\/www.pm.pb.gov.br\/portal\/wp-json\/wp\/v2\/types\/post"}],"author":[{"embeddable":true,"href":"https:\/\/www.pm.pb.gov.br\/portal\/wp-json\/wp\/v2\/users\/12"}],"replies":[{"embeddable":true,"href":"https:\/\/www.pm.pb.gov.br\/portal\/wp-json\/wp\/v2\/comments?post=921310"}],"version-history":[{"count":2,"href":"https:\/\/www.pm.pb.gov.br\/portal\/wp-json\/wp\/v2\/posts\/921310\/revisions"}],"predecessor-version":[{"id":921312,"href":"https:\/\/www.pm.pb.gov.br\/portal\/wp-json\/wp\/v2\/posts\/921310\/revisions\/921312"}],"wp:featuredmedia":[{"embeddable":true,"href":"https:\/\/www.pm.pb.gov.br\/portal\/wp-json\/wp\/v2\/media\/921309"}],"wp:attachment":[{"href":"https:\/\/www.pm.pb.gov.br\/portal\/wp-json\/wp\/v2\/media?parent=921310"}],"wp:term":[{"taxonomy":"category","embeddable":true,"href":"https:\/\/www.pm.pb.gov.br\/portal\/wp-json\/wp\/v2\/categories?post=921310"},{"taxonomy":"post_tag","embeddable":true,"href":"https:\/\/www.pm.pb.gov.br\/portal\/wp-json\/wp\/v2\/tags?post=921310"}],"curies":[{"name":"wp","href":"https:\/\/api.w.org\/{rel}","templated":true}]}}