{"id":921305,"date":"2024-02-28T22:59:37","date_gmt":"2024-02-29T01:59:37","guid":{"rendered":"https:\/\/www.pm.pb.gov.br\/portal\/?p=921305"},"modified":"2024-02-28T22:59:41","modified_gmt":"2024-02-29T01:59:41","slug":"reforco-policial-em-cabedelo-apreende-7a-arma-de-fogo-em-menos-de-48-horas","status":"publish","type":"post","link":"https:\/\/www.pm.pb.gov.br\/portal\/2024\/02\/28\/reforco-policial-em-cabedelo-apreende-7a-arma-de-fogo-em-menos-de-48-horas\/","title":{"rendered":"Refor\u00e7o policial em Cabedelo apreende 7\u00aa arma de fogo em menos de 48 horas"},"content":{"rendered":"\n<p>O refor\u00e7o policial em Cabedelo apreendeu a s\u00e9tima arma de fogo em menos de 48 horas de intensifica\u00e7\u00e3o das a\u00e7\u00f5es de seguran\u00e7a na regi\u00e3o. A apreens\u00e3o ocorreu na noite desta \u00faltima quarta-feira (28), resultando em dois homens presos pela Pol\u00edcia Militar.<\/p>\n<p>De acordo com a For\u00e7a Regional, unidade respons\u00e1vel pela a\u00e7\u00e3o, os acusados j\u00e1 tinham passagem pela pol\u00edcia e respondiam por crimes relacionados a drogas e a viol\u00eancia dom\u00e9stica. A dupla foi flagrada pelos policiais na comunidade do Renascer, tentou fugir mas foi frustrada.<\/p>\n<p>Com eles os policiais apreenderam um rev\u00f3lver calibre 38, um kit roni, que atua como um \u201cconversor\u201d de pistola em uma submetralhadora, aumentando o poder de fogo. Al\u00e9m disso os acusados estavam com maconha, balan\u00e7a de precis\u00e3o, e dois radiocomunicadores que tamb\u00e9m foram apreendidos pela PM (foto principal acima).<\/p>\n<p>A a\u00e7\u00e3o de refor\u00e7o acontece durante intensifica\u00e7\u00e3o do policiamento preventivo na regi\u00e3o, e de combate a grupos criminosos. Ainda na ter\u00e7a-feira, outras seis armas foram apreendidas pelos policiais da 6\u00aa Companhia Independente, resultando em criminosos presos e novos crimes frustrados (fotos abaixo).<\/p>\n<p><img loading=\"lazy\" decoding=\"async\" class=\" wp-image-921307 aligncenter\" src=\"http:\/\/www.pm.pb.gov.br\/portal\/wp-content\/uploads\/2024\/02\/WhatsApp-Image-2024-02-28-at-23.02.19-593x445.jpeg\" alt=\"\" width=\"505\" height=\"379\" srcset=\"https:\/\/www.pm.pb.gov.br\/portal\/wp-content\/uploads\/2024\/02\/WhatsApp-Image-2024-02-28-at-23.02.19-593x445.jpeg 593w, https:\/\/www.pm.pb.gov.br\/portal\/wp-content\/uploads\/2024\/02\/WhatsApp-Image-2024-02-28-at-23.02.19-760x570.jpeg 760w, https:\/\/www.pm.pb.gov.br\/portal\/wp-content\/uploads\/2024\/02\/WhatsApp-Image-2024-02-28-at-23.02.19-768x576.jpeg 768w, https:\/\/www.pm.pb.gov.br\/portal\/wp-content\/uploads\/2024\/02\/WhatsApp-Image-2024-02-28-at-23.02.19.jpeg 1280w\" sizes=\"(max-width: 505px) 100vw, 505px\" \/><\/p>\n<p><img loading=\"lazy\" decoding=\"async\" class=\" wp-image-921292 aligncenter\" src=\"http:\/\/www.pm.pb.gov.br\/portal\/wp-content\/uploads\/2024\/02\/IMG-20240228-WA0000-593x445.jpg\" alt=\"\" width=\"505\" height=\"379\" srcset=\"https:\/\/www.pm.pb.gov.br\/portal\/wp-content\/uploads\/2024\/02\/IMG-20240228-WA0000-593x445.jpg 593w, https:\/\/www.pm.pb.gov.br\/portal\/wp-content\/uploads\/2024\/02\/IMG-20240228-WA0000-760x570.jpg 760w, https:\/\/www.pm.pb.gov.br\/portal\/wp-content\/uploads\/2024\/02\/IMG-20240228-WA0000-768x576.jpg 768w, https:\/\/www.pm.pb.gov.br\/portal\/wp-content\/uploads\/2024\/02\/IMG-20240228-WA0000-1536x1152.jpg 1536w, https:\/\/www.pm.pb.gov.br\/portal\/wp-content\/uploads\/2024\/02\/IMG-20240228-WA0000.jpg 1600w\" sizes=\"(max-width: 505px) 100vw, 505px\" \/><\/p>\n<p>Os acusados presos na noite desta quarta foram conduzidos para a Cidade da Pol\u00edcia Civil para os procedimentos cab\u00edveis e onde a participa\u00e7\u00e3o deles nos crimes na regi\u00e3o ser\u00e1 investigada. O material apreendido tamb\u00e9m dever\u00e1 ser analisado.<\/p>\n\n\n","protected":false},"excerpt":{"rendered":"<p>O refor\u00e7o policial em Cabedelo apreendeu a s\u00e9tima arma de fogo em menos de 48 horas de intensifica\u00e7\u00e3o das a\u00e7\u00f5es<\/p>\n","protected":false},"author":12,"featured_media":921306,"comment_status":"closed","ping_status":"closed","sticky":false,"template":"","format":"standard","meta":{"_exactmetrics_skip_tracking":false,"_exactmetrics_sitenote_active":false,"_exactmetrics_sitenote_note":"","_exactmetrics_sitenote_category":0,"footnotes":""},"categories":[4],"tags":[],"yoast_head":"<!-- This site is optimized with the Yoast SEO plugin v22.0 - https:\/\/yoast.com\/wordpress\/plugins\/seo\/ -->\n<title>Refor\u00e7o policial em Cabedelo apreende 7\u00aa arma de fogo em menos de 48 horas - Pol\u00edcia Militar da Para\u00edba<\/title>\n<meta name=\"description\" content=\"Acusados presos j\u00e1 respondiam por outros crimes; ainda na ter\u00e7a-feira, outras seis armas foram apreendidas pela PM.\" \/>\n<meta name=\"robots\" content=\"index, follow, max-snippet:-1, max-image-preview:large, max-video-preview:-1\" \/>\n<link rel=\"canonical\" href=\"https:\/\/www.pm.pb.gov.br\/portal\/2024\/02\/28\/reforco-policial-em-cabedelo-apreende-7a-arma-de-fogo-em-menos-de-48-horas\/\" \/>\n<meta property=\"og:locale\" content=\"pt_BR\" \/>\n<meta property=\"og:type\" content=\"article\" \/>\n<meta property=\"og:title\" content=\"Refor\u00e7o policial em Cabedelo apreende 7\u00aa arma de fogo em menos de 48 horas - Pol\u00edcia Militar da Para\u00edba\" \/>\n<meta property=\"og:description\" content=\"Acusados presos j\u00e1 respondiam por outros crimes; ainda na ter\u00e7a-feira, outras seis armas foram apreendidas pela PM.\" \/>\n<meta property=\"og:url\" content=\"https:\/\/www.pm.pb.gov.br\/portal\/2024\/02\/28\/reforco-policial-em-cabedelo-apreende-7a-arma-de-fogo-em-menos-de-48-horas\/\" \/>\n<meta property=\"og:site_name\" content=\"Pol\u00edcia Militar da Para\u00edba\" \/>\n<meta property=\"article:published_time\" content=\"2024-02-29T01:59:37+00:00\" \/>\n<meta property=\"article:modified_time\" content=\"2024-02-29T01:59:41+00:00\" \/>\n<meta property=\"og:image\" content=\"http:\/\/www.pm.pb.gov.br\/portal\/wp-content\/uploads\/2024\/02\/WhatsApp-Image-2024-02-28-at-23.00.18.jpeg\" \/>\n\t<meta property=\"og:image:width\" content=\"800\" \/>\n\t<meta property=\"og:image:height\" content=\"445\" \/>\n\t<meta property=\"og:image:type\" content=\"image\/jpeg\" \/>\n<meta name=\"author\" content=\"Tarcisio Oliveira\" \/>\n<meta name=\"twitter:card\" content=\"summary_large_image\" \/>\n<meta name=\"twitter:label1\" content=\"Escrito por\" \/>\n\t<meta name=\"twitter:data1\" content=\"Tarcisio Oliveira\" \/>\n\t<meta name=\"twitter:label2\" content=\"Est. tempo de leitura\" \/>\n\t<meta name=\"twitter:data2\" content=\"2 minutos\" \/>\n<script type=\"application\/ld+json\" class=\"yoast-schema-graph\">{\"@context\":\"https:\/\/schema.org\",\"@graph\":[{\"@type\":\"Article\",\"@id\":\"https:\/\/www.pm.pb.gov.br\/portal\/2024\/02\/28\/reforco-policial-em-cabedelo-apreende-7a-arma-de-fogo-em-menos-de-48-horas\/#article\",\"isPartOf\":{\"@id\":\"https:\/\/www.pm.pb.gov.br\/portal\/2024\/02\/28\/reforco-policial-em-cabedelo-apreende-7a-arma-de-fogo-em-menos-de-48-horas\/\"},\"author\":{\"name\":\"Tarcisio Oliveira\",\"@id\":\"https:\/\/www.pm.pb.gov.br\/portal\/#\/schema\/person\/f84f56dcc78ce4357054da888b8247fd\"},\"headline\":\"Refor\u00e7o policial em Cabedelo apreende 7\u00aa arma de fogo em menos de 48 horas\",\"datePublished\":\"2024-02-29T01:59:37+00:00\",\"dateModified\":\"2024-02-29T01:59:41+00:00\",\"mainEntityOfPage\":{\"@id\":\"https:\/\/www.pm.pb.gov.br\/portal\/2024\/02\/28\/reforco-policial-em-cabedelo-apreende-7a-arma-de-fogo-em-menos-de-48-horas\/\"},\"wordCount\":250,\"publisher\":{\"@id\":\"https:\/\/www.pm.pb.gov.br\/portal\/#organization\"},\"articleSection\":[\"A\u00e7\u00f5es Policiais\"],\"inLanguage\":\"pt-BR\"},{\"@type\":\"WebPage\",\"@id\":\"https:\/\/www.pm.pb.gov.br\/portal\/2024\/02\/28\/reforco-policial-em-cabedelo-apreende-7a-arma-de-fogo-em-menos-de-48-horas\/\",\"url\":\"https:\/\/www.pm.pb.gov.br\/portal\/2024\/02\/28\/reforco-policial-em-cabedelo-apreende-7a-arma-de-fogo-em-menos-de-48-horas\/\",\"name\":\"Refor\u00e7o policial em Cabedelo apreende 7\u00aa arma de fogo em menos de 48 horas - Pol\u00edcia Militar da Para\u00edba\",\"isPartOf\":{\"@id\":\"https:\/\/www.pm.pb.gov.br\/portal\/#website\"},\"datePublished\":\"2024-02-29T01:59:37+00:00\",\"dateModified\":\"2024-02-29T01:59:41+00:00\",\"description\":\"Acusados presos j\u00e1 respondiam por outros crimes; ainda na ter\u00e7a-feira, outras seis armas foram apreendidas pela PM.\",\"breadcrumb\":{\"@id\":\"https:\/\/www.pm.pb.gov.br\/portal\/2024\/02\/28\/reforco-policial-em-cabedelo-apreende-7a-arma-de-fogo-em-menos-de-48-horas\/#breadcrumb\"},\"inLanguage\":\"pt-BR\",\"potentialAction\":[{\"@type\":\"ReadAction\",\"target\":[\"https:\/\/www.pm.pb.gov.br\/portal\/2024\/02\/28\/reforco-policial-em-cabedelo-apreende-7a-arma-de-fogo-em-menos-de-48-horas\/\"]}]},{\"@type\":\"BreadcrumbList\",\"@id\":\"https:\/\/www.pm.pb.gov.br\/portal\/2024\/02\/28\/reforco-policial-em-cabedelo-apreende-7a-arma-de-fogo-em-menos-de-48-horas\/#breadcrumb\",\"itemListElement\":[{\"@type\":\"ListItem\",\"position\":1,\"name\":\"In\u00edcio\",\"item\":\"https:\/\/www.pm.pb.gov.br\/portal\/\"},{\"@type\":\"ListItem\",\"position\":2,\"name\":\"Refor\u00e7o policial em Cabedelo apreende 7\u00aa arma de fogo em menos de 48 horas\"}]},{\"@type\":\"WebSite\",\"@id\":\"https:\/\/www.pm.pb.gov.br\/portal\/#website\",\"url\":\"https:\/\/www.pm.pb.gov.br\/portal\/\",\"name\":\"Pol\u00edcia Militar da Para\u00edba\",\"description\":\"\",\"publisher\":{\"@id\":\"https:\/\/www.pm.pb.gov.br\/portal\/#organization\"},\"potentialAction\":[{\"@type\":\"SearchAction\",\"target\":{\"@type\":\"EntryPoint\",\"urlTemplate\":\"https:\/\/www.pm.pb.gov.br\/portal\/?s={search_term_string}\"},\"query-input\":\"required name=search_term_string\"}],\"inLanguage\":\"pt-BR\"},{\"@type\":\"Organization\",\"@id\":\"https:\/\/www.pm.pb.gov.br\/portal\/#organization\",\"name\":\"Pol\u00edcia Militar da Para\u00edba\",\"url\":\"https:\/\/www.pm.pb.gov.br\/portal\/\",\"logo\":{\"@type\":\"ImageObject\",\"inLanguage\":\"pt-BR\",\"@id\":\"https:\/\/www.pm.pb.gov.br\/portal\/#\/schema\/logo\/image\/\",\"url\":\"https:\/\/www.pm.pb.gov.br\/portal\/wp-content\/uploads\/2025\/03\/cropped-logo-site-mag2-1.png\",\"contentUrl\":\"https:\/\/www.pm.pb.gov.br\/portal\/wp-content\/uploads\/2025\/03\/cropped-logo-site-mag2-1.png\",\"width\":320,\"height\":90,\"caption\":\"Pol\u00edcia Militar da Para\u00edba\"},\"image\":{\"@id\":\"https:\/\/www.pm.pb.gov.br\/portal\/#\/schema\/logo\/image\/\"}},{\"@type\":\"Person\",\"@id\":\"https:\/\/www.pm.pb.gov.br\/portal\/#\/schema\/person\/f84f56dcc78ce4357054da888b8247fd\",\"name\":\"Tarcisio Oliveira\",\"image\":{\"@type\":\"ImageObject\",\"inLanguage\":\"pt-BR\",\"@id\":\"https:\/\/www.pm.pb.gov.br\/portal\/#\/schema\/person\/image\/\",\"url\":\"https:\/\/secure.gravatar.com\/avatar\/72917b630b69d31cd0297507f34bac97?s=96&d=mm&r=g\",\"contentUrl\":\"https:\/\/secure.gravatar.com\/avatar\/72917b630b69d31cd0297507f34bac97?s=96&d=mm&r=g\",\"caption\":\"Tarcisio Oliveira\"},\"url\":\"https:\/\/www.pm.pb.gov.br\/portal\/author\/tarcisio\/\"}]}<\/script>\n<!-- \/ Yoast SEO plugin. -->","yoast_head_json":{"title":"Refor\u00e7o policial em Cabedelo apreende 7\u00aa arma de fogo em menos de 48 horas - Pol\u00edcia Militar da Para\u00edba","description":"Acusados presos j\u00e1 respondiam por outros crimes; ainda na ter\u00e7a-feira, outras seis armas foram apreendidas pela PM.","robots":{"index":"index","follow":"follow","max-snippet":"max-snippet:-1","max-image-preview":"max-image-preview:large","max-video-preview":"max-video-preview:-1"},"canonical":"https:\/\/www.pm.pb.gov.br\/portal\/2024\/02\/28\/reforco-policial-em-cabedelo-apreende-7a-arma-de-fogo-em-menos-de-48-horas\/","og_locale":"pt_BR","og_type":"article","og_title":"Refor\u00e7o policial em Cabedelo apreende 7\u00aa arma de fogo em menos de 48 horas - Pol\u00edcia Militar da Para\u00edba","og_description":"Acusados presos j\u00e1 respondiam por outros crimes; ainda na ter\u00e7a-feira, outras seis armas foram apreendidas pela PM.","og_url":"https:\/\/www.pm.pb.gov.br\/portal\/2024\/02\/28\/reforco-policial-em-cabedelo-apreende-7a-arma-de-fogo-em-menos-de-48-horas\/","og_site_name":"Pol\u00edcia Militar da Para\u00edba","article_published_time":"2024-02-29T01:59:37+00:00","article_modified_time":"2024-02-29T01:59:41+00:00","og_image":[{"width":800,"height":445,"url":"http:\/\/www.pm.pb.gov.br\/portal\/wp-content\/uploads\/2024\/02\/WhatsApp-Image-2024-02-28-at-23.00.18.jpeg","type":"image\/jpeg"}],"author":"Tarcisio Oliveira","twitter_card":"summary_large_image","twitter_misc":{"Escrito por":"Tarcisio Oliveira","Est. tempo de leitura":"2 minutos"},"schema":{"@context":"https:\/\/schema.org","@graph":[{"@type":"Article","@id":"https:\/\/www.pm.pb.gov.br\/portal\/2024\/02\/28\/reforco-policial-em-cabedelo-apreende-7a-arma-de-fogo-em-menos-de-48-horas\/#article","isPartOf":{"@id":"https:\/\/www.pm.pb.gov.br\/portal\/2024\/02\/28\/reforco-policial-em-cabedelo-apreende-7a-arma-de-fogo-em-menos-de-48-horas\/"},"author":{"name":"Tarcisio Oliveira","@id":"https:\/\/www.pm.pb.gov.br\/portal\/#\/schema\/person\/f84f56dcc78ce4357054da888b8247fd"},"headline":"Refor\u00e7o policial em Cabedelo apreende 7\u00aa arma de fogo em menos de 48 horas","datePublished":"2024-02-29T01:59:37+00:00","dateModified":"2024-02-29T01:59:41+00:00","mainEntityOfPage":{"@id":"https:\/\/www.pm.pb.gov.br\/portal\/2024\/02\/28\/reforco-policial-em-cabedelo-apreende-7a-arma-de-fogo-em-menos-de-48-horas\/"},"wordCount":250,"publisher":{"@id":"https:\/\/www.pm.pb.gov.br\/portal\/#organization"},"articleSection":["A\u00e7\u00f5es Policiais"],"inLanguage":"pt-BR"},{"@type":"WebPage","@id":"https:\/\/www.pm.pb.gov.br\/portal\/2024\/02\/28\/reforco-policial-em-cabedelo-apreende-7a-arma-de-fogo-em-menos-de-48-horas\/","url":"https:\/\/www.pm.pb.gov.br\/portal\/2024\/02\/28\/reforco-policial-em-cabedelo-apreende-7a-arma-de-fogo-em-menos-de-48-horas\/","name":"Refor\u00e7o policial em Cabedelo apreende 7\u00aa arma de fogo em menos de 48 horas - Pol\u00edcia Militar da Para\u00edba","isPartOf":{"@id":"https:\/\/www.pm.pb.gov.br\/portal\/#website"},"datePublished":"2024-02-29T01:59:37+00:00","dateModified":"2024-02-29T01:59:41+00:00","description":"Acusados presos j\u00e1 respondiam por outros crimes; ainda na ter\u00e7a-feira, outras seis armas foram apreendidas pela PM.","breadcrumb":{"@id":"https:\/\/www.pm.pb.gov.br\/portal\/2024\/02\/28\/reforco-policial-em-cabedelo-apreende-7a-arma-de-fogo-em-menos-de-48-horas\/#breadcrumb"},"inLanguage":"pt-BR","potentialAction":[{"@type":"ReadAction","target":["https:\/\/www.pm.pb.gov.br\/portal\/2024\/02\/28\/reforco-policial-em-cabedelo-apreende-7a-arma-de-fogo-em-menos-de-48-horas\/"]}]},{"@type":"BreadcrumbList","@id":"https:\/\/www.pm.pb.gov.br\/portal\/2024\/02\/28\/reforco-policial-em-cabedelo-apreende-7a-arma-de-fogo-em-menos-de-48-horas\/#breadcrumb","itemListElement":[{"@type":"ListItem","position":1,"name":"In\u00edcio","item":"https:\/\/www.pm.pb.gov.br\/portal\/"},{"@type":"ListItem","position":2,"name":"Refor\u00e7o policial em Cabedelo apreende 7\u00aa arma de fogo em menos de 48 horas"}]},{"@type":"WebSite","@id":"https:\/\/www.pm.pb.gov.br\/portal\/#website","url":"https:\/\/www.pm.pb.gov.br\/portal\/","name":"Pol\u00edcia Militar da Para\u00edba","description":"","publisher":{"@id":"https:\/\/www.pm.pb.gov.br\/portal\/#organization"},"potentialAction":[{"@type":"SearchAction","target":{"@type":"EntryPoint","urlTemplate":"https:\/\/www.pm.pb.gov.br\/portal\/?s={search_term_string}"},"query-input":"required name=search_term_string"}],"inLanguage":"pt-BR"},{"@type":"Organization","@id":"https:\/\/www.pm.pb.gov.br\/portal\/#organization","name":"Pol\u00edcia Militar da Para\u00edba","url":"https:\/\/www.pm.pb.gov.br\/portal\/","logo":{"@type":"ImageObject","inLanguage":"pt-BR","@id":"https:\/\/www.pm.pb.gov.br\/portal\/#\/schema\/logo\/image\/","url":"https:\/\/www.pm.pb.gov.br\/portal\/wp-content\/uploads\/2025\/03\/cropped-logo-site-mag2-1.png","contentUrl":"https:\/\/www.pm.pb.gov.br\/portal\/wp-content\/uploads\/2025\/03\/cropped-logo-site-mag2-1.png","width":320,"height":90,"caption":"Pol\u00edcia Militar da Para\u00edba"},"image":{"@id":"https:\/\/www.pm.pb.gov.br\/portal\/#\/schema\/logo\/image\/"}},{"@type":"Person","@id":"https:\/\/www.pm.pb.gov.br\/portal\/#\/schema\/person\/f84f56dcc78ce4357054da888b8247fd","name":"Tarcisio Oliveira","image":{"@type":"ImageObject","inLanguage":"pt-BR","@id":"https:\/\/www.pm.pb.gov.br\/portal\/#\/schema\/person\/image\/","url":"https:\/\/secure.gravatar.com\/avatar\/72917b630b69d31cd0297507f34bac97?s=96&d=mm&r=g","contentUrl":"https:\/\/secure.gravatar.com\/avatar\/72917b630b69d31cd0297507f34bac97?s=96&d=mm&r=g","caption":"Tarcisio Oliveira"},"url":"https:\/\/www.pm.pb.gov.br\/portal\/author\/tarcisio\/"}]}},"_links":{"self":[{"href":"https:\/\/www.pm.pb.gov.br\/portal\/wp-json\/wp\/v2\/posts\/921305"}],"collection":[{"href":"https:\/\/www.pm.pb.gov.br\/portal\/wp-json\/wp\/v2\/posts"}],"about":[{"href":"https:\/\/www.pm.pb.gov.br\/portal\/wp-json\/wp\/v2\/types\/post"}],"author":[{"embeddable":true,"href":"https:\/\/www.pm.pb.gov.br\/portal\/wp-json\/wp\/v2\/users\/12"}],"replies":[{"embeddable":true,"href":"https:\/\/www.pm.pb.gov.br\/portal\/wp-json\/wp\/v2\/comments?post=921305"}],"version-history":[{"count":1,"href":"https:\/\/www.pm.pb.gov.br\/portal\/wp-json\/wp\/v2\/posts\/921305\/revisions"}],"predecessor-version":[{"id":921308,"href":"https:\/\/www.pm.pb.gov.br\/portal\/wp-json\/wp\/v2\/posts\/921305\/revisions\/921308"}],"wp:featuredmedia":[{"embeddable":true,"href":"https:\/\/www.pm.pb.gov.br\/portal\/wp-json\/wp\/v2\/media\/921306"}],"wp:attachment":[{"href":"https:\/\/www.pm.pb.gov.br\/portal\/wp-json\/wp\/v2\/media?parent=921305"}],"wp:term":[{"taxonomy":"category","embeddable":true,"href":"https:\/\/www.pm.pb.gov.br\/portal\/wp-json\/wp\/v2\/categories?post=921305"},{"taxonomy":"post_tag","embeddable":true,"href":"https:\/\/www.pm.pb.gov.br\/portal\/wp-json\/wp\/v2\/tags?post=921305"}],"curies":[{"name":"wp","href":"https:\/\/api.w.org\/{rel}","templated":true}]}}