{"id":921296,"date":"2024-02-28T14:18:02","date_gmt":"2024-02-28T17:18:02","guid":{"rendered":"https:\/\/www.pm.pb.gov.br\/portal\/?p=921296"},"modified":"2024-02-28T14:18:04","modified_gmt":"2024-02-28T17:18:04","slug":"referencia-inteligencia-da-policia-militar-da-paraiba-e-destaque-nacional-em-workshop","status":"publish","type":"post","link":"https:\/\/www.pm.pb.gov.br\/portal\/2024\/02\/28\/referencia-inteligencia-da-policia-militar-da-paraiba-e-destaque-nacional-em-workshop\/","title":{"rendered":"REFER\u00caNCIA: Intelig\u00eancia da Pol\u00edcia Militar da Para\u00edba \u00e9 destaque nacional em Workshop"},"content":{"rendered":"\n<p>Refer\u00eancia entre as For\u00e7as de Seguran\u00e7a no pa\u00eds, a atua\u00e7\u00e3o da Intelig\u00eancia da Pol\u00edcia Militar da Para\u00edba foi destaque no I Workshop Nacional de Intelig\u00eancia das Pol\u00edcias Militares do Brasil. O evento ocorreu entre os dias 26 e 28 de fevereiro em Belo Horizonte, Minhas Gerais.<\/p>\n<p>O I Workshop foi uma realiza\u00e7\u00e3o da C\u00e2mara T\u00e9cnica de Intelig\u00eancia do Conselho Nacional de Comandantes-Gerais das Pol\u00edcias Militares do Pa\u00eds (CNCG). O coronel Tib\u00e9rio, coordenador de Intelig\u00eancia da PMPB, e coordenador-geral da C\u00e2mera T\u00e9cnica, palestrou durante o evento (fotos acima e abaixo). \u201cO Workshop foi importante para evolu\u00e7\u00e3o da Intelig\u00eancia do Brasil, proporcionando avan\u00e7os em uma melhor qualifica\u00e7\u00e3o da produ\u00e7\u00e3o do conhecimento para melhorar assessorar a seguran\u00e7a p\u00fablica em todo o Brasil\u201d, disse o coronel.<\/p>\n<p><img loading=\"lazy\" decoding=\"async\" class=\" wp-image-921298 aligncenter\" src=\"http:\/\/www.pm.pb.gov.br\/portal\/wp-content\/uploads\/2024\/02\/WhatsApp-Image-2024-02-28-at-14.22.38-593x445.jpeg\" alt=\"\" width=\"512\" height=\"384\" srcset=\"https:\/\/www.pm.pb.gov.br\/portal\/wp-content\/uploads\/2024\/02\/WhatsApp-Image-2024-02-28-at-14.22.38-593x445.jpeg 593w, https:\/\/www.pm.pb.gov.br\/portal\/wp-content\/uploads\/2024\/02\/WhatsApp-Image-2024-02-28-at-14.22.38-760x570.jpeg 760w, https:\/\/www.pm.pb.gov.br\/portal\/wp-content\/uploads\/2024\/02\/WhatsApp-Image-2024-02-28-at-14.22.38-768x576.jpeg 768w, https:\/\/www.pm.pb.gov.br\/portal\/wp-content\/uploads\/2024\/02\/WhatsApp-Image-2024-02-28-at-14.22.38.jpeg 1280w\" sizes=\"(max-width: 512px) 100vw, 512px\" \/><\/p>\n<p>Compareceram ao evento representantes e gestores das Intelig\u00eancias dos 26 Estados e do Distrito Federal, al\u00e9m dos comandantes-gerais das Policiais Militares de Minas Gerais, Amap\u00e1, Maranh\u00e3o, e da Bahia, que tamb\u00e9m ocupa a presid\u00eancia do CNCG, coronel Coutinho.<\/p>\n<p><img loading=\"lazy\" decoding=\"async\" class=\" wp-image-921299 aligncenter\" src=\"http:\/\/www.pm.pb.gov.br\/portal\/wp-content\/uploads\/2024\/02\/WhatsApp-Image-2024-02-28-at-14.30.04-800x184.jpeg\" alt=\"\" width=\"774\" height=\"178\" srcset=\"https:\/\/www.pm.pb.gov.br\/portal\/wp-content\/uploads\/2024\/02\/WhatsApp-Image-2024-02-28-at-14.30.04-800x184.jpeg 800w, https:\/\/www.pm.pb.gov.br\/portal\/wp-content\/uploads\/2024\/02\/WhatsApp-Image-2024-02-28-at-14.30.04-1024x235.jpeg 1024w, https:\/\/www.pm.pb.gov.br\/portal\/wp-content\/uploads\/2024\/02\/WhatsApp-Image-2024-02-28-at-14.30.04-768x176.jpeg 768w, https:\/\/www.pm.pb.gov.br\/portal\/wp-content\/uploads\/2024\/02\/WhatsApp-Image-2024-02-28-at-14.30.04-1536x352.jpeg 1536w, https:\/\/www.pm.pb.gov.br\/portal\/wp-content\/uploads\/2024\/02\/WhatsApp-Image-2024-02-28-at-14.30.04.jpeg 1600w\" sizes=\"(max-width: 774px) 100vw, 774px\" \/><\/p>\n","protected":false},"excerpt":{"rendered":"<p>Refer\u00eancia entre as For\u00e7as de Seguran\u00e7a no pa\u00eds, a atua\u00e7\u00e3o da Intelig\u00eancia da Pol\u00edcia Militar da Para\u00edba foi destaque no<\/p>\n","protected":false},"author":12,"featured_media":921297,"comment_status":"closed","ping_status":"closed","sticky":false,"template":"","format":"standard","meta":{"_exactmetrics_skip_tracking":false,"_exactmetrics_sitenote_active":false,"_exactmetrics_sitenote_note":"","_exactmetrics_sitenote_category":0,"footnotes":""},"categories":[9],"tags":[],"yoast_head":"<!-- This site is optimized with the Yoast SEO plugin v22.0 - https:\/\/yoast.com\/wordpress\/plugins\/seo\/ -->\n<title>REFER\u00caNCIA: Intelig\u00eancia da Pol\u00edcia Militar da Para\u00edba \u00e9 destaque nacional em Workshop - Pol\u00edcia Militar da Para\u00edba<\/title>\n<meta name=\"description\" content=\"O evento ocorreu entre os dias 26 e 28 de fevereiro em Belo Horizonte, Minhas Gerais, e foi realizado pelo CNCG.\" \/>\n<meta name=\"robots\" content=\"index, follow, max-snippet:-1, max-image-preview:large, max-video-preview:-1\" \/>\n<link rel=\"canonical\" href=\"https:\/\/www.pm.pb.gov.br\/portal\/2024\/02\/28\/referencia-inteligencia-da-policia-militar-da-paraiba-e-destaque-nacional-em-workshop\/\" \/>\n<meta property=\"og:locale\" content=\"pt_BR\" \/>\n<meta property=\"og:type\" content=\"article\" \/>\n<meta property=\"og:title\" content=\"REFER\u00caNCIA: Intelig\u00eancia da Pol\u00edcia Militar da Para\u00edba \u00e9 destaque nacional em Workshop - Pol\u00edcia Militar da Para\u00edba\" \/>\n<meta property=\"og:description\" content=\"O evento ocorreu entre os dias 26 e 28 de fevereiro em Belo Horizonte, Minhas Gerais, e foi realizado pelo CNCG.\" \/>\n<meta property=\"og:url\" content=\"https:\/\/www.pm.pb.gov.br\/portal\/2024\/02\/28\/referencia-inteligencia-da-policia-militar-da-paraiba-e-destaque-nacional-em-workshop\/\" \/>\n<meta property=\"og:site_name\" content=\"Pol\u00edcia Militar da Para\u00edba\" \/>\n<meta property=\"article:published_time\" content=\"2024-02-28T17:18:02+00:00\" \/>\n<meta property=\"article:modified_time\" content=\"2024-02-28T17:18:04+00:00\" \/>\n<meta property=\"og:image\" content=\"http:\/\/www.pm.pb.gov.br\/portal\/wp-content\/uploads\/2024\/02\/WhatsApp-Image-2024-02-28-at-14.22.39.jpeg\" \/>\n\t<meta property=\"og:image:width\" content=\"800\" \/>\n\t<meta property=\"og:image:height\" content=\"445\" \/>\n\t<meta property=\"og:image:type\" content=\"image\/jpeg\" \/>\n<meta name=\"author\" content=\"Tarcisio Oliveira\" \/>\n<meta name=\"twitter:card\" content=\"summary_large_image\" \/>\n<meta name=\"twitter:label1\" content=\"Escrito por\" \/>\n\t<meta name=\"twitter:data1\" content=\"Tarcisio Oliveira\" \/>\n\t<meta name=\"twitter:label2\" content=\"Est. tempo de leitura\" \/>\n\t<meta name=\"twitter:data2\" content=\"2 minutos\" \/>\n<script type=\"application\/ld+json\" class=\"yoast-schema-graph\">{\"@context\":\"https:\/\/schema.org\",\"@graph\":[{\"@type\":\"Article\",\"@id\":\"https:\/\/www.pm.pb.gov.br\/portal\/2024\/02\/28\/referencia-inteligencia-da-policia-militar-da-paraiba-e-destaque-nacional-em-workshop\/#article\",\"isPartOf\":{\"@id\":\"https:\/\/www.pm.pb.gov.br\/portal\/2024\/02\/28\/referencia-inteligencia-da-policia-militar-da-paraiba-e-destaque-nacional-em-workshop\/\"},\"author\":{\"name\":\"Tarcisio Oliveira\",\"@id\":\"https:\/\/www.pm.pb.gov.br\/portal\/#\/schema\/person\/f84f56dcc78ce4357054da888b8247fd\"},\"headline\":\"REFER\u00caNCIA: Intelig\u00eancia da Pol\u00edcia Militar da Para\u00edba \u00e9 destaque nacional em Workshop\",\"datePublished\":\"2024-02-28T17:18:02+00:00\",\"dateModified\":\"2024-02-28T17:18:04+00:00\",\"mainEntityOfPage\":{\"@id\":\"https:\/\/www.pm.pb.gov.br\/portal\/2024\/02\/28\/referencia-inteligencia-da-policia-militar-da-paraiba-e-destaque-nacional-em-workshop\/\"},\"wordCount\":204,\"publisher\":{\"@id\":\"https:\/\/www.pm.pb.gov.br\/portal\/#organization\"},\"articleSection\":[\"Eventos\"],\"inLanguage\":\"pt-BR\"},{\"@type\":\"WebPage\",\"@id\":\"https:\/\/www.pm.pb.gov.br\/portal\/2024\/02\/28\/referencia-inteligencia-da-policia-militar-da-paraiba-e-destaque-nacional-em-workshop\/\",\"url\":\"https:\/\/www.pm.pb.gov.br\/portal\/2024\/02\/28\/referencia-inteligencia-da-policia-militar-da-paraiba-e-destaque-nacional-em-workshop\/\",\"name\":\"REFER\u00caNCIA: Intelig\u00eancia da Pol\u00edcia Militar da Para\u00edba \u00e9 destaque nacional em Workshop - Pol\u00edcia Militar da Para\u00edba\",\"isPartOf\":{\"@id\":\"https:\/\/www.pm.pb.gov.br\/portal\/#website\"},\"datePublished\":\"2024-02-28T17:18:02+00:00\",\"dateModified\":\"2024-02-28T17:18:04+00:00\",\"description\":\"O evento ocorreu entre os dias 26 e 28 de fevereiro em Belo Horizonte, Minhas Gerais, e foi realizado pelo CNCG.\",\"breadcrumb\":{\"@id\":\"https:\/\/www.pm.pb.gov.br\/portal\/2024\/02\/28\/referencia-inteligencia-da-policia-militar-da-paraiba-e-destaque-nacional-em-workshop\/#breadcrumb\"},\"inLanguage\":\"pt-BR\",\"potentialAction\":[{\"@type\":\"ReadAction\",\"target\":[\"https:\/\/www.pm.pb.gov.br\/portal\/2024\/02\/28\/referencia-inteligencia-da-policia-militar-da-paraiba-e-destaque-nacional-em-workshop\/\"]}]},{\"@type\":\"BreadcrumbList\",\"@id\":\"https:\/\/www.pm.pb.gov.br\/portal\/2024\/02\/28\/referencia-inteligencia-da-policia-militar-da-paraiba-e-destaque-nacional-em-workshop\/#breadcrumb\",\"itemListElement\":[{\"@type\":\"ListItem\",\"position\":1,\"name\":\"In\u00edcio\",\"item\":\"https:\/\/www.pm.pb.gov.br\/portal\/\"},{\"@type\":\"ListItem\",\"position\":2,\"name\":\"REFER\u00caNCIA: Intelig\u00eancia da Pol\u00edcia Militar da Para\u00edba \u00e9 destaque nacional em Workshop\"}]},{\"@type\":\"WebSite\",\"@id\":\"https:\/\/www.pm.pb.gov.br\/portal\/#website\",\"url\":\"https:\/\/www.pm.pb.gov.br\/portal\/\",\"name\":\"Pol\u00edcia Militar da Para\u00edba\",\"description\":\"\",\"publisher\":{\"@id\":\"https:\/\/www.pm.pb.gov.br\/portal\/#organization\"},\"potentialAction\":[{\"@type\":\"SearchAction\",\"target\":{\"@type\":\"EntryPoint\",\"urlTemplate\":\"https:\/\/www.pm.pb.gov.br\/portal\/?s={search_term_string}\"},\"query-input\":\"required name=search_term_string\"}],\"inLanguage\":\"pt-BR\"},{\"@type\":\"Organization\",\"@id\":\"https:\/\/www.pm.pb.gov.br\/portal\/#organization\",\"name\":\"Pol\u00edcia Militar da Para\u00edba\",\"url\":\"https:\/\/www.pm.pb.gov.br\/portal\/\",\"logo\":{\"@type\":\"ImageObject\",\"inLanguage\":\"pt-BR\",\"@id\":\"https:\/\/www.pm.pb.gov.br\/portal\/#\/schema\/logo\/image\/\",\"url\":\"https:\/\/www.pm.pb.gov.br\/portal\/wp-content\/uploads\/2025\/03\/cropped-logo-site-mag2-1.png\",\"contentUrl\":\"https:\/\/www.pm.pb.gov.br\/portal\/wp-content\/uploads\/2025\/03\/cropped-logo-site-mag2-1.png\",\"width\":320,\"height\":90,\"caption\":\"Pol\u00edcia Militar da Para\u00edba\"},\"image\":{\"@id\":\"https:\/\/www.pm.pb.gov.br\/portal\/#\/schema\/logo\/image\/\"}},{\"@type\":\"Person\",\"@id\":\"https:\/\/www.pm.pb.gov.br\/portal\/#\/schema\/person\/f84f56dcc78ce4357054da888b8247fd\",\"name\":\"Tarcisio Oliveira\",\"image\":{\"@type\":\"ImageObject\",\"inLanguage\":\"pt-BR\",\"@id\":\"https:\/\/www.pm.pb.gov.br\/portal\/#\/schema\/person\/image\/\",\"url\":\"https:\/\/secure.gravatar.com\/avatar\/72917b630b69d31cd0297507f34bac97?s=96&d=mm&r=g\",\"contentUrl\":\"https:\/\/secure.gravatar.com\/avatar\/72917b630b69d31cd0297507f34bac97?s=96&d=mm&r=g\",\"caption\":\"Tarcisio Oliveira\"},\"url\":\"https:\/\/www.pm.pb.gov.br\/portal\/author\/tarcisio\/\"}]}<\/script>\n<!-- \/ Yoast SEO plugin. -->","yoast_head_json":{"title":"REFER\u00caNCIA: Intelig\u00eancia da Pol\u00edcia Militar da Para\u00edba \u00e9 destaque nacional em Workshop - Pol\u00edcia Militar da Para\u00edba","description":"O evento ocorreu entre os dias 26 e 28 de fevereiro em Belo Horizonte, Minhas Gerais, e foi realizado pelo CNCG.","robots":{"index":"index","follow":"follow","max-snippet":"max-snippet:-1","max-image-preview":"max-image-preview:large","max-video-preview":"max-video-preview:-1"},"canonical":"https:\/\/www.pm.pb.gov.br\/portal\/2024\/02\/28\/referencia-inteligencia-da-policia-militar-da-paraiba-e-destaque-nacional-em-workshop\/","og_locale":"pt_BR","og_type":"article","og_title":"REFER\u00caNCIA: Intelig\u00eancia da Pol\u00edcia Militar da Para\u00edba \u00e9 destaque nacional em Workshop - Pol\u00edcia Militar da Para\u00edba","og_description":"O evento ocorreu entre os dias 26 e 28 de fevereiro em Belo Horizonte, Minhas Gerais, e foi realizado pelo CNCG.","og_url":"https:\/\/www.pm.pb.gov.br\/portal\/2024\/02\/28\/referencia-inteligencia-da-policia-militar-da-paraiba-e-destaque-nacional-em-workshop\/","og_site_name":"Pol\u00edcia Militar da Para\u00edba","article_published_time":"2024-02-28T17:18:02+00:00","article_modified_time":"2024-02-28T17:18:04+00:00","og_image":[{"width":800,"height":445,"url":"http:\/\/www.pm.pb.gov.br\/portal\/wp-content\/uploads\/2024\/02\/WhatsApp-Image-2024-02-28-at-14.22.39.jpeg","type":"image\/jpeg"}],"author":"Tarcisio Oliveira","twitter_card":"summary_large_image","twitter_misc":{"Escrito por":"Tarcisio Oliveira","Est. tempo de leitura":"2 minutos"},"schema":{"@context":"https:\/\/schema.org","@graph":[{"@type":"Article","@id":"https:\/\/www.pm.pb.gov.br\/portal\/2024\/02\/28\/referencia-inteligencia-da-policia-militar-da-paraiba-e-destaque-nacional-em-workshop\/#article","isPartOf":{"@id":"https:\/\/www.pm.pb.gov.br\/portal\/2024\/02\/28\/referencia-inteligencia-da-policia-militar-da-paraiba-e-destaque-nacional-em-workshop\/"},"author":{"name":"Tarcisio Oliveira","@id":"https:\/\/www.pm.pb.gov.br\/portal\/#\/schema\/person\/f84f56dcc78ce4357054da888b8247fd"},"headline":"REFER\u00caNCIA: Intelig\u00eancia da Pol\u00edcia Militar da Para\u00edba \u00e9 destaque nacional em Workshop","datePublished":"2024-02-28T17:18:02+00:00","dateModified":"2024-02-28T17:18:04+00:00","mainEntityOfPage":{"@id":"https:\/\/www.pm.pb.gov.br\/portal\/2024\/02\/28\/referencia-inteligencia-da-policia-militar-da-paraiba-e-destaque-nacional-em-workshop\/"},"wordCount":204,"publisher":{"@id":"https:\/\/www.pm.pb.gov.br\/portal\/#organization"},"articleSection":["Eventos"],"inLanguage":"pt-BR"},{"@type":"WebPage","@id":"https:\/\/www.pm.pb.gov.br\/portal\/2024\/02\/28\/referencia-inteligencia-da-policia-militar-da-paraiba-e-destaque-nacional-em-workshop\/","url":"https:\/\/www.pm.pb.gov.br\/portal\/2024\/02\/28\/referencia-inteligencia-da-policia-militar-da-paraiba-e-destaque-nacional-em-workshop\/","name":"REFER\u00caNCIA: Intelig\u00eancia da Pol\u00edcia Militar da Para\u00edba \u00e9 destaque nacional em Workshop - Pol\u00edcia Militar da Para\u00edba","isPartOf":{"@id":"https:\/\/www.pm.pb.gov.br\/portal\/#website"},"datePublished":"2024-02-28T17:18:02+00:00","dateModified":"2024-02-28T17:18:04+00:00","description":"O evento ocorreu entre os dias 26 e 28 de fevereiro em Belo Horizonte, Minhas Gerais, e foi realizado pelo CNCG.","breadcrumb":{"@id":"https:\/\/www.pm.pb.gov.br\/portal\/2024\/02\/28\/referencia-inteligencia-da-policia-militar-da-paraiba-e-destaque-nacional-em-workshop\/#breadcrumb"},"inLanguage":"pt-BR","potentialAction":[{"@type":"ReadAction","target":["https:\/\/www.pm.pb.gov.br\/portal\/2024\/02\/28\/referencia-inteligencia-da-policia-militar-da-paraiba-e-destaque-nacional-em-workshop\/"]}]},{"@type":"BreadcrumbList","@id":"https:\/\/www.pm.pb.gov.br\/portal\/2024\/02\/28\/referencia-inteligencia-da-policia-militar-da-paraiba-e-destaque-nacional-em-workshop\/#breadcrumb","itemListElement":[{"@type":"ListItem","position":1,"name":"In\u00edcio","item":"https:\/\/www.pm.pb.gov.br\/portal\/"},{"@type":"ListItem","position":2,"name":"REFER\u00caNCIA: Intelig\u00eancia da Pol\u00edcia Militar da Para\u00edba \u00e9 destaque nacional em Workshop"}]},{"@type":"WebSite","@id":"https:\/\/www.pm.pb.gov.br\/portal\/#website","url":"https:\/\/www.pm.pb.gov.br\/portal\/","name":"Pol\u00edcia Militar da Para\u00edba","description":"","publisher":{"@id":"https:\/\/www.pm.pb.gov.br\/portal\/#organization"},"potentialAction":[{"@type":"SearchAction","target":{"@type":"EntryPoint","urlTemplate":"https:\/\/www.pm.pb.gov.br\/portal\/?s={search_term_string}"},"query-input":"required name=search_term_string"}],"inLanguage":"pt-BR"},{"@type":"Organization","@id":"https:\/\/www.pm.pb.gov.br\/portal\/#organization","name":"Pol\u00edcia Militar da Para\u00edba","url":"https:\/\/www.pm.pb.gov.br\/portal\/","logo":{"@type":"ImageObject","inLanguage":"pt-BR","@id":"https:\/\/www.pm.pb.gov.br\/portal\/#\/schema\/logo\/image\/","url":"https:\/\/www.pm.pb.gov.br\/portal\/wp-content\/uploads\/2025\/03\/cropped-logo-site-mag2-1.png","contentUrl":"https:\/\/www.pm.pb.gov.br\/portal\/wp-content\/uploads\/2025\/03\/cropped-logo-site-mag2-1.png","width":320,"height":90,"caption":"Pol\u00edcia Militar da Para\u00edba"},"image":{"@id":"https:\/\/www.pm.pb.gov.br\/portal\/#\/schema\/logo\/image\/"}},{"@type":"Person","@id":"https:\/\/www.pm.pb.gov.br\/portal\/#\/schema\/person\/f84f56dcc78ce4357054da888b8247fd","name":"Tarcisio Oliveira","image":{"@type":"ImageObject","inLanguage":"pt-BR","@id":"https:\/\/www.pm.pb.gov.br\/portal\/#\/schema\/person\/image\/","url":"https:\/\/secure.gravatar.com\/avatar\/72917b630b69d31cd0297507f34bac97?s=96&d=mm&r=g","contentUrl":"https:\/\/secure.gravatar.com\/avatar\/72917b630b69d31cd0297507f34bac97?s=96&d=mm&r=g","caption":"Tarcisio Oliveira"},"url":"https:\/\/www.pm.pb.gov.br\/portal\/author\/tarcisio\/"}]}},"_links":{"self":[{"href":"https:\/\/www.pm.pb.gov.br\/portal\/wp-json\/wp\/v2\/posts\/921296"}],"collection":[{"href":"https:\/\/www.pm.pb.gov.br\/portal\/wp-json\/wp\/v2\/posts"}],"about":[{"href":"https:\/\/www.pm.pb.gov.br\/portal\/wp-json\/wp\/v2\/types\/post"}],"author":[{"embeddable":true,"href":"https:\/\/www.pm.pb.gov.br\/portal\/wp-json\/wp\/v2\/users\/12"}],"replies":[{"embeddable":true,"href":"https:\/\/www.pm.pb.gov.br\/portal\/wp-json\/wp\/v2\/comments?post=921296"}],"version-history":[{"count":1,"href":"https:\/\/www.pm.pb.gov.br\/portal\/wp-json\/wp\/v2\/posts\/921296\/revisions"}],"predecessor-version":[{"id":921300,"href":"https:\/\/www.pm.pb.gov.br\/portal\/wp-json\/wp\/v2\/posts\/921296\/revisions\/921300"}],"wp:featuredmedia":[{"embeddable":true,"href":"https:\/\/www.pm.pb.gov.br\/portal\/wp-json\/wp\/v2\/media\/921297"}],"wp:attachment":[{"href":"https:\/\/www.pm.pb.gov.br\/portal\/wp-json\/wp\/v2\/media?parent=921296"}],"wp:term":[{"taxonomy":"category","embeddable":true,"href":"https:\/\/www.pm.pb.gov.br\/portal\/wp-json\/wp\/v2\/categories?post=921296"},{"taxonomy":"post_tag","embeddable":true,"href":"https:\/\/www.pm.pb.gov.br\/portal\/wp-json\/wp\/v2\/tags?post=921296"}],"curies":[{"name":"wp","href":"https:\/\/api.w.org\/{rel}","templated":true}]}}