{"id":921293,"date":"2024-02-28T07:17:08","date_gmt":"2024-02-28T10:17:08","guid":{"rendered":"https:\/\/www.pm.pb.gov.br\/portal\/?p=921293"},"modified":"2024-02-28T14:32:54","modified_gmt":"2024-02-28T17:32:54","slug":"seis-armas-de-fogo-foram-apreendias-em-cabedelo-nesta-terca-27","status":"publish","type":"post","link":"https:\/\/www.pm.pb.gov.br\/portal\/2024\/02\/28\/seis-armas-de-fogo-foram-apreendias-em-cabedelo-nesta-terca-27\/","title":{"rendered":"Seis armas de fogo foram apreendidas em Cabedelo nesta ter\u00e7a (27)"},"content":{"rendered":"\n<p>Subiu para seis o n\u00famero de armas de fogo apreendidas em Cabedelo, desde a intensifica\u00e7\u00e3o das a\u00e7\u00f5es preventivas na regi\u00e3o na \u00faltima segunda-feira (26). Duas armas foram apreendidas no Renascer, ainda na noite desta ter\u00e7a-feira (27) ap\u00f3s confronto de criminosos com as guarni\u00e7\u00f5es da 6\u00aa Companhia Independente (foto acima).<\/p>\n<p>Os acusados t\u00eam 21 e 17 anos de idade, estavam com dois rev\u00f3lveres e v\u00e1rias muni\u00e7\u00f5es. A dupla precisou de atendimento m\u00e9dico ap\u00f3s trocar tiros com a PM, e foi encaminhada para o Hospital de Trauma em Jo\u00e3o Pessoa.<\/p>\n<p>J\u00e1 nas primeiras horas da ter\u00e7a, outras quatro armas de fogo foram apreendidas com dois criminosos na regi\u00e3o do Jardim Camboinha. De acordo com a 6a CIPM, 32 armas de fogo j\u00e1 foram apreendidas em 2023 na regi\u00e3o.<\/p>\n<p>As a\u00e7\u00f5es preventivas e de combate aos grupos criminosos devem continuar.<\/p>\n<p><em>Atualizado \u00e0s 14h53.<\/em><\/p>\n\n\n","protected":false},"excerpt":{"rendered":"<p>Subiu para seis o n\u00famero de armas de fogo apreendidas em Cabedelo, desde a intensifica\u00e7\u00e3o das a\u00e7\u00f5es preventivas na regi\u00e3o<\/p>\n","protected":false},"author":12,"featured_media":921292,"comment_status":"closed","ping_status":"closed","sticky":false,"template":"","format":"standard","meta":{"_exactmetrics_skip_tracking":false,"_exactmetrics_sitenote_active":false,"_exactmetrics_sitenote_note":"","_exactmetrics_sitenote_category":0,"footnotes":""},"categories":[4],"tags":[],"yoast_head":"<!-- This site is optimized with the Yoast SEO plugin v22.0 - https:\/\/yoast.com\/wordpress\/plugins\/seo\/ -->\n<title>Seis armas de fogo foram apreendidas em Cabedelo nesta ter\u00e7a (27) - Pol\u00edcia Militar da Para\u00edba<\/title>\n<meta name=\"description\" content=\"32 armas de fogo j\u00e1 foram apreendidas em 2023 em Cabedelo.\" \/>\n<meta name=\"robots\" content=\"index, follow, max-snippet:-1, max-image-preview:large, max-video-preview:-1\" \/>\n<link rel=\"canonical\" href=\"https:\/\/www.pm.pb.gov.br\/portal\/2024\/02\/28\/seis-armas-de-fogo-foram-apreendias-em-cabedelo-nesta-terca-27\/\" \/>\n<meta property=\"og:locale\" content=\"pt_BR\" \/>\n<meta property=\"og:type\" content=\"article\" \/>\n<meta property=\"og:title\" content=\"Seis armas de fogo foram apreendidas em Cabedelo nesta ter\u00e7a (27) - Pol\u00edcia Militar da Para\u00edba\" \/>\n<meta property=\"og:description\" content=\"32 armas de fogo j\u00e1 foram apreendidas em 2023 em Cabedelo.\" \/>\n<meta property=\"og:url\" content=\"https:\/\/www.pm.pb.gov.br\/portal\/2024\/02\/28\/seis-armas-de-fogo-foram-apreendias-em-cabedelo-nesta-terca-27\/\" \/>\n<meta property=\"og:site_name\" content=\"Pol\u00edcia Militar da Para\u00edba\" \/>\n<meta property=\"article:published_time\" content=\"2024-02-28T10:17:08+00:00\" \/>\n<meta property=\"article:modified_time\" content=\"2024-02-28T17:32:54+00:00\" \/>\n<meta property=\"og:image\" content=\"http:\/\/www.pm.pb.gov.br\/portal\/wp-content\/uploads\/2024\/02\/IMG-20240228-WA0000.jpg\" \/>\n\t<meta property=\"og:image:width\" content=\"1600\" \/>\n\t<meta property=\"og:image:height\" content=\"1200\" \/>\n\t<meta property=\"og:image:type\" content=\"image\/jpeg\" \/>\n<meta name=\"author\" content=\"Tarcisio Oliveira\" \/>\n<meta name=\"twitter:card\" content=\"summary_large_image\" \/>\n<meta name=\"twitter:label1\" content=\"Escrito por\" \/>\n\t<meta name=\"twitter:data1\" content=\"Tarcisio Oliveira\" \/>\n\t<meta name=\"twitter:label2\" content=\"Est. tempo de leitura\" \/>\n\t<meta name=\"twitter:data2\" content=\"1 minuto\" \/>\n<script type=\"application\/ld+json\" class=\"yoast-schema-graph\">{\"@context\":\"https:\/\/schema.org\",\"@graph\":[{\"@type\":\"Article\",\"@id\":\"https:\/\/www.pm.pb.gov.br\/portal\/2024\/02\/28\/seis-armas-de-fogo-foram-apreendias-em-cabedelo-nesta-terca-27\/#article\",\"isPartOf\":{\"@id\":\"https:\/\/www.pm.pb.gov.br\/portal\/2024\/02\/28\/seis-armas-de-fogo-foram-apreendias-em-cabedelo-nesta-terca-27\/\"},\"author\":{\"name\":\"Tarcisio Oliveira\",\"@id\":\"https:\/\/www.pm.pb.gov.br\/portal\/#\/schema\/person\/f84f56dcc78ce4357054da888b8247fd\"},\"headline\":\"Seis armas de fogo foram apreendidas em Cabedelo nesta ter\u00e7a (27)\",\"datePublished\":\"2024-02-28T10:17:08+00:00\",\"dateModified\":\"2024-02-28T17:32:54+00:00\",\"mainEntityOfPage\":{\"@id\":\"https:\/\/www.pm.pb.gov.br\/portal\/2024\/02\/28\/seis-armas-de-fogo-foram-apreendias-em-cabedelo-nesta-terca-27\/\"},\"wordCount\":162,\"publisher\":{\"@id\":\"https:\/\/www.pm.pb.gov.br\/portal\/#organization\"},\"articleSection\":[\"A\u00e7\u00f5es Policiais\"],\"inLanguage\":\"pt-BR\"},{\"@type\":\"WebPage\",\"@id\":\"https:\/\/www.pm.pb.gov.br\/portal\/2024\/02\/28\/seis-armas-de-fogo-foram-apreendias-em-cabedelo-nesta-terca-27\/\",\"url\":\"https:\/\/www.pm.pb.gov.br\/portal\/2024\/02\/28\/seis-armas-de-fogo-foram-apreendias-em-cabedelo-nesta-terca-27\/\",\"name\":\"Seis armas de fogo foram apreendidas em Cabedelo nesta ter\u00e7a (27) - Pol\u00edcia Militar da Para\u00edba\",\"isPartOf\":{\"@id\":\"https:\/\/www.pm.pb.gov.br\/portal\/#website\"},\"datePublished\":\"2024-02-28T10:17:08+00:00\",\"dateModified\":\"2024-02-28T17:32:54+00:00\",\"description\":\"32 armas de fogo j\u00e1 foram apreendidas em 2023 em Cabedelo.\",\"breadcrumb\":{\"@id\":\"https:\/\/www.pm.pb.gov.br\/portal\/2024\/02\/28\/seis-armas-de-fogo-foram-apreendias-em-cabedelo-nesta-terca-27\/#breadcrumb\"},\"inLanguage\":\"pt-BR\",\"potentialAction\":[{\"@type\":\"ReadAction\",\"target\":[\"https:\/\/www.pm.pb.gov.br\/portal\/2024\/02\/28\/seis-armas-de-fogo-foram-apreendias-em-cabedelo-nesta-terca-27\/\"]}]},{\"@type\":\"BreadcrumbList\",\"@id\":\"https:\/\/www.pm.pb.gov.br\/portal\/2024\/02\/28\/seis-armas-de-fogo-foram-apreendias-em-cabedelo-nesta-terca-27\/#breadcrumb\",\"itemListElement\":[{\"@type\":\"ListItem\",\"position\":1,\"name\":\"In\u00edcio\",\"item\":\"https:\/\/www.pm.pb.gov.br\/portal\/\"},{\"@type\":\"ListItem\",\"position\":2,\"name\":\"Seis armas de fogo foram apreendidas em Cabedelo nesta ter\u00e7a (27)\"}]},{\"@type\":\"WebSite\",\"@id\":\"https:\/\/www.pm.pb.gov.br\/portal\/#website\",\"url\":\"https:\/\/www.pm.pb.gov.br\/portal\/\",\"name\":\"Pol\u00edcia Militar da Para\u00edba\",\"description\":\"\",\"publisher\":{\"@id\":\"https:\/\/www.pm.pb.gov.br\/portal\/#organization\"},\"potentialAction\":[{\"@type\":\"SearchAction\",\"target\":{\"@type\":\"EntryPoint\",\"urlTemplate\":\"https:\/\/www.pm.pb.gov.br\/portal\/?s={search_term_string}\"},\"query-input\":\"required name=search_term_string\"}],\"inLanguage\":\"pt-BR\"},{\"@type\":\"Organization\",\"@id\":\"https:\/\/www.pm.pb.gov.br\/portal\/#organization\",\"name\":\"Pol\u00edcia Militar da Para\u00edba\",\"url\":\"https:\/\/www.pm.pb.gov.br\/portal\/\",\"logo\":{\"@type\":\"ImageObject\",\"inLanguage\":\"pt-BR\",\"@id\":\"https:\/\/www.pm.pb.gov.br\/portal\/#\/schema\/logo\/image\/\",\"url\":\"https:\/\/www.pm.pb.gov.br\/portal\/wp-content\/uploads\/2025\/03\/cropped-logo-site-mag2-1.png\",\"contentUrl\":\"https:\/\/www.pm.pb.gov.br\/portal\/wp-content\/uploads\/2025\/03\/cropped-logo-site-mag2-1.png\",\"width\":320,\"height\":90,\"caption\":\"Pol\u00edcia Militar da Para\u00edba\"},\"image\":{\"@id\":\"https:\/\/www.pm.pb.gov.br\/portal\/#\/schema\/logo\/image\/\"}},{\"@type\":\"Person\",\"@id\":\"https:\/\/www.pm.pb.gov.br\/portal\/#\/schema\/person\/f84f56dcc78ce4357054da888b8247fd\",\"name\":\"Tarcisio Oliveira\",\"image\":{\"@type\":\"ImageObject\",\"inLanguage\":\"pt-BR\",\"@id\":\"https:\/\/www.pm.pb.gov.br\/portal\/#\/schema\/person\/image\/\",\"url\":\"https:\/\/secure.gravatar.com\/avatar\/72917b630b69d31cd0297507f34bac97?s=96&d=mm&r=g\",\"contentUrl\":\"https:\/\/secure.gravatar.com\/avatar\/72917b630b69d31cd0297507f34bac97?s=96&d=mm&r=g\",\"caption\":\"Tarcisio Oliveira\"},\"url\":\"https:\/\/www.pm.pb.gov.br\/portal\/author\/tarcisio\/\"}]}<\/script>\n<!-- \/ Yoast SEO plugin. -->","yoast_head_json":{"title":"Seis armas de fogo foram apreendidas em Cabedelo nesta ter\u00e7a (27) - Pol\u00edcia Militar da Para\u00edba","description":"32 armas de fogo j\u00e1 foram apreendidas em 2023 em Cabedelo.","robots":{"index":"index","follow":"follow","max-snippet":"max-snippet:-1","max-image-preview":"max-image-preview:large","max-video-preview":"max-video-preview:-1"},"canonical":"https:\/\/www.pm.pb.gov.br\/portal\/2024\/02\/28\/seis-armas-de-fogo-foram-apreendias-em-cabedelo-nesta-terca-27\/","og_locale":"pt_BR","og_type":"article","og_title":"Seis armas de fogo foram apreendidas em Cabedelo nesta ter\u00e7a (27) - Pol\u00edcia Militar da Para\u00edba","og_description":"32 armas de fogo j\u00e1 foram apreendidas em 2023 em Cabedelo.","og_url":"https:\/\/www.pm.pb.gov.br\/portal\/2024\/02\/28\/seis-armas-de-fogo-foram-apreendias-em-cabedelo-nesta-terca-27\/","og_site_name":"Pol\u00edcia Militar da Para\u00edba","article_published_time":"2024-02-28T10:17:08+00:00","article_modified_time":"2024-02-28T17:32:54+00:00","og_image":[{"width":1600,"height":1200,"url":"http:\/\/www.pm.pb.gov.br\/portal\/wp-content\/uploads\/2024\/02\/IMG-20240228-WA0000.jpg","type":"image\/jpeg"}],"author":"Tarcisio Oliveira","twitter_card":"summary_large_image","twitter_misc":{"Escrito por":"Tarcisio Oliveira","Est. tempo de leitura":"1 minuto"},"schema":{"@context":"https:\/\/schema.org","@graph":[{"@type":"Article","@id":"https:\/\/www.pm.pb.gov.br\/portal\/2024\/02\/28\/seis-armas-de-fogo-foram-apreendias-em-cabedelo-nesta-terca-27\/#article","isPartOf":{"@id":"https:\/\/www.pm.pb.gov.br\/portal\/2024\/02\/28\/seis-armas-de-fogo-foram-apreendias-em-cabedelo-nesta-terca-27\/"},"author":{"name":"Tarcisio Oliveira","@id":"https:\/\/www.pm.pb.gov.br\/portal\/#\/schema\/person\/f84f56dcc78ce4357054da888b8247fd"},"headline":"Seis armas de fogo foram apreendidas em Cabedelo nesta ter\u00e7a (27)","datePublished":"2024-02-28T10:17:08+00:00","dateModified":"2024-02-28T17:32:54+00:00","mainEntityOfPage":{"@id":"https:\/\/www.pm.pb.gov.br\/portal\/2024\/02\/28\/seis-armas-de-fogo-foram-apreendias-em-cabedelo-nesta-terca-27\/"},"wordCount":162,"publisher":{"@id":"https:\/\/www.pm.pb.gov.br\/portal\/#organization"},"articleSection":["A\u00e7\u00f5es Policiais"],"inLanguage":"pt-BR"},{"@type":"WebPage","@id":"https:\/\/www.pm.pb.gov.br\/portal\/2024\/02\/28\/seis-armas-de-fogo-foram-apreendias-em-cabedelo-nesta-terca-27\/","url":"https:\/\/www.pm.pb.gov.br\/portal\/2024\/02\/28\/seis-armas-de-fogo-foram-apreendias-em-cabedelo-nesta-terca-27\/","name":"Seis armas de fogo foram apreendidas em Cabedelo nesta ter\u00e7a (27) - Pol\u00edcia Militar da Para\u00edba","isPartOf":{"@id":"https:\/\/www.pm.pb.gov.br\/portal\/#website"},"datePublished":"2024-02-28T10:17:08+00:00","dateModified":"2024-02-28T17:32:54+00:00","description":"32 armas de fogo j\u00e1 foram apreendidas em 2023 em Cabedelo.","breadcrumb":{"@id":"https:\/\/www.pm.pb.gov.br\/portal\/2024\/02\/28\/seis-armas-de-fogo-foram-apreendias-em-cabedelo-nesta-terca-27\/#breadcrumb"},"inLanguage":"pt-BR","potentialAction":[{"@type":"ReadAction","target":["https:\/\/www.pm.pb.gov.br\/portal\/2024\/02\/28\/seis-armas-de-fogo-foram-apreendias-em-cabedelo-nesta-terca-27\/"]}]},{"@type":"BreadcrumbList","@id":"https:\/\/www.pm.pb.gov.br\/portal\/2024\/02\/28\/seis-armas-de-fogo-foram-apreendias-em-cabedelo-nesta-terca-27\/#breadcrumb","itemListElement":[{"@type":"ListItem","position":1,"name":"In\u00edcio","item":"https:\/\/www.pm.pb.gov.br\/portal\/"},{"@type":"ListItem","position":2,"name":"Seis armas de fogo foram apreendidas em Cabedelo nesta ter\u00e7a (27)"}]},{"@type":"WebSite","@id":"https:\/\/www.pm.pb.gov.br\/portal\/#website","url":"https:\/\/www.pm.pb.gov.br\/portal\/","name":"Pol\u00edcia Militar da Para\u00edba","description":"","publisher":{"@id":"https:\/\/www.pm.pb.gov.br\/portal\/#organization"},"potentialAction":[{"@type":"SearchAction","target":{"@type":"EntryPoint","urlTemplate":"https:\/\/www.pm.pb.gov.br\/portal\/?s={search_term_string}"},"query-input":"required name=search_term_string"}],"inLanguage":"pt-BR"},{"@type":"Organization","@id":"https:\/\/www.pm.pb.gov.br\/portal\/#organization","name":"Pol\u00edcia Militar da Para\u00edba","url":"https:\/\/www.pm.pb.gov.br\/portal\/","logo":{"@type":"ImageObject","inLanguage":"pt-BR","@id":"https:\/\/www.pm.pb.gov.br\/portal\/#\/schema\/logo\/image\/","url":"https:\/\/www.pm.pb.gov.br\/portal\/wp-content\/uploads\/2025\/03\/cropped-logo-site-mag2-1.png","contentUrl":"https:\/\/www.pm.pb.gov.br\/portal\/wp-content\/uploads\/2025\/03\/cropped-logo-site-mag2-1.png","width":320,"height":90,"caption":"Pol\u00edcia Militar da Para\u00edba"},"image":{"@id":"https:\/\/www.pm.pb.gov.br\/portal\/#\/schema\/logo\/image\/"}},{"@type":"Person","@id":"https:\/\/www.pm.pb.gov.br\/portal\/#\/schema\/person\/f84f56dcc78ce4357054da888b8247fd","name":"Tarcisio Oliveira","image":{"@type":"ImageObject","inLanguage":"pt-BR","@id":"https:\/\/www.pm.pb.gov.br\/portal\/#\/schema\/person\/image\/","url":"https:\/\/secure.gravatar.com\/avatar\/72917b630b69d31cd0297507f34bac97?s=96&d=mm&r=g","contentUrl":"https:\/\/secure.gravatar.com\/avatar\/72917b630b69d31cd0297507f34bac97?s=96&d=mm&r=g","caption":"Tarcisio Oliveira"},"url":"https:\/\/www.pm.pb.gov.br\/portal\/author\/tarcisio\/"}]}},"_links":{"self":[{"href":"https:\/\/www.pm.pb.gov.br\/portal\/wp-json\/wp\/v2\/posts\/921293"}],"collection":[{"href":"https:\/\/www.pm.pb.gov.br\/portal\/wp-json\/wp\/v2\/posts"}],"about":[{"href":"https:\/\/www.pm.pb.gov.br\/portal\/wp-json\/wp\/v2\/types\/post"}],"author":[{"embeddable":true,"href":"https:\/\/www.pm.pb.gov.br\/portal\/wp-json\/wp\/v2\/users\/12"}],"replies":[{"embeddable":true,"href":"https:\/\/www.pm.pb.gov.br\/portal\/wp-json\/wp\/v2\/comments?post=921293"}],"version-history":[{"count":2,"href":"https:\/\/www.pm.pb.gov.br\/portal\/wp-json\/wp\/v2\/posts\/921293\/revisions"}],"predecessor-version":[{"id":921301,"href":"https:\/\/www.pm.pb.gov.br\/portal\/wp-json\/wp\/v2\/posts\/921293\/revisions\/921301"}],"wp:featuredmedia":[{"embeddable":true,"href":"https:\/\/www.pm.pb.gov.br\/portal\/wp-json\/wp\/v2\/media\/921292"}],"wp:attachment":[{"href":"https:\/\/www.pm.pb.gov.br\/portal\/wp-json\/wp\/v2\/media?parent=921293"}],"wp:term":[{"taxonomy":"category","embeddable":true,"href":"https:\/\/www.pm.pb.gov.br\/portal\/wp-json\/wp\/v2\/categories?post=921293"},{"taxonomy":"post_tag","embeddable":true,"href":"https:\/\/www.pm.pb.gov.br\/portal\/wp-json\/wp\/v2\/tags?post=921293"}],"curies":[{"name":"wp","href":"https:\/\/api.w.org\/{rel}","templated":true}]}}