{"id":921284,"date":"2024-02-26T15:30:31","date_gmt":"2024-02-26T18:30:31","guid":{"rendered":"https:\/\/www.pm.pb.gov.br\/portal\/?p=921284"},"modified":"2024-02-26T15:32:56","modified_gmt":"2024-02-26T18:32:56","slug":"operacao-zero-alcool-resulta-em-quase-60-autuacoes-por-embriaguez-ao-volante-no-fim-de-semana","status":"publish","type":"post","link":"https:\/\/www.pm.pb.gov.br\/portal\/2024\/02\/26\/operacao-zero-alcool-resulta-em-quase-60-autuacoes-por-embriaguez-ao-volante-no-fim-de-semana\/","title":{"rendered":"Opera\u00e7\u00e3o Zero \u00c1lcool resulta em quase 60 autua\u00e7\u00f5es por embriaguez ao volante, no fim de semana"},"content":{"rendered":"\n\n\n<p>As a\u00e7\u00f5es ocorreram no per\u00edodo de 23 a 25 de fevereiro, em todo o estado da Para\u00edba, atrav\u00e9s de patrulhamentos e bloqueios policiais em pontos pr\u00e9-estabelecidos (foto acima ilustrativa). As estat\u00edsticas demonstram e ressaltam a relev\u00e2ncia das atividades .<\/p>\n<p>Foram realizados 286 testes de alcoolemia, dos quais 59 condutores foram autuados por embriaguez ou pela recusa ao teste do etil\u00f4metro. A maior incid\u00eancia ocorreu na regi\u00e3o metropolitana de Jo\u00e3o Pessoa, com 23 (vinte e tr\u00eas) condutores autuados.<\/p>\n<p>Ao todo, 17 (dezessete) pris\u00f5es foram efetuadas pelo BPTran, na Para\u00edba. Dentre elas, destacam-se a apreens\u00e3o de 1 (uma) arma de fogo e a recupera\u00e7\u00e3o de 11 (onze) ve\u00edculos roubados.<\/p>\n<p><img loading=\"lazy\" decoding=\"async\" class=\"alignnone size-medium wp-image-921286\" src=\"http:\/\/www.pm.pb.gov.br\/portal\/wp-content\/uploads\/2024\/02\/IMG-20240226-WA0012-399x445.jpg\" alt=\"\" width=\"399\" height=\"445\" srcset=\"https:\/\/www.pm.pb.gov.br\/portal\/wp-content\/uploads\/2024\/02\/IMG-20240226-WA0012-399x445.jpg 399w, https:\/\/www.pm.pb.gov.br\/portal\/wp-content\/uploads\/2024\/02\/IMG-20240226-WA0012-511x570.jpg 511w, https:\/\/www.pm.pb.gov.br\/portal\/wp-content\/uploads\/2024\/02\/IMG-20240226-WA0012.jpg 562w\" sizes=\"(max-width: 399px) 100vw, 399px\" \/><\/p>\n<p>Durante as a\u00e7\u00f5es, 2497 pessoas foram abordadas e 1992 ve\u00edculos fiscalizados.<\/p>\n<p>O comandante do BPTran, tenente-coronel Lucas, refor\u00e7a a import\u00e2ncia da Opera\u00e7\u00e3o Zero \u00c1lcool.<\/p>\n<p>&#8220;Estamos nas ruas para garantir um tr\u00e2nsito seguro. \u00c9 preciso reprimir este comportamento perigoso que \u00e9 ingerir bebida alco\u00f3lica e dirigir.\u201d Informou.<\/p>\n<p><em>Fonte: P5\/ BPTran<\/em><\/p>\n","protected":false},"excerpt":{"rendered":"<p>As a\u00e7\u00f5es ocorreram no per\u00edodo de 23 a 25 de fevereiro, em todo o estado da Para\u00edba, atrav\u00e9s de patrulhamentos<\/p>\n","protected":false},"author":12,"featured_media":915355,"comment_status":"closed","ping_status":"closed","sticky":false,"template":"","format":"standard","meta":{"_exactmetrics_skip_tracking":false,"_exactmetrics_sitenote_active":false,"_exactmetrics_sitenote_note":"","_exactmetrics_sitenote_category":0,"footnotes":""},"categories":[4],"tags":[],"yoast_head":"<!-- This site is optimized with the Yoast SEO plugin v22.0 - https:\/\/yoast.com\/wordpress\/plugins\/seo\/ -->\n<title>Opera\u00e7\u00e3o Zero \u00c1lcool resulta em quase 60 autua\u00e7\u00f5es por embriaguez ao volante, no fim de semana - Pol\u00edcia Militar da Para\u00edba<\/title>\n<meta name=\"robots\" content=\"index, follow, max-snippet:-1, max-image-preview:large, max-video-preview:-1\" \/>\n<link rel=\"canonical\" href=\"https:\/\/www.pm.pb.gov.br\/portal\/2024\/02\/26\/operacao-zero-alcool-resulta-em-quase-60-autuacoes-por-embriaguez-ao-volante-no-fim-de-semana\/\" \/>\n<meta property=\"og:locale\" content=\"pt_BR\" \/>\n<meta property=\"og:type\" content=\"article\" \/>\n<meta property=\"og:title\" content=\"Opera\u00e7\u00e3o Zero \u00c1lcool resulta em quase 60 autua\u00e7\u00f5es por embriaguez ao volante, no fim de semana - Pol\u00edcia Militar da Para\u00edba\" \/>\n<meta property=\"og:description\" content=\"As a\u00e7\u00f5es ocorreram no per\u00edodo de 23 a 25 de fevereiro, em todo o estado da Para\u00edba, atrav\u00e9s de patrulhamentos\" \/>\n<meta property=\"og:url\" content=\"https:\/\/www.pm.pb.gov.br\/portal\/2024\/02\/26\/operacao-zero-alcool-resulta-em-quase-60-autuacoes-por-embriaguez-ao-volante-no-fim-de-semana\/\" \/>\n<meta property=\"og:site_name\" content=\"Pol\u00edcia Militar da Para\u00edba\" \/>\n<meta property=\"article:published_time\" content=\"2024-02-26T18:30:31+00:00\" \/>\n<meta property=\"article:modified_time\" content=\"2024-02-26T18:32:56+00:00\" \/>\n<meta property=\"og:image\" content=\"http:\/\/www.pm.pb.gov.br\/portal\/wp-content\/uploads\/2023\/01\/bptran.jpeg\" \/>\n\t<meta property=\"og:image:width\" content=\"800\" \/>\n\t<meta property=\"og:image:height\" content=\"445\" \/>\n\t<meta property=\"og:image:type\" content=\"image\/jpeg\" \/>\n<meta name=\"author\" content=\"Tarcisio Oliveira\" \/>\n<meta name=\"twitter:card\" content=\"summary_large_image\" \/>\n<meta name=\"twitter:label1\" content=\"Escrito por\" \/>\n\t<meta name=\"twitter:data1\" content=\"Tarcisio Oliveira\" \/>\n\t<meta name=\"twitter:label2\" content=\"Est. tempo de leitura\" \/>\n\t<meta name=\"twitter:data2\" content=\"2 minutos\" \/>\n<script type=\"application\/ld+json\" class=\"yoast-schema-graph\">{\"@context\":\"https:\/\/schema.org\",\"@graph\":[{\"@type\":\"Article\",\"@id\":\"https:\/\/www.pm.pb.gov.br\/portal\/2024\/02\/26\/operacao-zero-alcool-resulta-em-quase-60-autuacoes-por-embriaguez-ao-volante-no-fim-de-semana\/#article\",\"isPartOf\":{\"@id\":\"https:\/\/www.pm.pb.gov.br\/portal\/2024\/02\/26\/operacao-zero-alcool-resulta-em-quase-60-autuacoes-por-embriaguez-ao-volante-no-fim-de-semana\/\"},\"author\":{\"name\":\"Tarcisio Oliveira\",\"@id\":\"https:\/\/www.pm.pb.gov.br\/portal\/#\/schema\/person\/f84f56dcc78ce4357054da888b8247fd\"},\"headline\":\"Opera\u00e7\u00e3o Zero \u00c1lcool resulta em quase 60 autua\u00e7\u00f5es por embriaguez ao volante, no fim de semana\",\"datePublished\":\"2024-02-26T18:30:31+00:00\",\"dateModified\":\"2024-02-26T18:32:56+00:00\",\"mainEntityOfPage\":{\"@id\":\"https:\/\/www.pm.pb.gov.br\/portal\/2024\/02\/26\/operacao-zero-alcool-resulta-em-quase-60-autuacoes-por-embriaguez-ao-volante-no-fim-de-semana\/\"},\"wordCount\":184,\"publisher\":{\"@id\":\"https:\/\/www.pm.pb.gov.br\/portal\/#organization\"},\"articleSection\":[\"A\u00e7\u00f5es Policiais\"],\"inLanguage\":\"pt-BR\"},{\"@type\":\"WebPage\",\"@id\":\"https:\/\/www.pm.pb.gov.br\/portal\/2024\/02\/26\/operacao-zero-alcool-resulta-em-quase-60-autuacoes-por-embriaguez-ao-volante-no-fim-de-semana\/\",\"url\":\"https:\/\/www.pm.pb.gov.br\/portal\/2024\/02\/26\/operacao-zero-alcool-resulta-em-quase-60-autuacoes-por-embriaguez-ao-volante-no-fim-de-semana\/\",\"name\":\"Opera\u00e7\u00e3o Zero \u00c1lcool resulta em quase 60 autua\u00e7\u00f5es por embriaguez ao volante, no fim de semana - Pol\u00edcia Militar da Para\u00edba\",\"isPartOf\":{\"@id\":\"https:\/\/www.pm.pb.gov.br\/portal\/#website\"},\"datePublished\":\"2024-02-26T18:30:31+00:00\",\"dateModified\":\"2024-02-26T18:32:56+00:00\",\"breadcrumb\":{\"@id\":\"https:\/\/www.pm.pb.gov.br\/portal\/2024\/02\/26\/operacao-zero-alcool-resulta-em-quase-60-autuacoes-por-embriaguez-ao-volante-no-fim-de-semana\/#breadcrumb\"},\"inLanguage\":\"pt-BR\",\"potentialAction\":[{\"@type\":\"ReadAction\",\"target\":[\"https:\/\/www.pm.pb.gov.br\/portal\/2024\/02\/26\/operacao-zero-alcool-resulta-em-quase-60-autuacoes-por-embriaguez-ao-volante-no-fim-de-semana\/\"]}]},{\"@type\":\"BreadcrumbList\",\"@id\":\"https:\/\/www.pm.pb.gov.br\/portal\/2024\/02\/26\/operacao-zero-alcool-resulta-em-quase-60-autuacoes-por-embriaguez-ao-volante-no-fim-de-semana\/#breadcrumb\",\"itemListElement\":[{\"@type\":\"ListItem\",\"position\":1,\"name\":\"In\u00edcio\",\"item\":\"https:\/\/www.pm.pb.gov.br\/portal\/\"},{\"@type\":\"ListItem\",\"position\":2,\"name\":\"Opera\u00e7\u00e3o Zero \u00c1lcool resulta em quase 60 autua\u00e7\u00f5es por embriaguez ao volante, no fim de semana\"}]},{\"@type\":\"WebSite\",\"@id\":\"https:\/\/www.pm.pb.gov.br\/portal\/#website\",\"url\":\"https:\/\/www.pm.pb.gov.br\/portal\/\",\"name\":\"Pol\u00edcia Militar da Para\u00edba\",\"description\":\"\",\"publisher\":{\"@id\":\"https:\/\/www.pm.pb.gov.br\/portal\/#organization\"},\"potentialAction\":[{\"@type\":\"SearchAction\",\"target\":{\"@type\":\"EntryPoint\",\"urlTemplate\":\"https:\/\/www.pm.pb.gov.br\/portal\/?s={search_term_string}\"},\"query-input\":\"required name=search_term_string\"}],\"inLanguage\":\"pt-BR\"},{\"@type\":\"Organization\",\"@id\":\"https:\/\/www.pm.pb.gov.br\/portal\/#organization\",\"name\":\"Pol\u00edcia Militar da Para\u00edba\",\"url\":\"https:\/\/www.pm.pb.gov.br\/portal\/\",\"logo\":{\"@type\":\"ImageObject\",\"inLanguage\":\"pt-BR\",\"@id\":\"https:\/\/www.pm.pb.gov.br\/portal\/#\/schema\/logo\/image\/\",\"url\":\"https:\/\/www.pm.pb.gov.br\/portal\/wp-content\/uploads\/2025\/03\/cropped-logo-site-mag2-1.png\",\"contentUrl\":\"https:\/\/www.pm.pb.gov.br\/portal\/wp-content\/uploads\/2025\/03\/cropped-logo-site-mag2-1.png\",\"width\":320,\"height\":90,\"caption\":\"Pol\u00edcia Militar da Para\u00edba\"},\"image\":{\"@id\":\"https:\/\/www.pm.pb.gov.br\/portal\/#\/schema\/logo\/image\/\"}},{\"@type\":\"Person\",\"@id\":\"https:\/\/www.pm.pb.gov.br\/portal\/#\/schema\/person\/f84f56dcc78ce4357054da888b8247fd\",\"name\":\"Tarcisio Oliveira\",\"image\":{\"@type\":\"ImageObject\",\"inLanguage\":\"pt-BR\",\"@id\":\"https:\/\/www.pm.pb.gov.br\/portal\/#\/schema\/person\/image\/\",\"url\":\"https:\/\/secure.gravatar.com\/avatar\/72917b630b69d31cd0297507f34bac97?s=96&d=mm&r=g\",\"contentUrl\":\"https:\/\/secure.gravatar.com\/avatar\/72917b630b69d31cd0297507f34bac97?s=96&d=mm&r=g\",\"caption\":\"Tarcisio Oliveira\"},\"url\":\"https:\/\/www.pm.pb.gov.br\/portal\/author\/tarcisio\/\"}]}<\/script>\n<!-- \/ Yoast SEO plugin. -->","yoast_head_json":{"title":"Opera\u00e7\u00e3o Zero \u00c1lcool resulta em quase 60 autua\u00e7\u00f5es por embriaguez ao volante, no fim de semana - Pol\u00edcia Militar da Para\u00edba","robots":{"index":"index","follow":"follow","max-snippet":"max-snippet:-1","max-image-preview":"max-image-preview:large","max-video-preview":"max-video-preview:-1"},"canonical":"https:\/\/www.pm.pb.gov.br\/portal\/2024\/02\/26\/operacao-zero-alcool-resulta-em-quase-60-autuacoes-por-embriaguez-ao-volante-no-fim-de-semana\/","og_locale":"pt_BR","og_type":"article","og_title":"Opera\u00e7\u00e3o Zero \u00c1lcool resulta em quase 60 autua\u00e7\u00f5es por embriaguez ao volante, no fim de semana - Pol\u00edcia Militar da Para\u00edba","og_description":"As a\u00e7\u00f5es ocorreram no per\u00edodo de 23 a 25 de fevereiro, em todo o estado da Para\u00edba, atrav\u00e9s de patrulhamentos","og_url":"https:\/\/www.pm.pb.gov.br\/portal\/2024\/02\/26\/operacao-zero-alcool-resulta-em-quase-60-autuacoes-por-embriaguez-ao-volante-no-fim-de-semana\/","og_site_name":"Pol\u00edcia Militar da Para\u00edba","article_published_time":"2024-02-26T18:30:31+00:00","article_modified_time":"2024-02-26T18:32:56+00:00","og_image":[{"width":800,"height":445,"url":"http:\/\/www.pm.pb.gov.br\/portal\/wp-content\/uploads\/2023\/01\/bptran.jpeg","type":"image\/jpeg"}],"author":"Tarcisio Oliveira","twitter_card":"summary_large_image","twitter_misc":{"Escrito por":"Tarcisio Oliveira","Est. tempo de leitura":"2 minutos"},"schema":{"@context":"https:\/\/schema.org","@graph":[{"@type":"Article","@id":"https:\/\/www.pm.pb.gov.br\/portal\/2024\/02\/26\/operacao-zero-alcool-resulta-em-quase-60-autuacoes-por-embriaguez-ao-volante-no-fim-de-semana\/#article","isPartOf":{"@id":"https:\/\/www.pm.pb.gov.br\/portal\/2024\/02\/26\/operacao-zero-alcool-resulta-em-quase-60-autuacoes-por-embriaguez-ao-volante-no-fim-de-semana\/"},"author":{"name":"Tarcisio Oliveira","@id":"https:\/\/www.pm.pb.gov.br\/portal\/#\/schema\/person\/f84f56dcc78ce4357054da888b8247fd"},"headline":"Opera\u00e7\u00e3o Zero \u00c1lcool resulta em quase 60 autua\u00e7\u00f5es por embriaguez ao volante, no fim de semana","datePublished":"2024-02-26T18:30:31+00:00","dateModified":"2024-02-26T18:32:56+00:00","mainEntityOfPage":{"@id":"https:\/\/www.pm.pb.gov.br\/portal\/2024\/02\/26\/operacao-zero-alcool-resulta-em-quase-60-autuacoes-por-embriaguez-ao-volante-no-fim-de-semana\/"},"wordCount":184,"publisher":{"@id":"https:\/\/www.pm.pb.gov.br\/portal\/#organization"},"articleSection":["A\u00e7\u00f5es Policiais"],"inLanguage":"pt-BR"},{"@type":"WebPage","@id":"https:\/\/www.pm.pb.gov.br\/portal\/2024\/02\/26\/operacao-zero-alcool-resulta-em-quase-60-autuacoes-por-embriaguez-ao-volante-no-fim-de-semana\/","url":"https:\/\/www.pm.pb.gov.br\/portal\/2024\/02\/26\/operacao-zero-alcool-resulta-em-quase-60-autuacoes-por-embriaguez-ao-volante-no-fim-de-semana\/","name":"Opera\u00e7\u00e3o Zero \u00c1lcool resulta em quase 60 autua\u00e7\u00f5es por embriaguez ao volante, no fim de semana - Pol\u00edcia Militar da Para\u00edba","isPartOf":{"@id":"https:\/\/www.pm.pb.gov.br\/portal\/#website"},"datePublished":"2024-02-26T18:30:31+00:00","dateModified":"2024-02-26T18:32:56+00:00","breadcrumb":{"@id":"https:\/\/www.pm.pb.gov.br\/portal\/2024\/02\/26\/operacao-zero-alcool-resulta-em-quase-60-autuacoes-por-embriaguez-ao-volante-no-fim-de-semana\/#breadcrumb"},"inLanguage":"pt-BR","potentialAction":[{"@type":"ReadAction","target":["https:\/\/www.pm.pb.gov.br\/portal\/2024\/02\/26\/operacao-zero-alcool-resulta-em-quase-60-autuacoes-por-embriaguez-ao-volante-no-fim-de-semana\/"]}]},{"@type":"BreadcrumbList","@id":"https:\/\/www.pm.pb.gov.br\/portal\/2024\/02\/26\/operacao-zero-alcool-resulta-em-quase-60-autuacoes-por-embriaguez-ao-volante-no-fim-de-semana\/#breadcrumb","itemListElement":[{"@type":"ListItem","position":1,"name":"In\u00edcio","item":"https:\/\/www.pm.pb.gov.br\/portal\/"},{"@type":"ListItem","position":2,"name":"Opera\u00e7\u00e3o Zero \u00c1lcool resulta em quase 60 autua\u00e7\u00f5es por embriaguez ao volante, no fim de semana"}]},{"@type":"WebSite","@id":"https:\/\/www.pm.pb.gov.br\/portal\/#website","url":"https:\/\/www.pm.pb.gov.br\/portal\/","name":"Pol\u00edcia Militar da Para\u00edba","description":"","publisher":{"@id":"https:\/\/www.pm.pb.gov.br\/portal\/#organization"},"potentialAction":[{"@type":"SearchAction","target":{"@type":"EntryPoint","urlTemplate":"https:\/\/www.pm.pb.gov.br\/portal\/?s={search_term_string}"},"query-input":"required name=search_term_string"}],"inLanguage":"pt-BR"},{"@type":"Organization","@id":"https:\/\/www.pm.pb.gov.br\/portal\/#organization","name":"Pol\u00edcia Militar da Para\u00edba","url":"https:\/\/www.pm.pb.gov.br\/portal\/","logo":{"@type":"ImageObject","inLanguage":"pt-BR","@id":"https:\/\/www.pm.pb.gov.br\/portal\/#\/schema\/logo\/image\/","url":"https:\/\/www.pm.pb.gov.br\/portal\/wp-content\/uploads\/2025\/03\/cropped-logo-site-mag2-1.png","contentUrl":"https:\/\/www.pm.pb.gov.br\/portal\/wp-content\/uploads\/2025\/03\/cropped-logo-site-mag2-1.png","width":320,"height":90,"caption":"Pol\u00edcia Militar da Para\u00edba"},"image":{"@id":"https:\/\/www.pm.pb.gov.br\/portal\/#\/schema\/logo\/image\/"}},{"@type":"Person","@id":"https:\/\/www.pm.pb.gov.br\/portal\/#\/schema\/person\/f84f56dcc78ce4357054da888b8247fd","name":"Tarcisio Oliveira","image":{"@type":"ImageObject","inLanguage":"pt-BR","@id":"https:\/\/www.pm.pb.gov.br\/portal\/#\/schema\/person\/image\/","url":"https:\/\/secure.gravatar.com\/avatar\/72917b630b69d31cd0297507f34bac97?s=96&d=mm&r=g","contentUrl":"https:\/\/secure.gravatar.com\/avatar\/72917b630b69d31cd0297507f34bac97?s=96&d=mm&r=g","caption":"Tarcisio Oliveira"},"url":"https:\/\/www.pm.pb.gov.br\/portal\/author\/tarcisio\/"}]}},"_links":{"self":[{"href":"https:\/\/www.pm.pb.gov.br\/portal\/wp-json\/wp\/v2\/posts\/921284"}],"collection":[{"href":"https:\/\/www.pm.pb.gov.br\/portal\/wp-json\/wp\/v2\/posts"}],"about":[{"href":"https:\/\/www.pm.pb.gov.br\/portal\/wp-json\/wp\/v2\/types\/post"}],"author":[{"embeddable":true,"href":"https:\/\/www.pm.pb.gov.br\/portal\/wp-json\/wp\/v2\/users\/12"}],"replies":[{"embeddable":true,"href":"https:\/\/www.pm.pb.gov.br\/portal\/wp-json\/wp\/v2\/comments?post=921284"}],"version-history":[{"count":2,"href":"https:\/\/www.pm.pb.gov.br\/portal\/wp-json\/wp\/v2\/posts\/921284\/revisions"}],"predecessor-version":[{"id":921287,"href":"https:\/\/www.pm.pb.gov.br\/portal\/wp-json\/wp\/v2\/posts\/921284\/revisions\/921287"}],"wp:featuredmedia":[{"embeddable":true,"href":"https:\/\/www.pm.pb.gov.br\/portal\/wp-json\/wp\/v2\/media\/915355"}],"wp:attachment":[{"href":"https:\/\/www.pm.pb.gov.br\/portal\/wp-json\/wp\/v2\/media?parent=921284"}],"wp:term":[{"taxonomy":"category","embeddable":true,"href":"https:\/\/www.pm.pb.gov.br\/portal\/wp-json\/wp\/v2\/categories?post=921284"},{"taxonomy":"post_tag","embeddable":true,"href":"https:\/\/www.pm.pb.gov.br\/portal\/wp-json\/wp\/v2\/tags?post=921284"}],"curies":[{"name":"wp","href":"https:\/\/api.w.org\/{rel}","templated":true}]}}