{"id":921209,"date":"2024-02-21T09:41:00","date_gmt":"2024-02-21T12:41:00","guid":{"rendered":"https:\/\/www.pm.pb.gov.br\/portal\/?p=921209"},"modified":"2024-02-21T16:45:31","modified_gmt":"2024-02-21T19:45:31","slug":"resposta-policia-militar-prende-acusado-de-homicidios-e-troca-de-tiros-no-litoral-sul","status":"publish","type":"post","link":"https:\/\/www.pm.pb.gov.br\/portal\/2024\/02\/21\/resposta-policia-militar-prende-acusado-de-homicidios-e-troca-de-tiros-no-litoral-sul\/","title":{"rendered":"RESPOSTA: Pol\u00edcia Militar prende acusado de homic\u00eddios e troca de tiros no litoral sul"},"content":{"rendered":"\n<p>A Pol\u00edcia Militar localizou e prendeu uma pessoa envolvida em uma troca de tiros que resultou em dois mortos em uma barbearia em Aca\u00fa, Distrito de Pitimbu, no litoral sul da Para\u00edba (foto acima ilustrativa). O delito aconteceu durante a tarde da \u00faltima ter\u00e7a-feira (20) e a pris\u00e3o do acusado ocorreu logo ap\u00f3s, resultando ainda em uma arma de fogo apreendida e um carro roubado recuperado.<\/p>\n<p>De acordo com o comando da 1\u00ba Companhia Independente, o acusado foi preso logo ap\u00f3s o crime no Munic\u00edpio de Caapor\u00e3, a partir de uma a\u00e7\u00e3o da For\u00e7a T\u00e1tica, que interceptou a fuga. Ele estava com um carro roubado, e foi visualizado no local dos homic\u00eddios efetuando disparos de arma de fogo. Segundo a unidade, o acusado vinha de Pernambuco e estava com um rev\u00f3lver calibre 38, possivelmente usado no delito.<\/p>\n<p><img loading=\"lazy\" decoding=\"async\" class=\"size-medium wp-image-921211 aligncenter\" src=\"http:\/\/www.pm.pb.gov.br\/portal\/wp-content\/uploads\/2024\/02\/WhatsApp-Image-2024-02-21-at-11.40.53-1-334x445.jpeg\" alt=\"\" width=\"334\" height=\"445\" srcset=\"https:\/\/www.pm.pb.gov.br\/portal\/wp-content\/uploads\/2024\/02\/WhatsApp-Image-2024-02-21-at-11.40.53-1-334x445.jpeg 334w, https:\/\/www.pm.pb.gov.br\/portal\/wp-content\/uploads\/2024\/02\/WhatsApp-Image-2024-02-21-at-11.40.53-1-428x570.jpeg 428w, https:\/\/www.pm.pb.gov.br\/portal\/wp-content\/uploads\/2024\/02\/WhatsApp-Image-2024-02-21-at-11.40.53-1-768x1024.jpeg 768w, https:\/\/www.pm.pb.gov.br\/portal\/wp-content\/uploads\/2024\/02\/WhatsApp-Image-2024-02-21-at-11.40.53-1.jpeg 960w\" sizes=\"(max-width: 334px) 100vw, 334px\" \/><\/p>\n<p>De acordo com as primeiras informa\u00e7\u00f5es, este acusado preso estava com um comparsa que atirou nas v\u00edtimas em uma barbearia, e que tamb\u00e9m sofreu disparos vindo a morrer no local, junto com outra v\u00edtima. \u201cJ\u00e1 outra pessoa envolvida na troca de tiros, que tamb\u00e9m reagiu, foi socorrida em um hospital de regi\u00e3o e foi custodiada\u201d, explicou o Tenente-Coronel Alberto, comandante da 1\u00aa CIPM, que esclareceu ainda que o caso segue sendo investigado para esclarecer a real motiva\u00e7\u00e3o do crime.<\/p>\n","protected":false},"excerpt":{"rendered":"<p>A Pol\u00edcia Militar localizou e prendeu uma pessoa envolvida em uma troca de tiros que resultou em dois mortos em<\/p>\n","protected":false},"author":12,"featured_media":912944,"comment_status":"closed","ping_status":"closed","sticky":false,"template":"","format":"standard","meta":{"_exactmetrics_skip_tracking":false,"_exactmetrics_sitenote_active":false,"_exactmetrics_sitenote_note":"","_exactmetrics_sitenote_category":0,"footnotes":""},"categories":[4],"tags":[],"yoast_head":"<!-- This site is optimized with the Yoast SEO plugin v22.0 - https:\/\/yoast.com\/wordpress\/plugins\/seo\/ -->\n<title>RESPOSTA: Pol\u00edcia Militar prende acusado de homic\u00eddios e troca de tiros no litoral sul - Pol\u00edcia Militar da Para\u00edba<\/title>\n<meta name=\"description\" content=\"A\u00e7\u00e3o resultou ainda em arma de fogo apreendida e ve\u00edculo recuperado; acusado vinha de Pernambuco para cometer o delito.\" \/>\n<meta name=\"robots\" content=\"index, follow, max-snippet:-1, max-image-preview:large, max-video-preview:-1\" \/>\n<link rel=\"canonical\" href=\"https:\/\/www.pm.pb.gov.br\/portal\/2024\/02\/21\/resposta-policia-militar-prende-acusado-de-homicidios-e-troca-de-tiros-no-litoral-sul\/\" \/>\n<meta property=\"og:locale\" content=\"pt_BR\" \/>\n<meta property=\"og:type\" content=\"article\" \/>\n<meta property=\"og:title\" content=\"RESPOSTA: Pol\u00edcia Militar prende acusado de homic\u00eddios e troca de tiros no litoral sul - Pol\u00edcia Militar da Para\u00edba\" \/>\n<meta property=\"og:description\" content=\"A\u00e7\u00e3o resultou ainda em arma de fogo apreendida e ve\u00edculo recuperado; acusado vinha de Pernambuco para cometer o delito.\" \/>\n<meta property=\"og:url\" content=\"https:\/\/www.pm.pb.gov.br\/portal\/2024\/02\/21\/resposta-policia-militar-prende-acusado-de-homicidios-e-troca-de-tiros-no-litoral-sul\/\" \/>\n<meta property=\"og:site_name\" content=\"Pol\u00edcia Militar da Para\u00edba\" \/>\n<meta property=\"article:published_time\" content=\"2024-02-21T12:41:00+00:00\" \/>\n<meta property=\"article:modified_time\" content=\"2024-02-21T19:45:31+00:00\" \/>\n<meta property=\"og:image\" content=\"http:\/\/www.pm.pb.gov.br\/portal\/wp-content\/uploads\/2021\/10\/1cipm.jpeg\" \/>\n\t<meta property=\"og:image:width\" content=\"800\" \/>\n\t<meta property=\"og:image:height\" content=\"445\" \/>\n\t<meta property=\"og:image:type\" content=\"image\/jpeg\" \/>\n<meta name=\"author\" content=\"Tarcisio Oliveira\" \/>\n<meta name=\"twitter:card\" content=\"summary_large_image\" \/>\n<meta name=\"twitter:label1\" content=\"Escrito por\" \/>\n\t<meta name=\"twitter:data1\" content=\"Tarcisio Oliveira\" \/>\n\t<meta name=\"twitter:label2\" content=\"Est. tempo de leitura\" \/>\n\t<meta name=\"twitter:data2\" content=\"2 minutos\" \/>\n<script type=\"application\/ld+json\" class=\"yoast-schema-graph\">{\"@context\":\"https:\/\/schema.org\",\"@graph\":[{\"@type\":\"Article\",\"@id\":\"https:\/\/www.pm.pb.gov.br\/portal\/2024\/02\/21\/resposta-policia-militar-prende-acusado-de-homicidios-e-troca-de-tiros-no-litoral-sul\/#article\",\"isPartOf\":{\"@id\":\"https:\/\/www.pm.pb.gov.br\/portal\/2024\/02\/21\/resposta-policia-militar-prende-acusado-de-homicidios-e-troca-de-tiros-no-litoral-sul\/\"},\"author\":{\"name\":\"Tarcisio Oliveira\",\"@id\":\"https:\/\/www.pm.pb.gov.br\/portal\/#\/schema\/person\/f84f56dcc78ce4357054da888b8247fd\"},\"headline\":\"RESPOSTA: Pol\u00edcia Militar prende acusado de homic\u00eddios e troca de tiros no litoral sul\",\"datePublished\":\"2024-02-21T12:41:00+00:00\",\"dateModified\":\"2024-02-21T19:45:31+00:00\",\"mainEntityOfPage\":{\"@id\":\"https:\/\/www.pm.pb.gov.br\/portal\/2024\/02\/21\/resposta-policia-militar-prende-acusado-de-homicidios-e-troca-de-tiros-no-litoral-sul\/\"},\"wordCount\":247,\"publisher\":{\"@id\":\"https:\/\/www.pm.pb.gov.br\/portal\/#organization\"},\"articleSection\":[\"A\u00e7\u00f5es Policiais\"],\"inLanguage\":\"pt-BR\"},{\"@type\":\"WebPage\",\"@id\":\"https:\/\/www.pm.pb.gov.br\/portal\/2024\/02\/21\/resposta-policia-militar-prende-acusado-de-homicidios-e-troca-de-tiros-no-litoral-sul\/\",\"url\":\"https:\/\/www.pm.pb.gov.br\/portal\/2024\/02\/21\/resposta-policia-militar-prende-acusado-de-homicidios-e-troca-de-tiros-no-litoral-sul\/\",\"name\":\"RESPOSTA: Pol\u00edcia Militar prende acusado de homic\u00eddios e troca de tiros no litoral sul - Pol\u00edcia Militar da Para\u00edba\",\"isPartOf\":{\"@id\":\"https:\/\/www.pm.pb.gov.br\/portal\/#website\"},\"datePublished\":\"2024-02-21T12:41:00+00:00\",\"dateModified\":\"2024-02-21T19:45:31+00:00\",\"description\":\"A\u00e7\u00e3o resultou ainda em arma de fogo apreendida e ve\u00edculo recuperado; acusado vinha de Pernambuco para cometer o delito.\",\"breadcrumb\":{\"@id\":\"https:\/\/www.pm.pb.gov.br\/portal\/2024\/02\/21\/resposta-policia-militar-prende-acusado-de-homicidios-e-troca-de-tiros-no-litoral-sul\/#breadcrumb\"},\"inLanguage\":\"pt-BR\",\"potentialAction\":[{\"@type\":\"ReadAction\",\"target\":[\"https:\/\/www.pm.pb.gov.br\/portal\/2024\/02\/21\/resposta-policia-militar-prende-acusado-de-homicidios-e-troca-de-tiros-no-litoral-sul\/\"]}]},{\"@type\":\"BreadcrumbList\",\"@id\":\"https:\/\/www.pm.pb.gov.br\/portal\/2024\/02\/21\/resposta-policia-militar-prende-acusado-de-homicidios-e-troca-de-tiros-no-litoral-sul\/#breadcrumb\",\"itemListElement\":[{\"@type\":\"ListItem\",\"position\":1,\"name\":\"In\u00edcio\",\"item\":\"https:\/\/www.pm.pb.gov.br\/portal\/\"},{\"@type\":\"ListItem\",\"position\":2,\"name\":\"RESPOSTA: Pol\u00edcia Militar prende acusado de homic\u00eddios e troca de tiros no litoral sul\"}]},{\"@type\":\"WebSite\",\"@id\":\"https:\/\/www.pm.pb.gov.br\/portal\/#website\",\"url\":\"https:\/\/www.pm.pb.gov.br\/portal\/\",\"name\":\"Pol\u00edcia Militar da Para\u00edba\",\"description\":\"\",\"publisher\":{\"@id\":\"https:\/\/www.pm.pb.gov.br\/portal\/#organization\"},\"potentialAction\":[{\"@type\":\"SearchAction\",\"target\":{\"@type\":\"EntryPoint\",\"urlTemplate\":\"https:\/\/www.pm.pb.gov.br\/portal\/?s={search_term_string}\"},\"query-input\":\"required name=search_term_string\"}],\"inLanguage\":\"pt-BR\"},{\"@type\":\"Organization\",\"@id\":\"https:\/\/www.pm.pb.gov.br\/portal\/#organization\",\"name\":\"Pol\u00edcia Militar da Para\u00edba\",\"url\":\"https:\/\/www.pm.pb.gov.br\/portal\/\",\"logo\":{\"@type\":\"ImageObject\",\"inLanguage\":\"pt-BR\",\"@id\":\"https:\/\/www.pm.pb.gov.br\/portal\/#\/schema\/logo\/image\/\",\"url\":\"https:\/\/www.pm.pb.gov.br\/portal\/wp-content\/uploads\/2025\/03\/cropped-logo-site-mag2-1.png\",\"contentUrl\":\"https:\/\/www.pm.pb.gov.br\/portal\/wp-content\/uploads\/2025\/03\/cropped-logo-site-mag2-1.png\",\"width\":320,\"height\":90,\"caption\":\"Pol\u00edcia Militar da Para\u00edba\"},\"image\":{\"@id\":\"https:\/\/www.pm.pb.gov.br\/portal\/#\/schema\/logo\/image\/\"}},{\"@type\":\"Person\",\"@id\":\"https:\/\/www.pm.pb.gov.br\/portal\/#\/schema\/person\/f84f56dcc78ce4357054da888b8247fd\",\"name\":\"Tarcisio Oliveira\",\"image\":{\"@type\":\"ImageObject\",\"inLanguage\":\"pt-BR\",\"@id\":\"https:\/\/www.pm.pb.gov.br\/portal\/#\/schema\/person\/image\/\",\"url\":\"https:\/\/secure.gravatar.com\/avatar\/72917b630b69d31cd0297507f34bac97?s=96&d=mm&r=g\",\"contentUrl\":\"https:\/\/secure.gravatar.com\/avatar\/72917b630b69d31cd0297507f34bac97?s=96&d=mm&r=g\",\"caption\":\"Tarcisio Oliveira\"},\"url\":\"https:\/\/www.pm.pb.gov.br\/portal\/author\/tarcisio\/\"}]}<\/script>\n<!-- \/ Yoast SEO plugin. -->","yoast_head_json":{"title":"RESPOSTA: Pol\u00edcia Militar prende acusado de homic\u00eddios e troca de tiros no litoral sul - Pol\u00edcia Militar da Para\u00edba","description":"A\u00e7\u00e3o resultou ainda em arma de fogo apreendida e ve\u00edculo recuperado; acusado vinha de Pernambuco para cometer o delito.","robots":{"index":"index","follow":"follow","max-snippet":"max-snippet:-1","max-image-preview":"max-image-preview:large","max-video-preview":"max-video-preview:-1"},"canonical":"https:\/\/www.pm.pb.gov.br\/portal\/2024\/02\/21\/resposta-policia-militar-prende-acusado-de-homicidios-e-troca-de-tiros-no-litoral-sul\/","og_locale":"pt_BR","og_type":"article","og_title":"RESPOSTA: Pol\u00edcia Militar prende acusado de homic\u00eddios e troca de tiros no litoral sul - Pol\u00edcia Militar da Para\u00edba","og_description":"A\u00e7\u00e3o resultou ainda em arma de fogo apreendida e ve\u00edculo recuperado; acusado vinha de Pernambuco para cometer o delito.","og_url":"https:\/\/www.pm.pb.gov.br\/portal\/2024\/02\/21\/resposta-policia-militar-prende-acusado-de-homicidios-e-troca-de-tiros-no-litoral-sul\/","og_site_name":"Pol\u00edcia Militar da Para\u00edba","article_published_time":"2024-02-21T12:41:00+00:00","article_modified_time":"2024-02-21T19:45:31+00:00","og_image":[{"width":800,"height":445,"url":"http:\/\/www.pm.pb.gov.br\/portal\/wp-content\/uploads\/2021\/10\/1cipm.jpeg","type":"image\/jpeg"}],"author":"Tarcisio Oliveira","twitter_card":"summary_large_image","twitter_misc":{"Escrito por":"Tarcisio Oliveira","Est. tempo de leitura":"2 minutos"},"schema":{"@context":"https:\/\/schema.org","@graph":[{"@type":"Article","@id":"https:\/\/www.pm.pb.gov.br\/portal\/2024\/02\/21\/resposta-policia-militar-prende-acusado-de-homicidios-e-troca-de-tiros-no-litoral-sul\/#article","isPartOf":{"@id":"https:\/\/www.pm.pb.gov.br\/portal\/2024\/02\/21\/resposta-policia-militar-prende-acusado-de-homicidios-e-troca-de-tiros-no-litoral-sul\/"},"author":{"name":"Tarcisio Oliveira","@id":"https:\/\/www.pm.pb.gov.br\/portal\/#\/schema\/person\/f84f56dcc78ce4357054da888b8247fd"},"headline":"RESPOSTA: Pol\u00edcia Militar prende acusado de homic\u00eddios e troca de tiros no litoral sul","datePublished":"2024-02-21T12:41:00+00:00","dateModified":"2024-02-21T19:45:31+00:00","mainEntityOfPage":{"@id":"https:\/\/www.pm.pb.gov.br\/portal\/2024\/02\/21\/resposta-policia-militar-prende-acusado-de-homicidios-e-troca-de-tiros-no-litoral-sul\/"},"wordCount":247,"publisher":{"@id":"https:\/\/www.pm.pb.gov.br\/portal\/#organization"},"articleSection":["A\u00e7\u00f5es Policiais"],"inLanguage":"pt-BR"},{"@type":"WebPage","@id":"https:\/\/www.pm.pb.gov.br\/portal\/2024\/02\/21\/resposta-policia-militar-prende-acusado-de-homicidios-e-troca-de-tiros-no-litoral-sul\/","url":"https:\/\/www.pm.pb.gov.br\/portal\/2024\/02\/21\/resposta-policia-militar-prende-acusado-de-homicidios-e-troca-de-tiros-no-litoral-sul\/","name":"RESPOSTA: Pol\u00edcia Militar prende acusado de homic\u00eddios e troca de tiros no litoral sul - Pol\u00edcia Militar da Para\u00edba","isPartOf":{"@id":"https:\/\/www.pm.pb.gov.br\/portal\/#website"},"datePublished":"2024-02-21T12:41:00+00:00","dateModified":"2024-02-21T19:45:31+00:00","description":"A\u00e7\u00e3o resultou ainda em arma de fogo apreendida e ve\u00edculo recuperado; acusado vinha de Pernambuco para cometer o delito.","breadcrumb":{"@id":"https:\/\/www.pm.pb.gov.br\/portal\/2024\/02\/21\/resposta-policia-militar-prende-acusado-de-homicidios-e-troca-de-tiros-no-litoral-sul\/#breadcrumb"},"inLanguage":"pt-BR","potentialAction":[{"@type":"ReadAction","target":["https:\/\/www.pm.pb.gov.br\/portal\/2024\/02\/21\/resposta-policia-militar-prende-acusado-de-homicidios-e-troca-de-tiros-no-litoral-sul\/"]}]},{"@type":"BreadcrumbList","@id":"https:\/\/www.pm.pb.gov.br\/portal\/2024\/02\/21\/resposta-policia-militar-prende-acusado-de-homicidios-e-troca-de-tiros-no-litoral-sul\/#breadcrumb","itemListElement":[{"@type":"ListItem","position":1,"name":"In\u00edcio","item":"https:\/\/www.pm.pb.gov.br\/portal\/"},{"@type":"ListItem","position":2,"name":"RESPOSTA: Pol\u00edcia Militar prende acusado de homic\u00eddios e troca de tiros no litoral sul"}]},{"@type":"WebSite","@id":"https:\/\/www.pm.pb.gov.br\/portal\/#website","url":"https:\/\/www.pm.pb.gov.br\/portal\/","name":"Pol\u00edcia Militar da Para\u00edba","description":"","publisher":{"@id":"https:\/\/www.pm.pb.gov.br\/portal\/#organization"},"potentialAction":[{"@type":"SearchAction","target":{"@type":"EntryPoint","urlTemplate":"https:\/\/www.pm.pb.gov.br\/portal\/?s={search_term_string}"},"query-input":"required name=search_term_string"}],"inLanguage":"pt-BR"},{"@type":"Organization","@id":"https:\/\/www.pm.pb.gov.br\/portal\/#organization","name":"Pol\u00edcia Militar da Para\u00edba","url":"https:\/\/www.pm.pb.gov.br\/portal\/","logo":{"@type":"ImageObject","inLanguage":"pt-BR","@id":"https:\/\/www.pm.pb.gov.br\/portal\/#\/schema\/logo\/image\/","url":"https:\/\/www.pm.pb.gov.br\/portal\/wp-content\/uploads\/2025\/03\/cropped-logo-site-mag2-1.png","contentUrl":"https:\/\/www.pm.pb.gov.br\/portal\/wp-content\/uploads\/2025\/03\/cropped-logo-site-mag2-1.png","width":320,"height":90,"caption":"Pol\u00edcia Militar da Para\u00edba"},"image":{"@id":"https:\/\/www.pm.pb.gov.br\/portal\/#\/schema\/logo\/image\/"}},{"@type":"Person","@id":"https:\/\/www.pm.pb.gov.br\/portal\/#\/schema\/person\/f84f56dcc78ce4357054da888b8247fd","name":"Tarcisio Oliveira","image":{"@type":"ImageObject","inLanguage":"pt-BR","@id":"https:\/\/www.pm.pb.gov.br\/portal\/#\/schema\/person\/image\/","url":"https:\/\/secure.gravatar.com\/avatar\/72917b630b69d31cd0297507f34bac97?s=96&d=mm&r=g","contentUrl":"https:\/\/secure.gravatar.com\/avatar\/72917b630b69d31cd0297507f34bac97?s=96&d=mm&r=g","caption":"Tarcisio Oliveira"},"url":"https:\/\/www.pm.pb.gov.br\/portal\/author\/tarcisio\/"}]}},"_links":{"self":[{"href":"https:\/\/www.pm.pb.gov.br\/portal\/wp-json\/wp\/v2\/posts\/921209"}],"collection":[{"href":"https:\/\/www.pm.pb.gov.br\/portal\/wp-json\/wp\/v2\/posts"}],"about":[{"href":"https:\/\/www.pm.pb.gov.br\/portal\/wp-json\/wp\/v2\/types\/post"}],"author":[{"embeddable":true,"href":"https:\/\/www.pm.pb.gov.br\/portal\/wp-json\/wp\/v2\/users\/12"}],"replies":[{"embeddable":true,"href":"https:\/\/www.pm.pb.gov.br\/portal\/wp-json\/wp\/v2\/comments?post=921209"}],"version-history":[{"count":1,"href":"https:\/\/www.pm.pb.gov.br\/portal\/wp-json\/wp\/v2\/posts\/921209\/revisions"}],"predecessor-version":[{"id":921212,"href":"https:\/\/www.pm.pb.gov.br\/portal\/wp-json\/wp\/v2\/posts\/921209\/revisions\/921212"}],"wp:featuredmedia":[{"embeddable":true,"href":"https:\/\/www.pm.pb.gov.br\/portal\/wp-json\/wp\/v2\/media\/912944"}],"wp:attachment":[{"href":"https:\/\/www.pm.pb.gov.br\/portal\/wp-json\/wp\/v2\/media?parent=921209"}],"wp:term":[{"taxonomy":"category","embeddable":true,"href":"https:\/\/www.pm.pb.gov.br\/portal\/wp-json\/wp\/v2\/categories?post=921209"},{"taxonomy":"post_tag","embeddable":true,"href":"https:\/\/www.pm.pb.gov.br\/portal\/wp-json\/wp\/v2\/tags?post=921209"}],"curies":[{"name":"wp","href":"https:\/\/api.w.org\/{rel}","templated":true}]}}