{"id":921186,"date":"2024-02-22T11:05:51","date_gmt":"2024-02-22T14:05:51","guid":{"rendered":"https:\/\/www.pm.pb.gov.br\/portal\/?p=921186"},"modified":"2024-02-22T17:50:46","modified_gmt":"2024-02-22T20:50:46","slug":"solenidade-celebra-5-anos-do-11o-bpm-e-inaugura-base-da-forca-tatica-da-unidade","status":"publish","type":"post","link":"https:\/\/www.pm.pb.gov.br\/portal\/2024\/02\/22\/solenidade-celebra-5-anos-do-11o-bpm-e-inaugura-base-da-forca-tatica-da-unidade\/","title":{"rendered":"Solenidade celebra 5 anos do 11\u00ba BPM e inaugura base da For\u00e7a T\u00e1tica da unidade"},"content":{"rendered":"\n<p>Os 5 anos do 11\u00ba Batalh\u00e3o foram comemorados nessa quarta-feira (21), na cidade de Monteiro, durante solenidade de inaugura\u00e7\u00e3o da base da For\u00e7a T\u00e1tica da unidade. No evento, foi feita uma homenagem em mem\u00f3ria ao sargento Ylton Sales, com participa\u00e7\u00e3o de familiares do militar.<br><br>A solenidade contou com autoridades da Pol\u00edcia Militar e autoridades civis locais, que participaram das entregues de medalhas, certificados e presenciaram os elogios feitos publicamente.<br><br>O evento reuniu familiares dos militares e foi um momento de confraterniza\u00e7\u00e3o daqueles que diariamente trabalham pela seguran\u00e7a da popula\u00e7\u00e3o do cariri da Para\u00edba. <\/p>\n\n\n\n<p><img loading=\"lazy\" decoding=\"async\" width=\"1229\" height=\"1066\" class=\"wp-image-921219\" style=\"width: 800px;\" src=\"http:\/\/www.pm.pb.gov.br\/portal\/wp-content\/uploads\/2024\/02\/WhatsApp-Image-2024-02-21-at-9.52.25-PM.jpeg\" alt=\"\" srcset=\"https:\/\/www.pm.pb.gov.br\/portal\/wp-content\/uploads\/2024\/02\/WhatsApp-Image-2024-02-21-at-9.52.25-PM.jpeg 1229w, https:\/\/www.pm.pb.gov.br\/portal\/wp-content\/uploads\/2024\/02\/WhatsApp-Image-2024-02-21-at-9.52.25-PM-513x445.jpeg 513w, https:\/\/www.pm.pb.gov.br\/portal\/wp-content\/uploads\/2024\/02\/WhatsApp-Image-2024-02-21-at-9.52.25-PM-657x570.jpeg 657w, https:\/\/www.pm.pb.gov.br\/portal\/wp-content\/uploads\/2024\/02\/WhatsApp-Image-2024-02-21-at-9.52.25-PM-768x666.jpeg 768w\" sizes=\"(max-width: 1229px) 100vw, 1229px\" \/><\/p>\n\n\n\n<p><img loading=\"lazy\" decoding=\"async\" width=\"1600\" height=\"1066\" class=\"wp-image-921220\" style=\"width: 800px;\" src=\"http:\/\/www.pm.pb.gov.br\/portal\/wp-content\/uploads\/2024\/02\/WhatsApp-Image-2024-02-21-at-9.52.27-PM-1.jpeg\" alt=\"\" srcset=\"https:\/\/www.pm.pb.gov.br\/portal\/wp-content\/uploads\/2024\/02\/WhatsApp-Image-2024-02-21-at-9.52.27-PM-1.jpeg 1600w, https:\/\/www.pm.pb.gov.br\/portal\/wp-content\/uploads\/2024\/02\/WhatsApp-Image-2024-02-21-at-9.52.27-PM-1-668x445.jpeg 668w, https:\/\/www.pm.pb.gov.br\/portal\/wp-content\/uploads\/2024\/02\/WhatsApp-Image-2024-02-21-at-9.52.27-PM-1-856x570.jpeg 856w, https:\/\/www.pm.pb.gov.br\/portal\/wp-content\/uploads\/2024\/02\/WhatsApp-Image-2024-02-21-at-9.52.27-PM-1-768x512.jpeg 768w, https:\/\/www.pm.pb.gov.br\/portal\/wp-content\/uploads\/2024\/02\/WhatsApp-Image-2024-02-21-at-9.52.27-PM-1-1536x1023.jpeg 1536w, https:\/\/www.pm.pb.gov.br\/portal\/wp-content\/uploads\/2024\/02\/WhatsApp-Image-2024-02-21-at-9.52.27-PM-1-272x182.jpeg 272w\" sizes=\"(max-width: 1600px) 100vw, 1600px\" \/><\/p>\n\n\n\n<p><img loading=\"lazy\" decoding=\"async\" width=\"1600\" height=\"1066\" class=\"wp-image-921221\" style=\"width: 800px;\" src=\"http:\/\/www.pm.pb.gov.br\/portal\/wp-content\/uploads\/2024\/02\/WhatsApp-Image-2024-02-21-at-9.52.26-PM.jpeg\" alt=\"\" srcset=\"https:\/\/www.pm.pb.gov.br\/portal\/wp-content\/uploads\/2024\/02\/WhatsApp-Image-2024-02-21-at-9.52.26-PM.jpeg 1600w, https:\/\/www.pm.pb.gov.br\/portal\/wp-content\/uploads\/2024\/02\/WhatsApp-Image-2024-02-21-at-9.52.26-PM-668x445.jpeg 668w, https:\/\/www.pm.pb.gov.br\/portal\/wp-content\/uploads\/2024\/02\/WhatsApp-Image-2024-02-21-at-9.52.26-PM-856x570.jpeg 856w, https:\/\/www.pm.pb.gov.br\/portal\/wp-content\/uploads\/2024\/02\/WhatsApp-Image-2024-02-21-at-9.52.26-PM-768x512.jpeg 768w, https:\/\/www.pm.pb.gov.br\/portal\/wp-content\/uploads\/2024\/02\/WhatsApp-Image-2024-02-21-at-9.52.26-PM-1536x1023.jpeg 1536w, https:\/\/www.pm.pb.gov.br\/portal\/wp-content\/uploads\/2024\/02\/WhatsApp-Image-2024-02-21-at-9.52.26-PM-272x182.jpeg 272w\" sizes=\"(max-width: 1600px) 100vw, 1600px\" \/><\/p>\n\n\n\n<p><img loading=\"lazy\" decoding=\"async\" width=\"1600\" height=\"1066\" class=\"wp-image-921222\" style=\"width: 800px;\" src=\"http:\/\/www.pm.pb.gov.br\/portal\/wp-content\/uploads\/2024\/02\/WhatsApp-Image-2024-02-21-at-9.52.29-PM.jpeg\" alt=\"\" srcset=\"https:\/\/www.pm.pb.gov.br\/portal\/wp-content\/uploads\/2024\/02\/WhatsApp-Image-2024-02-21-at-9.52.29-PM.jpeg 1600w, https:\/\/www.pm.pb.gov.br\/portal\/wp-content\/uploads\/2024\/02\/WhatsApp-Image-2024-02-21-at-9.52.29-PM-668x445.jpeg 668w, https:\/\/www.pm.pb.gov.br\/portal\/wp-content\/uploads\/2024\/02\/WhatsApp-Image-2024-02-21-at-9.52.29-PM-856x570.jpeg 856w, https:\/\/www.pm.pb.gov.br\/portal\/wp-content\/uploads\/2024\/02\/WhatsApp-Image-2024-02-21-at-9.52.29-PM-768x512.jpeg 768w, https:\/\/www.pm.pb.gov.br\/portal\/wp-content\/uploads\/2024\/02\/WhatsApp-Image-2024-02-21-at-9.52.29-PM-1536x1023.jpeg 1536w, https:\/\/www.pm.pb.gov.br\/portal\/wp-content\/uploads\/2024\/02\/WhatsApp-Image-2024-02-21-at-9.52.29-PM-272x182.jpeg 272w\" sizes=\"(max-width: 1600px) 100vw, 1600px\" \/><br><br><\/p>\n","protected":false},"excerpt":{"rendered":"<p>Os 5 anos do 11\u00ba Batalh\u00e3o foram comemorados nessa quarta-feira (21), na cidade de Monteiro, durante solenidade de inaugura\u00e7\u00e3o da<\/p>\n","protected":false},"author":5,"featured_media":921218,"comment_status":"closed","ping_status":"closed","sticky":false,"template":"","format":"standard","meta":{"_exactmetrics_skip_tracking":false,"_exactmetrics_sitenote_active":false,"_exactmetrics_sitenote_note":"","_exactmetrics_sitenote_category":0,"footnotes":""},"categories":[9],"tags":[],"yoast_head":"<!-- This site is optimized with the Yoast SEO plugin v22.0 - https:\/\/yoast.com\/wordpress\/plugins\/seo\/ -->\n<title>Solenidade celebra 5 anos do 11\u00ba BPM e inaugura base da For\u00e7a T\u00e1tica da unidade - Pol\u00edcia Militar da Para\u00edba<\/title>\n<meta name=\"robots\" content=\"index, follow, max-snippet:-1, max-image-preview:large, max-video-preview:-1\" \/>\n<link rel=\"canonical\" href=\"https:\/\/www.pm.pb.gov.br\/portal\/2024\/02\/22\/solenidade-celebra-5-anos-do-11o-bpm-e-inaugura-base-da-forca-tatica-da-unidade\/\" \/>\n<meta property=\"og:locale\" content=\"pt_BR\" \/>\n<meta property=\"og:type\" content=\"article\" \/>\n<meta property=\"og:title\" content=\"Solenidade celebra 5 anos do 11\u00ba BPM e inaugura base da For\u00e7a T\u00e1tica da unidade - Pol\u00edcia Militar da Para\u00edba\" \/>\n<meta property=\"og:description\" content=\"Os 5 anos do 11\u00ba Batalh\u00e3o foram comemorados nessa quarta-feira (21), na cidade de Monteiro, durante solenidade de inaugura\u00e7\u00e3o da\" \/>\n<meta property=\"og:url\" content=\"https:\/\/www.pm.pb.gov.br\/portal\/2024\/02\/22\/solenidade-celebra-5-anos-do-11o-bpm-e-inaugura-base-da-forca-tatica-da-unidade\/\" \/>\n<meta property=\"og:site_name\" content=\"Pol\u00edcia Militar da Para\u00edba\" \/>\n<meta property=\"article:published_time\" content=\"2024-02-22T14:05:51+00:00\" \/>\n<meta property=\"article:modified_time\" content=\"2024-02-22T20:50:46+00:00\" \/>\n<meta property=\"og:image\" content=\"http:\/\/www.pm.pb.gov.br\/portal\/wp-content\/uploads\/2024\/02\/WhatsApp-Image-2024-02-21-at-9.52.27-PM.jpeg\" \/>\n\t<meta property=\"og:image:width\" content=\"1600\" \/>\n\t<meta property=\"og:image:height\" content=\"1066\" \/>\n\t<meta property=\"og:image:type\" content=\"image\/jpeg\" \/>\n<meta name=\"author\" content=\"Assessoria de Imprensa da PMPB\" \/>\n<meta name=\"twitter:card\" content=\"summary_large_image\" \/>\n<meta name=\"twitter:label1\" content=\"Escrito por\" \/>\n\t<meta name=\"twitter:data1\" content=\"Assessoria de Imprensa da PMPB\" \/>\n\t<meta name=\"twitter:label2\" content=\"Est. tempo de leitura\" \/>\n\t<meta name=\"twitter:data2\" content=\"2 minutos\" \/>\n<script type=\"application\/ld+json\" class=\"yoast-schema-graph\">{\"@context\":\"https:\/\/schema.org\",\"@graph\":[{\"@type\":\"Article\",\"@id\":\"https:\/\/www.pm.pb.gov.br\/portal\/2024\/02\/22\/solenidade-celebra-5-anos-do-11o-bpm-e-inaugura-base-da-forca-tatica-da-unidade\/#article\",\"isPartOf\":{\"@id\":\"https:\/\/www.pm.pb.gov.br\/portal\/2024\/02\/22\/solenidade-celebra-5-anos-do-11o-bpm-e-inaugura-base-da-forca-tatica-da-unidade\/\"},\"author\":{\"name\":\"Assessoria de Imprensa da PMPB\",\"@id\":\"https:\/\/www.pm.pb.gov.br\/portal\/#\/schema\/person\/e8454f46651c3ecf0e1ba3c1666d9947\"},\"headline\":\"Solenidade celebra 5 anos do 11\u00ba BPM e inaugura base da For\u00e7a T\u00e1tica da unidade\",\"datePublished\":\"2024-02-22T14:05:51+00:00\",\"dateModified\":\"2024-02-22T20:50:46+00:00\",\"mainEntityOfPage\":{\"@id\":\"https:\/\/www.pm.pb.gov.br\/portal\/2024\/02\/22\/solenidade-celebra-5-anos-do-11o-bpm-e-inaugura-base-da-forca-tatica-da-unidade\/\"},\"wordCount\":116,\"publisher\":{\"@id\":\"https:\/\/www.pm.pb.gov.br\/portal\/#organization\"},\"articleSection\":[\"Eventos\"],\"inLanguage\":\"pt-BR\"},{\"@type\":\"WebPage\",\"@id\":\"https:\/\/www.pm.pb.gov.br\/portal\/2024\/02\/22\/solenidade-celebra-5-anos-do-11o-bpm-e-inaugura-base-da-forca-tatica-da-unidade\/\",\"url\":\"https:\/\/www.pm.pb.gov.br\/portal\/2024\/02\/22\/solenidade-celebra-5-anos-do-11o-bpm-e-inaugura-base-da-forca-tatica-da-unidade\/\",\"name\":\"Solenidade celebra 5 anos do 11\u00ba BPM e inaugura base da For\u00e7a T\u00e1tica da unidade - Pol\u00edcia Militar da Para\u00edba\",\"isPartOf\":{\"@id\":\"https:\/\/www.pm.pb.gov.br\/portal\/#website\"},\"datePublished\":\"2024-02-22T14:05:51+00:00\",\"dateModified\":\"2024-02-22T20:50:46+00:00\",\"breadcrumb\":{\"@id\":\"https:\/\/www.pm.pb.gov.br\/portal\/2024\/02\/22\/solenidade-celebra-5-anos-do-11o-bpm-e-inaugura-base-da-forca-tatica-da-unidade\/#breadcrumb\"},\"inLanguage\":\"pt-BR\",\"potentialAction\":[{\"@type\":\"ReadAction\",\"target\":[\"https:\/\/www.pm.pb.gov.br\/portal\/2024\/02\/22\/solenidade-celebra-5-anos-do-11o-bpm-e-inaugura-base-da-forca-tatica-da-unidade\/\"]}]},{\"@type\":\"BreadcrumbList\",\"@id\":\"https:\/\/www.pm.pb.gov.br\/portal\/2024\/02\/22\/solenidade-celebra-5-anos-do-11o-bpm-e-inaugura-base-da-forca-tatica-da-unidade\/#breadcrumb\",\"itemListElement\":[{\"@type\":\"ListItem\",\"position\":1,\"name\":\"In\u00edcio\",\"item\":\"https:\/\/www.pm.pb.gov.br\/portal\/\"},{\"@type\":\"ListItem\",\"position\":2,\"name\":\"Solenidade celebra 5 anos do 11\u00ba BPM e inaugura base da For\u00e7a T\u00e1tica da unidade\"}]},{\"@type\":\"WebSite\",\"@id\":\"https:\/\/www.pm.pb.gov.br\/portal\/#website\",\"url\":\"https:\/\/www.pm.pb.gov.br\/portal\/\",\"name\":\"Pol\u00edcia Militar da Para\u00edba\",\"description\":\"\",\"publisher\":{\"@id\":\"https:\/\/www.pm.pb.gov.br\/portal\/#organization\"},\"potentialAction\":[{\"@type\":\"SearchAction\",\"target\":{\"@type\":\"EntryPoint\",\"urlTemplate\":\"https:\/\/www.pm.pb.gov.br\/portal\/?s={search_term_string}\"},\"query-input\":\"required name=search_term_string\"}],\"inLanguage\":\"pt-BR\"},{\"@type\":\"Organization\",\"@id\":\"https:\/\/www.pm.pb.gov.br\/portal\/#organization\",\"name\":\"Pol\u00edcia Militar da Para\u00edba\",\"url\":\"https:\/\/www.pm.pb.gov.br\/portal\/\",\"logo\":{\"@type\":\"ImageObject\",\"inLanguage\":\"pt-BR\",\"@id\":\"https:\/\/www.pm.pb.gov.br\/portal\/#\/schema\/logo\/image\/\",\"url\":\"https:\/\/www.pm.pb.gov.br\/portal\/wp-content\/uploads\/2025\/03\/cropped-logo-site-mag2-1.png\",\"contentUrl\":\"https:\/\/www.pm.pb.gov.br\/portal\/wp-content\/uploads\/2025\/03\/cropped-logo-site-mag2-1.png\",\"width\":320,\"height\":90,\"caption\":\"Pol\u00edcia Militar da Para\u00edba\"},\"image\":{\"@id\":\"https:\/\/www.pm.pb.gov.br\/portal\/#\/schema\/logo\/image\/\"}},{\"@type\":\"Person\",\"@id\":\"https:\/\/www.pm.pb.gov.br\/portal\/#\/schema\/person\/e8454f46651c3ecf0e1ba3c1666d9947\",\"name\":\"Assessoria de Imprensa da PMPB\",\"image\":{\"@type\":\"ImageObject\",\"inLanguage\":\"pt-BR\",\"@id\":\"https:\/\/www.pm.pb.gov.br\/portal\/#\/schema\/person\/image\/\",\"url\":\"https:\/\/secure.gravatar.com\/avatar\/2efe197438265d1e90bd98c4c8e1acf8?s=96&d=mm&r=g\",\"contentUrl\":\"https:\/\/secure.gravatar.com\/avatar\/2efe197438265d1e90bd98c4c8e1acf8?s=96&d=mm&r=g\",\"caption\":\"Assessoria de Imprensa da PMPB\"},\"url\":\"https:\/\/www.pm.pb.gov.br\/portal\/author\/assessoria\/\"}]}<\/script>\n<!-- \/ Yoast SEO plugin. -->","yoast_head_json":{"title":"Solenidade celebra 5 anos do 11\u00ba BPM e inaugura base da For\u00e7a T\u00e1tica da unidade - Pol\u00edcia Militar da Para\u00edba","robots":{"index":"index","follow":"follow","max-snippet":"max-snippet:-1","max-image-preview":"max-image-preview:large","max-video-preview":"max-video-preview:-1"},"canonical":"https:\/\/www.pm.pb.gov.br\/portal\/2024\/02\/22\/solenidade-celebra-5-anos-do-11o-bpm-e-inaugura-base-da-forca-tatica-da-unidade\/","og_locale":"pt_BR","og_type":"article","og_title":"Solenidade celebra 5 anos do 11\u00ba BPM e inaugura base da For\u00e7a T\u00e1tica da unidade - Pol\u00edcia Militar da Para\u00edba","og_description":"Os 5 anos do 11\u00ba Batalh\u00e3o foram comemorados nessa quarta-feira (21), na cidade de Monteiro, durante solenidade de inaugura\u00e7\u00e3o da","og_url":"https:\/\/www.pm.pb.gov.br\/portal\/2024\/02\/22\/solenidade-celebra-5-anos-do-11o-bpm-e-inaugura-base-da-forca-tatica-da-unidade\/","og_site_name":"Pol\u00edcia Militar da Para\u00edba","article_published_time":"2024-02-22T14:05:51+00:00","article_modified_time":"2024-02-22T20:50:46+00:00","og_image":[{"width":1600,"height":1066,"url":"http:\/\/www.pm.pb.gov.br\/portal\/wp-content\/uploads\/2024\/02\/WhatsApp-Image-2024-02-21-at-9.52.27-PM.jpeg","type":"image\/jpeg"}],"author":"Assessoria de Imprensa da PMPB","twitter_card":"summary_large_image","twitter_misc":{"Escrito por":"Assessoria de Imprensa da PMPB","Est. tempo de leitura":"2 minutos"},"schema":{"@context":"https:\/\/schema.org","@graph":[{"@type":"Article","@id":"https:\/\/www.pm.pb.gov.br\/portal\/2024\/02\/22\/solenidade-celebra-5-anos-do-11o-bpm-e-inaugura-base-da-forca-tatica-da-unidade\/#article","isPartOf":{"@id":"https:\/\/www.pm.pb.gov.br\/portal\/2024\/02\/22\/solenidade-celebra-5-anos-do-11o-bpm-e-inaugura-base-da-forca-tatica-da-unidade\/"},"author":{"name":"Assessoria de Imprensa da PMPB","@id":"https:\/\/www.pm.pb.gov.br\/portal\/#\/schema\/person\/e8454f46651c3ecf0e1ba3c1666d9947"},"headline":"Solenidade celebra 5 anos do 11\u00ba BPM e inaugura base da For\u00e7a T\u00e1tica da unidade","datePublished":"2024-02-22T14:05:51+00:00","dateModified":"2024-02-22T20:50:46+00:00","mainEntityOfPage":{"@id":"https:\/\/www.pm.pb.gov.br\/portal\/2024\/02\/22\/solenidade-celebra-5-anos-do-11o-bpm-e-inaugura-base-da-forca-tatica-da-unidade\/"},"wordCount":116,"publisher":{"@id":"https:\/\/www.pm.pb.gov.br\/portal\/#organization"},"articleSection":["Eventos"],"inLanguage":"pt-BR"},{"@type":"WebPage","@id":"https:\/\/www.pm.pb.gov.br\/portal\/2024\/02\/22\/solenidade-celebra-5-anos-do-11o-bpm-e-inaugura-base-da-forca-tatica-da-unidade\/","url":"https:\/\/www.pm.pb.gov.br\/portal\/2024\/02\/22\/solenidade-celebra-5-anos-do-11o-bpm-e-inaugura-base-da-forca-tatica-da-unidade\/","name":"Solenidade celebra 5 anos do 11\u00ba BPM e inaugura base da For\u00e7a T\u00e1tica da unidade - Pol\u00edcia Militar da Para\u00edba","isPartOf":{"@id":"https:\/\/www.pm.pb.gov.br\/portal\/#website"},"datePublished":"2024-02-22T14:05:51+00:00","dateModified":"2024-02-22T20:50:46+00:00","breadcrumb":{"@id":"https:\/\/www.pm.pb.gov.br\/portal\/2024\/02\/22\/solenidade-celebra-5-anos-do-11o-bpm-e-inaugura-base-da-forca-tatica-da-unidade\/#breadcrumb"},"inLanguage":"pt-BR","potentialAction":[{"@type":"ReadAction","target":["https:\/\/www.pm.pb.gov.br\/portal\/2024\/02\/22\/solenidade-celebra-5-anos-do-11o-bpm-e-inaugura-base-da-forca-tatica-da-unidade\/"]}]},{"@type":"BreadcrumbList","@id":"https:\/\/www.pm.pb.gov.br\/portal\/2024\/02\/22\/solenidade-celebra-5-anos-do-11o-bpm-e-inaugura-base-da-forca-tatica-da-unidade\/#breadcrumb","itemListElement":[{"@type":"ListItem","position":1,"name":"In\u00edcio","item":"https:\/\/www.pm.pb.gov.br\/portal\/"},{"@type":"ListItem","position":2,"name":"Solenidade celebra 5 anos do 11\u00ba BPM e inaugura base da For\u00e7a T\u00e1tica da unidade"}]},{"@type":"WebSite","@id":"https:\/\/www.pm.pb.gov.br\/portal\/#website","url":"https:\/\/www.pm.pb.gov.br\/portal\/","name":"Pol\u00edcia Militar da Para\u00edba","description":"","publisher":{"@id":"https:\/\/www.pm.pb.gov.br\/portal\/#organization"},"potentialAction":[{"@type":"SearchAction","target":{"@type":"EntryPoint","urlTemplate":"https:\/\/www.pm.pb.gov.br\/portal\/?s={search_term_string}"},"query-input":"required name=search_term_string"}],"inLanguage":"pt-BR"},{"@type":"Organization","@id":"https:\/\/www.pm.pb.gov.br\/portal\/#organization","name":"Pol\u00edcia Militar da Para\u00edba","url":"https:\/\/www.pm.pb.gov.br\/portal\/","logo":{"@type":"ImageObject","inLanguage":"pt-BR","@id":"https:\/\/www.pm.pb.gov.br\/portal\/#\/schema\/logo\/image\/","url":"https:\/\/www.pm.pb.gov.br\/portal\/wp-content\/uploads\/2025\/03\/cropped-logo-site-mag2-1.png","contentUrl":"https:\/\/www.pm.pb.gov.br\/portal\/wp-content\/uploads\/2025\/03\/cropped-logo-site-mag2-1.png","width":320,"height":90,"caption":"Pol\u00edcia Militar da Para\u00edba"},"image":{"@id":"https:\/\/www.pm.pb.gov.br\/portal\/#\/schema\/logo\/image\/"}},{"@type":"Person","@id":"https:\/\/www.pm.pb.gov.br\/portal\/#\/schema\/person\/e8454f46651c3ecf0e1ba3c1666d9947","name":"Assessoria de Imprensa da PMPB","image":{"@type":"ImageObject","inLanguage":"pt-BR","@id":"https:\/\/www.pm.pb.gov.br\/portal\/#\/schema\/person\/image\/","url":"https:\/\/secure.gravatar.com\/avatar\/2efe197438265d1e90bd98c4c8e1acf8?s=96&d=mm&r=g","contentUrl":"https:\/\/secure.gravatar.com\/avatar\/2efe197438265d1e90bd98c4c8e1acf8?s=96&d=mm&r=g","caption":"Assessoria de Imprensa da PMPB"},"url":"https:\/\/www.pm.pb.gov.br\/portal\/author\/assessoria\/"}]}},"_links":{"self":[{"href":"https:\/\/www.pm.pb.gov.br\/portal\/wp-json\/wp\/v2\/posts\/921186"}],"collection":[{"href":"https:\/\/www.pm.pb.gov.br\/portal\/wp-json\/wp\/v2\/posts"}],"about":[{"href":"https:\/\/www.pm.pb.gov.br\/portal\/wp-json\/wp\/v2\/types\/post"}],"author":[{"embeddable":true,"href":"https:\/\/www.pm.pb.gov.br\/portal\/wp-json\/wp\/v2\/users\/5"}],"replies":[{"embeddable":true,"href":"https:\/\/www.pm.pb.gov.br\/portal\/wp-json\/wp\/v2\/comments?post=921186"}],"version-history":[{"count":2,"href":"https:\/\/www.pm.pb.gov.br\/portal\/wp-json\/wp\/v2\/posts\/921186\/revisions"}],"predecessor-version":[{"id":921223,"href":"https:\/\/www.pm.pb.gov.br\/portal\/wp-json\/wp\/v2\/posts\/921186\/revisions\/921223"}],"wp:featuredmedia":[{"embeddable":true,"href":"https:\/\/www.pm.pb.gov.br\/portal\/wp-json\/wp\/v2\/media\/921218"}],"wp:attachment":[{"href":"https:\/\/www.pm.pb.gov.br\/portal\/wp-json\/wp\/v2\/media?parent=921186"}],"wp:term":[{"taxonomy":"category","embeddable":true,"href":"https:\/\/www.pm.pb.gov.br\/portal\/wp-json\/wp\/v2\/categories?post=921186"},{"taxonomy":"post_tag","embeddable":true,"href":"https:\/\/www.pm.pb.gov.br\/portal\/wp-json\/wp\/v2\/tags?post=921186"}],"curies":[{"name":"wp","href":"https:\/\/api.w.org\/{rel}","templated":true}]}}