{"id":921172,"date":"2024-02-18T13:16:09","date_gmt":"2024-02-18T16:16:09","guid":{"rendered":"https:\/\/www.pm.pb.gov.br\/portal\/?p=921172"},"modified":"2024-02-18T13:16:12","modified_gmt":"2024-02-18T16:16:12","slug":"policia-militar-prende-suspeitos-por-trafico-de-entorpecentes-e-porte-ilegal-de-arma-de-fogo-em-mamanguape","status":"publish","type":"post","link":"https:\/\/www.pm.pb.gov.br\/portal\/2024\/02\/18\/policia-militar-prende-suspeitos-por-trafico-de-entorpecentes-e-porte-ilegal-de-arma-de-fogo-em-mamanguape\/","title":{"rendered":"Pol\u00edcia Militar prende suspeitos por tr\u00e1fico de entorpecentes e porte ilegal de arma de fogo, em Mamanguape"},"content":{"rendered":"\n\n\n<p>A Pol\u00edcia Militar prendeu, na madrugada deste domingo (18), dois suspeitos com drogas e uma arma de fogo, no munic\u00edpio de Mamanguape, litoral norte da Para\u00edba.<\/p>\n<p>A pris\u00e3o aconteceu atrav\u00e9s das equipes da 2\u00aa Companhia Independente, que realizavam rondas preventivas no centro da cidade e averiguaram uma den\u00fancia de um ponto de tr\u00e1fico de drogas, onde integrantes de uma fac\u00e7\u00e3o criminosa, que poderiam ter envolvimento em um homic\u00eddio realizado no dia anterior, estariam reunidos.<\/p>\n<p>No momento em que as guarni\u00e7\u00f5es montaram um cerco no quarteir\u00e3o, um homem avistou os policiais e empreendeu fuga para dentro de um im\u00f3vel, tentando pular o muro do quintal, mas foi alcan\u00e7ado e detido. Com ele foi apreendido um rev\u00f3lver calibre .38 com seis muni\u00e7\u00f5es. Um segundo suspeito encontrado no local tamb\u00e9m foi preso por ter sido localizado em sua posse 82 por\u00e7\u00f5es de maconha, 100 pedrinhas de crack, uma balan\u00e7a de precis\u00e3o e uma jaqueta camuflada.<\/p>\n<p>Os homens, que possuem 18 e 27 anos, foram apresentados na Delegacia de Mamanguape, juntamente com todo o material apreendido.<\/p>\n","protected":false},"excerpt":{"rendered":"<p>A Pol\u00edcia Militar prendeu, na madrugada deste domingo (18), dois suspeitos com drogas e uma arma de fogo, no munic\u00edpio<\/p>\n","protected":false},"author":5,"featured_media":921173,"comment_status":"closed","ping_status":"closed","sticky":false,"template":"","format":"standard","meta":{"_exactmetrics_skip_tracking":false,"_exactmetrics_sitenote_active":false,"_exactmetrics_sitenote_note":"","_exactmetrics_sitenote_category":0,"footnotes":""},"categories":[4],"tags":[],"yoast_head":"<!-- This site is optimized with the Yoast SEO plugin v22.0 - https:\/\/yoast.com\/wordpress\/plugins\/seo\/ -->\n<title>Pol\u00edcia Militar prende suspeitos por tr\u00e1fico de entorpecentes e porte ilegal de arma de fogo, em Mamanguape - Pol\u00edcia Militar da Para\u00edba<\/title>\n<meta name=\"robots\" content=\"index, follow, max-snippet:-1, max-image-preview:large, max-video-preview:-1\" \/>\n<link rel=\"canonical\" href=\"https:\/\/www.pm.pb.gov.br\/portal\/2024\/02\/18\/policia-militar-prende-suspeitos-por-trafico-de-entorpecentes-e-porte-ilegal-de-arma-de-fogo-em-mamanguape\/\" \/>\n<meta property=\"og:locale\" content=\"pt_BR\" \/>\n<meta property=\"og:type\" content=\"article\" \/>\n<meta property=\"og:title\" content=\"Pol\u00edcia Militar prende suspeitos por tr\u00e1fico de entorpecentes e porte ilegal de arma de fogo, em Mamanguape - Pol\u00edcia Militar da Para\u00edba\" \/>\n<meta property=\"og:description\" content=\"A Pol\u00edcia Militar prendeu, na madrugada deste domingo (18), dois suspeitos com drogas e uma arma de fogo, no munic\u00edpio\" \/>\n<meta property=\"og:url\" content=\"https:\/\/www.pm.pb.gov.br\/portal\/2024\/02\/18\/policia-militar-prende-suspeitos-por-trafico-de-entorpecentes-e-porte-ilegal-de-arma-de-fogo-em-mamanguape\/\" \/>\n<meta property=\"og:site_name\" content=\"Pol\u00edcia Militar da Para\u00edba\" \/>\n<meta property=\"article:published_time\" content=\"2024-02-18T16:16:09+00:00\" \/>\n<meta property=\"article:modified_time\" content=\"2024-02-18T16:16:12+00:00\" \/>\n<meta property=\"og:image\" content=\"http:\/\/www.pm.pb.gov.br\/portal\/wp-content\/uploads\/2024\/02\/Arma-e-drogas-em-Mamanguape-Copia.jpeg\" \/>\n\t<meta property=\"og:image:width\" content=\"1600\" \/>\n\t<meta property=\"og:image:height\" content=\"1007\" \/>\n\t<meta property=\"og:image:type\" content=\"image\/jpeg\" \/>\n<meta name=\"author\" content=\"Assessoria de Imprensa da PMPB\" \/>\n<meta name=\"twitter:card\" content=\"summary_large_image\" \/>\n<meta name=\"twitter:label1\" content=\"Escrito por\" \/>\n\t<meta name=\"twitter:data1\" content=\"Assessoria de Imprensa da PMPB\" \/>\n\t<meta name=\"twitter:label2\" content=\"Est. tempo de leitura\" \/>\n\t<meta name=\"twitter:data2\" content=\"2 minutos\" \/>\n<script type=\"application\/ld+json\" class=\"yoast-schema-graph\">{\"@context\":\"https:\/\/schema.org\",\"@graph\":[{\"@type\":\"Article\",\"@id\":\"https:\/\/www.pm.pb.gov.br\/portal\/2024\/02\/18\/policia-militar-prende-suspeitos-por-trafico-de-entorpecentes-e-porte-ilegal-de-arma-de-fogo-em-mamanguape\/#article\",\"isPartOf\":{\"@id\":\"https:\/\/www.pm.pb.gov.br\/portal\/2024\/02\/18\/policia-militar-prende-suspeitos-por-trafico-de-entorpecentes-e-porte-ilegal-de-arma-de-fogo-em-mamanguape\/\"},\"author\":{\"name\":\"Assessoria de Imprensa da PMPB\",\"@id\":\"https:\/\/www.pm.pb.gov.br\/portal\/#\/schema\/person\/e8454f46651c3ecf0e1ba3c1666d9947\"},\"headline\":\"Pol\u00edcia Militar prende suspeitos por tr\u00e1fico de entorpecentes e porte ilegal de arma de fogo, em Mamanguape\",\"datePublished\":\"2024-02-18T16:16:09+00:00\",\"dateModified\":\"2024-02-18T16:16:12+00:00\",\"mainEntityOfPage\":{\"@id\":\"https:\/\/www.pm.pb.gov.br\/portal\/2024\/02\/18\/policia-militar-prende-suspeitos-por-trafico-de-entorpecentes-e-porte-ilegal-de-arma-de-fogo-em-mamanguape\/\"},\"wordCount\":203,\"publisher\":{\"@id\":\"https:\/\/www.pm.pb.gov.br\/portal\/#organization\"},\"articleSection\":[\"A\u00e7\u00f5es Policiais\"],\"inLanguage\":\"pt-BR\"},{\"@type\":\"WebPage\",\"@id\":\"https:\/\/www.pm.pb.gov.br\/portal\/2024\/02\/18\/policia-militar-prende-suspeitos-por-trafico-de-entorpecentes-e-porte-ilegal-de-arma-de-fogo-em-mamanguape\/\",\"url\":\"https:\/\/www.pm.pb.gov.br\/portal\/2024\/02\/18\/policia-militar-prende-suspeitos-por-trafico-de-entorpecentes-e-porte-ilegal-de-arma-de-fogo-em-mamanguape\/\",\"name\":\"Pol\u00edcia Militar prende suspeitos por tr\u00e1fico de entorpecentes e porte ilegal de arma de fogo, em Mamanguape - Pol\u00edcia Militar da Para\u00edba\",\"isPartOf\":{\"@id\":\"https:\/\/www.pm.pb.gov.br\/portal\/#website\"},\"datePublished\":\"2024-02-18T16:16:09+00:00\",\"dateModified\":\"2024-02-18T16:16:12+00:00\",\"breadcrumb\":{\"@id\":\"https:\/\/www.pm.pb.gov.br\/portal\/2024\/02\/18\/policia-militar-prende-suspeitos-por-trafico-de-entorpecentes-e-porte-ilegal-de-arma-de-fogo-em-mamanguape\/#breadcrumb\"},\"inLanguage\":\"pt-BR\",\"potentialAction\":[{\"@type\":\"ReadAction\",\"target\":[\"https:\/\/www.pm.pb.gov.br\/portal\/2024\/02\/18\/policia-militar-prende-suspeitos-por-trafico-de-entorpecentes-e-porte-ilegal-de-arma-de-fogo-em-mamanguape\/\"]}]},{\"@type\":\"BreadcrumbList\",\"@id\":\"https:\/\/www.pm.pb.gov.br\/portal\/2024\/02\/18\/policia-militar-prende-suspeitos-por-trafico-de-entorpecentes-e-porte-ilegal-de-arma-de-fogo-em-mamanguape\/#breadcrumb\",\"itemListElement\":[{\"@type\":\"ListItem\",\"position\":1,\"name\":\"In\u00edcio\",\"item\":\"https:\/\/www.pm.pb.gov.br\/portal\/\"},{\"@type\":\"ListItem\",\"position\":2,\"name\":\"Pol\u00edcia Militar prende suspeitos por tr\u00e1fico de entorpecentes e porte ilegal de arma de fogo, em Mamanguape\"}]},{\"@type\":\"WebSite\",\"@id\":\"https:\/\/www.pm.pb.gov.br\/portal\/#website\",\"url\":\"https:\/\/www.pm.pb.gov.br\/portal\/\",\"name\":\"Pol\u00edcia Militar da Para\u00edba\",\"description\":\"\",\"publisher\":{\"@id\":\"https:\/\/www.pm.pb.gov.br\/portal\/#organization\"},\"potentialAction\":[{\"@type\":\"SearchAction\",\"target\":{\"@type\":\"EntryPoint\",\"urlTemplate\":\"https:\/\/www.pm.pb.gov.br\/portal\/?s={search_term_string}\"},\"query-input\":\"required name=search_term_string\"}],\"inLanguage\":\"pt-BR\"},{\"@type\":\"Organization\",\"@id\":\"https:\/\/www.pm.pb.gov.br\/portal\/#organization\",\"name\":\"Pol\u00edcia Militar da Para\u00edba\",\"url\":\"https:\/\/www.pm.pb.gov.br\/portal\/\",\"logo\":{\"@type\":\"ImageObject\",\"inLanguage\":\"pt-BR\",\"@id\":\"https:\/\/www.pm.pb.gov.br\/portal\/#\/schema\/logo\/image\/\",\"url\":\"https:\/\/www.pm.pb.gov.br\/portal\/wp-content\/uploads\/2025\/03\/cropped-logo-site-mag2-1.png\",\"contentUrl\":\"https:\/\/www.pm.pb.gov.br\/portal\/wp-content\/uploads\/2025\/03\/cropped-logo-site-mag2-1.png\",\"width\":320,\"height\":90,\"caption\":\"Pol\u00edcia Militar da Para\u00edba\"},\"image\":{\"@id\":\"https:\/\/www.pm.pb.gov.br\/portal\/#\/schema\/logo\/image\/\"}},{\"@type\":\"Person\",\"@id\":\"https:\/\/www.pm.pb.gov.br\/portal\/#\/schema\/person\/e8454f46651c3ecf0e1ba3c1666d9947\",\"name\":\"Assessoria de Imprensa da PMPB\",\"image\":{\"@type\":\"ImageObject\",\"inLanguage\":\"pt-BR\",\"@id\":\"https:\/\/www.pm.pb.gov.br\/portal\/#\/schema\/person\/image\/\",\"url\":\"https:\/\/secure.gravatar.com\/avatar\/2efe197438265d1e90bd98c4c8e1acf8?s=96&d=mm&r=g\",\"contentUrl\":\"https:\/\/secure.gravatar.com\/avatar\/2efe197438265d1e90bd98c4c8e1acf8?s=96&d=mm&r=g\",\"caption\":\"Assessoria de Imprensa da PMPB\"},\"url\":\"https:\/\/www.pm.pb.gov.br\/portal\/author\/assessoria\/\"}]}<\/script>\n<!-- \/ Yoast SEO plugin. -->","yoast_head_json":{"title":"Pol\u00edcia Militar prende suspeitos por tr\u00e1fico de entorpecentes e porte ilegal de arma de fogo, em Mamanguape - Pol\u00edcia Militar da Para\u00edba","robots":{"index":"index","follow":"follow","max-snippet":"max-snippet:-1","max-image-preview":"max-image-preview:large","max-video-preview":"max-video-preview:-1"},"canonical":"https:\/\/www.pm.pb.gov.br\/portal\/2024\/02\/18\/policia-militar-prende-suspeitos-por-trafico-de-entorpecentes-e-porte-ilegal-de-arma-de-fogo-em-mamanguape\/","og_locale":"pt_BR","og_type":"article","og_title":"Pol\u00edcia Militar prende suspeitos por tr\u00e1fico de entorpecentes e porte ilegal de arma de fogo, em Mamanguape - Pol\u00edcia Militar da Para\u00edba","og_description":"A Pol\u00edcia Militar prendeu, na madrugada deste domingo (18), dois suspeitos com drogas e uma arma de fogo, no munic\u00edpio","og_url":"https:\/\/www.pm.pb.gov.br\/portal\/2024\/02\/18\/policia-militar-prende-suspeitos-por-trafico-de-entorpecentes-e-porte-ilegal-de-arma-de-fogo-em-mamanguape\/","og_site_name":"Pol\u00edcia Militar da Para\u00edba","article_published_time":"2024-02-18T16:16:09+00:00","article_modified_time":"2024-02-18T16:16:12+00:00","og_image":[{"width":1600,"height":1007,"url":"http:\/\/www.pm.pb.gov.br\/portal\/wp-content\/uploads\/2024\/02\/Arma-e-drogas-em-Mamanguape-Copia.jpeg","type":"image\/jpeg"}],"author":"Assessoria de Imprensa da PMPB","twitter_card":"summary_large_image","twitter_misc":{"Escrito por":"Assessoria de Imprensa da PMPB","Est. tempo de leitura":"2 minutos"},"schema":{"@context":"https:\/\/schema.org","@graph":[{"@type":"Article","@id":"https:\/\/www.pm.pb.gov.br\/portal\/2024\/02\/18\/policia-militar-prende-suspeitos-por-trafico-de-entorpecentes-e-porte-ilegal-de-arma-de-fogo-em-mamanguape\/#article","isPartOf":{"@id":"https:\/\/www.pm.pb.gov.br\/portal\/2024\/02\/18\/policia-militar-prende-suspeitos-por-trafico-de-entorpecentes-e-porte-ilegal-de-arma-de-fogo-em-mamanguape\/"},"author":{"name":"Assessoria de Imprensa da PMPB","@id":"https:\/\/www.pm.pb.gov.br\/portal\/#\/schema\/person\/e8454f46651c3ecf0e1ba3c1666d9947"},"headline":"Pol\u00edcia Militar prende suspeitos por tr\u00e1fico de entorpecentes e porte ilegal de arma de fogo, em Mamanguape","datePublished":"2024-02-18T16:16:09+00:00","dateModified":"2024-02-18T16:16:12+00:00","mainEntityOfPage":{"@id":"https:\/\/www.pm.pb.gov.br\/portal\/2024\/02\/18\/policia-militar-prende-suspeitos-por-trafico-de-entorpecentes-e-porte-ilegal-de-arma-de-fogo-em-mamanguape\/"},"wordCount":203,"publisher":{"@id":"https:\/\/www.pm.pb.gov.br\/portal\/#organization"},"articleSection":["A\u00e7\u00f5es Policiais"],"inLanguage":"pt-BR"},{"@type":"WebPage","@id":"https:\/\/www.pm.pb.gov.br\/portal\/2024\/02\/18\/policia-militar-prende-suspeitos-por-trafico-de-entorpecentes-e-porte-ilegal-de-arma-de-fogo-em-mamanguape\/","url":"https:\/\/www.pm.pb.gov.br\/portal\/2024\/02\/18\/policia-militar-prende-suspeitos-por-trafico-de-entorpecentes-e-porte-ilegal-de-arma-de-fogo-em-mamanguape\/","name":"Pol\u00edcia Militar prende suspeitos por tr\u00e1fico de entorpecentes e porte ilegal de arma de fogo, em Mamanguape - Pol\u00edcia Militar da Para\u00edba","isPartOf":{"@id":"https:\/\/www.pm.pb.gov.br\/portal\/#website"},"datePublished":"2024-02-18T16:16:09+00:00","dateModified":"2024-02-18T16:16:12+00:00","breadcrumb":{"@id":"https:\/\/www.pm.pb.gov.br\/portal\/2024\/02\/18\/policia-militar-prende-suspeitos-por-trafico-de-entorpecentes-e-porte-ilegal-de-arma-de-fogo-em-mamanguape\/#breadcrumb"},"inLanguage":"pt-BR","potentialAction":[{"@type":"ReadAction","target":["https:\/\/www.pm.pb.gov.br\/portal\/2024\/02\/18\/policia-militar-prende-suspeitos-por-trafico-de-entorpecentes-e-porte-ilegal-de-arma-de-fogo-em-mamanguape\/"]}]},{"@type":"BreadcrumbList","@id":"https:\/\/www.pm.pb.gov.br\/portal\/2024\/02\/18\/policia-militar-prende-suspeitos-por-trafico-de-entorpecentes-e-porte-ilegal-de-arma-de-fogo-em-mamanguape\/#breadcrumb","itemListElement":[{"@type":"ListItem","position":1,"name":"In\u00edcio","item":"https:\/\/www.pm.pb.gov.br\/portal\/"},{"@type":"ListItem","position":2,"name":"Pol\u00edcia Militar prende suspeitos por tr\u00e1fico de entorpecentes e porte ilegal de arma de fogo, em Mamanguape"}]},{"@type":"WebSite","@id":"https:\/\/www.pm.pb.gov.br\/portal\/#website","url":"https:\/\/www.pm.pb.gov.br\/portal\/","name":"Pol\u00edcia Militar da Para\u00edba","description":"","publisher":{"@id":"https:\/\/www.pm.pb.gov.br\/portal\/#organization"},"potentialAction":[{"@type":"SearchAction","target":{"@type":"EntryPoint","urlTemplate":"https:\/\/www.pm.pb.gov.br\/portal\/?s={search_term_string}"},"query-input":"required name=search_term_string"}],"inLanguage":"pt-BR"},{"@type":"Organization","@id":"https:\/\/www.pm.pb.gov.br\/portal\/#organization","name":"Pol\u00edcia Militar da Para\u00edba","url":"https:\/\/www.pm.pb.gov.br\/portal\/","logo":{"@type":"ImageObject","inLanguage":"pt-BR","@id":"https:\/\/www.pm.pb.gov.br\/portal\/#\/schema\/logo\/image\/","url":"https:\/\/www.pm.pb.gov.br\/portal\/wp-content\/uploads\/2025\/03\/cropped-logo-site-mag2-1.png","contentUrl":"https:\/\/www.pm.pb.gov.br\/portal\/wp-content\/uploads\/2025\/03\/cropped-logo-site-mag2-1.png","width":320,"height":90,"caption":"Pol\u00edcia Militar da Para\u00edba"},"image":{"@id":"https:\/\/www.pm.pb.gov.br\/portal\/#\/schema\/logo\/image\/"}},{"@type":"Person","@id":"https:\/\/www.pm.pb.gov.br\/portal\/#\/schema\/person\/e8454f46651c3ecf0e1ba3c1666d9947","name":"Assessoria de Imprensa da PMPB","image":{"@type":"ImageObject","inLanguage":"pt-BR","@id":"https:\/\/www.pm.pb.gov.br\/portal\/#\/schema\/person\/image\/","url":"https:\/\/secure.gravatar.com\/avatar\/2efe197438265d1e90bd98c4c8e1acf8?s=96&d=mm&r=g","contentUrl":"https:\/\/secure.gravatar.com\/avatar\/2efe197438265d1e90bd98c4c8e1acf8?s=96&d=mm&r=g","caption":"Assessoria de Imprensa da PMPB"},"url":"https:\/\/www.pm.pb.gov.br\/portal\/author\/assessoria\/"}]}},"_links":{"self":[{"href":"https:\/\/www.pm.pb.gov.br\/portal\/wp-json\/wp\/v2\/posts\/921172"}],"collection":[{"href":"https:\/\/www.pm.pb.gov.br\/portal\/wp-json\/wp\/v2\/posts"}],"about":[{"href":"https:\/\/www.pm.pb.gov.br\/portal\/wp-json\/wp\/v2\/types\/post"}],"author":[{"embeddable":true,"href":"https:\/\/www.pm.pb.gov.br\/portal\/wp-json\/wp\/v2\/users\/5"}],"replies":[{"embeddable":true,"href":"https:\/\/www.pm.pb.gov.br\/portal\/wp-json\/wp\/v2\/comments?post=921172"}],"version-history":[{"count":3,"href":"https:\/\/www.pm.pb.gov.br\/portal\/wp-json\/wp\/v2\/posts\/921172\/revisions"}],"predecessor-version":[{"id":921178,"href":"https:\/\/www.pm.pb.gov.br\/portal\/wp-json\/wp\/v2\/posts\/921172\/revisions\/921178"}],"wp:featuredmedia":[{"embeddable":true,"href":"https:\/\/www.pm.pb.gov.br\/portal\/wp-json\/wp\/v2\/media\/921173"}],"wp:attachment":[{"href":"https:\/\/www.pm.pb.gov.br\/portal\/wp-json\/wp\/v2\/media?parent=921172"}],"wp:term":[{"taxonomy":"category","embeddable":true,"href":"https:\/\/www.pm.pb.gov.br\/portal\/wp-json\/wp\/v2\/categories?post=921172"},{"taxonomy":"post_tag","embeddable":true,"href":"https:\/\/www.pm.pb.gov.br\/portal\/wp-json\/wp\/v2\/tags?post=921172"}],"curies":[{"name":"wp","href":"https:\/\/api.w.org\/{rel}","templated":true}]}}