{"id":921156,"date":"2024-02-18T10:24:32","date_gmt":"2024-02-18T13:24:32","guid":{"rendered":"https:\/\/www.pm.pb.gov.br\/portal\/?p=921156"},"modified":"2024-02-18T10:24:34","modified_gmt":"2024-02-18T13:24:34","slug":"policia-militar-apreende-duas-armas-de-fogo-em-acoes-na-regiao-metropolitana-de-joao-pessoa","status":"publish","type":"post","link":"https:\/\/www.pm.pb.gov.br\/portal\/2024\/02\/18\/policia-militar-apreende-duas-armas-de-fogo-em-acoes-na-regiao-metropolitana-de-joao-pessoa\/","title":{"rendered":"Pol\u00edcia Militar apreende duas armas de fogo em a\u00e7\u00f5es na regi\u00e3o metropolitana de Jo\u00e3o Pessoa"},"content":{"rendered":"\n\n\n<p><img loading=\"lazy\" decoding=\"async\" class=\"alignright  wp-image-921160\" src=\"http:\/\/www.pm.pb.gov.br\/portal\/wp-content\/uploads\/2024\/02\/Arma-ROTAM-1-475x445.jpeg\" alt=\"\" width=\"243\" height=\"227\" srcset=\"https:\/\/www.pm.pb.gov.br\/portal\/wp-content\/uploads\/2024\/02\/Arma-ROTAM-1-475x445.jpeg 475w, https:\/\/www.pm.pb.gov.br\/portal\/wp-content\/uploads\/2024\/02\/Arma-ROTAM-1-609x570.jpeg 609w, https:\/\/www.pm.pb.gov.br\/portal\/wp-content\/uploads\/2024\/02\/Arma-ROTAM-1-768x719.jpeg 768w, https:\/\/www.pm.pb.gov.br\/portal\/wp-content\/uploads\/2024\/02\/Arma-ROTAM-1-1536x1438.jpeg 1536w, https:\/\/www.pm.pb.gov.br\/portal\/wp-content\/uploads\/2024\/02\/Arma-ROTAM-1-2048x1917.jpeg 2048w\" sizes=\"(max-width: 243px) 100vw, 243px\" \/>A Pol\u00edcia Militar apreendeu duas armas de fogo durante a\u00e7\u00f5es realizadas entre a noite deste s\u00e1bado (17) e madrugada de domingo (18), em Jo\u00e3o Pessoa e Santa Rita (foto acima ilustrativa).<\/p>\n<p>Policiais militares do Regimento de Opera\u00e7\u00f5es T\u00e1ticas com Apoio de Motocicletas (ROTAM) intensificavam rondas no bairro de Tibiri, em Santa Rita, quando avistaram dois suspeitos transitando em uma motocicleta. O ve\u00edculo foi abordado e, durante a busca, foi encontrado com um dos indiv\u00edduos um rev\u00f3lver com tr\u00eas muni\u00e7\u00f5es (foto \u00e0 direita). O homem foi preso em flagrante por porte ilegal de arma de fogo.<\/p>\n<p><img loading=\"lazy\" decoding=\"async\" class=\"wp-image-921163 alignleft\" src=\"http:\/\/www.pm.pb.gov.br\/portal\/wp-content\/uploads\/2024\/02\/Arma-1-BPM-445x445.jpeg\" alt=\"\" width=\"244\" height=\"244\" srcset=\"https:\/\/www.pm.pb.gov.br\/portal\/wp-content\/uploads\/2024\/02\/Arma-1-BPM-445x445.jpeg 445w, https:\/\/www.pm.pb.gov.br\/portal\/wp-content\/uploads\/2024\/02\/Arma-1-BPM-570x570.jpeg 570w, https:\/\/www.pm.pb.gov.br\/portal\/wp-content\/uploads\/2024\/02\/Arma-1-BPM-768x768.jpeg 768w, https:\/\/www.pm.pb.gov.br\/portal\/wp-content\/uploads\/2024\/02\/Arma-1-BPM-150x150.jpeg 150w, https:\/\/www.pm.pb.gov.br\/portal\/wp-content\/uploads\/2024\/02\/Arma-1-BPM.jpeg 1528w\" sizes=\"(max-width: 244px) 100vw, 244px\" \/>Na a\u00e7\u00e3o mais recente, na madrugada deste domingo, militares da For\u00e7a T\u00e1tica do 1\u00ba Batalh\u00e3o realizavam incurs\u00f5es na comunidade Beira Molhada, no bairro do Jardim Veneza, em Jo\u00e3o Pessoa. Eles se depararam com um indiv\u00edduo que, ao notar a presen\u00e7a policial, efetuou disparos de arma de fogo contra as equipes que, por sua vez, revidaram a agress\u00e3o causando a fuga do suspeito. No local, o homem abandonou uma espingarda calibre .12, tr\u00eas muni\u00e7\u00f5es e um capuz do tipo balaclava (foto \u00e0 esquerda).<\/p>\n<p>Os casos foram apresentados na Delegacia de Pol\u00edcia Civil.<\/p>\n<p>\u00a0<\/p>\n","protected":false},"excerpt":{"rendered":"<p>A Pol\u00edcia Militar apreendeu duas armas de fogo durante a\u00e7\u00f5es realizadas entre a noite deste s\u00e1bado (17) e madrugada de<\/p>\n","protected":false},"author":5,"featured_media":921157,"comment_status":"closed","ping_status":"closed","sticky":false,"template":"","format":"standard","meta":{"_exactmetrics_skip_tracking":false,"_exactmetrics_sitenote_active":false,"_exactmetrics_sitenote_note":"","_exactmetrics_sitenote_category":0,"footnotes":""},"categories":[4],"tags":[],"yoast_head":"<!-- This site is optimized with the Yoast SEO plugin v22.0 - https:\/\/yoast.com\/wordpress\/plugins\/seo\/ -->\n<title>Pol\u00edcia Militar apreende duas armas de fogo em a\u00e7\u00f5es na regi\u00e3o metropolitana de Jo\u00e3o Pessoa - Pol\u00edcia Militar da Para\u00edba<\/title>\n<meta name=\"robots\" content=\"index, follow, max-snippet:-1, max-image-preview:large, max-video-preview:-1\" \/>\n<link rel=\"canonical\" href=\"https:\/\/www.pm.pb.gov.br\/portal\/2024\/02\/18\/policia-militar-apreende-duas-armas-de-fogo-em-acoes-na-regiao-metropolitana-de-joao-pessoa\/\" \/>\n<meta property=\"og:locale\" content=\"pt_BR\" \/>\n<meta property=\"og:type\" content=\"article\" \/>\n<meta property=\"og:title\" content=\"Pol\u00edcia Militar apreende duas armas de fogo em a\u00e7\u00f5es na regi\u00e3o metropolitana de Jo\u00e3o Pessoa - Pol\u00edcia Militar da Para\u00edba\" \/>\n<meta property=\"og:description\" content=\"A Pol\u00edcia Militar apreendeu duas armas de fogo durante a\u00e7\u00f5es realizadas entre a noite deste s\u00e1bado (17) e madrugada de\" \/>\n<meta property=\"og:url\" content=\"https:\/\/www.pm.pb.gov.br\/portal\/2024\/02\/18\/policia-militar-apreende-duas-armas-de-fogo-em-acoes-na-regiao-metropolitana-de-joao-pessoa\/\" \/>\n<meta property=\"og:site_name\" content=\"Pol\u00edcia Militar da Para\u00edba\" \/>\n<meta property=\"article:published_time\" content=\"2024-02-18T13:24:32+00:00\" \/>\n<meta property=\"article:modified_time\" content=\"2024-02-18T13:24:34+00:00\" \/>\n<meta property=\"og:image\" content=\"http:\/\/www.pm.pb.gov.br\/portal\/wp-content\/uploads\/2024\/02\/ROTAM-ILUSTRATIVA.jpeg\" \/>\n\t<meta property=\"og:image:width\" content=\"1280\" \/>\n\t<meta property=\"og:image:height\" content=\"960\" \/>\n\t<meta property=\"og:image:type\" content=\"image\/jpeg\" \/>\n<meta name=\"author\" content=\"Assessoria de Imprensa da PMPB\" \/>\n<meta name=\"twitter:card\" content=\"summary_large_image\" \/>\n<meta name=\"twitter:label1\" content=\"Escrito por\" \/>\n\t<meta name=\"twitter:data1\" content=\"Assessoria de Imprensa da PMPB\" \/>\n\t<meta name=\"twitter:label2\" content=\"Est. tempo de leitura\" \/>\n\t<meta name=\"twitter:data2\" content=\"2 minutos\" \/>\n<script type=\"application\/ld+json\" class=\"yoast-schema-graph\">{\"@context\":\"https:\/\/schema.org\",\"@graph\":[{\"@type\":\"Article\",\"@id\":\"https:\/\/www.pm.pb.gov.br\/portal\/2024\/02\/18\/policia-militar-apreende-duas-armas-de-fogo-em-acoes-na-regiao-metropolitana-de-joao-pessoa\/#article\",\"isPartOf\":{\"@id\":\"https:\/\/www.pm.pb.gov.br\/portal\/2024\/02\/18\/policia-militar-apreende-duas-armas-de-fogo-em-acoes-na-regiao-metropolitana-de-joao-pessoa\/\"},\"author\":{\"name\":\"Assessoria de Imprensa da PMPB\",\"@id\":\"https:\/\/www.pm.pb.gov.br\/portal\/#\/schema\/person\/e8454f46651c3ecf0e1ba3c1666d9947\"},\"headline\":\"Pol\u00edcia Militar apreende duas armas de fogo em a\u00e7\u00f5es na regi\u00e3o metropolitana de Jo\u00e3o Pessoa\",\"datePublished\":\"2024-02-18T13:24:32+00:00\",\"dateModified\":\"2024-02-18T13:24:34+00:00\",\"mainEntityOfPage\":{\"@id\":\"https:\/\/www.pm.pb.gov.br\/portal\/2024\/02\/18\/policia-militar-apreende-duas-armas-de-fogo-em-acoes-na-regiao-metropolitana-de-joao-pessoa\/\"},\"wordCount\":222,\"publisher\":{\"@id\":\"https:\/\/www.pm.pb.gov.br\/portal\/#organization\"},\"articleSection\":[\"A\u00e7\u00f5es Policiais\"],\"inLanguage\":\"pt-BR\"},{\"@type\":\"WebPage\",\"@id\":\"https:\/\/www.pm.pb.gov.br\/portal\/2024\/02\/18\/policia-militar-apreende-duas-armas-de-fogo-em-acoes-na-regiao-metropolitana-de-joao-pessoa\/\",\"url\":\"https:\/\/www.pm.pb.gov.br\/portal\/2024\/02\/18\/policia-militar-apreende-duas-armas-de-fogo-em-acoes-na-regiao-metropolitana-de-joao-pessoa\/\",\"name\":\"Pol\u00edcia Militar apreende duas armas de fogo em a\u00e7\u00f5es na regi\u00e3o metropolitana de Jo\u00e3o Pessoa - Pol\u00edcia Militar da Para\u00edba\",\"isPartOf\":{\"@id\":\"https:\/\/www.pm.pb.gov.br\/portal\/#website\"},\"datePublished\":\"2024-02-18T13:24:32+00:00\",\"dateModified\":\"2024-02-18T13:24:34+00:00\",\"breadcrumb\":{\"@id\":\"https:\/\/www.pm.pb.gov.br\/portal\/2024\/02\/18\/policia-militar-apreende-duas-armas-de-fogo-em-acoes-na-regiao-metropolitana-de-joao-pessoa\/#breadcrumb\"},\"inLanguage\":\"pt-BR\",\"potentialAction\":[{\"@type\":\"ReadAction\",\"target\":[\"https:\/\/www.pm.pb.gov.br\/portal\/2024\/02\/18\/policia-militar-apreende-duas-armas-de-fogo-em-acoes-na-regiao-metropolitana-de-joao-pessoa\/\"]}]},{\"@type\":\"BreadcrumbList\",\"@id\":\"https:\/\/www.pm.pb.gov.br\/portal\/2024\/02\/18\/policia-militar-apreende-duas-armas-de-fogo-em-acoes-na-regiao-metropolitana-de-joao-pessoa\/#breadcrumb\",\"itemListElement\":[{\"@type\":\"ListItem\",\"position\":1,\"name\":\"In\u00edcio\",\"item\":\"https:\/\/www.pm.pb.gov.br\/portal\/\"},{\"@type\":\"ListItem\",\"position\":2,\"name\":\"Pol\u00edcia Militar apreende duas armas de fogo em a\u00e7\u00f5es na regi\u00e3o metropolitana de Jo\u00e3o Pessoa\"}]},{\"@type\":\"WebSite\",\"@id\":\"https:\/\/www.pm.pb.gov.br\/portal\/#website\",\"url\":\"https:\/\/www.pm.pb.gov.br\/portal\/\",\"name\":\"Pol\u00edcia Militar da Para\u00edba\",\"description\":\"\",\"publisher\":{\"@id\":\"https:\/\/www.pm.pb.gov.br\/portal\/#organization\"},\"potentialAction\":[{\"@type\":\"SearchAction\",\"target\":{\"@type\":\"EntryPoint\",\"urlTemplate\":\"https:\/\/www.pm.pb.gov.br\/portal\/?s={search_term_string}\"},\"query-input\":\"required name=search_term_string\"}],\"inLanguage\":\"pt-BR\"},{\"@type\":\"Organization\",\"@id\":\"https:\/\/www.pm.pb.gov.br\/portal\/#organization\",\"name\":\"Pol\u00edcia Militar da Para\u00edba\",\"url\":\"https:\/\/www.pm.pb.gov.br\/portal\/\",\"logo\":{\"@type\":\"ImageObject\",\"inLanguage\":\"pt-BR\",\"@id\":\"https:\/\/www.pm.pb.gov.br\/portal\/#\/schema\/logo\/image\/\",\"url\":\"https:\/\/www.pm.pb.gov.br\/portal\/wp-content\/uploads\/2025\/03\/cropped-logo-site-mag2-1.png\",\"contentUrl\":\"https:\/\/www.pm.pb.gov.br\/portal\/wp-content\/uploads\/2025\/03\/cropped-logo-site-mag2-1.png\",\"width\":320,\"height\":90,\"caption\":\"Pol\u00edcia Militar da Para\u00edba\"},\"image\":{\"@id\":\"https:\/\/www.pm.pb.gov.br\/portal\/#\/schema\/logo\/image\/\"}},{\"@type\":\"Person\",\"@id\":\"https:\/\/www.pm.pb.gov.br\/portal\/#\/schema\/person\/e8454f46651c3ecf0e1ba3c1666d9947\",\"name\":\"Assessoria de Imprensa da PMPB\",\"image\":{\"@type\":\"ImageObject\",\"inLanguage\":\"pt-BR\",\"@id\":\"https:\/\/www.pm.pb.gov.br\/portal\/#\/schema\/person\/image\/\",\"url\":\"https:\/\/secure.gravatar.com\/avatar\/2efe197438265d1e90bd98c4c8e1acf8?s=96&d=mm&r=g\",\"contentUrl\":\"https:\/\/secure.gravatar.com\/avatar\/2efe197438265d1e90bd98c4c8e1acf8?s=96&d=mm&r=g\",\"caption\":\"Assessoria de Imprensa da PMPB\"},\"url\":\"https:\/\/www.pm.pb.gov.br\/portal\/author\/assessoria\/\"}]}<\/script>\n<!-- \/ Yoast SEO plugin. -->","yoast_head_json":{"title":"Pol\u00edcia Militar apreende duas armas de fogo em a\u00e7\u00f5es na regi\u00e3o metropolitana de Jo\u00e3o Pessoa - Pol\u00edcia Militar da Para\u00edba","robots":{"index":"index","follow":"follow","max-snippet":"max-snippet:-1","max-image-preview":"max-image-preview:large","max-video-preview":"max-video-preview:-1"},"canonical":"https:\/\/www.pm.pb.gov.br\/portal\/2024\/02\/18\/policia-militar-apreende-duas-armas-de-fogo-em-acoes-na-regiao-metropolitana-de-joao-pessoa\/","og_locale":"pt_BR","og_type":"article","og_title":"Pol\u00edcia Militar apreende duas armas de fogo em a\u00e7\u00f5es na regi\u00e3o metropolitana de Jo\u00e3o Pessoa - Pol\u00edcia Militar da Para\u00edba","og_description":"A Pol\u00edcia Militar apreendeu duas armas de fogo durante a\u00e7\u00f5es realizadas entre a noite deste s\u00e1bado (17) e madrugada de","og_url":"https:\/\/www.pm.pb.gov.br\/portal\/2024\/02\/18\/policia-militar-apreende-duas-armas-de-fogo-em-acoes-na-regiao-metropolitana-de-joao-pessoa\/","og_site_name":"Pol\u00edcia Militar da Para\u00edba","article_published_time":"2024-02-18T13:24:32+00:00","article_modified_time":"2024-02-18T13:24:34+00:00","og_image":[{"width":1280,"height":960,"url":"http:\/\/www.pm.pb.gov.br\/portal\/wp-content\/uploads\/2024\/02\/ROTAM-ILUSTRATIVA.jpeg","type":"image\/jpeg"}],"author":"Assessoria de Imprensa da PMPB","twitter_card":"summary_large_image","twitter_misc":{"Escrito por":"Assessoria de Imprensa da PMPB","Est. tempo de leitura":"2 minutos"},"schema":{"@context":"https:\/\/schema.org","@graph":[{"@type":"Article","@id":"https:\/\/www.pm.pb.gov.br\/portal\/2024\/02\/18\/policia-militar-apreende-duas-armas-de-fogo-em-acoes-na-regiao-metropolitana-de-joao-pessoa\/#article","isPartOf":{"@id":"https:\/\/www.pm.pb.gov.br\/portal\/2024\/02\/18\/policia-militar-apreende-duas-armas-de-fogo-em-acoes-na-regiao-metropolitana-de-joao-pessoa\/"},"author":{"name":"Assessoria de Imprensa da PMPB","@id":"https:\/\/www.pm.pb.gov.br\/portal\/#\/schema\/person\/e8454f46651c3ecf0e1ba3c1666d9947"},"headline":"Pol\u00edcia Militar apreende duas armas de fogo em a\u00e7\u00f5es na regi\u00e3o metropolitana de Jo\u00e3o Pessoa","datePublished":"2024-02-18T13:24:32+00:00","dateModified":"2024-02-18T13:24:34+00:00","mainEntityOfPage":{"@id":"https:\/\/www.pm.pb.gov.br\/portal\/2024\/02\/18\/policia-militar-apreende-duas-armas-de-fogo-em-acoes-na-regiao-metropolitana-de-joao-pessoa\/"},"wordCount":222,"publisher":{"@id":"https:\/\/www.pm.pb.gov.br\/portal\/#organization"},"articleSection":["A\u00e7\u00f5es Policiais"],"inLanguage":"pt-BR"},{"@type":"WebPage","@id":"https:\/\/www.pm.pb.gov.br\/portal\/2024\/02\/18\/policia-militar-apreende-duas-armas-de-fogo-em-acoes-na-regiao-metropolitana-de-joao-pessoa\/","url":"https:\/\/www.pm.pb.gov.br\/portal\/2024\/02\/18\/policia-militar-apreende-duas-armas-de-fogo-em-acoes-na-regiao-metropolitana-de-joao-pessoa\/","name":"Pol\u00edcia Militar apreende duas armas de fogo em a\u00e7\u00f5es na regi\u00e3o metropolitana de Jo\u00e3o Pessoa - Pol\u00edcia Militar da Para\u00edba","isPartOf":{"@id":"https:\/\/www.pm.pb.gov.br\/portal\/#website"},"datePublished":"2024-02-18T13:24:32+00:00","dateModified":"2024-02-18T13:24:34+00:00","breadcrumb":{"@id":"https:\/\/www.pm.pb.gov.br\/portal\/2024\/02\/18\/policia-militar-apreende-duas-armas-de-fogo-em-acoes-na-regiao-metropolitana-de-joao-pessoa\/#breadcrumb"},"inLanguage":"pt-BR","potentialAction":[{"@type":"ReadAction","target":["https:\/\/www.pm.pb.gov.br\/portal\/2024\/02\/18\/policia-militar-apreende-duas-armas-de-fogo-em-acoes-na-regiao-metropolitana-de-joao-pessoa\/"]}]},{"@type":"BreadcrumbList","@id":"https:\/\/www.pm.pb.gov.br\/portal\/2024\/02\/18\/policia-militar-apreende-duas-armas-de-fogo-em-acoes-na-regiao-metropolitana-de-joao-pessoa\/#breadcrumb","itemListElement":[{"@type":"ListItem","position":1,"name":"In\u00edcio","item":"https:\/\/www.pm.pb.gov.br\/portal\/"},{"@type":"ListItem","position":2,"name":"Pol\u00edcia Militar apreende duas armas de fogo em a\u00e7\u00f5es na regi\u00e3o metropolitana de Jo\u00e3o Pessoa"}]},{"@type":"WebSite","@id":"https:\/\/www.pm.pb.gov.br\/portal\/#website","url":"https:\/\/www.pm.pb.gov.br\/portal\/","name":"Pol\u00edcia Militar da Para\u00edba","description":"","publisher":{"@id":"https:\/\/www.pm.pb.gov.br\/portal\/#organization"},"potentialAction":[{"@type":"SearchAction","target":{"@type":"EntryPoint","urlTemplate":"https:\/\/www.pm.pb.gov.br\/portal\/?s={search_term_string}"},"query-input":"required name=search_term_string"}],"inLanguage":"pt-BR"},{"@type":"Organization","@id":"https:\/\/www.pm.pb.gov.br\/portal\/#organization","name":"Pol\u00edcia Militar da Para\u00edba","url":"https:\/\/www.pm.pb.gov.br\/portal\/","logo":{"@type":"ImageObject","inLanguage":"pt-BR","@id":"https:\/\/www.pm.pb.gov.br\/portal\/#\/schema\/logo\/image\/","url":"https:\/\/www.pm.pb.gov.br\/portal\/wp-content\/uploads\/2025\/03\/cropped-logo-site-mag2-1.png","contentUrl":"https:\/\/www.pm.pb.gov.br\/portal\/wp-content\/uploads\/2025\/03\/cropped-logo-site-mag2-1.png","width":320,"height":90,"caption":"Pol\u00edcia Militar da Para\u00edba"},"image":{"@id":"https:\/\/www.pm.pb.gov.br\/portal\/#\/schema\/logo\/image\/"}},{"@type":"Person","@id":"https:\/\/www.pm.pb.gov.br\/portal\/#\/schema\/person\/e8454f46651c3ecf0e1ba3c1666d9947","name":"Assessoria de Imprensa da PMPB","image":{"@type":"ImageObject","inLanguage":"pt-BR","@id":"https:\/\/www.pm.pb.gov.br\/portal\/#\/schema\/person\/image\/","url":"https:\/\/secure.gravatar.com\/avatar\/2efe197438265d1e90bd98c4c8e1acf8?s=96&d=mm&r=g","contentUrl":"https:\/\/secure.gravatar.com\/avatar\/2efe197438265d1e90bd98c4c8e1acf8?s=96&d=mm&r=g","caption":"Assessoria de Imprensa da PMPB"},"url":"https:\/\/www.pm.pb.gov.br\/portal\/author\/assessoria\/"}]}},"_links":{"self":[{"href":"https:\/\/www.pm.pb.gov.br\/portal\/wp-json\/wp\/v2\/posts\/921156"}],"collection":[{"href":"https:\/\/www.pm.pb.gov.br\/portal\/wp-json\/wp\/v2\/posts"}],"about":[{"href":"https:\/\/www.pm.pb.gov.br\/portal\/wp-json\/wp\/v2\/types\/post"}],"author":[{"embeddable":true,"href":"https:\/\/www.pm.pb.gov.br\/portal\/wp-json\/wp\/v2\/users\/5"}],"replies":[{"embeddable":true,"href":"https:\/\/www.pm.pb.gov.br\/portal\/wp-json\/wp\/v2\/comments?post=921156"}],"version-history":[{"count":6,"href":"https:\/\/www.pm.pb.gov.br\/portal\/wp-json\/wp\/v2\/posts\/921156\/revisions"}],"predecessor-version":[{"id":921167,"href":"https:\/\/www.pm.pb.gov.br\/portal\/wp-json\/wp\/v2\/posts\/921156\/revisions\/921167"}],"wp:featuredmedia":[{"embeddable":true,"href":"https:\/\/www.pm.pb.gov.br\/portal\/wp-json\/wp\/v2\/media\/921157"}],"wp:attachment":[{"href":"https:\/\/www.pm.pb.gov.br\/portal\/wp-json\/wp\/v2\/media?parent=921156"}],"wp:term":[{"taxonomy":"category","embeddable":true,"href":"https:\/\/www.pm.pb.gov.br\/portal\/wp-json\/wp\/v2\/categories?post=921156"},{"taxonomy":"post_tag","embeddable":true,"href":"https:\/\/www.pm.pb.gov.br\/portal\/wp-json\/wp\/v2\/tags?post=921156"}],"curies":[{"name":"wp","href":"https:\/\/api.w.org\/{rel}","templated":true}]}}