{"id":921144,"date":"2024-02-17T09:02:00","date_gmt":"2024-02-17T12:02:00","guid":{"rendered":"https:\/\/www.pm.pb.gov.br\/portal\/?p=921144"},"modified":"2024-02-17T17:14:56","modified_gmt":"2024-02-17T20:14:56","slug":"policia-militar-prende-homem-por-porte-ilegal-de-arma-de-fogo-no-bairro-das-industrias-em-joao-pessoa","status":"publish","type":"post","link":"https:\/\/www.pm.pb.gov.br\/portal\/2024\/02\/17\/policia-militar-prende-homem-por-porte-ilegal-de-arma-de-fogo-no-bairro-das-industrias-em-joao-pessoa\/","title":{"rendered":"Pol\u00edcia Militar prende homem por porte ilegal de arma de fogo no bairro das Ind\u00fastrias, em Jo\u00e3o Pessoa"},"content":{"rendered":"\n<p>A Pol\u00edcia Militar prendeu, na madrugada deste s\u00e1bado (17), um homem que portava ilegalmente uma arma de fogo, no bairro das Ind\u00fastrias, em Jo\u00e3o Pessoa.<\/p>\n<p>Policiais militares da For\u00e7a T\u00e1tica do 5\u00ba Batalh\u00e3o efetuavam rondas naquele bairro, quando se depararam com um grupo de indiv\u00edduos em atitude suspeita. No momento da abordagem, um dos homens tentou se evadir da a\u00e7\u00e3o policial, mas foi contido e, durante a busca pessoal, foi encontrada com ele uma pistola calibre .40 com sete muni\u00e7\u00f5es.<\/p>\n<p>Ele foi apresentado, juntamente com o armamento, na Delegacia de Pol\u00edcia Civil.<\/p>\n<p>\u00a0<\/p>\n","protected":false},"excerpt":{"rendered":"<p>A Pol\u00edcia Militar prendeu, na madrugada deste s\u00e1bado (17), um homem que portava ilegalmente uma arma de fogo, no bairro<\/p>\n","protected":false},"author":5,"featured_media":921145,"comment_status":"closed","ping_status":"closed","sticky":false,"template":"","format":"standard","meta":{"_exactmetrics_skip_tracking":false,"_exactmetrics_sitenote_active":false,"_exactmetrics_sitenote_note":"","_exactmetrics_sitenote_category":0,"footnotes":""},"categories":[4],"tags":[],"yoast_head":"<!-- This site is optimized with the Yoast SEO plugin v22.0 - https:\/\/yoast.com\/wordpress\/plugins\/seo\/ -->\n<title>Pol\u00edcia Militar prende homem por porte ilegal de arma de fogo no bairro das Ind\u00fastrias, em Jo\u00e3o Pessoa - Pol\u00edcia Militar da Para\u00edba<\/title>\n<meta name=\"robots\" content=\"index, follow, max-snippet:-1, max-image-preview:large, max-video-preview:-1\" \/>\n<link rel=\"canonical\" href=\"https:\/\/www.pm.pb.gov.br\/portal\/2024\/02\/17\/policia-militar-prende-homem-por-porte-ilegal-de-arma-de-fogo-no-bairro-das-industrias-em-joao-pessoa\/\" \/>\n<meta property=\"og:locale\" content=\"pt_BR\" \/>\n<meta property=\"og:type\" content=\"article\" \/>\n<meta property=\"og:title\" content=\"Pol\u00edcia Militar prende homem por porte ilegal de arma de fogo no bairro das Ind\u00fastrias, em Jo\u00e3o Pessoa - Pol\u00edcia Militar da Para\u00edba\" \/>\n<meta property=\"og:description\" content=\"A Pol\u00edcia Militar prendeu, na madrugada deste s\u00e1bado (17), um homem que portava ilegalmente uma arma de fogo, no bairro\" \/>\n<meta property=\"og:url\" content=\"https:\/\/www.pm.pb.gov.br\/portal\/2024\/02\/17\/policia-militar-prende-homem-por-porte-ilegal-de-arma-de-fogo-no-bairro-das-industrias-em-joao-pessoa\/\" \/>\n<meta property=\"og:site_name\" content=\"Pol\u00edcia Militar da Para\u00edba\" \/>\n<meta property=\"article:published_time\" content=\"2024-02-17T12:02:00+00:00\" \/>\n<meta property=\"article:modified_time\" content=\"2024-02-17T20:14:56+00:00\" \/>\n<meta property=\"og:image\" content=\"http:\/\/www.pm.pb.gov.br\/portal\/wp-content\/uploads\/2024\/02\/Arma-FT-Jardim-Veneza.jpeg\" \/>\n\t<meta property=\"og:image:width\" content=\"996\" \/>\n\t<meta property=\"og:image:height\" content=\"649\" \/>\n\t<meta property=\"og:image:type\" content=\"image\/jpeg\" \/>\n<meta name=\"author\" content=\"Assessoria de Imprensa da PMPB\" \/>\n<meta name=\"twitter:card\" content=\"summary_large_image\" \/>\n<meta name=\"twitter:label1\" content=\"Escrito por\" \/>\n\t<meta name=\"twitter:data1\" content=\"Assessoria de Imprensa da PMPB\" \/>\n\t<meta name=\"twitter:label2\" content=\"Est. tempo de leitura\" \/>\n\t<meta name=\"twitter:data2\" content=\"1 minuto\" \/>\n<script type=\"application\/ld+json\" class=\"yoast-schema-graph\">{\"@context\":\"https:\/\/schema.org\",\"@graph\":[{\"@type\":\"Article\",\"@id\":\"https:\/\/www.pm.pb.gov.br\/portal\/2024\/02\/17\/policia-militar-prende-homem-por-porte-ilegal-de-arma-de-fogo-no-bairro-das-industrias-em-joao-pessoa\/#article\",\"isPartOf\":{\"@id\":\"https:\/\/www.pm.pb.gov.br\/portal\/2024\/02\/17\/policia-militar-prende-homem-por-porte-ilegal-de-arma-de-fogo-no-bairro-das-industrias-em-joao-pessoa\/\"},\"author\":{\"name\":\"Assessoria de Imprensa da PMPB\",\"@id\":\"https:\/\/www.pm.pb.gov.br\/portal\/#\/schema\/person\/e8454f46651c3ecf0e1ba3c1666d9947\"},\"headline\":\"Pol\u00edcia Militar prende homem por porte ilegal de arma de fogo no bairro das Ind\u00fastrias, em Jo\u00e3o Pessoa\",\"datePublished\":\"2024-02-17T12:02:00+00:00\",\"dateModified\":\"2024-02-17T20:14:56+00:00\",\"mainEntityOfPage\":{\"@id\":\"https:\/\/www.pm.pb.gov.br\/portal\/2024\/02\/17\/policia-militar-prende-homem-por-porte-ilegal-de-arma-de-fogo-no-bairro-das-industrias-em-joao-pessoa\/\"},\"wordCount\":121,\"publisher\":{\"@id\":\"https:\/\/www.pm.pb.gov.br\/portal\/#organization\"},\"articleSection\":[\"A\u00e7\u00f5es Policiais\"],\"inLanguage\":\"pt-BR\"},{\"@type\":\"WebPage\",\"@id\":\"https:\/\/www.pm.pb.gov.br\/portal\/2024\/02\/17\/policia-militar-prende-homem-por-porte-ilegal-de-arma-de-fogo-no-bairro-das-industrias-em-joao-pessoa\/\",\"url\":\"https:\/\/www.pm.pb.gov.br\/portal\/2024\/02\/17\/policia-militar-prende-homem-por-porte-ilegal-de-arma-de-fogo-no-bairro-das-industrias-em-joao-pessoa\/\",\"name\":\"Pol\u00edcia Militar prende homem por porte ilegal de arma de fogo no bairro das Ind\u00fastrias, em Jo\u00e3o Pessoa - Pol\u00edcia Militar da Para\u00edba\",\"isPartOf\":{\"@id\":\"https:\/\/www.pm.pb.gov.br\/portal\/#website\"},\"datePublished\":\"2024-02-17T12:02:00+00:00\",\"dateModified\":\"2024-02-17T20:14:56+00:00\",\"breadcrumb\":{\"@id\":\"https:\/\/www.pm.pb.gov.br\/portal\/2024\/02\/17\/policia-militar-prende-homem-por-porte-ilegal-de-arma-de-fogo-no-bairro-das-industrias-em-joao-pessoa\/#breadcrumb\"},\"inLanguage\":\"pt-BR\",\"potentialAction\":[{\"@type\":\"ReadAction\",\"target\":[\"https:\/\/www.pm.pb.gov.br\/portal\/2024\/02\/17\/policia-militar-prende-homem-por-porte-ilegal-de-arma-de-fogo-no-bairro-das-industrias-em-joao-pessoa\/\"]}]},{\"@type\":\"BreadcrumbList\",\"@id\":\"https:\/\/www.pm.pb.gov.br\/portal\/2024\/02\/17\/policia-militar-prende-homem-por-porte-ilegal-de-arma-de-fogo-no-bairro-das-industrias-em-joao-pessoa\/#breadcrumb\",\"itemListElement\":[{\"@type\":\"ListItem\",\"position\":1,\"name\":\"In\u00edcio\",\"item\":\"https:\/\/www.pm.pb.gov.br\/portal\/\"},{\"@type\":\"ListItem\",\"position\":2,\"name\":\"Pol\u00edcia Militar prende homem por porte ilegal de arma de fogo no bairro das Ind\u00fastrias, em Jo\u00e3o Pessoa\"}]},{\"@type\":\"WebSite\",\"@id\":\"https:\/\/www.pm.pb.gov.br\/portal\/#website\",\"url\":\"https:\/\/www.pm.pb.gov.br\/portal\/\",\"name\":\"Pol\u00edcia Militar da Para\u00edba\",\"description\":\"\",\"publisher\":{\"@id\":\"https:\/\/www.pm.pb.gov.br\/portal\/#organization\"},\"potentialAction\":[{\"@type\":\"SearchAction\",\"target\":{\"@type\":\"EntryPoint\",\"urlTemplate\":\"https:\/\/www.pm.pb.gov.br\/portal\/?s={search_term_string}\"},\"query-input\":\"required name=search_term_string\"}],\"inLanguage\":\"pt-BR\"},{\"@type\":\"Organization\",\"@id\":\"https:\/\/www.pm.pb.gov.br\/portal\/#organization\",\"name\":\"Pol\u00edcia Militar da Para\u00edba\",\"url\":\"https:\/\/www.pm.pb.gov.br\/portal\/\",\"logo\":{\"@type\":\"ImageObject\",\"inLanguage\":\"pt-BR\",\"@id\":\"https:\/\/www.pm.pb.gov.br\/portal\/#\/schema\/logo\/image\/\",\"url\":\"https:\/\/www.pm.pb.gov.br\/portal\/wp-content\/uploads\/2025\/03\/cropped-logo-site-mag2-1.png\",\"contentUrl\":\"https:\/\/www.pm.pb.gov.br\/portal\/wp-content\/uploads\/2025\/03\/cropped-logo-site-mag2-1.png\",\"width\":320,\"height\":90,\"caption\":\"Pol\u00edcia Militar da Para\u00edba\"},\"image\":{\"@id\":\"https:\/\/www.pm.pb.gov.br\/portal\/#\/schema\/logo\/image\/\"}},{\"@type\":\"Person\",\"@id\":\"https:\/\/www.pm.pb.gov.br\/portal\/#\/schema\/person\/e8454f46651c3ecf0e1ba3c1666d9947\",\"name\":\"Assessoria de Imprensa da PMPB\",\"image\":{\"@type\":\"ImageObject\",\"inLanguage\":\"pt-BR\",\"@id\":\"https:\/\/www.pm.pb.gov.br\/portal\/#\/schema\/person\/image\/\",\"url\":\"https:\/\/secure.gravatar.com\/avatar\/2efe197438265d1e90bd98c4c8e1acf8?s=96&d=mm&r=g\",\"contentUrl\":\"https:\/\/secure.gravatar.com\/avatar\/2efe197438265d1e90bd98c4c8e1acf8?s=96&d=mm&r=g\",\"caption\":\"Assessoria de Imprensa da PMPB\"},\"url\":\"https:\/\/www.pm.pb.gov.br\/portal\/author\/assessoria\/\"}]}<\/script>\n<!-- \/ Yoast SEO plugin. -->","yoast_head_json":{"title":"Pol\u00edcia Militar prende homem por porte ilegal de arma de fogo no bairro das Ind\u00fastrias, em Jo\u00e3o Pessoa - Pol\u00edcia Militar da Para\u00edba","robots":{"index":"index","follow":"follow","max-snippet":"max-snippet:-1","max-image-preview":"max-image-preview:large","max-video-preview":"max-video-preview:-1"},"canonical":"https:\/\/www.pm.pb.gov.br\/portal\/2024\/02\/17\/policia-militar-prende-homem-por-porte-ilegal-de-arma-de-fogo-no-bairro-das-industrias-em-joao-pessoa\/","og_locale":"pt_BR","og_type":"article","og_title":"Pol\u00edcia Militar prende homem por porte ilegal de arma de fogo no bairro das Ind\u00fastrias, em Jo\u00e3o Pessoa - Pol\u00edcia Militar da Para\u00edba","og_description":"A Pol\u00edcia Militar prendeu, na madrugada deste s\u00e1bado (17), um homem que portava ilegalmente uma arma de fogo, no bairro","og_url":"https:\/\/www.pm.pb.gov.br\/portal\/2024\/02\/17\/policia-militar-prende-homem-por-porte-ilegal-de-arma-de-fogo-no-bairro-das-industrias-em-joao-pessoa\/","og_site_name":"Pol\u00edcia Militar da Para\u00edba","article_published_time":"2024-02-17T12:02:00+00:00","article_modified_time":"2024-02-17T20:14:56+00:00","og_image":[{"width":996,"height":649,"url":"http:\/\/www.pm.pb.gov.br\/portal\/wp-content\/uploads\/2024\/02\/Arma-FT-Jardim-Veneza.jpeg","type":"image\/jpeg"}],"author":"Assessoria de Imprensa da PMPB","twitter_card":"summary_large_image","twitter_misc":{"Escrito por":"Assessoria de Imprensa da PMPB","Est. tempo de leitura":"1 minuto"},"schema":{"@context":"https:\/\/schema.org","@graph":[{"@type":"Article","@id":"https:\/\/www.pm.pb.gov.br\/portal\/2024\/02\/17\/policia-militar-prende-homem-por-porte-ilegal-de-arma-de-fogo-no-bairro-das-industrias-em-joao-pessoa\/#article","isPartOf":{"@id":"https:\/\/www.pm.pb.gov.br\/portal\/2024\/02\/17\/policia-militar-prende-homem-por-porte-ilegal-de-arma-de-fogo-no-bairro-das-industrias-em-joao-pessoa\/"},"author":{"name":"Assessoria de Imprensa da PMPB","@id":"https:\/\/www.pm.pb.gov.br\/portal\/#\/schema\/person\/e8454f46651c3ecf0e1ba3c1666d9947"},"headline":"Pol\u00edcia Militar prende homem por porte ilegal de arma de fogo no bairro das Ind\u00fastrias, em Jo\u00e3o Pessoa","datePublished":"2024-02-17T12:02:00+00:00","dateModified":"2024-02-17T20:14:56+00:00","mainEntityOfPage":{"@id":"https:\/\/www.pm.pb.gov.br\/portal\/2024\/02\/17\/policia-militar-prende-homem-por-porte-ilegal-de-arma-de-fogo-no-bairro-das-industrias-em-joao-pessoa\/"},"wordCount":121,"publisher":{"@id":"https:\/\/www.pm.pb.gov.br\/portal\/#organization"},"articleSection":["A\u00e7\u00f5es Policiais"],"inLanguage":"pt-BR"},{"@type":"WebPage","@id":"https:\/\/www.pm.pb.gov.br\/portal\/2024\/02\/17\/policia-militar-prende-homem-por-porte-ilegal-de-arma-de-fogo-no-bairro-das-industrias-em-joao-pessoa\/","url":"https:\/\/www.pm.pb.gov.br\/portal\/2024\/02\/17\/policia-militar-prende-homem-por-porte-ilegal-de-arma-de-fogo-no-bairro-das-industrias-em-joao-pessoa\/","name":"Pol\u00edcia Militar prende homem por porte ilegal de arma de fogo no bairro das Ind\u00fastrias, em Jo\u00e3o Pessoa - Pol\u00edcia Militar da Para\u00edba","isPartOf":{"@id":"https:\/\/www.pm.pb.gov.br\/portal\/#website"},"datePublished":"2024-02-17T12:02:00+00:00","dateModified":"2024-02-17T20:14:56+00:00","breadcrumb":{"@id":"https:\/\/www.pm.pb.gov.br\/portal\/2024\/02\/17\/policia-militar-prende-homem-por-porte-ilegal-de-arma-de-fogo-no-bairro-das-industrias-em-joao-pessoa\/#breadcrumb"},"inLanguage":"pt-BR","potentialAction":[{"@type":"ReadAction","target":["https:\/\/www.pm.pb.gov.br\/portal\/2024\/02\/17\/policia-militar-prende-homem-por-porte-ilegal-de-arma-de-fogo-no-bairro-das-industrias-em-joao-pessoa\/"]}]},{"@type":"BreadcrumbList","@id":"https:\/\/www.pm.pb.gov.br\/portal\/2024\/02\/17\/policia-militar-prende-homem-por-porte-ilegal-de-arma-de-fogo-no-bairro-das-industrias-em-joao-pessoa\/#breadcrumb","itemListElement":[{"@type":"ListItem","position":1,"name":"In\u00edcio","item":"https:\/\/www.pm.pb.gov.br\/portal\/"},{"@type":"ListItem","position":2,"name":"Pol\u00edcia Militar prende homem por porte ilegal de arma de fogo no bairro das Ind\u00fastrias, em Jo\u00e3o Pessoa"}]},{"@type":"WebSite","@id":"https:\/\/www.pm.pb.gov.br\/portal\/#website","url":"https:\/\/www.pm.pb.gov.br\/portal\/","name":"Pol\u00edcia Militar da Para\u00edba","description":"","publisher":{"@id":"https:\/\/www.pm.pb.gov.br\/portal\/#organization"},"potentialAction":[{"@type":"SearchAction","target":{"@type":"EntryPoint","urlTemplate":"https:\/\/www.pm.pb.gov.br\/portal\/?s={search_term_string}"},"query-input":"required name=search_term_string"}],"inLanguage":"pt-BR"},{"@type":"Organization","@id":"https:\/\/www.pm.pb.gov.br\/portal\/#organization","name":"Pol\u00edcia Militar da Para\u00edba","url":"https:\/\/www.pm.pb.gov.br\/portal\/","logo":{"@type":"ImageObject","inLanguage":"pt-BR","@id":"https:\/\/www.pm.pb.gov.br\/portal\/#\/schema\/logo\/image\/","url":"https:\/\/www.pm.pb.gov.br\/portal\/wp-content\/uploads\/2025\/03\/cropped-logo-site-mag2-1.png","contentUrl":"https:\/\/www.pm.pb.gov.br\/portal\/wp-content\/uploads\/2025\/03\/cropped-logo-site-mag2-1.png","width":320,"height":90,"caption":"Pol\u00edcia Militar da Para\u00edba"},"image":{"@id":"https:\/\/www.pm.pb.gov.br\/portal\/#\/schema\/logo\/image\/"}},{"@type":"Person","@id":"https:\/\/www.pm.pb.gov.br\/portal\/#\/schema\/person\/e8454f46651c3ecf0e1ba3c1666d9947","name":"Assessoria de Imprensa da PMPB","image":{"@type":"ImageObject","inLanguage":"pt-BR","@id":"https:\/\/www.pm.pb.gov.br\/portal\/#\/schema\/person\/image\/","url":"https:\/\/secure.gravatar.com\/avatar\/2efe197438265d1e90bd98c4c8e1acf8?s=96&d=mm&r=g","contentUrl":"https:\/\/secure.gravatar.com\/avatar\/2efe197438265d1e90bd98c4c8e1acf8?s=96&d=mm&r=g","caption":"Assessoria de Imprensa da PMPB"},"url":"https:\/\/www.pm.pb.gov.br\/portal\/author\/assessoria\/"}]}},"_links":{"self":[{"href":"https:\/\/www.pm.pb.gov.br\/portal\/wp-json\/wp\/v2\/posts\/921144"}],"collection":[{"href":"https:\/\/www.pm.pb.gov.br\/portal\/wp-json\/wp\/v2\/posts"}],"about":[{"href":"https:\/\/www.pm.pb.gov.br\/portal\/wp-json\/wp\/v2\/types\/post"}],"author":[{"embeddable":true,"href":"https:\/\/www.pm.pb.gov.br\/portal\/wp-json\/wp\/v2\/users\/5"}],"replies":[{"embeddable":true,"href":"https:\/\/www.pm.pb.gov.br\/portal\/wp-json\/wp\/v2\/comments?post=921144"}],"version-history":[{"count":3,"href":"https:\/\/www.pm.pb.gov.br\/portal\/wp-json\/wp\/v2\/posts\/921144\/revisions"}],"predecessor-version":[{"id":921150,"href":"https:\/\/www.pm.pb.gov.br\/portal\/wp-json\/wp\/v2\/posts\/921144\/revisions\/921150"}],"wp:featuredmedia":[{"embeddable":true,"href":"https:\/\/www.pm.pb.gov.br\/portal\/wp-json\/wp\/v2\/media\/921145"}],"wp:attachment":[{"href":"https:\/\/www.pm.pb.gov.br\/portal\/wp-json\/wp\/v2\/media?parent=921144"}],"wp:term":[{"taxonomy":"category","embeddable":true,"href":"https:\/\/www.pm.pb.gov.br\/portal\/wp-json\/wp\/v2\/categories?post=921144"},{"taxonomy":"post_tag","embeddable":true,"href":"https:\/\/www.pm.pb.gov.br\/portal\/wp-json\/wp\/v2\/tags?post=921144"}],"curies":[{"name":"wp","href":"https:\/\/api.w.org\/{rel}","templated":true}]}}