{"id":921139,"date":"2024-02-16T22:05:00","date_gmt":"2024-02-17T01:05:00","guid":{"rendered":"https:\/\/www.pm.pb.gov.br\/portal\/?p=921139"},"modified":"2024-02-17T16:37:45","modified_gmt":"2024-02-17T19:37:45","slug":"policia-militar-prende-homem-por-trafico-de-drogas-e-porte-ilegal-de-arma-de-fogo-em-marcacao","status":"publish","type":"post","link":"https:\/\/www.pm.pb.gov.br\/portal\/2024\/02\/16\/policia-militar-prende-homem-por-trafico-de-drogas-e-porte-ilegal-de-arma-de-fogo-em-marcacao\/","title":{"rendered":"Pol\u00edcia Militar prende homem por tr\u00e1fico de drogas e porte ilegal de arma de fogo em Marca\u00e7\u00e3o"},"content":{"rendered":"\n\n\n<p>No in\u00edcio da noite dessa sexta-feira (16), policiais militares da For\u00e7a T\u00e1tica da 2\u00aa Companhia Independente prenderam em flagrante um homem com drogas e uma arma de fogo, no munic\u00edpio de Marca\u00e7\u00e3o.<\/p>\n<p>As equipes realizavam rondas no centro da cidade, quando flagraram o suspeito repassando um material a uma outra pessoa. Ao notar a presen\u00e7a dos policiais, o homem empreendeu fuga e tentou desfazer-se do material em sua posse, mas foi alcan\u00e7ado e abordado. Com ele foram apreendidos um rev\u00f3lver calibre .38 com treze muni\u00e7\u00f5es, dez muni\u00e7\u00f5es calibre .12, duas por\u00e7\u00f5es de crack, quatorze por\u00e7\u00f5es de maconha, vinte por\u00e7\u00f5es de coca\u00edna, uma balan\u00e7a de precis\u00e3o e um caderno com anota\u00e7\u00f5es do tr\u00e1fico de drogas.<\/p>\n<p>O suspeito, que tem 25 anos e j\u00e1 possui hist\u00f3rico criminal, foi conduzido para a Delegacia de Pol\u00edcia Civil em Mamanguape.<\/p>\n","protected":false},"excerpt":{"rendered":"<p>No in\u00edcio da noite dessa sexta-feira (16), policiais militares da For\u00e7a T\u00e1tica da 2\u00aa Companhia Independente prenderam em flagrante um<\/p>\n","protected":false},"author":5,"featured_media":921140,"comment_status":"closed","ping_status":"closed","sticky":false,"template":"","format":"standard","meta":{"_exactmetrics_skip_tracking":false,"_exactmetrics_sitenote_active":false,"_exactmetrics_sitenote_note":"","_exactmetrics_sitenote_category":0,"footnotes":""},"categories":[4],"tags":[],"yoast_head":"<!-- This site is optimized with the Yoast SEO plugin v22.0 - https:\/\/yoast.com\/wordpress\/plugins\/seo\/ -->\n<title>Pol\u00edcia Militar prende homem por tr\u00e1fico de drogas e porte ilegal de arma de fogo em Marca\u00e7\u00e3o - Pol\u00edcia Militar da Para\u00edba<\/title>\n<meta name=\"robots\" content=\"index, follow, max-snippet:-1, max-image-preview:large, max-video-preview:-1\" \/>\n<link rel=\"canonical\" href=\"https:\/\/www.pm.pb.gov.br\/portal\/2024\/02\/16\/policia-militar-prende-homem-por-trafico-de-drogas-e-porte-ilegal-de-arma-de-fogo-em-marcacao\/\" \/>\n<meta property=\"og:locale\" content=\"pt_BR\" \/>\n<meta property=\"og:type\" content=\"article\" \/>\n<meta property=\"og:title\" content=\"Pol\u00edcia Militar prende homem por tr\u00e1fico de drogas e porte ilegal de arma de fogo em Marca\u00e7\u00e3o - Pol\u00edcia Militar da Para\u00edba\" \/>\n<meta property=\"og:description\" content=\"No in\u00edcio da noite dessa sexta-feira (16), policiais militares da For\u00e7a T\u00e1tica da 2\u00aa Companhia Independente prenderam em flagrante um\" \/>\n<meta property=\"og:url\" content=\"https:\/\/www.pm.pb.gov.br\/portal\/2024\/02\/16\/policia-militar-prende-homem-por-trafico-de-drogas-e-porte-ilegal-de-arma-de-fogo-em-marcacao\/\" \/>\n<meta property=\"og:site_name\" content=\"Pol\u00edcia Militar da Para\u00edba\" \/>\n<meta property=\"article:published_time\" content=\"2024-02-17T01:05:00+00:00\" \/>\n<meta property=\"article:modified_time\" content=\"2024-02-17T19:37:45+00:00\" \/>\n<meta property=\"og:image\" content=\"http:\/\/www.pm.pb.gov.br\/portal\/wp-content\/uploads\/2024\/02\/Arma-2-CIPM.jpeg\" \/>\n\t<meta property=\"og:image:width\" content=\"1280\" \/>\n\t<meta property=\"og:image:height\" content=\"787\" \/>\n\t<meta property=\"og:image:type\" content=\"image\/jpeg\" \/>\n<meta name=\"author\" content=\"Assessoria de Imprensa da PMPB\" \/>\n<meta name=\"twitter:card\" content=\"summary_large_image\" \/>\n<meta name=\"twitter:label1\" content=\"Escrito por\" \/>\n\t<meta name=\"twitter:data1\" content=\"Assessoria de Imprensa da PMPB\" \/>\n\t<meta name=\"twitter:label2\" content=\"Est. tempo de leitura\" \/>\n\t<meta name=\"twitter:data2\" content=\"1 minuto\" \/>\n<script type=\"application\/ld+json\" class=\"yoast-schema-graph\">{\"@context\":\"https:\/\/schema.org\",\"@graph\":[{\"@type\":\"Article\",\"@id\":\"https:\/\/www.pm.pb.gov.br\/portal\/2024\/02\/16\/policia-militar-prende-homem-por-trafico-de-drogas-e-porte-ilegal-de-arma-de-fogo-em-marcacao\/#article\",\"isPartOf\":{\"@id\":\"https:\/\/www.pm.pb.gov.br\/portal\/2024\/02\/16\/policia-militar-prende-homem-por-trafico-de-drogas-e-porte-ilegal-de-arma-de-fogo-em-marcacao\/\"},\"author\":{\"name\":\"Assessoria de Imprensa da PMPB\",\"@id\":\"https:\/\/www.pm.pb.gov.br\/portal\/#\/schema\/person\/e8454f46651c3ecf0e1ba3c1666d9947\"},\"headline\":\"Pol\u00edcia Militar prende homem por tr\u00e1fico de drogas e porte ilegal de arma de fogo em Marca\u00e7\u00e3o\",\"datePublished\":\"2024-02-17T01:05:00+00:00\",\"dateModified\":\"2024-02-17T19:37:45+00:00\",\"mainEntityOfPage\":{\"@id\":\"https:\/\/www.pm.pb.gov.br\/portal\/2024\/02\/16\/policia-militar-prende-homem-por-trafico-de-drogas-e-porte-ilegal-de-arma-de-fogo-em-marcacao\/\"},\"wordCount\":170,\"publisher\":{\"@id\":\"https:\/\/www.pm.pb.gov.br\/portal\/#organization\"},\"articleSection\":[\"A\u00e7\u00f5es Policiais\"],\"inLanguage\":\"pt-BR\"},{\"@type\":\"WebPage\",\"@id\":\"https:\/\/www.pm.pb.gov.br\/portal\/2024\/02\/16\/policia-militar-prende-homem-por-trafico-de-drogas-e-porte-ilegal-de-arma-de-fogo-em-marcacao\/\",\"url\":\"https:\/\/www.pm.pb.gov.br\/portal\/2024\/02\/16\/policia-militar-prende-homem-por-trafico-de-drogas-e-porte-ilegal-de-arma-de-fogo-em-marcacao\/\",\"name\":\"Pol\u00edcia Militar prende homem por tr\u00e1fico de drogas e porte ilegal de arma de fogo em Marca\u00e7\u00e3o - Pol\u00edcia Militar da Para\u00edba\",\"isPartOf\":{\"@id\":\"https:\/\/www.pm.pb.gov.br\/portal\/#website\"},\"datePublished\":\"2024-02-17T01:05:00+00:00\",\"dateModified\":\"2024-02-17T19:37:45+00:00\",\"breadcrumb\":{\"@id\":\"https:\/\/www.pm.pb.gov.br\/portal\/2024\/02\/16\/policia-militar-prende-homem-por-trafico-de-drogas-e-porte-ilegal-de-arma-de-fogo-em-marcacao\/#breadcrumb\"},\"inLanguage\":\"pt-BR\",\"potentialAction\":[{\"@type\":\"ReadAction\",\"target\":[\"https:\/\/www.pm.pb.gov.br\/portal\/2024\/02\/16\/policia-militar-prende-homem-por-trafico-de-drogas-e-porte-ilegal-de-arma-de-fogo-em-marcacao\/\"]}]},{\"@type\":\"BreadcrumbList\",\"@id\":\"https:\/\/www.pm.pb.gov.br\/portal\/2024\/02\/16\/policia-militar-prende-homem-por-trafico-de-drogas-e-porte-ilegal-de-arma-de-fogo-em-marcacao\/#breadcrumb\",\"itemListElement\":[{\"@type\":\"ListItem\",\"position\":1,\"name\":\"In\u00edcio\",\"item\":\"https:\/\/www.pm.pb.gov.br\/portal\/\"},{\"@type\":\"ListItem\",\"position\":2,\"name\":\"Pol\u00edcia Militar prende homem por tr\u00e1fico de drogas e porte ilegal de arma de fogo em Marca\u00e7\u00e3o\"}]},{\"@type\":\"WebSite\",\"@id\":\"https:\/\/www.pm.pb.gov.br\/portal\/#website\",\"url\":\"https:\/\/www.pm.pb.gov.br\/portal\/\",\"name\":\"Pol\u00edcia Militar da Para\u00edba\",\"description\":\"\",\"publisher\":{\"@id\":\"https:\/\/www.pm.pb.gov.br\/portal\/#organization\"},\"potentialAction\":[{\"@type\":\"SearchAction\",\"target\":{\"@type\":\"EntryPoint\",\"urlTemplate\":\"https:\/\/www.pm.pb.gov.br\/portal\/?s={search_term_string}\"},\"query-input\":\"required name=search_term_string\"}],\"inLanguage\":\"pt-BR\"},{\"@type\":\"Organization\",\"@id\":\"https:\/\/www.pm.pb.gov.br\/portal\/#organization\",\"name\":\"Pol\u00edcia Militar da Para\u00edba\",\"url\":\"https:\/\/www.pm.pb.gov.br\/portal\/\",\"logo\":{\"@type\":\"ImageObject\",\"inLanguage\":\"pt-BR\",\"@id\":\"https:\/\/www.pm.pb.gov.br\/portal\/#\/schema\/logo\/image\/\",\"url\":\"https:\/\/www.pm.pb.gov.br\/portal\/wp-content\/uploads\/2025\/03\/cropped-logo-site-mag2-1.png\",\"contentUrl\":\"https:\/\/www.pm.pb.gov.br\/portal\/wp-content\/uploads\/2025\/03\/cropped-logo-site-mag2-1.png\",\"width\":320,\"height\":90,\"caption\":\"Pol\u00edcia Militar da Para\u00edba\"},\"image\":{\"@id\":\"https:\/\/www.pm.pb.gov.br\/portal\/#\/schema\/logo\/image\/\"}},{\"@type\":\"Person\",\"@id\":\"https:\/\/www.pm.pb.gov.br\/portal\/#\/schema\/person\/e8454f46651c3ecf0e1ba3c1666d9947\",\"name\":\"Assessoria de Imprensa da PMPB\",\"image\":{\"@type\":\"ImageObject\",\"inLanguage\":\"pt-BR\",\"@id\":\"https:\/\/www.pm.pb.gov.br\/portal\/#\/schema\/person\/image\/\",\"url\":\"https:\/\/secure.gravatar.com\/avatar\/2efe197438265d1e90bd98c4c8e1acf8?s=96&d=mm&r=g\",\"contentUrl\":\"https:\/\/secure.gravatar.com\/avatar\/2efe197438265d1e90bd98c4c8e1acf8?s=96&d=mm&r=g\",\"caption\":\"Assessoria de Imprensa da PMPB\"},\"url\":\"https:\/\/www.pm.pb.gov.br\/portal\/author\/assessoria\/\"}]}<\/script>\n<!-- \/ Yoast SEO plugin. -->","yoast_head_json":{"title":"Pol\u00edcia Militar prende homem por tr\u00e1fico de drogas e porte ilegal de arma de fogo em Marca\u00e7\u00e3o - Pol\u00edcia Militar da Para\u00edba","robots":{"index":"index","follow":"follow","max-snippet":"max-snippet:-1","max-image-preview":"max-image-preview:large","max-video-preview":"max-video-preview:-1"},"canonical":"https:\/\/www.pm.pb.gov.br\/portal\/2024\/02\/16\/policia-militar-prende-homem-por-trafico-de-drogas-e-porte-ilegal-de-arma-de-fogo-em-marcacao\/","og_locale":"pt_BR","og_type":"article","og_title":"Pol\u00edcia Militar prende homem por tr\u00e1fico de drogas e porte ilegal de arma de fogo em Marca\u00e7\u00e3o - Pol\u00edcia Militar da Para\u00edba","og_description":"No in\u00edcio da noite dessa sexta-feira (16), policiais militares da For\u00e7a T\u00e1tica da 2\u00aa Companhia Independente prenderam em flagrante um","og_url":"https:\/\/www.pm.pb.gov.br\/portal\/2024\/02\/16\/policia-militar-prende-homem-por-trafico-de-drogas-e-porte-ilegal-de-arma-de-fogo-em-marcacao\/","og_site_name":"Pol\u00edcia Militar da Para\u00edba","article_published_time":"2024-02-17T01:05:00+00:00","article_modified_time":"2024-02-17T19:37:45+00:00","og_image":[{"width":1280,"height":787,"url":"http:\/\/www.pm.pb.gov.br\/portal\/wp-content\/uploads\/2024\/02\/Arma-2-CIPM.jpeg","type":"image\/jpeg"}],"author":"Assessoria de Imprensa da PMPB","twitter_card":"summary_large_image","twitter_misc":{"Escrito por":"Assessoria de Imprensa da PMPB","Est. tempo de leitura":"1 minuto"},"schema":{"@context":"https:\/\/schema.org","@graph":[{"@type":"Article","@id":"https:\/\/www.pm.pb.gov.br\/portal\/2024\/02\/16\/policia-militar-prende-homem-por-trafico-de-drogas-e-porte-ilegal-de-arma-de-fogo-em-marcacao\/#article","isPartOf":{"@id":"https:\/\/www.pm.pb.gov.br\/portal\/2024\/02\/16\/policia-militar-prende-homem-por-trafico-de-drogas-e-porte-ilegal-de-arma-de-fogo-em-marcacao\/"},"author":{"name":"Assessoria de Imprensa da PMPB","@id":"https:\/\/www.pm.pb.gov.br\/portal\/#\/schema\/person\/e8454f46651c3ecf0e1ba3c1666d9947"},"headline":"Pol\u00edcia Militar prende homem por tr\u00e1fico de drogas e porte ilegal de arma de fogo em Marca\u00e7\u00e3o","datePublished":"2024-02-17T01:05:00+00:00","dateModified":"2024-02-17T19:37:45+00:00","mainEntityOfPage":{"@id":"https:\/\/www.pm.pb.gov.br\/portal\/2024\/02\/16\/policia-militar-prende-homem-por-trafico-de-drogas-e-porte-ilegal-de-arma-de-fogo-em-marcacao\/"},"wordCount":170,"publisher":{"@id":"https:\/\/www.pm.pb.gov.br\/portal\/#organization"},"articleSection":["A\u00e7\u00f5es Policiais"],"inLanguage":"pt-BR"},{"@type":"WebPage","@id":"https:\/\/www.pm.pb.gov.br\/portal\/2024\/02\/16\/policia-militar-prende-homem-por-trafico-de-drogas-e-porte-ilegal-de-arma-de-fogo-em-marcacao\/","url":"https:\/\/www.pm.pb.gov.br\/portal\/2024\/02\/16\/policia-militar-prende-homem-por-trafico-de-drogas-e-porte-ilegal-de-arma-de-fogo-em-marcacao\/","name":"Pol\u00edcia Militar prende homem por tr\u00e1fico de drogas e porte ilegal de arma de fogo em Marca\u00e7\u00e3o - Pol\u00edcia Militar da Para\u00edba","isPartOf":{"@id":"https:\/\/www.pm.pb.gov.br\/portal\/#website"},"datePublished":"2024-02-17T01:05:00+00:00","dateModified":"2024-02-17T19:37:45+00:00","breadcrumb":{"@id":"https:\/\/www.pm.pb.gov.br\/portal\/2024\/02\/16\/policia-militar-prende-homem-por-trafico-de-drogas-e-porte-ilegal-de-arma-de-fogo-em-marcacao\/#breadcrumb"},"inLanguage":"pt-BR","potentialAction":[{"@type":"ReadAction","target":["https:\/\/www.pm.pb.gov.br\/portal\/2024\/02\/16\/policia-militar-prende-homem-por-trafico-de-drogas-e-porte-ilegal-de-arma-de-fogo-em-marcacao\/"]}]},{"@type":"BreadcrumbList","@id":"https:\/\/www.pm.pb.gov.br\/portal\/2024\/02\/16\/policia-militar-prende-homem-por-trafico-de-drogas-e-porte-ilegal-de-arma-de-fogo-em-marcacao\/#breadcrumb","itemListElement":[{"@type":"ListItem","position":1,"name":"In\u00edcio","item":"https:\/\/www.pm.pb.gov.br\/portal\/"},{"@type":"ListItem","position":2,"name":"Pol\u00edcia Militar prende homem por tr\u00e1fico de drogas e porte ilegal de arma de fogo em Marca\u00e7\u00e3o"}]},{"@type":"WebSite","@id":"https:\/\/www.pm.pb.gov.br\/portal\/#website","url":"https:\/\/www.pm.pb.gov.br\/portal\/","name":"Pol\u00edcia Militar da Para\u00edba","description":"","publisher":{"@id":"https:\/\/www.pm.pb.gov.br\/portal\/#organization"},"potentialAction":[{"@type":"SearchAction","target":{"@type":"EntryPoint","urlTemplate":"https:\/\/www.pm.pb.gov.br\/portal\/?s={search_term_string}"},"query-input":"required name=search_term_string"}],"inLanguage":"pt-BR"},{"@type":"Organization","@id":"https:\/\/www.pm.pb.gov.br\/portal\/#organization","name":"Pol\u00edcia Militar da Para\u00edba","url":"https:\/\/www.pm.pb.gov.br\/portal\/","logo":{"@type":"ImageObject","inLanguage":"pt-BR","@id":"https:\/\/www.pm.pb.gov.br\/portal\/#\/schema\/logo\/image\/","url":"https:\/\/www.pm.pb.gov.br\/portal\/wp-content\/uploads\/2025\/03\/cropped-logo-site-mag2-1.png","contentUrl":"https:\/\/www.pm.pb.gov.br\/portal\/wp-content\/uploads\/2025\/03\/cropped-logo-site-mag2-1.png","width":320,"height":90,"caption":"Pol\u00edcia Militar da Para\u00edba"},"image":{"@id":"https:\/\/www.pm.pb.gov.br\/portal\/#\/schema\/logo\/image\/"}},{"@type":"Person","@id":"https:\/\/www.pm.pb.gov.br\/portal\/#\/schema\/person\/e8454f46651c3ecf0e1ba3c1666d9947","name":"Assessoria de Imprensa da PMPB","image":{"@type":"ImageObject","inLanguage":"pt-BR","@id":"https:\/\/www.pm.pb.gov.br\/portal\/#\/schema\/person\/image\/","url":"https:\/\/secure.gravatar.com\/avatar\/2efe197438265d1e90bd98c4c8e1acf8?s=96&d=mm&r=g","contentUrl":"https:\/\/secure.gravatar.com\/avatar\/2efe197438265d1e90bd98c4c8e1acf8?s=96&d=mm&r=g","caption":"Assessoria de Imprensa da PMPB"},"url":"https:\/\/www.pm.pb.gov.br\/portal\/author\/assessoria\/"}]}},"_links":{"self":[{"href":"https:\/\/www.pm.pb.gov.br\/portal\/wp-json\/wp\/v2\/posts\/921139"}],"collection":[{"href":"https:\/\/www.pm.pb.gov.br\/portal\/wp-json\/wp\/v2\/posts"}],"about":[{"href":"https:\/\/www.pm.pb.gov.br\/portal\/wp-json\/wp\/v2\/types\/post"}],"author":[{"embeddable":true,"href":"https:\/\/www.pm.pb.gov.br\/portal\/wp-json\/wp\/v2\/users\/5"}],"replies":[{"embeddable":true,"href":"https:\/\/www.pm.pb.gov.br\/portal\/wp-json\/wp\/v2\/comments?post=921139"}],"version-history":[{"count":2,"href":"https:\/\/www.pm.pb.gov.br\/portal\/wp-json\/wp\/v2\/posts\/921139\/revisions"}],"predecessor-version":[{"id":921143,"href":"https:\/\/www.pm.pb.gov.br\/portal\/wp-json\/wp\/v2\/posts\/921139\/revisions\/921143"}],"wp:featuredmedia":[{"embeddable":true,"href":"https:\/\/www.pm.pb.gov.br\/portal\/wp-json\/wp\/v2\/media\/921140"}],"wp:attachment":[{"href":"https:\/\/www.pm.pb.gov.br\/portal\/wp-json\/wp\/v2\/media?parent=921139"}],"wp:term":[{"taxonomy":"category","embeddable":true,"href":"https:\/\/www.pm.pb.gov.br\/portal\/wp-json\/wp\/v2\/categories?post=921139"},{"taxonomy":"post_tag","embeddable":true,"href":"https:\/\/www.pm.pb.gov.br\/portal\/wp-json\/wp\/v2\/tags?post=921139"}],"curies":[{"name":"wp","href":"https:\/\/api.w.org\/{rel}","templated":true}]}}