{"id":921079,"date":"2024-02-17T11:27:06","date_gmt":"2024-02-17T14:27:06","guid":{"rendered":"https:\/\/www.pm.pb.gov.br\/portal\/?p=921079"},"modified":"2024-02-17T11:27:09","modified_gmt":"2024-02-17T14:27:09","slug":"fiscalizacoes-de-transito-apreendem-tres-armas-de-fogo-e-31-veiculos-com-escapamentos-irregulares-na-paraiba","status":"publish","type":"post","link":"https:\/\/www.pm.pb.gov.br\/portal\/2024\/02\/17\/fiscalizacoes-de-transito-apreendem-tres-armas-de-fogo-e-31-veiculos-com-escapamentos-irregulares-na-paraiba\/","title":{"rendered":"Fiscaliza\u00e7\u00f5es de tr\u00e2nsito apreendem tr\u00eas armas de fogo e 31 ve\u00edculos com escapamentos irregulares na Para\u00edba"},"content":{"rendered":"\n<p>A Pol\u00edcia Militar apreendeu, entre a tarde desta sexta-feira (16) e primeiras horas deste s\u00e1bado (17), tr\u00eas armas de fogo e 31 ve\u00edculos com escapamentos irregulares em a\u00e7\u00f5es de fiscaliza\u00e7\u00e3o de tr\u00e2nsito realizadas pelo Batalh\u00e3o de Pol\u00edcia de Tr\u00e2nsito Urbano e Rodovi\u00e1rio (BPTran), em Jo\u00e3o Pessoa e Campina Grande.<\/p>\n<p><img loading=\"lazy\" decoding=\"async\" class=\"wp-image-921081 aligncenter\" src=\"http:\/\/www.pm.pb.gov.br\/portal\/wp-content\/uploads\/2024\/02\/BPTran-1-536x445.jpeg\" alt=\"\" width=\"223\" height=\"185\" srcset=\"https:\/\/www.pm.pb.gov.br\/portal\/wp-content\/uploads\/2024\/02\/BPTran-1-536x445.jpeg 536w, https:\/\/www.pm.pb.gov.br\/portal\/wp-content\/uploads\/2024\/02\/BPTran-1-687x570.jpeg 687w, https:\/\/www.pm.pb.gov.br\/portal\/wp-content\/uploads\/2024\/02\/BPTran-1-768x638.jpeg 768w, https:\/\/www.pm.pb.gov.br\/portal\/wp-content\/uploads\/2024\/02\/BPTran-1.jpeg 1284w\" sizes=\"(max-width: 223px) 100vw, 223px\" \/>Na capital, a primeira arma de fogo foi apreendida na tarde de sexta-feira, por equipes do Grupamento T\u00e1tico de Tr\u00e2nsito da 1\u00aa Companhia de Policiamento de Tr\u00e2nsito (1\u00aa CPTran). Em um Checkpoint realizado na avenida Ranieri Mazilli, no bairro do Cristo Redentor, o condutor tentou desfazer-se de um objeto ao avistar a barreira policial. Ele foi abordado e foi constatado que se tratava de uma pistola calibre .380 com 19 muni\u00e7\u00f5es (foto acima).<\/p>\n<p><img loading=\"lazy\" decoding=\"async\" class=\"wp-image-921082 aligncenter\" src=\"http:\/\/www.pm.pb.gov.br\/portal\/wp-content\/uploads\/2024\/02\/BPTran-2-534x445.jpeg\" alt=\"\" width=\"230\" height=\"191\" srcset=\"https:\/\/www.pm.pb.gov.br\/portal\/wp-content\/uploads\/2024\/02\/BPTran-2-534x445.jpeg 534w, https:\/\/www.pm.pb.gov.br\/portal\/wp-content\/uploads\/2024\/02\/BPTran-2-684x570.jpeg 684w, https:\/\/www.pm.pb.gov.br\/portal\/wp-content\/uploads\/2024\/02\/BPTran-2-768x640.jpeg 768w, https:\/\/www.pm.pb.gov.br\/portal\/wp-content\/uploads\/2024\/02\/BPTran-2.jpeg 1284w\" sizes=\"(max-width: 230px) 100vw, 230px\" \/>No in\u00edcio da noite, um segundo condutor foi preso por porte ilegal de arma de fogo. Ele estava com uma pistola calibre 9 mil\u00edmetros com 29 muni\u00e7\u00f5es (foto acima), e foi abordado por militares da 1\u00aa Companhia de Pol\u00edcia Rodovi\u00e1ria (1\u00aa CPRv), tamb\u00e9m durante um Checkpoint na capital. Durante a madrugada deste s\u00e1bado, a terceira arma de fogo foi apreendida com um condutor durante uma blitz realizada pelo BPTran, no bairro Jos\u00e9 Am\u00e9rico. O suspeito foi preso com uma pistola calibre .380 com nove muni\u00e7\u00f5es (foto abaixo).<img loading=\"lazy\" decoding=\"async\" class=\"wp-image-921088 aligncenter\" src=\"http:\/\/www.pm.pb.gov.br\/portal\/wp-content\/uploads\/2024\/02\/BPTran-3-649x445.jpeg\" alt=\"\" width=\"238\" height=\"163\" srcset=\"https:\/\/www.pm.pb.gov.br\/portal\/wp-content\/uploads\/2024\/02\/BPTran-3-649x445.jpeg 649w, https:\/\/www.pm.pb.gov.br\/portal\/wp-content\/uploads\/2024\/02\/BPTran-3-831x570.jpeg 831w, https:\/\/www.pm.pb.gov.br\/portal\/wp-content\/uploads\/2024\/02\/BPTran-3-768x527.jpeg 768w, https:\/\/www.pm.pb.gov.br\/portal\/wp-content\/uploads\/2024\/02\/BPTran-3-130x90.jpeg 130w, https:\/\/www.pm.pb.gov.br\/portal\/wp-content\/uploads\/2024\/02\/BPTran-3.jpeg 1472w\" sizes=\"(max-width: 238px) 100vw, 238px\" \/><\/p>\n<p><strong>Escapamentos irregulares: <\/strong>Em Campina Grande, a PM flagrou 31 (trinta e um) condutores cujos ve\u00edculos possu\u00edam escapamentos irregulares, produzindo assim ru\u00eddos excessivos no tr\u00e2nsito (foto abaixo). O BPTran tem intensificado a\u00e7\u00f5es desta natureza em toda a Para\u00edba, objetivando reprimir tais irregularidades e a perturba\u00e7\u00e3o do sossego que o uso destes equipamentos pode gerar \u00e0 popula\u00e7\u00e3o. As apreens\u00f5es ocorreram durante pontos de bloqueio e rondas policiais naquele munic\u00edpio, e opera\u00e7\u00f5es como esta continuar\u00e3o acontecendo com o intuito de trazer mais tranquilidade aos cidad\u00e3os paraibanos. Lembrando que o uso de escapamento irregular pode gerar multa de R$ 195,23 (cento e noventa e cinco reais e vinte e tr\u00eas centavos), al\u00e9m de cinco pontos na Carteira Nacional de Habilita\u00e7\u00e3o (CNH).<\/p>\n<p><img loading=\"lazy\" decoding=\"async\" class=\" wp-image-921089 aligncenter\" src=\"http:\/\/www.pm.pb.gov.br\/portal\/wp-content\/uploads\/2024\/02\/BPTran-4-472x445.jpeg\" alt=\"\" width=\"360\" height=\"339\" srcset=\"https:\/\/www.pm.pb.gov.br\/portal\/wp-content\/uploads\/2024\/02\/BPTran-4-472x445.jpeg 472w, https:\/\/www.pm.pb.gov.br\/portal\/wp-content\/uploads\/2024\/02\/BPTran-4-604x570.jpeg 604w, https:\/\/www.pm.pb.gov.br\/portal\/wp-content\/uploads\/2024\/02\/BPTran-4-768x724.jpeg 768w, https:\/\/www.pm.pb.gov.br\/portal\/wp-content\/uploads\/2024\/02\/BPTran-4.jpeg 899w\" sizes=\"(max-width: 360px) 100vw, 360px\" \/><\/p>\n","protected":false},"excerpt":{"rendered":"<p>A Pol\u00edcia Militar apreendeu, entre a tarde desta sexta-feira (16) e primeiras horas deste s\u00e1bado (17), tr\u00eas armas de fogo<\/p>\n","protected":false},"author":5,"featured_media":921080,"comment_status":"closed","ping_status":"closed","sticky":false,"template":"","format":"standard","meta":{"_exactmetrics_skip_tracking":false,"_exactmetrics_sitenote_active":false,"_exactmetrics_sitenote_note":"","_exactmetrics_sitenote_category":0,"footnotes":""},"categories":[4],"tags":[],"yoast_head":"<!-- This site is optimized with the Yoast SEO plugin v22.0 - https:\/\/yoast.com\/wordpress\/plugins\/seo\/ -->\n<title>Fiscaliza\u00e7\u00f5es de tr\u00e2nsito apreendem tr\u00eas armas de fogo e 31 ve\u00edculos com escapamentos irregulares na Para\u00edba - Pol\u00edcia Militar da Para\u00edba<\/title>\n<meta name=\"robots\" content=\"index, follow, max-snippet:-1, max-image-preview:large, max-video-preview:-1\" \/>\n<link rel=\"canonical\" href=\"https:\/\/www.pm.pb.gov.br\/portal\/2024\/02\/17\/fiscalizacoes-de-transito-apreendem-tres-armas-de-fogo-e-31-veiculos-com-escapamentos-irregulares-na-paraiba\/\" \/>\n<meta property=\"og:locale\" content=\"pt_BR\" \/>\n<meta property=\"og:type\" content=\"article\" \/>\n<meta property=\"og:title\" content=\"Fiscaliza\u00e7\u00f5es de tr\u00e2nsito apreendem tr\u00eas armas de fogo e 31 ve\u00edculos com escapamentos irregulares na Para\u00edba - Pol\u00edcia Militar da Para\u00edba\" \/>\n<meta property=\"og:description\" content=\"A Pol\u00edcia Militar apreendeu, entre a tarde desta sexta-feira (16) e primeiras horas deste s\u00e1bado (17), tr\u00eas armas de fogo\" \/>\n<meta property=\"og:url\" content=\"https:\/\/www.pm.pb.gov.br\/portal\/2024\/02\/17\/fiscalizacoes-de-transito-apreendem-tres-armas-de-fogo-e-31-veiculos-com-escapamentos-irregulares-na-paraiba\/\" \/>\n<meta property=\"og:site_name\" content=\"Pol\u00edcia Militar da Para\u00edba\" \/>\n<meta property=\"article:published_time\" content=\"2024-02-17T14:27:06+00:00\" \/>\n<meta property=\"article:modified_time\" content=\"2024-02-17T14:27:09+00:00\" \/>\n<meta property=\"og:image\" content=\"http:\/\/www.pm.pb.gov.br\/portal\/wp-content\/uploads\/2024\/02\/Destaque.jpeg\" \/>\n\t<meta property=\"og:image:width\" content=\"1280\" \/>\n\t<meta property=\"og:image:height\" content=\"1054\" \/>\n\t<meta property=\"og:image:type\" content=\"image\/jpeg\" \/>\n<meta name=\"author\" content=\"Assessoria de Imprensa da PMPB\" \/>\n<meta name=\"twitter:card\" content=\"summary_large_image\" \/>\n<meta name=\"twitter:label1\" content=\"Escrito por\" \/>\n\t<meta name=\"twitter:data1\" content=\"Assessoria de Imprensa da PMPB\" \/>\n\t<meta name=\"twitter:label2\" content=\"Est. tempo de leitura\" \/>\n\t<meta name=\"twitter:data2\" content=\"3 minutos\" \/>\n<script type=\"application\/ld+json\" class=\"yoast-schema-graph\">{\"@context\":\"https:\/\/schema.org\",\"@graph\":[{\"@type\":\"Article\",\"@id\":\"https:\/\/www.pm.pb.gov.br\/portal\/2024\/02\/17\/fiscalizacoes-de-transito-apreendem-tres-armas-de-fogo-e-31-veiculos-com-escapamentos-irregulares-na-paraiba\/#article\",\"isPartOf\":{\"@id\":\"https:\/\/www.pm.pb.gov.br\/portal\/2024\/02\/17\/fiscalizacoes-de-transito-apreendem-tres-armas-de-fogo-e-31-veiculos-com-escapamentos-irregulares-na-paraiba\/\"},\"author\":{\"name\":\"Assessoria de Imprensa da PMPB\",\"@id\":\"https:\/\/www.pm.pb.gov.br\/portal\/#\/schema\/person\/e8454f46651c3ecf0e1ba3c1666d9947\"},\"headline\":\"Fiscaliza\u00e7\u00f5es de tr\u00e2nsito apreendem tr\u00eas armas de fogo e 31 ve\u00edculos com escapamentos irregulares na Para\u00edba\",\"datePublished\":\"2024-02-17T14:27:06+00:00\",\"dateModified\":\"2024-02-17T14:27:09+00:00\",\"mainEntityOfPage\":{\"@id\":\"https:\/\/www.pm.pb.gov.br\/portal\/2024\/02\/17\/fiscalizacoes-de-transito-apreendem-tres-armas-de-fogo-e-31-veiculos-com-escapamentos-irregulares-na-paraiba\/\"},\"wordCount\":372,\"publisher\":{\"@id\":\"https:\/\/www.pm.pb.gov.br\/portal\/#organization\"},\"articleSection\":[\"A\u00e7\u00f5es Policiais\"],\"inLanguage\":\"pt-BR\"},{\"@type\":\"WebPage\",\"@id\":\"https:\/\/www.pm.pb.gov.br\/portal\/2024\/02\/17\/fiscalizacoes-de-transito-apreendem-tres-armas-de-fogo-e-31-veiculos-com-escapamentos-irregulares-na-paraiba\/\",\"url\":\"https:\/\/www.pm.pb.gov.br\/portal\/2024\/02\/17\/fiscalizacoes-de-transito-apreendem-tres-armas-de-fogo-e-31-veiculos-com-escapamentos-irregulares-na-paraiba\/\",\"name\":\"Fiscaliza\u00e7\u00f5es de tr\u00e2nsito apreendem tr\u00eas armas de fogo e 31 ve\u00edculos com escapamentos irregulares na Para\u00edba - Pol\u00edcia Militar da Para\u00edba\",\"isPartOf\":{\"@id\":\"https:\/\/www.pm.pb.gov.br\/portal\/#website\"},\"datePublished\":\"2024-02-17T14:27:06+00:00\",\"dateModified\":\"2024-02-17T14:27:09+00:00\",\"breadcrumb\":{\"@id\":\"https:\/\/www.pm.pb.gov.br\/portal\/2024\/02\/17\/fiscalizacoes-de-transito-apreendem-tres-armas-de-fogo-e-31-veiculos-com-escapamentos-irregulares-na-paraiba\/#breadcrumb\"},\"inLanguage\":\"pt-BR\",\"potentialAction\":[{\"@type\":\"ReadAction\",\"target\":[\"https:\/\/www.pm.pb.gov.br\/portal\/2024\/02\/17\/fiscalizacoes-de-transito-apreendem-tres-armas-de-fogo-e-31-veiculos-com-escapamentos-irregulares-na-paraiba\/\"]}]},{\"@type\":\"BreadcrumbList\",\"@id\":\"https:\/\/www.pm.pb.gov.br\/portal\/2024\/02\/17\/fiscalizacoes-de-transito-apreendem-tres-armas-de-fogo-e-31-veiculos-com-escapamentos-irregulares-na-paraiba\/#breadcrumb\",\"itemListElement\":[{\"@type\":\"ListItem\",\"position\":1,\"name\":\"In\u00edcio\",\"item\":\"https:\/\/www.pm.pb.gov.br\/portal\/\"},{\"@type\":\"ListItem\",\"position\":2,\"name\":\"Fiscaliza\u00e7\u00f5es de tr\u00e2nsito apreendem tr\u00eas armas de fogo e 31 ve\u00edculos com escapamentos irregulares na Para\u00edba\"}]},{\"@type\":\"WebSite\",\"@id\":\"https:\/\/www.pm.pb.gov.br\/portal\/#website\",\"url\":\"https:\/\/www.pm.pb.gov.br\/portal\/\",\"name\":\"Pol\u00edcia Militar da Para\u00edba\",\"description\":\"\",\"publisher\":{\"@id\":\"https:\/\/www.pm.pb.gov.br\/portal\/#organization\"},\"potentialAction\":[{\"@type\":\"SearchAction\",\"target\":{\"@type\":\"EntryPoint\",\"urlTemplate\":\"https:\/\/www.pm.pb.gov.br\/portal\/?s={search_term_string}\"},\"query-input\":\"required name=search_term_string\"}],\"inLanguage\":\"pt-BR\"},{\"@type\":\"Organization\",\"@id\":\"https:\/\/www.pm.pb.gov.br\/portal\/#organization\",\"name\":\"Pol\u00edcia Militar da Para\u00edba\",\"url\":\"https:\/\/www.pm.pb.gov.br\/portal\/\",\"logo\":{\"@type\":\"ImageObject\",\"inLanguage\":\"pt-BR\",\"@id\":\"https:\/\/www.pm.pb.gov.br\/portal\/#\/schema\/logo\/image\/\",\"url\":\"https:\/\/www.pm.pb.gov.br\/portal\/wp-content\/uploads\/2025\/03\/cropped-logo-site-mag2-1.png\",\"contentUrl\":\"https:\/\/www.pm.pb.gov.br\/portal\/wp-content\/uploads\/2025\/03\/cropped-logo-site-mag2-1.png\",\"width\":320,\"height\":90,\"caption\":\"Pol\u00edcia Militar da Para\u00edba\"},\"image\":{\"@id\":\"https:\/\/www.pm.pb.gov.br\/portal\/#\/schema\/logo\/image\/\"}},{\"@type\":\"Person\",\"@id\":\"https:\/\/www.pm.pb.gov.br\/portal\/#\/schema\/person\/e8454f46651c3ecf0e1ba3c1666d9947\",\"name\":\"Assessoria de Imprensa da PMPB\",\"image\":{\"@type\":\"ImageObject\",\"inLanguage\":\"pt-BR\",\"@id\":\"https:\/\/www.pm.pb.gov.br\/portal\/#\/schema\/person\/image\/\",\"url\":\"https:\/\/secure.gravatar.com\/avatar\/2efe197438265d1e90bd98c4c8e1acf8?s=96&d=mm&r=g\",\"contentUrl\":\"https:\/\/secure.gravatar.com\/avatar\/2efe197438265d1e90bd98c4c8e1acf8?s=96&d=mm&r=g\",\"caption\":\"Assessoria de Imprensa da PMPB\"},\"url\":\"https:\/\/www.pm.pb.gov.br\/portal\/author\/assessoria\/\"}]}<\/script>\n<!-- \/ Yoast SEO plugin. -->","yoast_head_json":{"title":"Fiscaliza\u00e7\u00f5es de tr\u00e2nsito apreendem tr\u00eas armas de fogo e 31 ve\u00edculos com escapamentos irregulares na Para\u00edba - Pol\u00edcia Militar da Para\u00edba","robots":{"index":"index","follow":"follow","max-snippet":"max-snippet:-1","max-image-preview":"max-image-preview:large","max-video-preview":"max-video-preview:-1"},"canonical":"https:\/\/www.pm.pb.gov.br\/portal\/2024\/02\/17\/fiscalizacoes-de-transito-apreendem-tres-armas-de-fogo-e-31-veiculos-com-escapamentos-irregulares-na-paraiba\/","og_locale":"pt_BR","og_type":"article","og_title":"Fiscaliza\u00e7\u00f5es de tr\u00e2nsito apreendem tr\u00eas armas de fogo e 31 ve\u00edculos com escapamentos irregulares na Para\u00edba - Pol\u00edcia Militar da Para\u00edba","og_description":"A Pol\u00edcia Militar apreendeu, entre a tarde desta sexta-feira (16) e primeiras horas deste s\u00e1bado (17), tr\u00eas armas de fogo","og_url":"https:\/\/www.pm.pb.gov.br\/portal\/2024\/02\/17\/fiscalizacoes-de-transito-apreendem-tres-armas-de-fogo-e-31-veiculos-com-escapamentos-irregulares-na-paraiba\/","og_site_name":"Pol\u00edcia Militar da Para\u00edba","article_published_time":"2024-02-17T14:27:06+00:00","article_modified_time":"2024-02-17T14:27:09+00:00","og_image":[{"width":1280,"height":1054,"url":"http:\/\/www.pm.pb.gov.br\/portal\/wp-content\/uploads\/2024\/02\/Destaque.jpeg","type":"image\/jpeg"}],"author":"Assessoria de Imprensa da PMPB","twitter_card":"summary_large_image","twitter_misc":{"Escrito por":"Assessoria de Imprensa da PMPB","Est. tempo de leitura":"3 minutos"},"schema":{"@context":"https:\/\/schema.org","@graph":[{"@type":"Article","@id":"https:\/\/www.pm.pb.gov.br\/portal\/2024\/02\/17\/fiscalizacoes-de-transito-apreendem-tres-armas-de-fogo-e-31-veiculos-com-escapamentos-irregulares-na-paraiba\/#article","isPartOf":{"@id":"https:\/\/www.pm.pb.gov.br\/portal\/2024\/02\/17\/fiscalizacoes-de-transito-apreendem-tres-armas-de-fogo-e-31-veiculos-com-escapamentos-irregulares-na-paraiba\/"},"author":{"name":"Assessoria de Imprensa da PMPB","@id":"https:\/\/www.pm.pb.gov.br\/portal\/#\/schema\/person\/e8454f46651c3ecf0e1ba3c1666d9947"},"headline":"Fiscaliza\u00e7\u00f5es de tr\u00e2nsito apreendem tr\u00eas armas de fogo e 31 ve\u00edculos com escapamentos irregulares na Para\u00edba","datePublished":"2024-02-17T14:27:06+00:00","dateModified":"2024-02-17T14:27:09+00:00","mainEntityOfPage":{"@id":"https:\/\/www.pm.pb.gov.br\/portal\/2024\/02\/17\/fiscalizacoes-de-transito-apreendem-tres-armas-de-fogo-e-31-veiculos-com-escapamentos-irregulares-na-paraiba\/"},"wordCount":372,"publisher":{"@id":"https:\/\/www.pm.pb.gov.br\/portal\/#organization"},"articleSection":["A\u00e7\u00f5es Policiais"],"inLanguage":"pt-BR"},{"@type":"WebPage","@id":"https:\/\/www.pm.pb.gov.br\/portal\/2024\/02\/17\/fiscalizacoes-de-transito-apreendem-tres-armas-de-fogo-e-31-veiculos-com-escapamentos-irregulares-na-paraiba\/","url":"https:\/\/www.pm.pb.gov.br\/portal\/2024\/02\/17\/fiscalizacoes-de-transito-apreendem-tres-armas-de-fogo-e-31-veiculos-com-escapamentos-irregulares-na-paraiba\/","name":"Fiscaliza\u00e7\u00f5es de tr\u00e2nsito apreendem tr\u00eas armas de fogo e 31 ve\u00edculos com escapamentos irregulares na Para\u00edba - Pol\u00edcia Militar da Para\u00edba","isPartOf":{"@id":"https:\/\/www.pm.pb.gov.br\/portal\/#website"},"datePublished":"2024-02-17T14:27:06+00:00","dateModified":"2024-02-17T14:27:09+00:00","breadcrumb":{"@id":"https:\/\/www.pm.pb.gov.br\/portal\/2024\/02\/17\/fiscalizacoes-de-transito-apreendem-tres-armas-de-fogo-e-31-veiculos-com-escapamentos-irregulares-na-paraiba\/#breadcrumb"},"inLanguage":"pt-BR","potentialAction":[{"@type":"ReadAction","target":["https:\/\/www.pm.pb.gov.br\/portal\/2024\/02\/17\/fiscalizacoes-de-transito-apreendem-tres-armas-de-fogo-e-31-veiculos-com-escapamentos-irregulares-na-paraiba\/"]}]},{"@type":"BreadcrumbList","@id":"https:\/\/www.pm.pb.gov.br\/portal\/2024\/02\/17\/fiscalizacoes-de-transito-apreendem-tres-armas-de-fogo-e-31-veiculos-com-escapamentos-irregulares-na-paraiba\/#breadcrumb","itemListElement":[{"@type":"ListItem","position":1,"name":"In\u00edcio","item":"https:\/\/www.pm.pb.gov.br\/portal\/"},{"@type":"ListItem","position":2,"name":"Fiscaliza\u00e7\u00f5es de tr\u00e2nsito apreendem tr\u00eas armas de fogo e 31 ve\u00edculos com escapamentos irregulares na Para\u00edba"}]},{"@type":"WebSite","@id":"https:\/\/www.pm.pb.gov.br\/portal\/#website","url":"https:\/\/www.pm.pb.gov.br\/portal\/","name":"Pol\u00edcia Militar da Para\u00edba","description":"","publisher":{"@id":"https:\/\/www.pm.pb.gov.br\/portal\/#organization"},"potentialAction":[{"@type":"SearchAction","target":{"@type":"EntryPoint","urlTemplate":"https:\/\/www.pm.pb.gov.br\/portal\/?s={search_term_string}"},"query-input":"required name=search_term_string"}],"inLanguage":"pt-BR"},{"@type":"Organization","@id":"https:\/\/www.pm.pb.gov.br\/portal\/#organization","name":"Pol\u00edcia Militar da Para\u00edba","url":"https:\/\/www.pm.pb.gov.br\/portal\/","logo":{"@type":"ImageObject","inLanguage":"pt-BR","@id":"https:\/\/www.pm.pb.gov.br\/portal\/#\/schema\/logo\/image\/","url":"https:\/\/www.pm.pb.gov.br\/portal\/wp-content\/uploads\/2025\/03\/cropped-logo-site-mag2-1.png","contentUrl":"https:\/\/www.pm.pb.gov.br\/portal\/wp-content\/uploads\/2025\/03\/cropped-logo-site-mag2-1.png","width":320,"height":90,"caption":"Pol\u00edcia Militar da Para\u00edba"},"image":{"@id":"https:\/\/www.pm.pb.gov.br\/portal\/#\/schema\/logo\/image\/"}},{"@type":"Person","@id":"https:\/\/www.pm.pb.gov.br\/portal\/#\/schema\/person\/e8454f46651c3ecf0e1ba3c1666d9947","name":"Assessoria de Imprensa da PMPB","image":{"@type":"ImageObject","inLanguage":"pt-BR","@id":"https:\/\/www.pm.pb.gov.br\/portal\/#\/schema\/person\/image\/","url":"https:\/\/secure.gravatar.com\/avatar\/2efe197438265d1e90bd98c4c8e1acf8?s=96&d=mm&r=g","contentUrl":"https:\/\/secure.gravatar.com\/avatar\/2efe197438265d1e90bd98c4c8e1acf8?s=96&d=mm&r=g","caption":"Assessoria de Imprensa da PMPB"},"url":"https:\/\/www.pm.pb.gov.br\/portal\/author\/assessoria\/"}]}},"_links":{"self":[{"href":"https:\/\/www.pm.pb.gov.br\/portal\/wp-json\/wp\/v2\/posts\/921079"}],"collection":[{"href":"https:\/\/www.pm.pb.gov.br\/portal\/wp-json\/wp\/v2\/posts"}],"about":[{"href":"https:\/\/www.pm.pb.gov.br\/portal\/wp-json\/wp\/v2\/types\/post"}],"author":[{"embeddable":true,"href":"https:\/\/www.pm.pb.gov.br\/portal\/wp-json\/wp\/v2\/users\/5"}],"replies":[{"embeddable":true,"href":"https:\/\/www.pm.pb.gov.br\/portal\/wp-json\/wp\/v2\/comments?post=921079"}],"version-history":[{"count":18,"href":"https:\/\/www.pm.pb.gov.br\/portal\/wp-json\/wp\/v2\/posts\/921079\/revisions"}],"predecessor-version":[{"id":921109,"href":"https:\/\/www.pm.pb.gov.br\/portal\/wp-json\/wp\/v2\/posts\/921079\/revisions\/921109"}],"wp:featuredmedia":[{"embeddable":true,"href":"https:\/\/www.pm.pb.gov.br\/portal\/wp-json\/wp\/v2\/media\/921080"}],"wp:attachment":[{"href":"https:\/\/www.pm.pb.gov.br\/portal\/wp-json\/wp\/v2\/media?parent=921079"}],"wp:term":[{"taxonomy":"category","embeddable":true,"href":"https:\/\/www.pm.pb.gov.br\/portal\/wp-json\/wp\/v2\/categories?post=921079"},{"taxonomy":"post_tag","embeddable":true,"href":"https:\/\/www.pm.pb.gov.br\/portal\/wp-json\/wp\/v2\/tags?post=921079"}],"curies":[{"name":"wp","href":"https:\/\/api.w.org\/{rel}","templated":true}]}}