{"id":921074,"date":"2024-02-16T17:30:36","date_gmt":"2024-02-16T20:30:36","guid":{"rendered":"https:\/\/www.pm.pb.gov.br\/portal\/?p=921074"},"modified":"2024-02-16T17:30:38","modified_gmt":"2024-02-16T20:30:38","slug":"prevencao-policia-militar-apreende-armas-de-fogo-em-campina-grande-e-em-santa-helena","status":"publish","type":"post","link":"https:\/\/www.pm.pb.gov.br\/portal\/2024\/02\/16\/prevencao-policia-militar-apreende-armas-de-fogo-em-campina-grande-e-em-santa-helena\/","title":{"rendered":"PREVEN\u00c7\u00c3O: Pol\u00edcia Militar apreende armas de fogo em Campina Grande e em Santa Helena"},"content":{"rendered":"\n<p>A Pol\u00edcia Militar apreendeu duas armas de fogo que estavam ilegais nas cidades de Campina Grande e Cajazeiras, nesta sexta-feira (16). Uma espingarda calibre 12, um rev\u00f3lver e muni\u00e7\u00f5es foram apreendidas, e os acusados presos.<\/p>\n<p>Em Campina Grande, um ex-presidi\u00e1rio que j\u00e1 havia cumprido pena por viol\u00eancia dom\u00e9stica, foi localizado em via p\u00fablica com uma espingarda calibre 12, no bairro Sandra Cavalcante (foto acima). O acusado foi abordado por um policial militar de folga, que acionou a Radiopatrulha detendo o indiv\u00edduo em uma a\u00e7\u00e3o conjunta do 10\u00ba Batalh\u00e3o e Esquadr\u00e3o de Pol\u00edcia Montada (3\u00ba EPMont).<\/p>\n<p><img loading=\"lazy\" decoding=\"async\" class=\"size-medium wp-image-921075 aligncenter\" src=\"http:\/\/www.pm.pb.gov.br\/portal\/wp-content\/uploads\/2024\/02\/WhatsApp-Image-2024-02-16-at-14.35.16-334x445.jpeg\" alt=\"\" width=\"334\" height=\"445\" srcset=\"https:\/\/www.pm.pb.gov.br\/portal\/wp-content\/uploads\/2024\/02\/WhatsApp-Image-2024-02-16-at-14.35.16-334x445.jpeg 334w, https:\/\/www.pm.pb.gov.br\/portal\/wp-content\/uploads\/2024\/02\/WhatsApp-Image-2024-02-16-at-14.35.16-428x570.jpeg 428w, https:\/\/www.pm.pb.gov.br\/portal\/wp-content\/uploads\/2024\/02\/WhatsApp-Image-2024-02-16-at-14.35.16-768x1023.jpeg 768w, https:\/\/www.pm.pb.gov.br\/portal\/wp-content\/uploads\/2024\/02\/WhatsApp-Image-2024-02-16-at-14.35.16.jpeg 868w\" sizes=\"(max-width: 334px) 100vw, 334px\" \/><\/p>\n<p>J\u00e1 em Santa Helena no Sert\u00e3o, na regi\u00e3o de Cajazeiras, um homem foi preso com um rev\u00f3lver calibre 38 com muni\u00e7\u00f5es (foto acima). Ele foi localizado pelos policiais do 6\u00ba Batalh\u00e3o na regi\u00e3o de um s\u00edtio, ap\u00f3s a PM receber den\u00fancias.<\/p>\n<p>As ocorr\u00eancias foram encaminhadas para as delegacias para os procedimentos cab\u00edveis e devida autua\u00e7\u00e3o dos acusados.<\/p>\n\n\n","protected":false},"excerpt":{"rendered":"<p>A Pol\u00edcia Militar apreendeu duas armas de fogo que estavam ilegais nas cidades de Campina Grande e Cajazeiras, nesta sexta-feira<\/p>\n","protected":false},"author":12,"featured_media":921076,"comment_status":"closed","ping_status":"closed","sticky":false,"template":"","format":"standard","meta":{"_exactmetrics_skip_tracking":false,"_exactmetrics_sitenote_active":false,"_exactmetrics_sitenote_note":"","_exactmetrics_sitenote_category":0,"footnotes":""},"categories":[4],"tags":[],"yoast_head":"<!-- This site is optimized with the Yoast SEO plugin v22.0 - https:\/\/yoast.com\/wordpress\/plugins\/seo\/ -->\n<title>PREVEN\u00c7\u00c3O: Pol\u00edcia Militar apreende armas de fogo em Campina Grande e em Santa Helena - Pol\u00edcia Militar da Para\u00edba<\/title>\n<meta name=\"robots\" content=\"index, follow, max-snippet:-1, max-image-preview:large, max-video-preview:-1\" \/>\n<link rel=\"canonical\" href=\"https:\/\/www.pm.pb.gov.br\/portal\/2024\/02\/16\/prevencao-policia-militar-apreende-armas-de-fogo-em-campina-grande-e-em-santa-helena\/\" \/>\n<meta property=\"og:locale\" content=\"pt_BR\" \/>\n<meta property=\"og:type\" content=\"article\" \/>\n<meta property=\"og:title\" content=\"PREVEN\u00c7\u00c3O: Pol\u00edcia Militar apreende armas de fogo em Campina Grande e em Santa Helena - Pol\u00edcia Militar da Para\u00edba\" \/>\n<meta property=\"og:description\" content=\"A Pol\u00edcia Militar apreendeu duas armas de fogo que estavam ilegais nas cidades de Campina Grande e Cajazeiras, nesta sexta-feira\" \/>\n<meta property=\"og:url\" content=\"https:\/\/www.pm.pb.gov.br\/portal\/2024\/02\/16\/prevencao-policia-militar-apreende-armas-de-fogo-em-campina-grande-e-em-santa-helena\/\" \/>\n<meta property=\"og:site_name\" content=\"Pol\u00edcia Militar da Para\u00edba\" \/>\n<meta property=\"article:published_time\" content=\"2024-02-16T20:30:36+00:00\" \/>\n<meta property=\"article:modified_time\" content=\"2024-02-16T20:30:38+00:00\" \/>\n<meta property=\"og:image\" content=\"http:\/\/www.pm.pb.gov.br\/portal\/wp-content\/uploads\/2024\/02\/armas.jpeg\" \/>\n\t<meta property=\"og:image:width\" content=\"800\" \/>\n\t<meta property=\"og:image:height\" content=\"445\" \/>\n\t<meta property=\"og:image:type\" content=\"image\/jpeg\" \/>\n<meta name=\"author\" content=\"Tarcisio Oliveira\" \/>\n<meta name=\"twitter:card\" content=\"summary_large_image\" \/>\n<meta name=\"twitter:label1\" content=\"Escrito por\" \/>\n\t<meta name=\"twitter:data1\" content=\"Tarcisio Oliveira\" \/>\n\t<meta name=\"twitter:label2\" content=\"Est. tempo de leitura\" \/>\n\t<meta name=\"twitter:data2\" content=\"2 minutos\" \/>\n<script type=\"application\/ld+json\" class=\"yoast-schema-graph\">{\"@context\":\"https:\/\/schema.org\",\"@graph\":[{\"@type\":\"Article\",\"@id\":\"https:\/\/www.pm.pb.gov.br\/portal\/2024\/02\/16\/prevencao-policia-militar-apreende-armas-de-fogo-em-campina-grande-e-em-santa-helena\/#article\",\"isPartOf\":{\"@id\":\"https:\/\/www.pm.pb.gov.br\/portal\/2024\/02\/16\/prevencao-policia-militar-apreende-armas-de-fogo-em-campina-grande-e-em-santa-helena\/\"},\"author\":{\"name\":\"Tarcisio Oliveira\",\"@id\":\"https:\/\/www.pm.pb.gov.br\/portal\/#\/schema\/person\/f84f56dcc78ce4357054da888b8247fd\"},\"headline\":\"PREVEN\u00c7\u00c3O: Pol\u00edcia Militar apreende armas de fogo em Campina Grande e em Santa Helena\",\"datePublished\":\"2024-02-16T20:30:36+00:00\",\"dateModified\":\"2024-02-16T20:30:38+00:00\",\"mainEntityOfPage\":{\"@id\":\"https:\/\/www.pm.pb.gov.br\/portal\/2024\/02\/16\/prevencao-policia-militar-apreende-armas-de-fogo-em-campina-grande-e-em-santa-helena\/\"},\"wordCount\":185,\"publisher\":{\"@id\":\"https:\/\/www.pm.pb.gov.br\/portal\/#organization\"},\"articleSection\":[\"A\u00e7\u00f5es Policiais\"],\"inLanguage\":\"pt-BR\"},{\"@type\":\"WebPage\",\"@id\":\"https:\/\/www.pm.pb.gov.br\/portal\/2024\/02\/16\/prevencao-policia-militar-apreende-armas-de-fogo-em-campina-grande-e-em-santa-helena\/\",\"url\":\"https:\/\/www.pm.pb.gov.br\/portal\/2024\/02\/16\/prevencao-policia-militar-apreende-armas-de-fogo-em-campina-grande-e-em-santa-helena\/\",\"name\":\"PREVEN\u00c7\u00c3O: Pol\u00edcia Militar apreende armas de fogo em Campina Grande e em Santa Helena - Pol\u00edcia Militar da Para\u00edba\",\"isPartOf\":{\"@id\":\"https:\/\/www.pm.pb.gov.br\/portal\/#website\"},\"datePublished\":\"2024-02-16T20:30:36+00:00\",\"dateModified\":\"2024-02-16T20:30:38+00:00\",\"breadcrumb\":{\"@id\":\"https:\/\/www.pm.pb.gov.br\/portal\/2024\/02\/16\/prevencao-policia-militar-apreende-armas-de-fogo-em-campina-grande-e-em-santa-helena\/#breadcrumb\"},\"inLanguage\":\"pt-BR\",\"potentialAction\":[{\"@type\":\"ReadAction\",\"target\":[\"https:\/\/www.pm.pb.gov.br\/portal\/2024\/02\/16\/prevencao-policia-militar-apreende-armas-de-fogo-em-campina-grande-e-em-santa-helena\/\"]}]},{\"@type\":\"BreadcrumbList\",\"@id\":\"https:\/\/www.pm.pb.gov.br\/portal\/2024\/02\/16\/prevencao-policia-militar-apreende-armas-de-fogo-em-campina-grande-e-em-santa-helena\/#breadcrumb\",\"itemListElement\":[{\"@type\":\"ListItem\",\"position\":1,\"name\":\"In\u00edcio\",\"item\":\"https:\/\/www.pm.pb.gov.br\/portal\/\"},{\"@type\":\"ListItem\",\"position\":2,\"name\":\"PREVEN\u00c7\u00c3O: Pol\u00edcia Militar apreende armas de fogo em Campina Grande e em Santa Helena\"}]},{\"@type\":\"WebSite\",\"@id\":\"https:\/\/www.pm.pb.gov.br\/portal\/#website\",\"url\":\"https:\/\/www.pm.pb.gov.br\/portal\/\",\"name\":\"Pol\u00edcia Militar da Para\u00edba\",\"description\":\"\",\"publisher\":{\"@id\":\"https:\/\/www.pm.pb.gov.br\/portal\/#organization\"},\"potentialAction\":[{\"@type\":\"SearchAction\",\"target\":{\"@type\":\"EntryPoint\",\"urlTemplate\":\"https:\/\/www.pm.pb.gov.br\/portal\/?s={search_term_string}\"},\"query-input\":\"required name=search_term_string\"}],\"inLanguage\":\"pt-BR\"},{\"@type\":\"Organization\",\"@id\":\"https:\/\/www.pm.pb.gov.br\/portal\/#organization\",\"name\":\"Pol\u00edcia Militar da Para\u00edba\",\"url\":\"https:\/\/www.pm.pb.gov.br\/portal\/\",\"logo\":{\"@type\":\"ImageObject\",\"inLanguage\":\"pt-BR\",\"@id\":\"https:\/\/www.pm.pb.gov.br\/portal\/#\/schema\/logo\/image\/\",\"url\":\"https:\/\/www.pm.pb.gov.br\/portal\/wp-content\/uploads\/2025\/03\/cropped-logo-site-mag2-1.png\",\"contentUrl\":\"https:\/\/www.pm.pb.gov.br\/portal\/wp-content\/uploads\/2025\/03\/cropped-logo-site-mag2-1.png\",\"width\":320,\"height\":90,\"caption\":\"Pol\u00edcia Militar da Para\u00edba\"},\"image\":{\"@id\":\"https:\/\/www.pm.pb.gov.br\/portal\/#\/schema\/logo\/image\/\"}},{\"@type\":\"Person\",\"@id\":\"https:\/\/www.pm.pb.gov.br\/portal\/#\/schema\/person\/f84f56dcc78ce4357054da888b8247fd\",\"name\":\"Tarcisio Oliveira\",\"image\":{\"@type\":\"ImageObject\",\"inLanguage\":\"pt-BR\",\"@id\":\"https:\/\/www.pm.pb.gov.br\/portal\/#\/schema\/person\/image\/\",\"url\":\"https:\/\/secure.gravatar.com\/avatar\/72917b630b69d31cd0297507f34bac97?s=96&d=mm&r=g\",\"contentUrl\":\"https:\/\/secure.gravatar.com\/avatar\/72917b630b69d31cd0297507f34bac97?s=96&d=mm&r=g\",\"caption\":\"Tarcisio Oliveira\"},\"url\":\"https:\/\/www.pm.pb.gov.br\/portal\/author\/tarcisio\/\"}]}<\/script>\n<!-- \/ Yoast SEO plugin. -->","yoast_head_json":{"title":"PREVEN\u00c7\u00c3O: Pol\u00edcia Militar apreende armas de fogo em Campina Grande e em Santa Helena - Pol\u00edcia Militar da Para\u00edba","robots":{"index":"index","follow":"follow","max-snippet":"max-snippet:-1","max-image-preview":"max-image-preview:large","max-video-preview":"max-video-preview:-1"},"canonical":"https:\/\/www.pm.pb.gov.br\/portal\/2024\/02\/16\/prevencao-policia-militar-apreende-armas-de-fogo-em-campina-grande-e-em-santa-helena\/","og_locale":"pt_BR","og_type":"article","og_title":"PREVEN\u00c7\u00c3O: Pol\u00edcia Militar apreende armas de fogo em Campina Grande e em Santa Helena - Pol\u00edcia Militar da Para\u00edba","og_description":"A Pol\u00edcia Militar apreendeu duas armas de fogo que estavam ilegais nas cidades de Campina Grande e Cajazeiras, nesta sexta-feira","og_url":"https:\/\/www.pm.pb.gov.br\/portal\/2024\/02\/16\/prevencao-policia-militar-apreende-armas-de-fogo-em-campina-grande-e-em-santa-helena\/","og_site_name":"Pol\u00edcia Militar da Para\u00edba","article_published_time":"2024-02-16T20:30:36+00:00","article_modified_time":"2024-02-16T20:30:38+00:00","og_image":[{"width":800,"height":445,"url":"http:\/\/www.pm.pb.gov.br\/portal\/wp-content\/uploads\/2024\/02\/armas.jpeg","type":"image\/jpeg"}],"author":"Tarcisio Oliveira","twitter_card":"summary_large_image","twitter_misc":{"Escrito por":"Tarcisio Oliveira","Est. tempo de leitura":"2 minutos"},"schema":{"@context":"https:\/\/schema.org","@graph":[{"@type":"Article","@id":"https:\/\/www.pm.pb.gov.br\/portal\/2024\/02\/16\/prevencao-policia-militar-apreende-armas-de-fogo-em-campina-grande-e-em-santa-helena\/#article","isPartOf":{"@id":"https:\/\/www.pm.pb.gov.br\/portal\/2024\/02\/16\/prevencao-policia-militar-apreende-armas-de-fogo-em-campina-grande-e-em-santa-helena\/"},"author":{"name":"Tarcisio Oliveira","@id":"https:\/\/www.pm.pb.gov.br\/portal\/#\/schema\/person\/f84f56dcc78ce4357054da888b8247fd"},"headline":"PREVEN\u00c7\u00c3O: Pol\u00edcia Militar apreende armas de fogo em Campina Grande e em Santa Helena","datePublished":"2024-02-16T20:30:36+00:00","dateModified":"2024-02-16T20:30:38+00:00","mainEntityOfPage":{"@id":"https:\/\/www.pm.pb.gov.br\/portal\/2024\/02\/16\/prevencao-policia-militar-apreende-armas-de-fogo-em-campina-grande-e-em-santa-helena\/"},"wordCount":185,"publisher":{"@id":"https:\/\/www.pm.pb.gov.br\/portal\/#organization"},"articleSection":["A\u00e7\u00f5es Policiais"],"inLanguage":"pt-BR"},{"@type":"WebPage","@id":"https:\/\/www.pm.pb.gov.br\/portal\/2024\/02\/16\/prevencao-policia-militar-apreende-armas-de-fogo-em-campina-grande-e-em-santa-helena\/","url":"https:\/\/www.pm.pb.gov.br\/portal\/2024\/02\/16\/prevencao-policia-militar-apreende-armas-de-fogo-em-campina-grande-e-em-santa-helena\/","name":"PREVEN\u00c7\u00c3O: Pol\u00edcia Militar apreende armas de fogo em Campina Grande e em Santa Helena - Pol\u00edcia Militar da Para\u00edba","isPartOf":{"@id":"https:\/\/www.pm.pb.gov.br\/portal\/#website"},"datePublished":"2024-02-16T20:30:36+00:00","dateModified":"2024-02-16T20:30:38+00:00","breadcrumb":{"@id":"https:\/\/www.pm.pb.gov.br\/portal\/2024\/02\/16\/prevencao-policia-militar-apreende-armas-de-fogo-em-campina-grande-e-em-santa-helena\/#breadcrumb"},"inLanguage":"pt-BR","potentialAction":[{"@type":"ReadAction","target":["https:\/\/www.pm.pb.gov.br\/portal\/2024\/02\/16\/prevencao-policia-militar-apreende-armas-de-fogo-em-campina-grande-e-em-santa-helena\/"]}]},{"@type":"BreadcrumbList","@id":"https:\/\/www.pm.pb.gov.br\/portal\/2024\/02\/16\/prevencao-policia-militar-apreende-armas-de-fogo-em-campina-grande-e-em-santa-helena\/#breadcrumb","itemListElement":[{"@type":"ListItem","position":1,"name":"In\u00edcio","item":"https:\/\/www.pm.pb.gov.br\/portal\/"},{"@type":"ListItem","position":2,"name":"PREVEN\u00c7\u00c3O: Pol\u00edcia Militar apreende armas de fogo em Campina Grande e em Santa Helena"}]},{"@type":"WebSite","@id":"https:\/\/www.pm.pb.gov.br\/portal\/#website","url":"https:\/\/www.pm.pb.gov.br\/portal\/","name":"Pol\u00edcia Militar da Para\u00edba","description":"","publisher":{"@id":"https:\/\/www.pm.pb.gov.br\/portal\/#organization"},"potentialAction":[{"@type":"SearchAction","target":{"@type":"EntryPoint","urlTemplate":"https:\/\/www.pm.pb.gov.br\/portal\/?s={search_term_string}"},"query-input":"required name=search_term_string"}],"inLanguage":"pt-BR"},{"@type":"Organization","@id":"https:\/\/www.pm.pb.gov.br\/portal\/#organization","name":"Pol\u00edcia Militar da Para\u00edba","url":"https:\/\/www.pm.pb.gov.br\/portal\/","logo":{"@type":"ImageObject","inLanguage":"pt-BR","@id":"https:\/\/www.pm.pb.gov.br\/portal\/#\/schema\/logo\/image\/","url":"https:\/\/www.pm.pb.gov.br\/portal\/wp-content\/uploads\/2025\/03\/cropped-logo-site-mag2-1.png","contentUrl":"https:\/\/www.pm.pb.gov.br\/portal\/wp-content\/uploads\/2025\/03\/cropped-logo-site-mag2-1.png","width":320,"height":90,"caption":"Pol\u00edcia Militar da Para\u00edba"},"image":{"@id":"https:\/\/www.pm.pb.gov.br\/portal\/#\/schema\/logo\/image\/"}},{"@type":"Person","@id":"https:\/\/www.pm.pb.gov.br\/portal\/#\/schema\/person\/f84f56dcc78ce4357054da888b8247fd","name":"Tarcisio Oliveira","image":{"@type":"ImageObject","inLanguage":"pt-BR","@id":"https:\/\/www.pm.pb.gov.br\/portal\/#\/schema\/person\/image\/","url":"https:\/\/secure.gravatar.com\/avatar\/72917b630b69d31cd0297507f34bac97?s=96&d=mm&r=g","contentUrl":"https:\/\/secure.gravatar.com\/avatar\/72917b630b69d31cd0297507f34bac97?s=96&d=mm&r=g","caption":"Tarcisio Oliveira"},"url":"https:\/\/www.pm.pb.gov.br\/portal\/author\/tarcisio\/"}]}},"_links":{"self":[{"href":"https:\/\/www.pm.pb.gov.br\/portal\/wp-json\/wp\/v2\/posts\/921074"}],"collection":[{"href":"https:\/\/www.pm.pb.gov.br\/portal\/wp-json\/wp\/v2\/posts"}],"about":[{"href":"https:\/\/www.pm.pb.gov.br\/portal\/wp-json\/wp\/v2\/types\/post"}],"author":[{"embeddable":true,"href":"https:\/\/www.pm.pb.gov.br\/portal\/wp-json\/wp\/v2\/users\/12"}],"replies":[{"embeddable":true,"href":"https:\/\/www.pm.pb.gov.br\/portal\/wp-json\/wp\/v2\/comments?post=921074"}],"version-history":[{"count":1,"href":"https:\/\/www.pm.pb.gov.br\/portal\/wp-json\/wp\/v2\/posts\/921074\/revisions"}],"predecessor-version":[{"id":921077,"href":"https:\/\/www.pm.pb.gov.br\/portal\/wp-json\/wp\/v2\/posts\/921074\/revisions\/921077"}],"wp:featuredmedia":[{"embeddable":true,"href":"https:\/\/www.pm.pb.gov.br\/portal\/wp-json\/wp\/v2\/media\/921076"}],"wp:attachment":[{"href":"https:\/\/www.pm.pb.gov.br\/portal\/wp-json\/wp\/v2\/media?parent=921074"}],"wp:term":[{"taxonomy":"category","embeddable":true,"href":"https:\/\/www.pm.pb.gov.br\/portal\/wp-json\/wp\/v2\/categories?post=921074"},{"taxonomy":"post_tag","embeddable":true,"href":"https:\/\/www.pm.pb.gov.br\/portal\/wp-json\/wp\/v2\/tags?post=921074"}],"curies":[{"name":"wp","href":"https:\/\/api.w.org\/{rel}","templated":true}]}}