{"id":921069,"date":"2024-02-16T08:56:00","date_gmt":"2024-02-16T11:56:00","guid":{"rendered":"https:\/\/www.pm.pb.gov.br\/portal\/?p=921069"},"modified":"2024-02-16T14:58:48","modified_gmt":"2024-02-16T17:58:48","slug":"policia-militar-desarticula-ponto-de-trafico-em-bayeux-e-retira-das-ruas-mais-uma-arma-de-fogo","status":"publish","type":"post","link":"https:\/\/www.pm.pb.gov.br\/portal\/2024\/02\/16\/policia-militar-desarticula-ponto-de-trafico-em-bayeux-e-retira-das-ruas-mais-uma-arma-de-fogo\/","title":{"rendered":"Pol\u00edcia Militar desarticula ponto de tr\u00e1fico em Bayeux e retira das ruas mais uma arma de fogo"},"content":{"rendered":"\n<p>Nesta quinta-feira (15) a Pol\u00edcia Militar conseguiu desarticular um ponto de tr\u00e1fico de drogas e prender um acusado em flagrante com uma arma de fogo no centro de Bayeux (foto acima ilustrativa).<\/p>\n<p>Policiais da For\u00e7a T\u00e1tica da 4\u00aa Companhia Independente estavam em rondas no Centro de Bayeux, quando conseguiram deter um indiv\u00edduo em flagrante que estava traficando entorpecentes. Durante a busca, os policiais encontraram um rev\u00f3lver calibre 38 municiado, v\u00e1rias por\u00e7\u00f5es de subst\u00e2ncias an\u00e1logas \u00e0 maconha, coca\u00edna, haxixe, al\u00e9m de uma balan\u00e7a de precis\u00e3o com todo aparato utilizado no tr\u00e1fico de drogas daquela localidade.<\/p>\n<p><img loading=\"lazy\" decoding=\"async\" class=\"size-medium wp-image-921070 aligncenter\" src=\"http:\/\/www.pm.pb.gov.br\/portal\/wp-content\/uploads\/2024\/02\/WhatsApp-Image-2024-02-16-at-09.53.55-446x445.jpeg\" alt=\"\" width=\"446\" height=\"445\" srcset=\"https:\/\/www.pm.pb.gov.br\/portal\/wp-content\/uploads\/2024\/02\/WhatsApp-Image-2024-02-16-at-09.53.55-446x445.jpeg 446w, https:\/\/www.pm.pb.gov.br\/portal\/wp-content\/uploads\/2024\/02\/WhatsApp-Image-2024-02-16-at-09.53.55-571x570.jpeg 571w, https:\/\/www.pm.pb.gov.br\/portal\/wp-content\/uploads\/2024\/02\/WhatsApp-Image-2024-02-16-at-09.53.55-768x766.jpeg 768w, https:\/\/www.pm.pb.gov.br\/portal\/wp-content\/uploads\/2024\/02\/WhatsApp-Image-2024-02-16-at-09.53.55-1536x1532.jpeg 1536w, https:\/\/www.pm.pb.gov.br\/portal\/wp-content\/uploads\/2024\/02\/WhatsApp-Image-2024-02-16-at-09.53.55-150x150.jpeg 150w, https:\/\/www.pm.pb.gov.br\/portal\/wp-content\/uploads\/2024\/02\/WhatsApp-Image-2024-02-16-at-09.53.55.jpeg 1600w\" sizes=\"(max-width: 446px) 100vw, 446px\" \/><\/p>\n<p>O indiv\u00edduo e o material apreendido foram conduzidos at\u00e9 \u00e0 6\u00aa Delegacia Distrital da cidade de Santa Rita para os procedimentos cab\u00edveis.<\/p>\n","protected":false},"excerpt":{"rendered":"<p>Nesta quinta-feira (15) a Pol\u00edcia Militar conseguiu desarticular um ponto de tr\u00e1fico de drogas e prender um acusado em flagrante<\/p>\n","protected":false},"author":12,"featured_media":905134,"comment_status":"closed","ping_status":"closed","sticky":false,"template":"","format":"standard","meta":{"_exactmetrics_skip_tracking":false,"_exactmetrics_sitenote_active":false,"_exactmetrics_sitenote_note":"","_exactmetrics_sitenote_category":0,"footnotes":""},"categories":[4],"tags":[],"yoast_head":"<!-- This site is optimized with the Yoast SEO plugin v22.0 - https:\/\/yoast.com\/wordpress\/plugins\/seo\/ -->\n<title>Pol\u00edcia Militar desarticula ponto de tr\u00e1fico em Bayeux e retira das ruas mais uma arma de fogo - Pol\u00edcia Militar da Para\u00edba<\/title>\n<meta name=\"description\" content=\"A\u00e7\u00e3o pode ter impedido novos delitos j\u00e1 que arma de fogo e muni\u00e7\u00f5es foram apreendidas com acusado.\" \/>\n<meta name=\"robots\" content=\"index, follow, max-snippet:-1, max-image-preview:large, max-video-preview:-1\" \/>\n<link rel=\"canonical\" href=\"https:\/\/www.pm.pb.gov.br\/portal\/2024\/02\/16\/policia-militar-desarticula-ponto-de-trafico-em-bayeux-e-retira-das-ruas-mais-uma-arma-de-fogo\/\" \/>\n<meta property=\"og:locale\" content=\"pt_BR\" \/>\n<meta property=\"og:type\" content=\"article\" \/>\n<meta property=\"og:title\" content=\"Pol\u00edcia Militar desarticula ponto de tr\u00e1fico em Bayeux e retira das ruas mais uma arma de fogo - Pol\u00edcia Militar da Para\u00edba\" \/>\n<meta property=\"og:description\" content=\"A\u00e7\u00e3o pode ter impedido novos delitos j\u00e1 que arma de fogo e muni\u00e7\u00f5es foram apreendidas com acusado.\" \/>\n<meta property=\"og:url\" content=\"https:\/\/www.pm.pb.gov.br\/portal\/2024\/02\/16\/policia-militar-desarticula-ponto-de-trafico-em-bayeux-e-retira-das-ruas-mais-uma-arma-de-fogo\/\" \/>\n<meta property=\"og:site_name\" content=\"Pol\u00edcia Militar da Para\u00edba\" \/>\n<meta property=\"article:published_time\" content=\"2024-02-16T11:56:00+00:00\" \/>\n<meta property=\"article:modified_time\" content=\"2024-02-16T17:58:48+00:00\" \/>\n<meta property=\"og:image\" content=\"http:\/\/www.pm.pb.gov.br\/portal\/wp-content\/uploads\/2020\/05\/bayeux.jpeg\" \/>\n\t<meta property=\"og:image:width\" content=\"800\" \/>\n\t<meta property=\"og:image:height\" content=\"445\" \/>\n\t<meta property=\"og:image:type\" content=\"image\/jpeg\" \/>\n<meta name=\"author\" content=\"Tarcisio Oliveira\" \/>\n<meta name=\"twitter:card\" content=\"summary_large_image\" \/>\n<meta name=\"twitter:label1\" content=\"Escrito por\" \/>\n\t<meta name=\"twitter:data1\" content=\"Tarcisio Oliveira\" \/>\n\t<meta name=\"twitter:label2\" content=\"Est. tempo de leitura\" \/>\n\t<meta name=\"twitter:data2\" content=\"2 minutos\" \/>\n<script type=\"application\/ld+json\" class=\"yoast-schema-graph\">{\"@context\":\"https:\/\/schema.org\",\"@graph\":[{\"@type\":\"Article\",\"@id\":\"https:\/\/www.pm.pb.gov.br\/portal\/2024\/02\/16\/policia-militar-desarticula-ponto-de-trafico-em-bayeux-e-retira-das-ruas-mais-uma-arma-de-fogo\/#article\",\"isPartOf\":{\"@id\":\"https:\/\/www.pm.pb.gov.br\/portal\/2024\/02\/16\/policia-militar-desarticula-ponto-de-trafico-em-bayeux-e-retira-das-ruas-mais-uma-arma-de-fogo\/\"},\"author\":{\"name\":\"Tarcisio Oliveira\",\"@id\":\"https:\/\/www.pm.pb.gov.br\/portal\/#\/schema\/person\/f84f56dcc78ce4357054da888b8247fd\"},\"headline\":\"Pol\u00edcia Militar desarticula ponto de tr\u00e1fico em Bayeux e retira das ruas mais uma arma de fogo\",\"datePublished\":\"2024-02-16T11:56:00+00:00\",\"dateModified\":\"2024-02-16T17:58:48+00:00\",\"mainEntityOfPage\":{\"@id\":\"https:\/\/www.pm.pb.gov.br\/portal\/2024\/02\/16\/policia-militar-desarticula-ponto-de-trafico-em-bayeux-e-retira-das-ruas-mais-uma-arma-de-fogo\/\"},\"wordCount\":146,\"publisher\":{\"@id\":\"https:\/\/www.pm.pb.gov.br\/portal\/#organization\"},\"articleSection\":[\"A\u00e7\u00f5es Policiais\"],\"inLanguage\":\"pt-BR\"},{\"@type\":\"WebPage\",\"@id\":\"https:\/\/www.pm.pb.gov.br\/portal\/2024\/02\/16\/policia-militar-desarticula-ponto-de-trafico-em-bayeux-e-retira-das-ruas-mais-uma-arma-de-fogo\/\",\"url\":\"https:\/\/www.pm.pb.gov.br\/portal\/2024\/02\/16\/policia-militar-desarticula-ponto-de-trafico-em-bayeux-e-retira-das-ruas-mais-uma-arma-de-fogo\/\",\"name\":\"Pol\u00edcia Militar desarticula ponto de tr\u00e1fico em Bayeux e retira das ruas mais uma arma de fogo - Pol\u00edcia Militar da Para\u00edba\",\"isPartOf\":{\"@id\":\"https:\/\/www.pm.pb.gov.br\/portal\/#website\"},\"datePublished\":\"2024-02-16T11:56:00+00:00\",\"dateModified\":\"2024-02-16T17:58:48+00:00\",\"description\":\"A\u00e7\u00e3o pode ter impedido novos delitos j\u00e1 que arma de fogo e muni\u00e7\u00f5es foram apreendidas com acusado.\",\"breadcrumb\":{\"@id\":\"https:\/\/www.pm.pb.gov.br\/portal\/2024\/02\/16\/policia-militar-desarticula-ponto-de-trafico-em-bayeux-e-retira-das-ruas-mais-uma-arma-de-fogo\/#breadcrumb\"},\"inLanguage\":\"pt-BR\",\"potentialAction\":[{\"@type\":\"ReadAction\",\"target\":[\"https:\/\/www.pm.pb.gov.br\/portal\/2024\/02\/16\/policia-militar-desarticula-ponto-de-trafico-em-bayeux-e-retira-das-ruas-mais-uma-arma-de-fogo\/\"]}]},{\"@type\":\"BreadcrumbList\",\"@id\":\"https:\/\/www.pm.pb.gov.br\/portal\/2024\/02\/16\/policia-militar-desarticula-ponto-de-trafico-em-bayeux-e-retira-das-ruas-mais-uma-arma-de-fogo\/#breadcrumb\",\"itemListElement\":[{\"@type\":\"ListItem\",\"position\":1,\"name\":\"In\u00edcio\",\"item\":\"https:\/\/www.pm.pb.gov.br\/portal\/\"},{\"@type\":\"ListItem\",\"position\":2,\"name\":\"Pol\u00edcia Militar desarticula ponto de tr\u00e1fico em Bayeux e retira das ruas mais uma arma de fogo\"}]},{\"@type\":\"WebSite\",\"@id\":\"https:\/\/www.pm.pb.gov.br\/portal\/#website\",\"url\":\"https:\/\/www.pm.pb.gov.br\/portal\/\",\"name\":\"Pol\u00edcia Militar da Para\u00edba\",\"description\":\"\",\"publisher\":{\"@id\":\"https:\/\/www.pm.pb.gov.br\/portal\/#organization\"},\"potentialAction\":[{\"@type\":\"SearchAction\",\"target\":{\"@type\":\"EntryPoint\",\"urlTemplate\":\"https:\/\/www.pm.pb.gov.br\/portal\/?s={search_term_string}\"},\"query-input\":\"required name=search_term_string\"}],\"inLanguage\":\"pt-BR\"},{\"@type\":\"Organization\",\"@id\":\"https:\/\/www.pm.pb.gov.br\/portal\/#organization\",\"name\":\"Pol\u00edcia Militar da Para\u00edba\",\"url\":\"https:\/\/www.pm.pb.gov.br\/portal\/\",\"logo\":{\"@type\":\"ImageObject\",\"inLanguage\":\"pt-BR\",\"@id\":\"https:\/\/www.pm.pb.gov.br\/portal\/#\/schema\/logo\/image\/\",\"url\":\"https:\/\/www.pm.pb.gov.br\/portal\/wp-content\/uploads\/2025\/03\/cropped-logo-site-mag2-1.png\",\"contentUrl\":\"https:\/\/www.pm.pb.gov.br\/portal\/wp-content\/uploads\/2025\/03\/cropped-logo-site-mag2-1.png\",\"width\":320,\"height\":90,\"caption\":\"Pol\u00edcia Militar da Para\u00edba\"},\"image\":{\"@id\":\"https:\/\/www.pm.pb.gov.br\/portal\/#\/schema\/logo\/image\/\"}},{\"@type\":\"Person\",\"@id\":\"https:\/\/www.pm.pb.gov.br\/portal\/#\/schema\/person\/f84f56dcc78ce4357054da888b8247fd\",\"name\":\"Tarcisio Oliveira\",\"image\":{\"@type\":\"ImageObject\",\"inLanguage\":\"pt-BR\",\"@id\":\"https:\/\/www.pm.pb.gov.br\/portal\/#\/schema\/person\/image\/\",\"url\":\"https:\/\/secure.gravatar.com\/avatar\/72917b630b69d31cd0297507f34bac97?s=96&d=mm&r=g\",\"contentUrl\":\"https:\/\/secure.gravatar.com\/avatar\/72917b630b69d31cd0297507f34bac97?s=96&d=mm&r=g\",\"caption\":\"Tarcisio Oliveira\"},\"url\":\"https:\/\/www.pm.pb.gov.br\/portal\/author\/tarcisio\/\"}]}<\/script>\n<!-- \/ Yoast SEO plugin. -->","yoast_head_json":{"title":"Pol\u00edcia Militar desarticula ponto de tr\u00e1fico em Bayeux e retira das ruas mais uma arma de fogo - Pol\u00edcia Militar da Para\u00edba","description":"A\u00e7\u00e3o pode ter impedido novos delitos j\u00e1 que arma de fogo e muni\u00e7\u00f5es foram apreendidas com acusado.","robots":{"index":"index","follow":"follow","max-snippet":"max-snippet:-1","max-image-preview":"max-image-preview:large","max-video-preview":"max-video-preview:-1"},"canonical":"https:\/\/www.pm.pb.gov.br\/portal\/2024\/02\/16\/policia-militar-desarticula-ponto-de-trafico-em-bayeux-e-retira-das-ruas-mais-uma-arma-de-fogo\/","og_locale":"pt_BR","og_type":"article","og_title":"Pol\u00edcia Militar desarticula ponto de tr\u00e1fico em Bayeux e retira das ruas mais uma arma de fogo - Pol\u00edcia Militar da Para\u00edba","og_description":"A\u00e7\u00e3o pode ter impedido novos delitos j\u00e1 que arma de fogo e muni\u00e7\u00f5es foram apreendidas com acusado.","og_url":"https:\/\/www.pm.pb.gov.br\/portal\/2024\/02\/16\/policia-militar-desarticula-ponto-de-trafico-em-bayeux-e-retira-das-ruas-mais-uma-arma-de-fogo\/","og_site_name":"Pol\u00edcia Militar da Para\u00edba","article_published_time":"2024-02-16T11:56:00+00:00","article_modified_time":"2024-02-16T17:58:48+00:00","og_image":[{"width":800,"height":445,"url":"http:\/\/www.pm.pb.gov.br\/portal\/wp-content\/uploads\/2020\/05\/bayeux.jpeg","type":"image\/jpeg"}],"author":"Tarcisio Oliveira","twitter_card":"summary_large_image","twitter_misc":{"Escrito por":"Tarcisio Oliveira","Est. tempo de leitura":"2 minutos"},"schema":{"@context":"https:\/\/schema.org","@graph":[{"@type":"Article","@id":"https:\/\/www.pm.pb.gov.br\/portal\/2024\/02\/16\/policia-militar-desarticula-ponto-de-trafico-em-bayeux-e-retira-das-ruas-mais-uma-arma-de-fogo\/#article","isPartOf":{"@id":"https:\/\/www.pm.pb.gov.br\/portal\/2024\/02\/16\/policia-militar-desarticula-ponto-de-trafico-em-bayeux-e-retira-das-ruas-mais-uma-arma-de-fogo\/"},"author":{"name":"Tarcisio Oliveira","@id":"https:\/\/www.pm.pb.gov.br\/portal\/#\/schema\/person\/f84f56dcc78ce4357054da888b8247fd"},"headline":"Pol\u00edcia Militar desarticula ponto de tr\u00e1fico em Bayeux e retira das ruas mais uma arma de fogo","datePublished":"2024-02-16T11:56:00+00:00","dateModified":"2024-02-16T17:58:48+00:00","mainEntityOfPage":{"@id":"https:\/\/www.pm.pb.gov.br\/portal\/2024\/02\/16\/policia-militar-desarticula-ponto-de-trafico-em-bayeux-e-retira-das-ruas-mais-uma-arma-de-fogo\/"},"wordCount":146,"publisher":{"@id":"https:\/\/www.pm.pb.gov.br\/portal\/#organization"},"articleSection":["A\u00e7\u00f5es Policiais"],"inLanguage":"pt-BR"},{"@type":"WebPage","@id":"https:\/\/www.pm.pb.gov.br\/portal\/2024\/02\/16\/policia-militar-desarticula-ponto-de-trafico-em-bayeux-e-retira-das-ruas-mais-uma-arma-de-fogo\/","url":"https:\/\/www.pm.pb.gov.br\/portal\/2024\/02\/16\/policia-militar-desarticula-ponto-de-trafico-em-bayeux-e-retira-das-ruas-mais-uma-arma-de-fogo\/","name":"Pol\u00edcia Militar desarticula ponto de tr\u00e1fico em Bayeux e retira das ruas mais uma arma de fogo - Pol\u00edcia Militar da Para\u00edba","isPartOf":{"@id":"https:\/\/www.pm.pb.gov.br\/portal\/#website"},"datePublished":"2024-02-16T11:56:00+00:00","dateModified":"2024-02-16T17:58:48+00:00","description":"A\u00e7\u00e3o pode ter impedido novos delitos j\u00e1 que arma de fogo e muni\u00e7\u00f5es foram apreendidas com acusado.","breadcrumb":{"@id":"https:\/\/www.pm.pb.gov.br\/portal\/2024\/02\/16\/policia-militar-desarticula-ponto-de-trafico-em-bayeux-e-retira-das-ruas-mais-uma-arma-de-fogo\/#breadcrumb"},"inLanguage":"pt-BR","potentialAction":[{"@type":"ReadAction","target":["https:\/\/www.pm.pb.gov.br\/portal\/2024\/02\/16\/policia-militar-desarticula-ponto-de-trafico-em-bayeux-e-retira-das-ruas-mais-uma-arma-de-fogo\/"]}]},{"@type":"BreadcrumbList","@id":"https:\/\/www.pm.pb.gov.br\/portal\/2024\/02\/16\/policia-militar-desarticula-ponto-de-trafico-em-bayeux-e-retira-das-ruas-mais-uma-arma-de-fogo\/#breadcrumb","itemListElement":[{"@type":"ListItem","position":1,"name":"In\u00edcio","item":"https:\/\/www.pm.pb.gov.br\/portal\/"},{"@type":"ListItem","position":2,"name":"Pol\u00edcia Militar desarticula ponto de tr\u00e1fico em Bayeux e retira das ruas mais uma arma de fogo"}]},{"@type":"WebSite","@id":"https:\/\/www.pm.pb.gov.br\/portal\/#website","url":"https:\/\/www.pm.pb.gov.br\/portal\/","name":"Pol\u00edcia Militar da Para\u00edba","description":"","publisher":{"@id":"https:\/\/www.pm.pb.gov.br\/portal\/#organization"},"potentialAction":[{"@type":"SearchAction","target":{"@type":"EntryPoint","urlTemplate":"https:\/\/www.pm.pb.gov.br\/portal\/?s={search_term_string}"},"query-input":"required name=search_term_string"}],"inLanguage":"pt-BR"},{"@type":"Organization","@id":"https:\/\/www.pm.pb.gov.br\/portal\/#organization","name":"Pol\u00edcia Militar da Para\u00edba","url":"https:\/\/www.pm.pb.gov.br\/portal\/","logo":{"@type":"ImageObject","inLanguage":"pt-BR","@id":"https:\/\/www.pm.pb.gov.br\/portal\/#\/schema\/logo\/image\/","url":"https:\/\/www.pm.pb.gov.br\/portal\/wp-content\/uploads\/2025\/03\/cropped-logo-site-mag2-1.png","contentUrl":"https:\/\/www.pm.pb.gov.br\/portal\/wp-content\/uploads\/2025\/03\/cropped-logo-site-mag2-1.png","width":320,"height":90,"caption":"Pol\u00edcia Militar da Para\u00edba"},"image":{"@id":"https:\/\/www.pm.pb.gov.br\/portal\/#\/schema\/logo\/image\/"}},{"@type":"Person","@id":"https:\/\/www.pm.pb.gov.br\/portal\/#\/schema\/person\/f84f56dcc78ce4357054da888b8247fd","name":"Tarcisio Oliveira","image":{"@type":"ImageObject","inLanguage":"pt-BR","@id":"https:\/\/www.pm.pb.gov.br\/portal\/#\/schema\/person\/image\/","url":"https:\/\/secure.gravatar.com\/avatar\/72917b630b69d31cd0297507f34bac97?s=96&d=mm&r=g","contentUrl":"https:\/\/secure.gravatar.com\/avatar\/72917b630b69d31cd0297507f34bac97?s=96&d=mm&r=g","caption":"Tarcisio Oliveira"},"url":"https:\/\/www.pm.pb.gov.br\/portal\/author\/tarcisio\/"}]}},"_links":{"self":[{"href":"https:\/\/www.pm.pb.gov.br\/portal\/wp-json\/wp\/v2\/posts\/921069"}],"collection":[{"href":"https:\/\/www.pm.pb.gov.br\/portal\/wp-json\/wp\/v2\/posts"}],"about":[{"href":"https:\/\/www.pm.pb.gov.br\/portal\/wp-json\/wp\/v2\/types\/post"}],"author":[{"embeddable":true,"href":"https:\/\/www.pm.pb.gov.br\/portal\/wp-json\/wp\/v2\/users\/12"}],"replies":[{"embeddable":true,"href":"https:\/\/www.pm.pb.gov.br\/portal\/wp-json\/wp\/v2\/comments?post=921069"}],"version-history":[{"count":1,"href":"https:\/\/www.pm.pb.gov.br\/portal\/wp-json\/wp\/v2\/posts\/921069\/revisions"}],"predecessor-version":[{"id":921071,"href":"https:\/\/www.pm.pb.gov.br\/portal\/wp-json\/wp\/v2\/posts\/921069\/revisions\/921071"}],"wp:featuredmedia":[{"embeddable":true,"href":"https:\/\/www.pm.pb.gov.br\/portal\/wp-json\/wp\/v2\/media\/905134"}],"wp:attachment":[{"href":"https:\/\/www.pm.pb.gov.br\/portal\/wp-json\/wp\/v2\/media?parent=921069"}],"wp:term":[{"taxonomy":"category","embeddable":true,"href":"https:\/\/www.pm.pb.gov.br\/portal\/wp-json\/wp\/v2\/categories?post=921069"},{"taxonomy":"post_tag","embeddable":true,"href":"https:\/\/www.pm.pb.gov.br\/portal\/wp-json\/wp\/v2\/tags?post=921069"}],"curies":[{"name":"wp","href":"https:\/\/api.w.org\/{rel}","templated":true}]}}