{"id":921064,"date":"2024-02-16T06:14:00","date_gmt":"2024-02-16T09:14:00","guid":{"rendered":"https:\/\/www.pm.pb.gov.br\/portal\/?p=921064"},"modified":"2024-02-16T14:16:22","modified_gmt":"2024-02-16T17:16:22","slug":"em-monteiro-policia-militar-desarticula-ponto-de-trafico-prende-trio-e-apreende-armas-de-fogo-e-entorpecentes","status":"publish","type":"post","link":"https:\/\/www.pm.pb.gov.br\/portal\/2024\/02\/16\/em-monteiro-policia-militar-desarticula-ponto-de-trafico-prende-trio-e-apreende-armas-de-fogo-e-entorpecentes\/","title":{"rendered":"Em Monteiro, Pol\u00edcia Militar desarticula ponto de tr\u00e1fico, prende trio e apreende armas de fogo e entorpecentes"},"content":{"rendered":"\n<p>A Pol\u00edcia Militar desarticulou um ponto de tr\u00e1fico de drogas e apreendeu duas armas de fogo, muni\u00e7\u00f5es e entorpecentes que estavam com tr\u00eas acusados. A a\u00e7\u00e3o ocorreu na noite da \u00faltima quinta-feira (15) na cidade de Monteiro, que fica no Cariri do estado (foto acima ilustrativa).<\/p>\n<p>De acordo com o 11\u00ba Batalh\u00e3o, unidade respons\u00e1vel pela pris\u00e3o, os acusados foram flagrados no bairro Alto S\u00e3o Vicente, mas tentaram fugir e foram alcan\u00e7ados pela PM. Os tr\u00eas suspeitos correram para um ponto onde estava uma espingarda calibre 12, um rev\u00f3lver calibre 38, muni\u00e7\u00f5es de ambas as armas, sete cart\u00f5es de cr\u00e9dito, 168 unidades de subst\u00e2ncias an\u00e1logas ao crack, sete aves silvestres, um aparelho celular e mais de R$ 200 em dinheiro.<\/p>\n<p><img loading=\"lazy\" decoding=\"async\" class=\"size-medium wp-image-921065 aligncenter\" src=\"http:\/\/www.pm.pb.gov.br\/portal\/wp-content\/uploads\/2024\/02\/WhatsApp-Image-2024-02-16-at-14.24.33-334x445.jpeg\" alt=\"\" width=\"334\" height=\"445\" srcset=\"https:\/\/www.pm.pb.gov.br\/portal\/wp-content\/uploads\/2024\/02\/WhatsApp-Image-2024-02-16-at-14.24.33-334x445.jpeg 334w, https:\/\/www.pm.pb.gov.br\/portal\/wp-content\/uploads\/2024\/02\/WhatsApp-Image-2024-02-16-at-14.24.33-428x570.jpeg 428w, https:\/\/www.pm.pb.gov.br\/portal\/wp-content\/uploads\/2024\/02\/WhatsApp-Image-2024-02-16-at-14.24.33-768x1024.jpeg 768w, https:\/\/www.pm.pb.gov.br\/portal\/wp-content\/uploads\/2024\/02\/WhatsApp-Image-2024-02-16-at-14.24.33.jpeg 960w\" sizes=\"(max-width: 334px) 100vw, 334px\" \/><\/p>\n<p>Diante dos fatos, os suspeitos e todo o material apreendido foram conduzidos \u00e0 Delegacia de Pol\u00edcia Civil de Monteiro para os procedimentos cab\u00edveis.<\/p>\n\n\n","protected":false},"excerpt":{"rendered":"<p>A Pol\u00edcia Militar desarticulou um ponto de tr\u00e1fico de drogas e apreendeu duas armas de fogo, muni\u00e7\u00f5es e entorpecentes que<\/p>\n","protected":false},"author":12,"featured_media":920332,"comment_status":"closed","ping_status":"closed","sticky":false,"template":"","format":"standard","meta":{"_exactmetrics_skip_tracking":false,"_exactmetrics_sitenote_active":false,"_exactmetrics_sitenote_note":"","_exactmetrics_sitenote_category":0,"footnotes":""},"categories":[4],"tags":[],"yoast_head":"<!-- This site is optimized with the Yoast SEO plugin v22.0 - https:\/\/yoast.com\/wordpress\/plugins\/seo\/ -->\n<title>Em Monteiro, Pol\u00edcia Militar desarticula ponto de tr\u00e1fico, prende trio e apreende armas de fogo e entorpecentes - Pol\u00edcia Militar da Para\u00edba<\/title>\n<meta name=\"robots\" content=\"index, follow, max-snippet:-1, max-image-preview:large, max-video-preview:-1\" \/>\n<link rel=\"canonical\" href=\"https:\/\/www.pm.pb.gov.br\/portal\/2024\/02\/16\/em-monteiro-policia-militar-desarticula-ponto-de-trafico-prende-trio-e-apreende-armas-de-fogo-e-entorpecentes\/\" \/>\n<meta property=\"og:locale\" content=\"pt_BR\" \/>\n<meta property=\"og:type\" content=\"article\" \/>\n<meta property=\"og:title\" content=\"Em Monteiro, Pol\u00edcia Militar desarticula ponto de tr\u00e1fico, prende trio e apreende armas de fogo e entorpecentes - Pol\u00edcia Militar da Para\u00edba\" \/>\n<meta property=\"og:description\" content=\"A Pol\u00edcia Militar desarticulou um ponto de tr\u00e1fico de drogas e apreendeu duas armas de fogo, muni\u00e7\u00f5es e entorpecentes que\" \/>\n<meta property=\"og:url\" content=\"https:\/\/www.pm.pb.gov.br\/portal\/2024\/02\/16\/em-monteiro-policia-militar-desarticula-ponto-de-trafico-prende-trio-e-apreende-armas-de-fogo-e-entorpecentes\/\" \/>\n<meta property=\"og:site_name\" content=\"Pol\u00edcia Militar da Para\u00edba\" \/>\n<meta property=\"article:published_time\" content=\"2024-02-16T09:14:00+00:00\" \/>\n<meta property=\"article:modified_time\" content=\"2024-02-16T17:16:22+00:00\" \/>\n<meta property=\"og:image\" content=\"http:\/\/www.pm.pb.gov.br\/portal\/wp-content\/uploads\/2024\/01\/11bpm1.jpeg\" \/>\n\t<meta property=\"og:image:width\" content=\"800\" \/>\n\t<meta property=\"og:image:height\" content=\"445\" \/>\n\t<meta property=\"og:image:type\" content=\"image\/jpeg\" \/>\n<meta name=\"author\" content=\"Tarcisio Oliveira\" \/>\n<meta name=\"twitter:card\" content=\"summary_large_image\" \/>\n<meta name=\"twitter:label1\" content=\"Escrito por\" \/>\n\t<meta name=\"twitter:data1\" content=\"Tarcisio Oliveira\" \/>\n\t<meta name=\"twitter:label2\" content=\"Est. tempo de leitura\" \/>\n\t<meta name=\"twitter:data2\" content=\"2 minutos\" \/>\n<script type=\"application\/ld+json\" class=\"yoast-schema-graph\">{\"@context\":\"https:\/\/schema.org\",\"@graph\":[{\"@type\":\"Article\",\"@id\":\"https:\/\/www.pm.pb.gov.br\/portal\/2024\/02\/16\/em-monteiro-policia-militar-desarticula-ponto-de-trafico-prende-trio-e-apreende-armas-de-fogo-e-entorpecentes\/#article\",\"isPartOf\":{\"@id\":\"https:\/\/www.pm.pb.gov.br\/portal\/2024\/02\/16\/em-monteiro-policia-militar-desarticula-ponto-de-trafico-prende-trio-e-apreende-armas-de-fogo-e-entorpecentes\/\"},\"author\":{\"name\":\"Tarcisio Oliveira\",\"@id\":\"https:\/\/www.pm.pb.gov.br\/portal\/#\/schema\/person\/f84f56dcc78ce4357054da888b8247fd\"},\"headline\":\"Em Monteiro, Pol\u00edcia Militar desarticula ponto de tr\u00e1fico, prende trio e apreende armas de fogo e entorpecentes\",\"datePublished\":\"2024-02-16T09:14:00+00:00\",\"dateModified\":\"2024-02-16T17:16:22+00:00\",\"mainEntityOfPage\":{\"@id\":\"https:\/\/www.pm.pb.gov.br\/portal\/2024\/02\/16\/em-monteiro-policia-militar-desarticula-ponto-de-trafico-prende-trio-e-apreende-armas-de-fogo-e-entorpecentes\/\"},\"wordCount\":173,\"publisher\":{\"@id\":\"https:\/\/www.pm.pb.gov.br\/portal\/#organization\"},\"articleSection\":[\"A\u00e7\u00f5es Policiais\"],\"inLanguage\":\"pt-BR\"},{\"@type\":\"WebPage\",\"@id\":\"https:\/\/www.pm.pb.gov.br\/portal\/2024\/02\/16\/em-monteiro-policia-militar-desarticula-ponto-de-trafico-prende-trio-e-apreende-armas-de-fogo-e-entorpecentes\/\",\"url\":\"https:\/\/www.pm.pb.gov.br\/portal\/2024\/02\/16\/em-monteiro-policia-militar-desarticula-ponto-de-trafico-prende-trio-e-apreende-armas-de-fogo-e-entorpecentes\/\",\"name\":\"Em Monteiro, Pol\u00edcia Militar desarticula ponto de tr\u00e1fico, prende trio e apreende armas de fogo e entorpecentes - Pol\u00edcia Militar da Para\u00edba\",\"isPartOf\":{\"@id\":\"https:\/\/www.pm.pb.gov.br\/portal\/#website\"},\"datePublished\":\"2024-02-16T09:14:00+00:00\",\"dateModified\":\"2024-02-16T17:16:22+00:00\",\"breadcrumb\":{\"@id\":\"https:\/\/www.pm.pb.gov.br\/portal\/2024\/02\/16\/em-monteiro-policia-militar-desarticula-ponto-de-trafico-prende-trio-e-apreende-armas-de-fogo-e-entorpecentes\/#breadcrumb\"},\"inLanguage\":\"pt-BR\",\"potentialAction\":[{\"@type\":\"ReadAction\",\"target\":[\"https:\/\/www.pm.pb.gov.br\/portal\/2024\/02\/16\/em-monteiro-policia-militar-desarticula-ponto-de-trafico-prende-trio-e-apreende-armas-de-fogo-e-entorpecentes\/\"]}]},{\"@type\":\"BreadcrumbList\",\"@id\":\"https:\/\/www.pm.pb.gov.br\/portal\/2024\/02\/16\/em-monteiro-policia-militar-desarticula-ponto-de-trafico-prende-trio-e-apreende-armas-de-fogo-e-entorpecentes\/#breadcrumb\",\"itemListElement\":[{\"@type\":\"ListItem\",\"position\":1,\"name\":\"In\u00edcio\",\"item\":\"https:\/\/www.pm.pb.gov.br\/portal\/\"},{\"@type\":\"ListItem\",\"position\":2,\"name\":\"Em Monteiro, Pol\u00edcia Militar desarticula ponto de tr\u00e1fico, prende trio e apreende armas de fogo e entorpecentes\"}]},{\"@type\":\"WebSite\",\"@id\":\"https:\/\/www.pm.pb.gov.br\/portal\/#website\",\"url\":\"https:\/\/www.pm.pb.gov.br\/portal\/\",\"name\":\"Pol\u00edcia Militar da Para\u00edba\",\"description\":\"\",\"publisher\":{\"@id\":\"https:\/\/www.pm.pb.gov.br\/portal\/#organization\"},\"potentialAction\":[{\"@type\":\"SearchAction\",\"target\":{\"@type\":\"EntryPoint\",\"urlTemplate\":\"https:\/\/www.pm.pb.gov.br\/portal\/?s={search_term_string}\"},\"query-input\":\"required name=search_term_string\"}],\"inLanguage\":\"pt-BR\"},{\"@type\":\"Organization\",\"@id\":\"https:\/\/www.pm.pb.gov.br\/portal\/#organization\",\"name\":\"Pol\u00edcia Militar da Para\u00edba\",\"url\":\"https:\/\/www.pm.pb.gov.br\/portal\/\",\"logo\":{\"@type\":\"ImageObject\",\"inLanguage\":\"pt-BR\",\"@id\":\"https:\/\/www.pm.pb.gov.br\/portal\/#\/schema\/logo\/image\/\",\"url\":\"https:\/\/www.pm.pb.gov.br\/portal\/wp-content\/uploads\/2025\/03\/cropped-logo-site-mag2-1.png\",\"contentUrl\":\"https:\/\/www.pm.pb.gov.br\/portal\/wp-content\/uploads\/2025\/03\/cropped-logo-site-mag2-1.png\",\"width\":320,\"height\":90,\"caption\":\"Pol\u00edcia Militar da Para\u00edba\"},\"image\":{\"@id\":\"https:\/\/www.pm.pb.gov.br\/portal\/#\/schema\/logo\/image\/\"}},{\"@type\":\"Person\",\"@id\":\"https:\/\/www.pm.pb.gov.br\/portal\/#\/schema\/person\/f84f56dcc78ce4357054da888b8247fd\",\"name\":\"Tarcisio Oliveira\",\"image\":{\"@type\":\"ImageObject\",\"inLanguage\":\"pt-BR\",\"@id\":\"https:\/\/www.pm.pb.gov.br\/portal\/#\/schema\/person\/image\/\",\"url\":\"https:\/\/secure.gravatar.com\/avatar\/72917b630b69d31cd0297507f34bac97?s=96&d=mm&r=g\",\"contentUrl\":\"https:\/\/secure.gravatar.com\/avatar\/72917b630b69d31cd0297507f34bac97?s=96&d=mm&r=g\",\"caption\":\"Tarcisio Oliveira\"},\"url\":\"https:\/\/www.pm.pb.gov.br\/portal\/author\/tarcisio\/\"}]}<\/script>\n<!-- \/ Yoast SEO plugin. -->","yoast_head_json":{"title":"Em Monteiro, Pol\u00edcia Militar desarticula ponto de tr\u00e1fico, prende trio e apreende armas de fogo e entorpecentes - Pol\u00edcia Militar da Para\u00edba","robots":{"index":"index","follow":"follow","max-snippet":"max-snippet:-1","max-image-preview":"max-image-preview:large","max-video-preview":"max-video-preview:-1"},"canonical":"https:\/\/www.pm.pb.gov.br\/portal\/2024\/02\/16\/em-monteiro-policia-militar-desarticula-ponto-de-trafico-prende-trio-e-apreende-armas-de-fogo-e-entorpecentes\/","og_locale":"pt_BR","og_type":"article","og_title":"Em Monteiro, Pol\u00edcia Militar desarticula ponto de tr\u00e1fico, prende trio e apreende armas de fogo e entorpecentes - Pol\u00edcia Militar da Para\u00edba","og_description":"A Pol\u00edcia Militar desarticulou um ponto de tr\u00e1fico de drogas e apreendeu duas armas de fogo, muni\u00e7\u00f5es e entorpecentes que","og_url":"https:\/\/www.pm.pb.gov.br\/portal\/2024\/02\/16\/em-monteiro-policia-militar-desarticula-ponto-de-trafico-prende-trio-e-apreende-armas-de-fogo-e-entorpecentes\/","og_site_name":"Pol\u00edcia Militar da Para\u00edba","article_published_time":"2024-02-16T09:14:00+00:00","article_modified_time":"2024-02-16T17:16:22+00:00","og_image":[{"width":800,"height":445,"url":"http:\/\/www.pm.pb.gov.br\/portal\/wp-content\/uploads\/2024\/01\/11bpm1.jpeg","type":"image\/jpeg"}],"author":"Tarcisio Oliveira","twitter_card":"summary_large_image","twitter_misc":{"Escrito por":"Tarcisio Oliveira","Est. tempo de leitura":"2 minutos"},"schema":{"@context":"https:\/\/schema.org","@graph":[{"@type":"Article","@id":"https:\/\/www.pm.pb.gov.br\/portal\/2024\/02\/16\/em-monteiro-policia-militar-desarticula-ponto-de-trafico-prende-trio-e-apreende-armas-de-fogo-e-entorpecentes\/#article","isPartOf":{"@id":"https:\/\/www.pm.pb.gov.br\/portal\/2024\/02\/16\/em-monteiro-policia-militar-desarticula-ponto-de-trafico-prende-trio-e-apreende-armas-de-fogo-e-entorpecentes\/"},"author":{"name":"Tarcisio Oliveira","@id":"https:\/\/www.pm.pb.gov.br\/portal\/#\/schema\/person\/f84f56dcc78ce4357054da888b8247fd"},"headline":"Em Monteiro, Pol\u00edcia Militar desarticula ponto de tr\u00e1fico, prende trio e apreende armas de fogo e entorpecentes","datePublished":"2024-02-16T09:14:00+00:00","dateModified":"2024-02-16T17:16:22+00:00","mainEntityOfPage":{"@id":"https:\/\/www.pm.pb.gov.br\/portal\/2024\/02\/16\/em-monteiro-policia-militar-desarticula-ponto-de-trafico-prende-trio-e-apreende-armas-de-fogo-e-entorpecentes\/"},"wordCount":173,"publisher":{"@id":"https:\/\/www.pm.pb.gov.br\/portal\/#organization"},"articleSection":["A\u00e7\u00f5es Policiais"],"inLanguage":"pt-BR"},{"@type":"WebPage","@id":"https:\/\/www.pm.pb.gov.br\/portal\/2024\/02\/16\/em-monteiro-policia-militar-desarticula-ponto-de-trafico-prende-trio-e-apreende-armas-de-fogo-e-entorpecentes\/","url":"https:\/\/www.pm.pb.gov.br\/portal\/2024\/02\/16\/em-monteiro-policia-militar-desarticula-ponto-de-trafico-prende-trio-e-apreende-armas-de-fogo-e-entorpecentes\/","name":"Em Monteiro, Pol\u00edcia Militar desarticula ponto de tr\u00e1fico, prende trio e apreende armas de fogo e entorpecentes - Pol\u00edcia Militar da Para\u00edba","isPartOf":{"@id":"https:\/\/www.pm.pb.gov.br\/portal\/#website"},"datePublished":"2024-02-16T09:14:00+00:00","dateModified":"2024-02-16T17:16:22+00:00","breadcrumb":{"@id":"https:\/\/www.pm.pb.gov.br\/portal\/2024\/02\/16\/em-monteiro-policia-militar-desarticula-ponto-de-trafico-prende-trio-e-apreende-armas-de-fogo-e-entorpecentes\/#breadcrumb"},"inLanguage":"pt-BR","potentialAction":[{"@type":"ReadAction","target":["https:\/\/www.pm.pb.gov.br\/portal\/2024\/02\/16\/em-monteiro-policia-militar-desarticula-ponto-de-trafico-prende-trio-e-apreende-armas-de-fogo-e-entorpecentes\/"]}]},{"@type":"BreadcrumbList","@id":"https:\/\/www.pm.pb.gov.br\/portal\/2024\/02\/16\/em-monteiro-policia-militar-desarticula-ponto-de-trafico-prende-trio-e-apreende-armas-de-fogo-e-entorpecentes\/#breadcrumb","itemListElement":[{"@type":"ListItem","position":1,"name":"In\u00edcio","item":"https:\/\/www.pm.pb.gov.br\/portal\/"},{"@type":"ListItem","position":2,"name":"Em Monteiro, Pol\u00edcia Militar desarticula ponto de tr\u00e1fico, prende trio e apreende armas de fogo e entorpecentes"}]},{"@type":"WebSite","@id":"https:\/\/www.pm.pb.gov.br\/portal\/#website","url":"https:\/\/www.pm.pb.gov.br\/portal\/","name":"Pol\u00edcia Militar da Para\u00edba","description":"","publisher":{"@id":"https:\/\/www.pm.pb.gov.br\/portal\/#organization"},"potentialAction":[{"@type":"SearchAction","target":{"@type":"EntryPoint","urlTemplate":"https:\/\/www.pm.pb.gov.br\/portal\/?s={search_term_string}"},"query-input":"required name=search_term_string"}],"inLanguage":"pt-BR"},{"@type":"Organization","@id":"https:\/\/www.pm.pb.gov.br\/portal\/#organization","name":"Pol\u00edcia Militar da Para\u00edba","url":"https:\/\/www.pm.pb.gov.br\/portal\/","logo":{"@type":"ImageObject","inLanguage":"pt-BR","@id":"https:\/\/www.pm.pb.gov.br\/portal\/#\/schema\/logo\/image\/","url":"https:\/\/www.pm.pb.gov.br\/portal\/wp-content\/uploads\/2025\/03\/cropped-logo-site-mag2-1.png","contentUrl":"https:\/\/www.pm.pb.gov.br\/portal\/wp-content\/uploads\/2025\/03\/cropped-logo-site-mag2-1.png","width":320,"height":90,"caption":"Pol\u00edcia Militar da Para\u00edba"},"image":{"@id":"https:\/\/www.pm.pb.gov.br\/portal\/#\/schema\/logo\/image\/"}},{"@type":"Person","@id":"https:\/\/www.pm.pb.gov.br\/portal\/#\/schema\/person\/f84f56dcc78ce4357054da888b8247fd","name":"Tarcisio Oliveira","image":{"@type":"ImageObject","inLanguage":"pt-BR","@id":"https:\/\/www.pm.pb.gov.br\/portal\/#\/schema\/person\/image\/","url":"https:\/\/secure.gravatar.com\/avatar\/72917b630b69d31cd0297507f34bac97?s=96&d=mm&r=g","contentUrl":"https:\/\/secure.gravatar.com\/avatar\/72917b630b69d31cd0297507f34bac97?s=96&d=mm&r=g","caption":"Tarcisio Oliveira"},"url":"https:\/\/www.pm.pb.gov.br\/portal\/author\/tarcisio\/"}]}},"_links":{"self":[{"href":"https:\/\/www.pm.pb.gov.br\/portal\/wp-json\/wp\/v2\/posts\/921064"}],"collection":[{"href":"https:\/\/www.pm.pb.gov.br\/portal\/wp-json\/wp\/v2\/posts"}],"about":[{"href":"https:\/\/www.pm.pb.gov.br\/portal\/wp-json\/wp\/v2\/types\/post"}],"author":[{"embeddable":true,"href":"https:\/\/www.pm.pb.gov.br\/portal\/wp-json\/wp\/v2\/users\/12"}],"replies":[{"embeddable":true,"href":"https:\/\/www.pm.pb.gov.br\/portal\/wp-json\/wp\/v2\/comments?post=921064"}],"version-history":[{"count":1,"href":"https:\/\/www.pm.pb.gov.br\/portal\/wp-json\/wp\/v2\/posts\/921064\/revisions"}],"predecessor-version":[{"id":921066,"href":"https:\/\/www.pm.pb.gov.br\/portal\/wp-json\/wp\/v2\/posts\/921064\/revisions\/921066"}],"wp:featuredmedia":[{"embeddable":true,"href":"https:\/\/www.pm.pb.gov.br\/portal\/wp-json\/wp\/v2\/media\/920332"}],"wp:attachment":[{"href":"https:\/\/www.pm.pb.gov.br\/portal\/wp-json\/wp\/v2\/media?parent=921064"}],"wp:term":[{"taxonomy":"category","embeddable":true,"href":"https:\/\/www.pm.pb.gov.br\/portal\/wp-json\/wp\/v2\/categories?post=921064"},{"taxonomy":"post_tag","embeddable":true,"href":"https:\/\/www.pm.pb.gov.br\/portal\/wp-json\/wp\/v2\/tags?post=921064"}],"curies":[{"name":"wp","href":"https:\/\/api.w.org\/{rel}","templated":true}]}}