{"id":921056,"date":"2024-02-16T09:13:18","date_gmt":"2024-02-16T12:13:18","guid":{"rendered":"https:\/\/www.pm.pb.gov.br\/portal\/?p=921056"},"modified":"2024-02-16T09:13:20","modified_gmt":"2024-02-16T12:13:20","slug":"batalhao-ambiental-esta-em-alerta-para-atender-casos-envolvendo-animais-silvestres-nas-ruas-ou-residencias","status":"publish","type":"post","link":"https:\/\/www.pm.pb.gov.br\/portal\/2024\/02\/16\/batalhao-ambiental-esta-em-alerta-para-atender-casos-envolvendo-animais-silvestres-nas-ruas-ou-residencias\/","title":{"rendered":"Batalh\u00e3o Ambiental est\u00e1 em alerta para atender casos envolvendo animais silvestres nas ruas ou resid\u00eancias"},"content":{"rendered":"Por causa das fortes chuvas e ventos das \u00faltimas horas, o Batalh\u00e3o de Pol\u00edcia Ambiental (BPAmb) est\u00e1 em alerta para atender os chamados de pessoas que por ventura se deparem com algum animal silvestre nas ruas ou resid\u00eancias. Quem precisar dos servi\u00e7os do BPAmb, \u00e9 s\u00f3 ligar para o 190.<br \/><br \/>Em tempos de chuva e queda de temperatura, podem aparecer animais no ambiente urbano, principalmente os r\u00e9pteis de sangue frio (chamados assim porque s\u00e3o animais que n\u00e3o s\u00e3o capazes de regular a temperatura de pr\u00f3prio corpo).<br \/><br \/>O BPAmb orienta que, caso se depare com algum desses animais, a pessoa deve ligar imediatamente para o 190, manter o contato visual enquanto aguarda a chegada dos policiais e n\u00e3o tentar resgatar por conta pr\u00f3pria e nem permitir que algu\u00e9m fa\u00e7a isso enquanto os policiais n\u00e3o chegam.<br \/><br \/>Outro alerta \u00e9 para n\u00e3o tentar matar esses animais, j\u00e1 que, al\u00e9m do risco de ser atacado, \u00e9 crime ambiental.","protected":false},"excerpt":{"rendered":"<p>Por causa das fortes chuvas e ventos das \u00faltimas horas, o Batalh\u00e3o de Pol\u00edcia Ambiental (BPAmb) est\u00e1 em alerta para<\/p>\n","protected":false},"author":5,"featured_media":921060,"comment_status":"closed","ping_status":"closed","sticky":false,"template":"","format":"standard","meta":{"_exactmetrics_skip_tracking":false,"_exactmetrics_sitenote_active":false,"_exactmetrics_sitenote_note":"","_exactmetrics_sitenote_category":0,"footnotes":""},"categories":[4],"tags":[],"yoast_head":"<!-- This site is optimized with the Yoast SEO plugin v22.0 - https:\/\/yoast.com\/wordpress\/plugins\/seo\/ -->\n<title>Batalh\u00e3o Ambiental est\u00e1 em alerta para atender casos envolvendo animais silvestres nas ruas ou resid\u00eancias - Pol\u00edcia Militar da Para\u00edba<\/title>\n<meta name=\"robots\" content=\"index, follow, max-snippet:-1, max-image-preview:large, max-video-preview:-1\" \/>\n<link rel=\"canonical\" href=\"https:\/\/www.pm.pb.gov.br\/portal\/2024\/02\/16\/batalhao-ambiental-esta-em-alerta-para-atender-casos-envolvendo-animais-silvestres-nas-ruas-ou-residencias\/\" \/>\n<meta property=\"og:locale\" content=\"pt_BR\" \/>\n<meta property=\"og:type\" content=\"article\" \/>\n<meta property=\"og:title\" content=\"Batalh\u00e3o Ambiental est\u00e1 em alerta para atender casos envolvendo animais silvestres nas ruas ou resid\u00eancias - Pol\u00edcia Militar da Para\u00edba\" \/>\n<meta property=\"og:description\" content=\"Por causa das fortes chuvas e ventos das \u00faltimas horas, o Batalh\u00e3o de Pol\u00edcia Ambiental (BPAmb) est\u00e1 em alerta para\" \/>\n<meta property=\"og:url\" content=\"https:\/\/www.pm.pb.gov.br\/portal\/2024\/02\/16\/batalhao-ambiental-esta-em-alerta-para-atender-casos-envolvendo-animais-silvestres-nas-ruas-ou-residencias\/\" \/>\n<meta property=\"og:site_name\" content=\"Pol\u00edcia Militar da Para\u00edba\" \/>\n<meta property=\"article:published_time\" content=\"2024-02-16T12:13:18+00:00\" \/>\n<meta property=\"article:modified_time\" content=\"2024-02-16T12:13:20+00:00\" \/>\n<meta property=\"og:image\" content=\"http:\/\/www.pm.pb.gov.br\/portal\/wp-content\/uploads\/2024\/02\/bpamb-1.jpeg\" \/>\n\t<meta property=\"og:image:width\" content=\"800\" \/>\n\t<meta property=\"og:image:height\" content=\"445\" \/>\n\t<meta property=\"og:image:type\" content=\"image\/jpeg\" \/>\n<meta name=\"author\" content=\"Assessoria de Imprensa da PMPB\" \/>\n<meta name=\"twitter:card\" content=\"summary_large_image\" \/>\n<meta name=\"twitter:label1\" content=\"Escrito por\" \/>\n\t<meta name=\"twitter:data1\" content=\"Assessoria de Imprensa da PMPB\" \/>\n\t<meta name=\"twitter:label2\" content=\"Est. tempo de leitura\" \/>\n\t<meta name=\"twitter:data2\" content=\"2 minutos\" \/>\n<script type=\"application\/ld+json\" class=\"yoast-schema-graph\">{\"@context\":\"https:\/\/schema.org\",\"@graph\":[{\"@type\":\"Article\",\"@id\":\"https:\/\/www.pm.pb.gov.br\/portal\/2024\/02\/16\/batalhao-ambiental-esta-em-alerta-para-atender-casos-envolvendo-animais-silvestres-nas-ruas-ou-residencias\/#article\",\"isPartOf\":{\"@id\":\"https:\/\/www.pm.pb.gov.br\/portal\/2024\/02\/16\/batalhao-ambiental-esta-em-alerta-para-atender-casos-envolvendo-animais-silvestres-nas-ruas-ou-residencias\/\"},\"author\":{\"name\":\"Assessoria de Imprensa da PMPB\",\"@id\":\"https:\/\/www.pm.pb.gov.br\/portal\/#\/schema\/person\/e8454f46651c3ecf0e1ba3c1666d9947\"},\"headline\":\"Batalh\u00e3o Ambiental est\u00e1 em alerta para atender casos envolvendo animais silvestres nas ruas ou resid\u00eancias\",\"datePublished\":\"2024-02-16T12:13:18+00:00\",\"dateModified\":\"2024-02-16T12:13:20+00:00\",\"mainEntityOfPage\":{\"@id\":\"https:\/\/www.pm.pb.gov.br\/portal\/2024\/02\/16\/batalhao-ambiental-esta-em-alerta-para-atender-casos-envolvendo-animais-silvestres-nas-ruas-ou-residencias\/\"},\"wordCount\":182,\"publisher\":{\"@id\":\"https:\/\/www.pm.pb.gov.br\/portal\/#organization\"},\"articleSection\":[\"A\u00e7\u00f5es Policiais\"],\"inLanguage\":\"pt-BR\"},{\"@type\":\"WebPage\",\"@id\":\"https:\/\/www.pm.pb.gov.br\/portal\/2024\/02\/16\/batalhao-ambiental-esta-em-alerta-para-atender-casos-envolvendo-animais-silvestres-nas-ruas-ou-residencias\/\",\"url\":\"https:\/\/www.pm.pb.gov.br\/portal\/2024\/02\/16\/batalhao-ambiental-esta-em-alerta-para-atender-casos-envolvendo-animais-silvestres-nas-ruas-ou-residencias\/\",\"name\":\"Batalh\u00e3o Ambiental est\u00e1 em alerta para atender casos envolvendo animais silvestres nas ruas ou resid\u00eancias - Pol\u00edcia Militar da Para\u00edba\",\"isPartOf\":{\"@id\":\"https:\/\/www.pm.pb.gov.br\/portal\/#website\"},\"datePublished\":\"2024-02-16T12:13:18+00:00\",\"dateModified\":\"2024-02-16T12:13:20+00:00\",\"breadcrumb\":{\"@id\":\"https:\/\/www.pm.pb.gov.br\/portal\/2024\/02\/16\/batalhao-ambiental-esta-em-alerta-para-atender-casos-envolvendo-animais-silvestres-nas-ruas-ou-residencias\/#breadcrumb\"},\"inLanguage\":\"pt-BR\",\"potentialAction\":[{\"@type\":\"ReadAction\",\"target\":[\"https:\/\/www.pm.pb.gov.br\/portal\/2024\/02\/16\/batalhao-ambiental-esta-em-alerta-para-atender-casos-envolvendo-animais-silvestres-nas-ruas-ou-residencias\/\"]}]},{\"@type\":\"BreadcrumbList\",\"@id\":\"https:\/\/www.pm.pb.gov.br\/portal\/2024\/02\/16\/batalhao-ambiental-esta-em-alerta-para-atender-casos-envolvendo-animais-silvestres-nas-ruas-ou-residencias\/#breadcrumb\",\"itemListElement\":[{\"@type\":\"ListItem\",\"position\":1,\"name\":\"In\u00edcio\",\"item\":\"https:\/\/www.pm.pb.gov.br\/portal\/\"},{\"@type\":\"ListItem\",\"position\":2,\"name\":\"Batalh\u00e3o Ambiental est\u00e1 em alerta para atender casos envolvendo animais silvestres nas ruas ou resid\u00eancias\"}]},{\"@type\":\"WebSite\",\"@id\":\"https:\/\/www.pm.pb.gov.br\/portal\/#website\",\"url\":\"https:\/\/www.pm.pb.gov.br\/portal\/\",\"name\":\"Pol\u00edcia Militar da Para\u00edba\",\"description\":\"\",\"publisher\":{\"@id\":\"https:\/\/www.pm.pb.gov.br\/portal\/#organization\"},\"potentialAction\":[{\"@type\":\"SearchAction\",\"target\":{\"@type\":\"EntryPoint\",\"urlTemplate\":\"https:\/\/www.pm.pb.gov.br\/portal\/?s={search_term_string}\"},\"query-input\":\"required name=search_term_string\"}],\"inLanguage\":\"pt-BR\"},{\"@type\":\"Organization\",\"@id\":\"https:\/\/www.pm.pb.gov.br\/portal\/#organization\",\"name\":\"Pol\u00edcia Militar da Para\u00edba\",\"url\":\"https:\/\/www.pm.pb.gov.br\/portal\/\",\"logo\":{\"@type\":\"ImageObject\",\"inLanguage\":\"pt-BR\",\"@id\":\"https:\/\/www.pm.pb.gov.br\/portal\/#\/schema\/logo\/image\/\",\"url\":\"https:\/\/www.pm.pb.gov.br\/portal\/wp-content\/uploads\/2025\/03\/cropped-logo-site-mag2-1.png\",\"contentUrl\":\"https:\/\/www.pm.pb.gov.br\/portal\/wp-content\/uploads\/2025\/03\/cropped-logo-site-mag2-1.png\",\"width\":320,\"height\":90,\"caption\":\"Pol\u00edcia Militar da Para\u00edba\"},\"image\":{\"@id\":\"https:\/\/www.pm.pb.gov.br\/portal\/#\/schema\/logo\/image\/\"}},{\"@type\":\"Person\",\"@id\":\"https:\/\/www.pm.pb.gov.br\/portal\/#\/schema\/person\/e8454f46651c3ecf0e1ba3c1666d9947\",\"name\":\"Assessoria de Imprensa da PMPB\",\"image\":{\"@type\":\"ImageObject\",\"inLanguage\":\"pt-BR\",\"@id\":\"https:\/\/www.pm.pb.gov.br\/portal\/#\/schema\/person\/image\/\",\"url\":\"https:\/\/secure.gravatar.com\/avatar\/2efe197438265d1e90bd98c4c8e1acf8?s=96&d=mm&r=g\",\"contentUrl\":\"https:\/\/secure.gravatar.com\/avatar\/2efe197438265d1e90bd98c4c8e1acf8?s=96&d=mm&r=g\",\"caption\":\"Assessoria de Imprensa da PMPB\"},\"url\":\"https:\/\/www.pm.pb.gov.br\/portal\/author\/assessoria\/\"}]}<\/script>\n<!-- \/ Yoast SEO plugin. -->","yoast_head_json":{"title":"Batalh\u00e3o Ambiental est\u00e1 em alerta para atender casos envolvendo animais silvestres nas ruas ou resid\u00eancias - Pol\u00edcia Militar da Para\u00edba","robots":{"index":"index","follow":"follow","max-snippet":"max-snippet:-1","max-image-preview":"max-image-preview:large","max-video-preview":"max-video-preview:-1"},"canonical":"https:\/\/www.pm.pb.gov.br\/portal\/2024\/02\/16\/batalhao-ambiental-esta-em-alerta-para-atender-casos-envolvendo-animais-silvestres-nas-ruas-ou-residencias\/","og_locale":"pt_BR","og_type":"article","og_title":"Batalh\u00e3o Ambiental est\u00e1 em alerta para atender casos envolvendo animais silvestres nas ruas ou resid\u00eancias - Pol\u00edcia Militar da Para\u00edba","og_description":"Por causa das fortes chuvas e ventos das \u00faltimas horas, o Batalh\u00e3o de Pol\u00edcia Ambiental (BPAmb) est\u00e1 em alerta para","og_url":"https:\/\/www.pm.pb.gov.br\/portal\/2024\/02\/16\/batalhao-ambiental-esta-em-alerta-para-atender-casos-envolvendo-animais-silvestres-nas-ruas-ou-residencias\/","og_site_name":"Pol\u00edcia Militar da Para\u00edba","article_published_time":"2024-02-16T12:13:18+00:00","article_modified_time":"2024-02-16T12:13:20+00:00","og_image":[{"width":800,"height":445,"url":"http:\/\/www.pm.pb.gov.br\/portal\/wp-content\/uploads\/2024\/02\/bpamb-1.jpeg","type":"image\/jpeg"}],"author":"Assessoria de Imprensa da PMPB","twitter_card":"summary_large_image","twitter_misc":{"Escrito por":"Assessoria de Imprensa da PMPB","Est. tempo de leitura":"2 minutos"},"schema":{"@context":"https:\/\/schema.org","@graph":[{"@type":"Article","@id":"https:\/\/www.pm.pb.gov.br\/portal\/2024\/02\/16\/batalhao-ambiental-esta-em-alerta-para-atender-casos-envolvendo-animais-silvestres-nas-ruas-ou-residencias\/#article","isPartOf":{"@id":"https:\/\/www.pm.pb.gov.br\/portal\/2024\/02\/16\/batalhao-ambiental-esta-em-alerta-para-atender-casos-envolvendo-animais-silvestres-nas-ruas-ou-residencias\/"},"author":{"name":"Assessoria de Imprensa da PMPB","@id":"https:\/\/www.pm.pb.gov.br\/portal\/#\/schema\/person\/e8454f46651c3ecf0e1ba3c1666d9947"},"headline":"Batalh\u00e3o Ambiental est\u00e1 em alerta para atender casos envolvendo animais silvestres nas ruas ou resid\u00eancias","datePublished":"2024-02-16T12:13:18+00:00","dateModified":"2024-02-16T12:13:20+00:00","mainEntityOfPage":{"@id":"https:\/\/www.pm.pb.gov.br\/portal\/2024\/02\/16\/batalhao-ambiental-esta-em-alerta-para-atender-casos-envolvendo-animais-silvestres-nas-ruas-ou-residencias\/"},"wordCount":182,"publisher":{"@id":"https:\/\/www.pm.pb.gov.br\/portal\/#organization"},"articleSection":["A\u00e7\u00f5es Policiais"],"inLanguage":"pt-BR"},{"@type":"WebPage","@id":"https:\/\/www.pm.pb.gov.br\/portal\/2024\/02\/16\/batalhao-ambiental-esta-em-alerta-para-atender-casos-envolvendo-animais-silvestres-nas-ruas-ou-residencias\/","url":"https:\/\/www.pm.pb.gov.br\/portal\/2024\/02\/16\/batalhao-ambiental-esta-em-alerta-para-atender-casos-envolvendo-animais-silvestres-nas-ruas-ou-residencias\/","name":"Batalh\u00e3o Ambiental est\u00e1 em alerta para atender casos envolvendo animais silvestres nas ruas ou resid\u00eancias - Pol\u00edcia Militar da Para\u00edba","isPartOf":{"@id":"https:\/\/www.pm.pb.gov.br\/portal\/#website"},"datePublished":"2024-02-16T12:13:18+00:00","dateModified":"2024-02-16T12:13:20+00:00","breadcrumb":{"@id":"https:\/\/www.pm.pb.gov.br\/portal\/2024\/02\/16\/batalhao-ambiental-esta-em-alerta-para-atender-casos-envolvendo-animais-silvestres-nas-ruas-ou-residencias\/#breadcrumb"},"inLanguage":"pt-BR","potentialAction":[{"@type":"ReadAction","target":["https:\/\/www.pm.pb.gov.br\/portal\/2024\/02\/16\/batalhao-ambiental-esta-em-alerta-para-atender-casos-envolvendo-animais-silvestres-nas-ruas-ou-residencias\/"]}]},{"@type":"BreadcrumbList","@id":"https:\/\/www.pm.pb.gov.br\/portal\/2024\/02\/16\/batalhao-ambiental-esta-em-alerta-para-atender-casos-envolvendo-animais-silvestres-nas-ruas-ou-residencias\/#breadcrumb","itemListElement":[{"@type":"ListItem","position":1,"name":"In\u00edcio","item":"https:\/\/www.pm.pb.gov.br\/portal\/"},{"@type":"ListItem","position":2,"name":"Batalh\u00e3o Ambiental est\u00e1 em alerta para atender casos envolvendo animais silvestres nas ruas ou resid\u00eancias"}]},{"@type":"WebSite","@id":"https:\/\/www.pm.pb.gov.br\/portal\/#website","url":"https:\/\/www.pm.pb.gov.br\/portal\/","name":"Pol\u00edcia Militar da Para\u00edba","description":"","publisher":{"@id":"https:\/\/www.pm.pb.gov.br\/portal\/#organization"},"potentialAction":[{"@type":"SearchAction","target":{"@type":"EntryPoint","urlTemplate":"https:\/\/www.pm.pb.gov.br\/portal\/?s={search_term_string}"},"query-input":"required name=search_term_string"}],"inLanguage":"pt-BR"},{"@type":"Organization","@id":"https:\/\/www.pm.pb.gov.br\/portal\/#organization","name":"Pol\u00edcia Militar da Para\u00edba","url":"https:\/\/www.pm.pb.gov.br\/portal\/","logo":{"@type":"ImageObject","inLanguage":"pt-BR","@id":"https:\/\/www.pm.pb.gov.br\/portal\/#\/schema\/logo\/image\/","url":"https:\/\/www.pm.pb.gov.br\/portal\/wp-content\/uploads\/2025\/03\/cropped-logo-site-mag2-1.png","contentUrl":"https:\/\/www.pm.pb.gov.br\/portal\/wp-content\/uploads\/2025\/03\/cropped-logo-site-mag2-1.png","width":320,"height":90,"caption":"Pol\u00edcia Militar da Para\u00edba"},"image":{"@id":"https:\/\/www.pm.pb.gov.br\/portal\/#\/schema\/logo\/image\/"}},{"@type":"Person","@id":"https:\/\/www.pm.pb.gov.br\/portal\/#\/schema\/person\/e8454f46651c3ecf0e1ba3c1666d9947","name":"Assessoria de Imprensa da PMPB","image":{"@type":"ImageObject","inLanguage":"pt-BR","@id":"https:\/\/www.pm.pb.gov.br\/portal\/#\/schema\/person\/image\/","url":"https:\/\/secure.gravatar.com\/avatar\/2efe197438265d1e90bd98c4c8e1acf8?s=96&d=mm&r=g","contentUrl":"https:\/\/secure.gravatar.com\/avatar\/2efe197438265d1e90bd98c4c8e1acf8?s=96&d=mm&r=g","caption":"Assessoria de Imprensa da PMPB"},"url":"https:\/\/www.pm.pb.gov.br\/portal\/author\/assessoria\/"}]}},"_links":{"self":[{"href":"https:\/\/www.pm.pb.gov.br\/portal\/wp-json\/wp\/v2\/posts\/921056"}],"collection":[{"href":"https:\/\/www.pm.pb.gov.br\/portal\/wp-json\/wp\/v2\/posts"}],"about":[{"href":"https:\/\/www.pm.pb.gov.br\/portal\/wp-json\/wp\/v2\/types\/post"}],"author":[{"embeddable":true,"href":"https:\/\/www.pm.pb.gov.br\/portal\/wp-json\/wp\/v2\/users\/5"}],"replies":[{"embeddable":true,"href":"https:\/\/www.pm.pb.gov.br\/portal\/wp-json\/wp\/v2\/comments?post=921056"}],"version-history":[{"count":1,"href":"https:\/\/www.pm.pb.gov.br\/portal\/wp-json\/wp\/v2\/posts\/921056\/revisions"}],"predecessor-version":[{"id":921058,"href":"https:\/\/www.pm.pb.gov.br\/portal\/wp-json\/wp\/v2\/posts\/921056\/revisions\/921058"}],"wp:featuredmedia":[{"embeddable":true,"href":"https:\/\/www.pm.pb.gov.br\/portal\/wp-json\/wp\/v2\/media\/921060"}],"wp:attachment":[{"href":"https:\/\/www.pm.pb.gov.br\/portal\/wp-json\/wp\/v2\/media?parent=921056"}],"wp:term":[{"taxonomy":"category","embeddable":true,"href":"https:\/\/www.pm.pb.gov.br\/portal\/wp-json\/wp\/v2\/categories?post=921056"},{"taxonomy":"post_tag","embeddable":true,"href":"https:\/\/www.pm.pb.gov.br\/portal\/wp-json\/wp\/v2\/tags?post=921056"}],"curies":[{"name":"wp","href":"https:\/\/api.w.org\/{rel}","templated":true}]}}