{"id":921034,"date":"2024-02-14T12:17:31","date_gmt":"2024-02-14T15:17:31","guid":{"rendered":"https:\/\/www.pm.pb.gov.br\/portal\/?p=921034"},"modified":"2024-02-14T12:17:34","modified_gmt":"2024-02-14T15:17:34","slug":"operacao-carnaval-apreende-sete-armas-de-fogo-e-recupera-11-veiculos-durante-fiscalizacoes-no-transito","status":"publish","type":"post","link":"https:\/\/www.pm.pb.gov.br\/portal\/2024\/02\/14\/operacao-carnaval-apreende-sete-armas-de-fogo-e-recupera-11-veiculos-durante-fiscalizacoes-no-transito\/","title":{"rendered":"Opera\u00e7\u00e3o Carnaval apreende sete armas de fogo e recupera 11 ve\u00edculos durante fiscaliza\u00e7\u00f5es no tr\u00e2nsito"},"content":{"rendered":"\n<p>As fiscaliza\u00e7\u00f5es no tr\u00e2nsito realizadas pela Pol\u00edcia Militar durante a Opera\u00e7\u00e3o Carnaval resultaram em sete armas de fogo apreendidas, 11 ve\u00edculos recuperados, mais de 100 condutores autuados por embriaguez ao volante e 33 pessoas presas. O dado faz refer\u00eancia aos 130 checkpoints realizados da \u00faltima sexta-feira at\u00e9 a ter\u00e7a-feira (13).<\/p>\n<p><img loading=\"lazy\" decoding=\"async\" class=\" wp-image-921038 aligncenter\" src=\"http:\/\/www.pm.pb.gov.br\/portal\/wp-content\/uploads\/2024\/02\/WhatsApp-Image-2024-02-14-at-12.15.06.jpeg\" alt=\"\" width=\"490\" height=\"401\" \/><\/p>\n<p>De acordo com o Batalh\u00e3o de Pol\u00edcia de Tr\u00e2nsito (BPTran), 5.180 pessoas foram abordadas e 4.170 ve\u00edculos foram fiscalizados em todo o estado, tendo como foco a regi\u00e3o metropolitana de Jo\u00e3o Pessoa. \u201cCom estas a\u00e7\u00f5es preventivas no \u00e2mbito da Opera\u00e7\u00e3o Carnaval, apreendemos sete armas de fogo que circulavam ilegalmente, recuperamos 11 ve\u00edculos e devolvemos aos seus propriet\u00e1rios, e autuamos 105 pessoas por embriaguez ao volante. As a\u00e7\u00f5es foram de fundamental import\u00e2ncia para um tr\u00e2nsito seguro\u201d, explicou o tenente-coronel Lucas, comandante do BPTran.<\/p>\n<p><img loading=\"lazy\" decoding=\"async\" class=\" wp-image-921036 aligncenter\" src=\"http:\/\/www.pm.pb.gov.br\/portal\/wp-content\/uploads\/2024\/02\/WhatsApp-Image-2024-02-14-at-12.15.08-1-594x445.jpeg\" alt=\"\" width=\"506\" height=\"379\" srcset=\"https:\/\/www.pm.pb.gov.br\/portal\/wp-content\/uploads\/2024\/02\/WhatsApp-Image-2024-02-14-at-12.15.08-1-594x445.jpeg 594w, https:\/\/www.pm.pb.gov.br\/portal\/wp-content\/uploads\/2024\/02\/WhatsApp-Image-2024-02-14-at-12.15.08-1-761x570.jpeg 761w, https:\/\/www.pm.pb.gov.br\/portal\/wp-content\/uploads\/2024\/02\/WhatsApp-Image-2024-02-14-at-12.15.08-1-768x575.jpeg 768w, https:\/\/www.pm.pb.gov.br\/portal\/wp-content\/uploads\/2024\/02\/WhatsApp-Image-2024-02-14-at-12.15.08-1.jpeg 960w\" sizes=\"(max-width: 506px) 100vw, 506px\" \/><\/p>\n<p><img loading=\"lazy\" decoding=\"async\" class=\" wp-image-921037 aligncenter\" src=\"http:\/\/www.pm.pb.gov.br\/portal\/wp-content\/uploads\/2024\/02\/WhatsApp-Image-2024-02-14-at-12.15.08-2-705x445.jpeg\" alt=\"\" width=\"507\" height=\"320\" srcset=\"https:\/\/www.pm.pb.gov.br\/portal\/wp-content\/uploads\/2024\/02\/WhatsApp-Image-2024-02-14-at-12.15.08-2-705x445.jpeg 705w, https:\/\/www.pm.pb.gov.br\/portal\/wp-content\/uploads\/2024\/02\/WhatsApp-Image-2024-02-14-at-12.15.08-2-903x570.jpeg 903w, https:\/\/www.pm.pb.gov.br\/portal\/wp-content\/uploads\/2024\/02\/WhatsApp-Image-2024-02-14-at-12.15.08-2-768x485.jpeg 768w, https:\/\/www.pm.pb.gov.br\/portal\/wp-content\/uploads\/2024\/02\/WhatsApp-Image-2024-02-14-at-12.15.08-2.jpeg 1065w\" sizes=\"(max-width: 507px) 100vw, 507px\" \/><\/p>\n<p>As armas de fogo foram apreendidas em Lucena (3), Conde (2), Pitimbu (1) e Santa Rita (1). No total, 33 pessoas foram presas por v\u00e1rios delitos. Somente na \u00faltima sexta-feira, 90 condutores de motocicletas que circulavam com escapamento irregular na Para\u00edba, produzindo ru\u00eddos excessivos no tr\u00e2nsito, foram autuados pelo BPTran.<\/p>\n<p><img loading=\"lazy\" decoding=\"async\" class=\" wp-image-921039 aligncenter\" src=\"http:\/\/www.pm.pb.gov.br\/portal\/wp-content\/uploads\/2024\/02\/WhatsApp-Image-2024-02-14-at-12.15.08-663x445.jpeg\" alt=\"\" width=\"562\" height=\"377\" srcset=\"https:\/\/www.pm.pb.gov.br\/portal\/wp-content\/uploads\/2024\/02\/WhatsApp-Image-2024-02-14-at-12.15.08-663x445.jpeg 663w, https:\/\/www.pm.pb.gov.br\/portal\/wp-content\/uploads\/2024\/02\/WhatsApp-Image-2024-02-14-at-12.15.08-849x570.jpeg 849w, https:\/\/www.pm.pb.gov.br\/portal\/wp-content\/uploads\/2024\/02\/WhatsApp-Image-2024-02-14-at-12.15.08-768x516.jpeg 768w, https:\/\/www.pm.pb.gov.br\/portal\/wp-content\/uploads\/2024\/02\/WhatsApp-Image-2024-02-14-at-12.15.08-272x182.jpeg 272w, https:\/\/www.pm.pb.gov.br\/portal\/wp-content\/uploads\/2024\/02\/WhatsApp-Image-2024-02-14-at-12.15.08.jpeg 1080w\" sizes=\"(max-width: 562px) 100vw, 562px\" \/><\/p>\n\n\n","protected":false},"excerpt":{"rendered":"<p>As fiscaliza\u00e7\u00f5es no tr\u00e2nsito realizadas pela Pol\u00edcia Militar durante a Opera\u00e7\u00e3o Carnaval resultaram em sete armas de fogo apreendidas, 11<\/p>\n","protected":false},"author":12,"featured_media":921035,"comment_status":"closed","ping_status":"closed","sticky":false,"template":"","format":"standard","meta":{"_exactmetrics_skip_tracking":false,"_exactmetrics_sitenote_active":false,"_exactmetrics_sitenote_note":"","_exactmetrics_sitenote_category":0,"footnotes":""},"categories":[4],"tags":[],"yoast_head":"<!-- This site is optimized with the Yoast SEO plugin v22.0 - https:\/\/yoast.com\/wordpress\/plugins\/seo\/ -->\n<title>Opera\u00e7\u00e3o Carnaval apreende sete armas de fogo e recupera 11 ve\u00edculos durante fiscaliza\u00e7\u00f5es no tr\u00e2nsito - Pol\u00edcia Militar da Para\u00edba<\/title>\n<meta name=\"description\" content=\"O dado faz refer\u00eancia aos 130 checkpoints realizados da \u00faltima sexta-feira at\u00e9 a ter\u00e7a-feira (13). Em um \u00fanico dia, 90 condutores foram autuados.\" \/>\n<meta name=\"robots\" content=\"index, follow, max-snippet:-1, max-image-preview:large, max-video-preview:-1\" \/>\n<link rel=\"canonical\" href=\"https:\/\/www.pm.pb.gov.br\/portal\/2024\/02\/14\/operacao-carnaval-apreende-sete-armas-de-fogo-e-recupera-11-veiculos-durante-fiscalizacoes-no-transito\/\" \/>\n<meta property=\"og:locale\" content=\"pt_BR\" \/>\n<meta property=\"og:type\" content=\"article\" \/>\n<meta property=\"og:title\" content=\"Opera\u00e7\u00e3o Carnaval apreende sete armas de fogo e recupera 11 ve\u00edculos durante fiscaliza\u00e7\u00f5es no tr\u00e2nsito - Pol\u00edcia Militar da Para\u00edba\" \/>\n<meta property=\"og:description\" content=\"O dado faz refer\u00eancia aos 130 checkpoints realizados da \u00faltima sexta-feira at\u00e9 a ter\u00e7a-feira (13). Em um \u00fanico dia, 90 condutores foram autuados.\" \/>\n<meta property=\"og:url\" content=\"https:\/\/www.pm.pb.gov.br\/portal\/2024\/02\/14\/operacao-carnaval-apreende-sete-armas-de-fogo-e-recupera-11-veiculos-durante-fiscalizacoes-no-transito\/\" \/>\n<meta property=\"og:site_name\" content=\"Pol\u00edcia Militar da Para\u00edba\" \/>\n<meta property=\"article:published_time\" content=\"2024-02-14T15:17:31+00:00\" \/>\n<meta property=\"article:modified_time\" content=\"2024-02-14T15:17:34+00:00\" \/>\n<meta property=\"og:image\" content=\"http:\/\/www.pm.pb.gov.br\/portal\/wp-content\/uploads\/2024\/02\/lucena.jpeg\" \/>\n\t<meta property=\"og:image:width\" content=\"800\" \/>\n\t<meta property=\"og:image:height\" content=\"444\" \/>\n\t<meta property=\"og:image:type\" content=\"image\/jpeg\" \/>\n<meta name=\"author\" content=\"Tarcisio Oliveira\" \/>\n<meta name=\"twitter:card\" content=\"summary_large_image\" \/>\n<meta name=\"twitter:label1\" content=\"Escrito por\" \/>\n\t<meta name=\"twitter:data1\" content=\"Tarcisio Oliveira\" \/>\n\t<meta name=\"twitter:label2\" content=\"Est. tempo de leitura\" \/>\n\t<meta name=\"twitter:data2\" content=\"3 minutos\" \/>\n<script type=\"application\/ld+json\" class=\"yoast-schema-graph\">{\"@context\":\"https:\/\/schema.org\",\"@graph\":[{\"@type\":\"Article\",\"@id\":\"https:\/\/www.pm.pb.gov.br\/portal\/2024\/02\/14\/operacao-carnaval-apreende-sete-armas-de-fogo-e-recupera-11-veiculos-durante-fiscalizacoes-no-transito\/#article\",\"isPartOf\":{\"@id\":\"https:\/\/www.pm.pb.gov.br\/portal\/2024\/02\/14\/operacao-carnaval-apreende-sete-armas-de-fogo-e-recupera-11-veiculos-durante-fiscalizacoes-no-transito\/\"},\"author\":{\"name\":\"Tarcisio Oliveira\",\"@id\":\"https:\/\/www.pm.pb.gov.br\/portal\/#\/schema\/person\/f84f56dcc78ce4357054da888b8247fd\"},\"headline\":\"Opera\u00e7\u00e3o Carnaval apreende sete armas de fogo e recupera 11 ve\u00edculos durante fiscaliza\u00e7\u00f5es no tr\u00e2nsito\",\"datePublished\":\"2024-02-14T15:17:31+00:00\",\"dateModified\":\"2024-02-14T15:17:34+00:00\",\"mainEntityOfPage\":{\"@id\":\"https:\/\/www.pm.pb.gov.br\/portal\/2024\/02\/14\/operacao-carnaval-apreende-sete-armas-de-fogo-e-recupera-11-veiculos-durante-fiscalizacoes-no-transito\/\"},\"wordCount\":209,\"publisher\":{\"@id\":\"https:\/\/www.pm.pb.gov.br\/portal\/#organization\"},\"articleSection\":[\"A\u00e7\u00f5es Policiais\"],\"inLanguage\":\"pt-BR\"},{\"@type\":\"WebPage\",\"@id\":\"https:\/\/www.pm.pb.gov.br\/portal\/2024\/02\/14\/operacao-carnaval-apreende-sete-armas-de-fogo-e-recupera-11-veiculos-durante-fiscalizacoes-no-transito\/\",\"url\":\"https:\/\/www.pm.pb.gov.br\/portal\/2024\/02\/14\/operacao-carnaval-apreende-sete-armas-de-fogo-e-recupera-11-veiculos-durante-fiscalizacoes-no-transito\/\",\"name\":\"Opera\u00e7\u00e3o Carnaval apreende sete armas de fogo e recupera 11 ve\u00edculos durante fiscaliza\u00e7\u00f5es no tr\u00e2nsito - Pol\u00edcia Militar da Para\u00edba\",\"isPartOf\":{\"@id\":\"https:\/\/www.pm.pb.gov.br\/portal\/#website\"},\"datePublished\":\"2024-02-14T15:17:31+00:00\",\"dateModified\":\"2024-02-14T15:17:34+00:00\",\"description\":\"O dado faz refer\u00eancia aos 130 checkpoints realizados da \u00faltima sexta-feira at\u00e9 a ter\u00e7a-feira (13). Em um \u00fanico dia, 90 condutores foram autuados.\",\"breadcrumb\":{\"@id\":\"https:\/\/www.pm.pb.gov.br\/portal\/2024\/02\/14\/operacao-carnaval-apreende-sete-armas-de-fogo-e-recupera-11-veiculos-durante-fiscalizacoes-no-transito\/#breadcrumb\"},\"inLanguage\":\"pt-BR\",\"potentialAction\":[{\"@type\":\"ReadAction\",\"target\":[\"https:\/\/www.pm.pb.gov.br\/portal\/2024\/02\/14\/operacao-carnaval-apreende-sete-armas-de-fogo-e-recupera-11-veiculos-durante-fiscalizacoes-no-transito\/\"]}]},{\"@type\":\"BreadcrumbList\",\"@id\":\"https:\/\/www.pm.pb.gov.br\/portal\/2024\/02\/14\/operacao-carnaval-apreende-sete-armas-de-fogo-e-recupera-11-veiculos-durante-fiscalizacoes-no-transito\/#breadcrumb\",\"itemListElement\":[{\"@type\":\"ListItem\",\"position\":1,\"name\":\"In\u00edcio\",\"item\":\"https:\/\/www.pm.pb.gov.br\/portal\/\"},{\"@type\":\"ListItem\",\"position\":2,\"name\":\"Opera\u00e7\u00e3o Carnaval apreende sete armas de fogo e recupera 11 ve\u00edculos durante fiscaliza\u00e7\u00f5es no tr\u00e2nsito\"}]},{\"@type\":\"WebSite\",\"@id\":\"https:\/\/www.pm.pb.gov.br\/portal\/#website\",\"url\":\"https:\/\/www.pm.pb.gov.br\/portal\/\",\"name\":\"Pol\u00edcia Militar da Para\u00edba\",\"description\":\"\",\"publisher\":{\"@id\":\"https:\/\/www.pm.pb.gov.br\/portal\/#organization\"},\"potentialAction\":[{\"@type\":\"SearchAction\",\"target\":{\"@type\":\"EntryPoint\",\"urlTemplate\":\"https:\/\/www.pm.pb.gov.br\/portal\/?s={search_term_string}\"},\"query-input\":\"required name=search_term_string\"}],\"inLanguage\":\"pt-BR\"},{\"@type\":\"Organization\",\"@id\":\"https:\/\/www.pm.pb.gov.br\/portal\/#organization\",\"name\":\"Pol\u00edcia Militar da Para\u00edba\",\"url\":\"https:\/\/www.pm.pb.gov.br\/portal\/\",\"logo\":{\"@type\":\"ImageObject\",\"inLanguage\":\"pt-BR\",\"@id\":\"https:\/\/www.pm.pb.gov.br\/portal\/#\/schema\/logo\/image\/\",\"url\":\"https:\/\/www.pm.pb.gov.br\/portal\/wp-content\/uploads\/2025\/03\/cropped-logo-site-mag2-1.png\",\"contentUrl\":\"https:\/\/www.pm.pb.gov.br\/portal\/wp-content\/uploads\/2025\/03\/cropped-logo-site-mag2-1.png\",\"width\":320,\"height\":90,\"caption\":\"Pol\u00edcia Militar da Para\u00edba\"},\"image\":{\"@id\":\"https:\/\/www.pm.pb.gov.br\/portal\/#\/schema\/logo\/image\/\"}},{\"@type\":\"Person\",\"@id\":\"https:\/\/www.pm.pb.gov.br\/portal\/#\/schema\/person\/f84f56dcc78ce4357054da888b8247fd\",\"name\":\"Tarcisio Oliveira\",\"image\":{\"@type\":\"ImageObject\",\"inLanguage\":\"pt-BR\",\"@id\":\"https:\/\/www.pm.pb.gov.br\/portal\/#\/schema\/person\/image\/\",\"url\":\"https:\/\/secure.gravatar.com\/avatar\/72917b630b69d31cd0297507f34bac97?s=96&d=mm&r=g\",\"contentUrl\":\"https:\/\/secure.gravatar.com\/avatar\/72917b630b69d31cd0297507f34bac97?s=96&d=mm&r=g\",\"caption\":\"Tarcisio Oliveira\"},\"url\":\"https:\/\/www.pm.pb.gov.br\/portal\/author\/tarcisio\/\"}]}<\/script>\n<!-- \/ Yoast SEO plugin. -->","yoast_head_json":{"title":"Opera\u00e7\u00e3o Carnaval apreende sete armas de fogo e recupera 11 ve\u00edculos durante fiscaliza\u00e7\u00f5es no tr\u00e2nsito - Pol\u00edcia Militar da Para\u00edba","description":"O dado faz refer\u00eancia aos 130 checkpoints realizados da \u00faltima sexta-feira at\u00e9 a ter\u00e7a-feira (13). Em um \u00fanico dia, 90 condutores foram autuados.","robots":{"index":"index","follow":"follow","max-snippet":"max-snippet:-1","max-image-preview":"max-image-preview:large","max-video-preview":"max-video-preview:-1"},"canonical":"https:\/\/www.pm.pb.gov.br\/portal\/2024\/02\/14\/operacao-carnaval-apreende-sete-armas-de-fogo-e-recupera-11-veiculos-durante-fiscalizacoes-no-transito\/","og_locale":"pt_BR","og_type":"article","og_title":"Opera\u00e7\u00e3o Carnaval apreende sete armas de fogo e recupera 11 ve\u00edculos durante fiscaliza\u00e7\u00f5es no tr\u00e2nsito - Pol\u00edcia Militar da Para\u00edba","og_description":"O dado faz refer\u00eancia aos 130 checkpoints realizados da \u00faltima sexta-feira at\u00e9 a ter\u00e7a-feira (13). Em um \u00fanico dia, 90 condutores foram autuados.","og_url":"https:\/\/www.pm.pb.gov.br\/portal\/2024\/02\/14\/operacao-carnaval-apreende-sete-armas-de-fogo-e-recupera-11-veiculos-durante-fiscalizacoes-no-transito\/","og_site_name":"Pol\u00edcia Militar da Para\u00edba","article_published_time":"2024-02-14T15:17:31+00:00","article_modified_time":"2024-02-14T15:17:34+00:00","og_image":[{"width":800,"height":444,"url":"http:\/\/www.pm.pb.gov.br\/portal\/wp-content\/uploads\/2024\/02\/lucena.jpeg","type":"image\/jpeg"}],"author":"Tarcisio Oliveira","twitter_card":"summary_large_image","twitter_misc":{"Escrito por":"Tarcisio Oliveira","Est. tempo de leitura":"3 minutos"},"schema":{"@context":"https:\/\/schema.org","@graph":[{"@type":"Article","@id":"https:\/\/www.pm.pb.gov.br\/portal\/2024\/02\/14\/operacao-carnaval-apreende-sete-armas-de-fogo-e-recupera-11-veiculos-durante-fiscalizacoes-no-transito\/#article","isPartOf":{"@id":"https:\/\/www.pm.pb.gov.br\/portal\/2024\/02\/14\/operacao-carnaval-apreende-sete-armas-de-fogo-e-recupera-11-veiculos-durante-fiscalizacoes-no-transito\/"},"author":{"name":"Tarcisio Oliveira","@id":"https:\/\/www.pm.pb.gov.br\/portal\/#\/schema\/person\/f84f56dcc78ce4357054da888b8247fd"},"headline":"Opera\u00e7\u00e3o Carnaval apreende sete armas de fogo e recupera 11 ve\u00edculos durante fiscaliza\u00e7\u00f5es no tr\u00e2nsito","datePublished":"2024-02-14T15:17:31+00:00","dateModified":"2024-02-14T15:17:34+00:00","mainEntityOfPage":{"@id":"https:\/\/www.pm.pb.gov.br\/portal\/2024\/02\/14\/operacao-carnaval-apreende-sete-armas-de-fogo-e-recupera-11-veiculos-durante-fiscalizacoes-no-transito\/"},"wordCount":209,"publisher":{"@id":"https:\/\/www.pm.pb.gov.br\/portal\/#organization"},"articleSection":["A\u00e7\u00f5es Policiais"],"inLanguage":"pt-BR"},{"@type":"WebPage","@id":"https:\/\/www.pm.pb.gov.br\/portal\/2024\/02\/14\/operacao-carnaval-apreende-sete-armas-de-fogo-e-recupera-11-veiculos-durante-fiscalizacoes-no-transito\/","url":"https:\/\/www.pm.pb.gov.br\/portal\/2024\/02\/14\/operacao-carnaval-apreende-sete-armas-de-fogo-e-recupera-11-veiculos-durante-fiscalizacoes-no-transito\/","name":"Opera\u00e7\u00e3o Carnaval apreende sete armas de fogo e recupera 11 ve\u00edculos durante fiscaliza\u00e7\u00f5es no tr\u00e2nsito - Pol\u00edcia Militar da Para\u00edba","isPartOf":{"@id":"https:\/\/www.pm.pb.gov.br\/portal\/#website"},"datePublished":"2024-02-14T15:17:31+00:00","dateModified":"2024-02-14T15:17:34+00:00","description":"O dado faz refer\u00eancia aos 130 checkpoints realizados da \u00faltima sexta-feira at\u00e9 a ter\u00e7a-feira (13). Em um \u00fanico dia, 90 condutores foram autuados.","breadcrumb":{"@id":"https:\/\/www.pm.pb.gov.br\/portal\/2024\/02\/14\/operacao-carnaval-apreende-sete-armas-de-fogo-e-recupera-11-veiculos-durante-fiscalizacoes-no-transito\/#breadcrumb"},"inLanguage":"pt-BR","potentialAction":[{"@type":"ReadAction","target":["https:\/\/www.pm.pb.gov.br\/portal\/2024\/02\/14\/operacao-carnaval-apreende-sete-armas-de-fogo-e-recupera-11-veiculos-durante-fiscalizacoes-no-transito\/"]}]},{"@type":"BreadcrumbList","@id":"https:\/\/www.pm.pb.gov.br\/portal\/2024\/02\/14\/operacao-carnaval-apreende-sete-armas-de-fogo-e-recupera-11-veiculos-durante-fiscalizacoes-no-transito\/#breadcrumb","itemListElement":[{"@type":"ListItem","position":1,"name":"In\u00edcio","item":"https:\/\/www.pm.pb.gov.br\/portal\/"},{"@type":"ListItem","position":2,"name":"Opera\u00e7\u00e3o Carnaval apreende sete armas de fogo e recupera 11 ve\u00edculos durante fiscaliza\u00e7\u00f5es no tr\u00e2nsito"}]},{"@type":"WebSite","@id":"https:\/\/www.pm.pb.gov.br\/portal\/#website","url":"https:\/\/www.pm.pb.gov.br\/portal\/","name":"Pol\u00edcia Militar da Para\u00edba","description":"","publisher":{"@id":"https:\/\/www.pm.pb.gov.br\/portal\/#organization"},"potentialAction":[{"@type":"SearchAction","target":{"@type":"EntryPoint","urlTemplate":"https:\/\/www.pm.pb.gov.br\/portal\/?s={search_term_string}"},"query-input":"required name=search_term_string"}],"inLanguage":"pt-BR"},{"@type":"Organization","@id":"https:\/\/www.pm.pb.gov.br\/portal\/#organization","name":"Pol\u00edcia Militar da Para\u00edba","url":"https:\/\/www.pm.pb.gov.br\/portal\/","logo":{"@type":"ImageObject","inLanguage":"pt-BR","@id":"https:\/\/www.pm.pb.gov.br\/portal\/#\/schema\/logo\/image\/","url":"https:\/\/www.pm.pb.gov.br\/portal\/wp-content\/uploads\/2025\/03\/cropped-logo-site-mag2-1.png","contentUrl":"https:\/\/www.pm.pb.gov.br\/portal\/wp-content\/uploads\/2025\/03\/cropped-logo-site-mag2-1.png","width":320,"height":90,"caption":"Pol\u00edcia Militar da Para\u00edba"},"image":{"@id":"https:\/\/www.pm.pb.gov.br\/portal\/#\/schema\/logo\/image\/"}},{"@type":"Person","@id":"https:\/\/www.pm.pb.gov.br\/portal\/#\/schema\/person\/f84f56dcc78ce4357054da888b8247fd","name":"Tarcisio Oliveira","image":{"@type":"ImageObject","inLanguage":"pt-BR","@id":"https:\/\/www.pm.pb.gov.br\/portal\/#\/schema\/person\/image\/","url":"https:\/\/secure.gravatar.com\/avatar\/72917b630b69d31cd0297507f34bac97?s=96&d=mm&r=g","contentUrl":"https:\/\/secure.gravatar.com\/avatar\/72917b630b69d31cd0297507f34bac97?s=96&d=mm&r=g","caption":"Tarcisio Oliveira"},"url":"https:\/\/www.pm.pb.gov.br\/portal\/author\/tarcisio\/"}]}},"_links":{"self":[{"href":"https:\/\/www.pm.pb.gov.br\/portal\/wp-json\/wp\/v2\/posts\/921034"}],"collection":[{"href":"https:\/\/www.pm.pb.gov.br\/portal\/wp-json\/wp\/v2\/posts"}],"about":[{"href":"https:\/\/www.pm.pb.gov.br\/portal\/wp-json\/wp\/v2\/types\/post"}],"author":[{"embeddable":true,"href":"https:\/\/www.pm.pb.gov.br\/portal\/wp-json\/wp\/v2\/users\/12"}],"replies":[{"embeddable":true,"href":"https:\/\/www.pm.pb.gov.br\/portal\/wp-json\/wp\/v2\/comments?post=921034"}],"version-history":[{"count":1,"href":"https:\/\/www.pm.pb.gov.br\/portal\/wp-json\/wp\/v2\/posts\/921034\/revisions"}],"predecessor-version":[{"id":921040,"href":"https:\/\/www.pm.pb.gov.br\/portal\/wp-json\/wp\/v2\/posts\/921034\/revisions\/921040"}],"wp:featuredmedia":[{"embeddable":true,"href":"https:\/\/www.pm.pb.gov.br\/portal\/wp-json\/wp\/v2\/media\/921035"}],"wp:attachment":[{"href":"https:\/\/www.pm.pb.gov.br\/portal\/wp-json\/wp\/v2\/media?parent=921034"}],"wp:term":[{"taxonomy":"category","embeddable":true,"href":"https:\/\/www.pm.pb.gov.br\/portal\/wp-json\/wp\/v2\/categories?post=921034"},{"taxonomy":"post_tag","embeddable":true,"href":"https:\/\/www.pm.pb.gov.br\/portal\/wp-json\/wp\/v2\/tags?post=921034"}],"curies":[{"name":"wp","href":"https:\/\/api.w.org\/{rel}","templated":true}]}}