{"id":921022,"date":"2024-02-14T08:07:08","date_gmt":"2024-02-14T11:07:08","guid":{"rendered":"https:\/\/www.pm.pb.gov.br\/portal\/?p=921022"},"modified":"2024-02-14T08:15:04","modified_gmt":"2024-02-14T11:15:04","slug":"operacao-carnaval-apreende-arma-de-fogo-e-placas-de-colete-balistico-na-grande-joao-pessoa","status":"publish","type":"post","link":"https:\/\/www.pm.pb.gov.br\/portal\/2024\/02\/14\/operacao-carnaval-apreende-arma-de-fogo-e-placas-de-colete-balistico-na-grande-joao-pessoa\/","title":{"rendered":"Opera\u00e7\u00e3o Carnaval apreende arma de fogo e placas de colete bal\u00edstico na Grande Jo\u00e3o Pessoa"},"content":{"rendered":"\n<p>A Pol\u00edcia Militar apreendeu mais uma arma de fogo e placas de coletes bal\u00edsticos que estavam sendo usadas por criminosos em Cabedelo (foto acima ilustrativa). A apreens\u00e3o do material ocorreu na noite da \u00faltima ter\u00e7a-feira (13), durante a Opera\u00e7\u00e3o Carnaval.<\/p>\n<p>De acordo com a 6\u00aa Companhia Independente, o material estava com um homem acusado de amea\u00e7ar moradores no bairro do Jacar\u00e9. O acusado foi denunciado e, durante as dilig\u00eancias da PM, fugiu abandonando o material em uma mochila. Um rev\u00f3lver e quatro placas bal\u00edsticas artesanais foram apreendidas pelos policiais da 6\u00aa CIPM.<\/p>\n<p><img loading=\"lazy\" decoding=\"async\" class=\"size-medium wp-image-921023 aligncenter\" src=\"http:\/\/www.pm.pb.gov.br\/portal\/wp-content\/uploads\/2024\/02\/WhatsApp-Image-2024-02-14-at-01.37.15-398x445.jpeg\" alt=\"\" width=\"398\" height=\"445\" srcset=\"https:\/\/www.pm.pb.gov.br\/portal\/wp-content\/uploads\/2024\/02\/WhatsApp-Image-2024-02-14-at-01.37.15-398x445.jpeg 398w, https:\/\/www.pm.pb.gov.br\/portal\/wp-content\/uploads\/2024\/02\/WhatsApp-Image-2024-02-14-at-01.37.15-510x570.jpeg 510w, https:\/\/www.pm.pb.gov.br\/portal\/wp-content\/uploads\/2024\/02\/WhatsApp-Image-2024-02-14-at-01.37.15-768x858.jpeg 768w, https:\/\/www.pm.pb.gov.br\/portal\/wp-content\/uploads\/2024\/02\/WhatsApp-Image-2024-02-14-at-01.37.15-1375x1536.jpeg 1375w, https:\/\/www.pm.pb.gov.br\/portal\/wp-content\/uploads\/2024\/02\/WhatsApp-Image-2024-02-14-at-01.37.15-1833x2048.jpeg 1833w\" sizes=\"(max-width: 398px) 100vw, 398px\" \/><\/p>\n<p>O material foi encaminhado para a delegacia para a devida investiga\u00e7\u00e3o. \u00a0\u00a0<\/p>\n<p><em>Atualizado \u00e0s 08h35.<\/em><\/p>\n\n\n","protected":false},"excerpt":{"rendered":"<p>A Pol\u00edcia Militar apreendeu mais uma arma de fogo e placas de coletes bal\u00edsticos que estavam sendo usadas por criminosos<\/p>\n","protected":false},"author":12,"featured_media":916035,"comment_status":"closed","ping_status":"closed","sticky":false,"template":"","format":"standard","meta":{"_exactmetrics_skip_tracking":false,"_exactmetrics_sitenote_active":false,"_exactmetrics_sitenote_note":"","_exactmetrics_sitenote_category":0,"footnotes":""},"categories":[4],"tags":[],"yoast_head":"<!-- This site is optimized with the Yoast SEO plugin v22.0 - https:\/\/yoast.com\/wordpress\/plugins\/seo\/ -->\n<title>Opera\u00e7\u00e3o Carnaval apreende arma de fogo e placas de colete bal\u00edstico na Grande Jo\u00e3o Pessoa - Pol\u00edcia Militar da Para\u00edba<\/title>\n<meta name=\"description\" content=\"O material estava com um homem acusado de amea\u00e7ar moradores no bairro do Jacar\u00e9. Quatro placas bal\u00edsticas artesanais e um rev\u00f3lver foram apreendidos pelos policiais.\" \/>\n<meta name=\"robots\" content=\"index, follow, max-snippet:-1, max-image-preview:large, max-video-preview:-1\" \/>\n<link rel=\"canonical\" href=\"https:\/\/www.pm.pb.gov.br\/portal\/2024\/02\/14\/operacao-carnaval-apreende-arma-de-fogo-e-placas-de-colete-balistico-na-grande-joao-pessoa\/\" \/>\n<meta property=\"og:locale\" content=\"pt_BR\" \/>\n<meta property=\"og:type\" content=\"article\" \/>\n<meta property=\"og:title\" content=\"Opera\u00e7\u00e3o Carnaval apreende arma de fogo e placas de colete bal\u00edstico na Grande Jo\u00e3o Pessoa - Pol\u00edcia Militar da Para\u00edba\" \/>\n<meta property=\"og:description\" content=\"O material estava com um homem acusado de amea\u00e7ar moradores no bairro do Jacar\u00e9. Quatro placas bal\u00edsticas artesanais e um rev\u00f3lver foram apreendidos pelos policiais.\" \/>\n<meta property=\"og:url\" content=\"https:\/\/www.pm.pb.gov.br\/portal\/2024\/02\/14\/operacao-carnaval-apreende-arma-de-fogo-e-placas-de-colete-balistico-na-grande-joao-pessoa\/\" \/>\n<meta property=\"og:site_name\" content=\"Pol\u00edcia Militar da Para\u00edba\" \/>\n<meta property=\"article:published_time\" content=\"2024-02-14T11:07:08+00:00\" \/>\n<meta property=\"article:modified_time\" content=\"2024-02-14T11:15:04+00:00\" \/>\n<meta property=\"og:image\" content=\"http:\/\/www.pm.pb.gov.br\/portal\/wp-content\/uploads\/2023\/03\/6acipm.jpeg\" \/>\n\t<meta property=\"og:image:width\" content=\"800\" \/>\n\t<meta property=\"og:image:height\" content=\"445\" \/>\n\t<meta property=\"og:image:type\" content=\"image\/jpeg\" \/>\n<meta name=\"author\" content=\"Tarcisio Oliveira\" \/>\n<meta name=\"twitter:card\" content=\"summary_large_image\" \/>\n<meta name=\"twitter:label1\" content=\"Escrito por\" \/>\n\t<meta name=\"twitter:data1\" content=\"Tarcisio Oliveira\" \/>\n\t<meta name=\"twitter:label2\" content=\"Est. tempo de leitura\" \/>\n\t<meta name=\"twitter:data2\" content=\"1 minuto\" \/>\n<script type=\"application\/ld+json\" class=\"yoast-schema-graph\">{\"@context\":\"https:\/\/schema.org\",\"@graph\":[{\"@type\":\"Article\",\"@id\":\"https:\/\/www.pm.pb.gov.br\/portal\/2024\/02\/14\/operacao-carnaval-apreende-arma-de-fogo-e-placas-de-colete-balistico-na-grande-joao-pessoa\/#article\",\"isPartOf\":{\"@id\":\"https:\/\/www.pm.pb.gov.br\/portal\/2024\/02\/14\/operacao-carnaval-apreende-arma-de-fogo-e-placas-de-colete-balistico-na-grande-joao-pessoa\/\"},\"author\":{\"name\":\"Tarcisio Oliveira\",\"@id\":\"https:\/\/www.pm.pb.gov.br\/portal\/#\/schema\/person\/f84f56dcc78ce4357054da888b8247fd\"},\"headline\":\"Opera\u00e7\u00e3o Carnaval apreende arma de fogo e placas de colete bal\u00edstico na Grande Jo\u00e3o Pessoa\",\"datePublished\":\"2024-02-14T11:07:08+00:00\",\"dateModified\":\"2024-02-14T11:15:04+00:00\",\"mainEntityOfPage\":{\"@id\":\"https:\/\/www.pm.pb.gov.br\/portal\/2024\/02\/14\/operacao-carnaval-apreende-arma-de-fogo-e-placas-de-colete-balistico-na-grande-joao-pessoa\/\"},\"wordCount\":131,\"publisher\":{\"@id\":\"https:\/\/www.pm.pb.gov.br\/portal\/#organization\"},\"articleSection\":[\"A\u00e7\u00f5es Policiais\"],\"inLanguage\":\"pt-BR\"},{\"@type\":\"WebPage\",\"@id\":\"https:\/\/www.pm.pb.gov.br\/portal\/2024\/02\/14\/operacao-carnaval-apreende-arma-de-fogo-e-placas-de-colete-balistico-na-grande-joao-pessoa\/\",\"url\":\"https:\/\/www.pm.pb.gov.br\/portal\/2024\/02\/14\/operacao-carnaval-apreende-arma-de-fogo-e-placas-de-colete-balistico-na-grande-joao-pessoa\/\",\"name\":\"Opera\u00e7\u00e3o Carnaval apreende arma de fogo e placas de colete bal\u00edstico na Grande Jo\u00e3o Pessoa - Pol\u00edcia Militar da Para\u00edba\",\"isPartOf\":{\"@id\":\"https:\/\/www.pm.pb.gov.br\/portal\/#website\"},\"datePublished\":\"2024-02-14T11:07:08+00:00\",\"dateModified\":\"2024-02-14T11:15:04+00:00\",\"description\":\"O material estava com um homem acusado de amea\u00e7ar moradores no bairro do Jacar\u00e9. Quatro placas bal\u00edsticas artesanais e um rev\u00f3lver foram apreendidos pelos policiais.\",\"breadcrumb\":{\"@id\":\"https:\/\/www.pm.pb.gov.br\/portal\/2024\/02\/14\/operacao-carnaval-apreende-arma-de-fogo-e-placas-de-colete-balistico-na-grande-joao-pessoa\/#breadcrumb\"},\"inLanguage\":\"pt-BR\",\"potentialAction\":[{\"@type\":\"ReadAction\",\"target\":[\"https:\/\/www.pm.pb.gov.br\/portal\/2024\/02\/14\/operacao-carnaval-apreende-arma-de-fogo-e-placas-de-colete-balistico-na-grande-joao-pessoa\/\"]}]},{\"@type\":\"BreadcrumbList\",\"@id\":\"https:\/\/www.pm.pb.gov.br\/portal\/2024\/02\/14\/operacao-carnaval-apreende-arma-de-fogo-e-placas-de-colete-balistico-na-grande-joao-pessoa\/#breadcrumb\",\"itemListElement\":[{\"@type\":\"ListItem\",\"position\":1,\"name\":\"In\u00edcio\",\"item\":\"https:\/\/www.pm.pb.gov.br\/portal\/\"},{\"@type\":\"ListItem\",\"position\":2,\"name\":\"Opera\u00e7\u00e3o Carnaval apreende arma de fogo e placas de colete bal\u00edstico na Grande Jo\u00e3o Pessoa\"}]},{\"@type\":\"WebSite\",\"@id\":\"https:\/\/www.pm.pb.gov.br\/portal\/#website\",\"url\":\"https:\/\/www.pm.pb.gov.br\/portal\/\",\"name\":\"Pol\u00edcia Militar da Para\u00edba\",\"description\":\"\",\"publisher\":{\"@id\":\"https:\/\/www.pm.pb.gov.br\/portal\/#organization\"},\"potentialAction\":[{\"@type\":\"SearchAction\",\"target\":{\"@type\":\"EntryPoint\",\"urlTemplate\":\"https:\/\/www.pm.pb.gov.br\/portal\/?s={search_term_string}\"},\"query-input\":\"required name=search_term_string\"}],\"inLanguage\":\"pt-BR\"},{\"@type\":\"Organization\",\"@id\":\"https:\/\/www.pm.pb.gov.br\/portal\/#organization\",\"name\":\"Pol\u00edcia Militar da Para\u00edba\",\"url\":\"https:\/\/www.pm.pb.gov.br\/portal\/\",\"logo\":{\"@type\":\"ImageObject\",\"inLanguage\":\"pt-BR\",\"@id\":\"https:\/\/www.pm.pb.gov.br\/portal\/#\/schema\/logo\/image\/\",\"url\":\"https:\/\/www.pm.pb.gov.br\/portal\/wp-content\/uploads\/2025\/03\/cropped-logo-site-mag2-1.png\",\"contentUrl\":\"https:\/\/www.pm.pb.gov.br\/portal\/wp-content\/uploads\/2025\/03\/cropped-logo-site-mag2-1.png\",\"width\":320,\"height\":90,\"caption\":\"Pol\u00edcia Militar da Para\u00edba\"},\"image\":{\"@id\":\"https:\/\/www.pm.pb.gov.br\/portal\/#\/schema\/logo\/image\/\"}},{\"@type\":\"Person\",\"@id\":\"https:\/\/www.pm.pb.gov.br\/portal\/#\/schema\/person\/f84f56dcc78ce4357054da888b8247fd\",\"name\":\"Tarcisio Oliveira\",\"image\":{\"@type\":\"ImageObject\",\"inLanguage\":\"pt-BR\",\"@id\":\"https:\/\/www.pm.pb.gov.br\/portal\/#\/schema\/person\/image\/\",\"url\":\"https:\/\/secure.gravatar.com\/avatar\/72917b630b69d31cd0297507f34bac97?s=96&d=mm&r=g\",\"contentUrl\":\"https:\/\/secure.gravatar.com\/avatar\/72917b630b69d31cd0297507f34bac97?s=96&d=mm&r=g\",\"caption\":\"Tarcisio Oliveira\"},\"url\":\"https:\/\/www.pm.pb.gov.br\/portal\/author\/tarcisio\/\"}]}<\/script>\n<!-- \/ Yoast SEO plugin. -->","yoast_head_json":{"title":"Opera\u00e7\u00e3o Carnaval apreende arma de fogo e placas de colete bal\u00edstico na Grande Jo\u00e3o Pessoa - Pol\u00edcia Militar da Para\u00edba","description":"O material estava com um homem acusado de amea\u00e7ar moradores no bairro do Jacar\u00e9. Quatro placas bal\u00edsticas artesanais e um rev\u00f3lver foram apreendidos pelos policiais.","robots":{"index":"index","follow":"follow","max-snippet":"max-snippet:-1","max-image-preview":"max-image-preview:large","max-video-preview":"max-video-preview:-1"},"canonical":"https:\/\/www.pm.pb.gov.br\/portal\/2024\/02\/14\/operacao-carnaval-apreende-arma-de-fogo-e-placas-de-colete-balistico-na-grande-joao-pessoa\/","og_locale":"pt_BR","og_type":"article","og_title":"Opera\u00e7\u00e3o Carnaval apreende arma de fogo e placas de colete bal\u00edstico na Grande Jo\u00e3o Pessoa - Pol\u00edcia Militar da Para\u00edba","og_description":"O material estava com um homem acusado de amea\u00e7ar moradores no bairro do Jacar\u00e9. Quatro placas bal\u00edsticas artesanais e um rev\u00f3lver foram apreendidos pelos policiais.","og_url":"https:\/\/www.pm.pb.gov.br\/portal\/2024\/02\/14\/operacao-carnaval-apreende-arma-de-fogo-e-placas-de-colete-balistico-na-grande-joao-pessoa\/","og_site_name":"Pol\u00edcia Militar da Para\u00edba","article_published_time":"2024-02-14T11:07:08+00:00","article_modified_time":"2024-02-14T11:15:04+00:00","og_image":[{"width":800,"height":445,"url":"http:\/\/www.pm.pb.gov.br\/portal\/wp-content\/uploads\/2023\/03\/6acipm.jpeg","type":"image\/jpeg"}],"author":"Tarcisio Oliveira","twitter_card":"summary_large_image","twitter_misc":{"Escrito por":"Tarcisio Oliveira","Est. tempo de leitura":"1 minuto"},"schema":{"@context":"https:\/\/schema.org","@graph":[{"@type":"Article","@id":"https:\/\/www.pm.pb.gov.br\/portal\/2024\/02\/14\/operacao-carnaval-apreende-arma-de-fogo-e-placas-de-colete-balistico-na-grande-joao-pessoa\/#article","isPartOf":{"@id":"https:\/\/www.pm.pb.gov.br\/portal\/2024\/02\/14\/operacao-carnaval-apreende-arma-de-fogo-e-placas-de-colete-balistico-na-grande-joao-pessoa\/"},"author":{"name":"Tarcisio Oliveira","@id":"https:\/\/www.pm.pb.gov.br\/portal\/#\/schema\/person\/f84f56dcc78ce4357054da888b8247fd"},"headline":"Opera\u00e7\u00e3o Carnaval apreende arma de fogo e placas de colete bal\u00edstico na Grande Jo\u00e3o Pessoa","datePublished":"2024-02-14T11:07:08+00:00","dateModified":"2024-02-14T11:15:04+00:00","mainEntityOfPage":{"@id":"https:\/\/www.pm.pb.gov.br\/portal\/2024\/02\/14\/operacao-carnaval-apreende-arma-de-fogo-e-placas-de-colete-balistico-na-grande-joao-pessoa\/"},"wordCount":131,"publisher":{"@id":"https:\/\/www.pm.pb.gov.br\/portal\/#organization"},"articleSection":["A\u00e7\u00f5es Policiais"],"inLanguage":"pt-BR"},{"@type":"WebPage","@id":"https:\/\/www.pm.pb.gov.br\/portal\/2024\/02\/14\/operacao-carnaval-apreende-arma-de-fogo-e-placas-de-colete-balistico-na-grande-joao-pessoa\/","url":"https:\/\/www.pm.pb.gov.br\/portal\/2024\/02\/14\/operacao-carnaval-apreende-arma-de-fogo-e-placas-de-colete-balistico-na-grande-joao-pessoa\/","name":"Opera\u00e7\u00e3o Carnaval apreende arma de fogo e placas de colete bal\u00edstico na Grande Jo\u00e3o Pessoa - Pol\u00edcia Militar da Para\u00edba","isPartOf":{"@id":"https:\/\/www.pm.pb.gov.br\/portal\/#website"},"datePublished":"2024-02-14T11:07:08+00:00","dateModified":"2024-02-14T11:15:04+00:00","description":"O material estava com um homem acusado de amea\u00e7ar moradores no bairro do Jacar\u00e9. Quatro placas bal\u00edsticas artesanais e um rev\u00f3lver foram apreendidos pelos policiais.","breadcrumb":{"@id":"https:\/\/www.pm.pb.gov.br\/portal\/2024\/02\/14\/operacao-carnaval-apreende-arma-de-fogo-e-placas-de-colete-balistico-na-grande-joao-pessoa\/#breadcrumb"},"inLanguage":"pt-BR","potentialAction":[{"@type":"ReadAction","target":["https:\/\/www.pm.pb.gov.br\/portal\/2024\/02\/14\/operacao-carnaval-apreende-arma-de-fogo-e-placas-de-colete-balistico-na-grande-joao-pessoa\/"]}]},{"@type":"BreadcrumbList","@id":"https:\/\/www.pm.pb.gov.br\/portal\/2024\/02\/14\/operacao-carnaval-apreende-arma-de-fogo-e-placas-de-colete-balistico-na-grande-joao-pessoa\/#breadcrumb","itemListElement":[{"@type":"ListItem","position":1,"name":"In\u00edcio","item":"https:\/\/www.pm.pb.gov.br\/portal\/"},{"@type":"ListItem","position":2,"name":"Opera\u00e7\u00e3o Carnaval apreende arma de fogo e placas de colete bal\u00edstico na Grande Jo\u00e3o Pessoa"}]},{"@type":"WebSite","@id":"https:\/\/www.pm.pb.gov.br\/portal\/#website","url":"https:\/\/www.pm.pb.gov.br\/portal\/","name":"Pol\u00edcia Militar da Para\u00edba","description":"","publisher":{"@id":"https:\/\/www.pm.pb.gov.br\/portal\/#organization"},"potentialAction":[{"@type":"SearchAction","target":{"@type":"EntryPoint","urlTemplate":"https:\/\/www.pm.pb.gov.br\/portal\/?s={search_term_string}"},"query-input":"required name=search_term_string"}],"inLanguage":"pt-BR"},{"@type":"Organization","@id":"https:\/\/www.pm.pb.gov.br\/portal\/#organization","name":"Pol\u00edcia Militar da Para\u00edba","url":"https:\/\/www.pm.pb.gov.br\/portal\/","logo":{"@type":"ImageObject","inLanguage":"pt-BR","@id":"https:\/\/www.pm.pb.gov.br\/portal\/#\/schema\/logo\/image\/","url":"https:\/\/www.pm.pb.gov.br\/portal\/wp-content\/uploads\/2025\/03\/cropped-logo-site-mag2-1.png","contentUrl":"https:\/\/www.pm.pb.gov.br\/portal\/wp-content\/uploads\/2025\/03\/cropped-logo-site-mag2-1.png","width":320,"height":90,"caption":"Pol\u00edcia Militar da Para\u00edba"},"image":{"@id":"https:\/\/www.pm.pb.gov.br\/portal\/#\/schema\/logo\/image\/"}},{"@type":"Person","@id":"https:\/\/www.pm.pb.gov.br\/portal\/#\/schema\/person\/f84f56dcc78ce4357054da888b8247fd","name":"Tarcisio Oliveira","image":{"@type":"ImageObject","inLanguage":"pt-BR","@id":"https:\/\/www.pm.pb.gov.br\/portal\/#\/schema\/person\/image\/","url":"https:\/\/secure.gravatar.com\/avatar\/72917b630b69d31cd0297507f34bac97?s=96&d=mm&r=g","contentUrl":"https:\/\/secure.gravatar.com\/avatar\/72917b630b69d31cd0297507f34bac97?s=96&d=mm&r=g","caption":"Tarcisio Oliveira"},"url":"https:\/\/www.pm.pb.gov.br\/portal\/author\/tarcisio\/"}]}},"_links":{"self":[{"href":"https:\/\/www.pm.pb.gov.br\/portal\/wp-json\/wp\/v2\/posts\/921022"}],"collection":[{"href":"https:\/\/www.pm.pb.gov.br\/portal\/wp-json\/wp\/v2\/posts"}],"about":[{"href":"https:\/\/www.pm.pb.gov.br\/portal\/wp-json\/wp\/v2\/types\/post"}],"author":[{"embeddable":true,"href":"https:\/\/www.pm.pb.gov.br\/portal\/wp-json\/wp\/v2\/users\/12"}],"replies":[{"embeddable":true,"href":"https:\/\/www.pm.pb.gov.br\/portal\/wp-json\/wp\/v2\/comments?post=921022"}],"version-history":[{"count":2,"href":"https:\/\/www.pm.pb.gov.br\/portal\/wp-json\/wp\/v2\/posts\/921022\/revisions"}],"predecessor-version":[{"id":921025,"href":"https:\/\/www.pm.pb.gov.br\/portal\/wp-json\/wp\/v2\/posts\/921022\/revisions\/921025"}],"wp:featuredmedia":[{"embeddable":true,"href":"https:\/\/www.pm.pb.gov.br\/portal\/wp-json\/wp\/v2\/media\/916035"}],"wp:attachment":[{"href":"https:\/\/www.pm.pb.gov.br\/portal\/wp-json\/wp\/v2\/media?parent=921022"}],"wp:term":[{"taxonomy":"category","embeddable":true,"href":"https:\/\/www.pm.pb.gov.br\/portal\/wp-json\/wp\/v2\/categories?post=921022"},{"taxonomy":"post_tag","embeddable":true,"href":"https:\/\/www.pm.pb.gov.br\/portal\/wp-json\/wp\/v2\/tags?post=921022"}],"curies":[{"name":"wp","href":"https:\/\/api.w.org\/{rel}","templated":true}]}}