{"id":921010,"date":"2024-02-13T19:55:24","date_gmt":"2024-02-13T22:55:24","guid":{"rendered":"https:\/\/www.pm.pb.gov.br\/portal\/?p=921010"},"modified":"2024-02-13T20:04:39","modified_gmt":"2024-02-13T23:04:39","slug":"suspeito-de-tomar-carro-por-assalto-e-preso-apos-perseguicao-em-bairro-da-capital","status":"publish","type":"post","link":"https:\/\/www.pm.pb.gov.br\/portal\/2024\/02\/13\/suspeito-de-tomar-carro-por-assalto-e-preso-apos-perseguicao-em-bairro-da-capital\/","title":{"rendered":"Suspeito de tomar carro por assalto \u00e9 preso ap\u00f3s persegui\u00e7\u00e3o em bairro da Capital"},"content":{"rendered":"\n<p>Na tarde desta ter\u00e7a-feira (13), uma a\u00e7\u00e3o coordenada entre o 5\u00b0 BPM, com apoio do Grupamento T\u00e1tico A\u00e9reo, recuperou um ve\u00edculo roubado no bairro Colinas do Sul, em Jo\u00e3o Pessoa. <br><br>A a\u00e7\u00e3o ocorreu ap\u00f3s informa\u00e7\u00f5es fornecidas pelo Centro Integrado de Comando e Controle (CICC) que indicavam a localiza\u00e7\u00e3o do ve\u00edculo. Durante o patrulhamento, as guarni\u00e7\u00f5es identificaram o carro roubado em um condom\u00ednio no bairro Colinas do Sul. No local, os suspeitos foram avistados no interior do Prima, com o apoio de uma motocicleta, preparando-se para uma fuga r\u00e1pida. Ao perceberem a aproxima\u00e7\u00e3o da pol\u00edcia, os suspeitos iniciaram uma fuga, dando in\u00edcio a uma intensa persegui\u00e7\u00e3o que culminou em uma troca de tiros. <br><\/p>\n\n\n<div class=\"wp-block-image\">\n<figure class=\"aligncenter size-large is-resized\"><img loading=\"lazy\" decoding=\"async\" width=\"734\" height=\"570\" src=\"https:\/\/www.pm.pb.gov.br\/portal\/wp-content\/uploads\/2024\/02\/CARRO-734x570.jpg\" alt=\"\" class=\"wp-image-921016\" style=\"width:371px;height:auto\" srcset=\"https:\/\/www.pm.pb.gov.br\/portal\/wp-content\/uploads\/2024\/02\/CARRO-734x570.jpg 734w, https:\/\/www.pm.pb.gov.br\/portal\/wp-content\/uploads\/2024\/02\/CARRO-573x445.jpg 573w, https:\/\/www.pm.pb.gov.br\/portal\/wp-content\/uploads\/2024\/02\/CARRO-768x596.jpg 768w, https:\/\/www.pm.pb.gov.br\/portal\/wp-content\/uploads\/2024\/02\/CARRO.jpg 1179w\" sizes=\"(max-width: 734px) 100vw, 734px\" \/><\/figure><\/div>\n\n\n<p><br>A r\u00e1pida a\u00e7\u00e3o das equipes resultou na pris\u00e3o de um dos envolvidos, enquanto o outro conseguiu fugir para uma \u00e1rea de mata pr\u00f3xima. Al\u00e9m da recupera\u00e7\u00e3o do ve\u00edculo Prisma, a opera\u00e7\u00e3o possibilitou a apreens\u00e3o dos materiais pertencentes \u00e0 v\u00edtima do roubo e da motocicleta usada para dar apoio \u00e0 a\u00e7\u00e3o criminosa. <\/p>\n\n\n<div class=\"wp-block-image\">\n<figure class=\"aligncenter size-full is-resized\"><img loading=\"lazy\" decoding=\"async\" width=\"710\" height=\"568\" src=\"https:\/\/www.pm.pb.gov.br\/portal\/wp-content\/uploads\/2024\/02\/foto.jpg\" alt=\"\" class=\"wp-image-921019\" style=\"width:380px;height:auto\" srcset=\"https:\/\/www.pm.pb.gov.br\/portal\/wp-content\/uploads\/2024\/02\/foto.jpg 710w, https:\/\/www.pm.pb.gov.br\/portal\/wp-content\/uploads\/2024\/02\/foto-556x445.jpg 556w\" sizes=\"(max-width: 710px) 100vw, 710px\" \/><\/figure><\/div>\n\n\n<p><br>Toda a ocorr\u00eancia foi apresentada na Delegacia para os procedimentos cab\u00edveis.<br><\/p>\n","protected":false},"excerpt":{"rendered":"<p>Na tarde desta ter\u00e7a-feira (13), uma a\u00e7\u00e3o coordenada entre o 5\u00b0 BPM, com apoio do Grupamento T\u00e1tico A\u00e9reo, recuperou um<\/p>\n","protected":false},"author":5,"featured_media":921017,"comment_status":"closed","ping_status":"closed","sticky":false,"template":"","format":"standard","meta":{"_exactmetrics_skip_tracking":false,"_exactmetrics_sitenote_active":false,"_exactmetrics_sitenote_note":"","_exactmetrics_sitenote_category":0,"footnotes":""},"categories":[4],"tags":[],"yoast_head":"<!-- This site is optimized with the Yoast SEO plugin v22.0 - https:\/\/yoast.com\/wordpress\/plugins\/seo\/ -->\n<title>Suspeito de tomar carro por assalto \u00e9 preso ap\u00f3s persegui\u00e7\u00e3o em bairro da Capital - Pol\u00edcia Militar da Para\u00edba<\/title>\n<meta name=\"robots\" content=\"index, follow, max-snippet:-1, max-image-preview:large, max-video-preview:-1\" \/>\n<link rel=\"canonical\" href=\"https:\/\/www.pm.pb.gov.br\/portal\/2024\/02\/13\/suspeito-de-tomar-carro-por-assalto-e-preso-apos-perseguicao-em-bairro-da-capital\/\" \/>\n<meta property=\"og:locale\" content=\"pt_BR\" \/>\n<meta property=\"og:type\" content=\"article\" \/>\n<meta property=\"og:title\" content=\"Suspeito de tomar carro por assalto \u00e9 preso ap\u00f3s persegui\u00e7\u00e3o em bairro da Capital - Pol\u00edcia Militar da Para\u00edba\" \/>\n<meta property=\"og:description\" content=\"Na tarde desta ter\u00e7a-feira (13), uma a\u00e7\u00e3o coordenada entre o 5\u00b0 BPM, com apoio do Grupamento T\u00e1tico A\u00e9reo, recuperou um\" \/>\n<meta property=\"og:url\" content=\"https:\/\/www.pm.pb.gov.br\/portal\/2024\/02\/13\/suspeito-de-tomar-carro-por-assalto-e-preso-apos-perseguicao-em-bairro-da-capital\/\" \/>\n<meta property=\"og:site_name\" content=\"Pol\u00edcia Militar da Para\u00edba\" \/>\n<meta property=\"article:published_time\" content=\"2024-02-13T22:55:24+00:00\" \/>\n<meta property=\"article:modified_time\" content=\"2024-02-13T23:04:39+00:00\" \/>\n<meta property=\"og:image\" content=\"http:\/\/www.pm.pb.gov.br\/portal\/wp-content\/uploads\/2024\/02\/5BPM.jpg\" \/>\n\t<meta property=\"og:image:width\" content=\"1280\" \/>\n\t<meta property=\"og:image:height\" content=\"720\" \/>\n\t<meta property=\"og:image:type\" content=\"image\/jpeg\" \/>\n<meta name=\"author\" content=\"Assessoria de Imprensa da PMPB\" \/>\n<meta name=\"twitter:card\" content=\"summary_large_image\" \/>\n<meta name=\"twitter:label1\" content=\"Escrito por\" \/>\n\t<meta name=\"twitter:data1\" content=\"Assessoria de Imprensa da PMPB\" \/>\n\t<meta name=\"twitter:label2\" content=\"Est. tempo de leitura\" \/>\n\t<meta name=\"twitter:data2\" content=\"2 minutos\" \/>\n<script type=\"application\/ld+json\" class=\"yoast-schema-graph\">{\"@context\":\"https:\/\/schema.org\",\"@graph\":[{\"@type\":\"Article\",\"@id\":\"https:\/\/www.pm.pb.gov.br\/portal\/2024\/02\/13\/suspeito-de-tomar-carro-por-assalto-e-preso-apos-perseguicao-em-bairro-da-capital\/#article\",\"isPartOf\":{\"@id\":\"https:\/\/www.pm.pb.gov.br\/portal\/2024\/02\/13\/suspeito-de-tomar-carro-por-assalto-e-preso-apos-perseguicao-em-bairro-da-capital\/\"},\"author\":{\"name\":\"Assessoria de Imprensa da PMPB\",\"@id\":\"https:\/\/www.pm.pb.gov.br\/portal\/#\/schema\/person\/e8454f46651c3ecf0e1ba3c1666d9947\"},\"headline\":\"Suspeito de tomar carro por assalto \u00e9 preso ap\u00f3s persegui\u00e7\u00e3o em bairro da Capital\",\"datePublished\":\"2024-02-13T22:55:24+00:00\",\"dateModified\":\"2024-02-13T23:04:39+00:00\",\"mainEntityOfPage\":{\"@id\":\"https:\/\/www.pm.pb.gov.br\/portal\/2024\/02\/13\/suspeito-de-tomar-carro-por-assalto-e-preso-apos-perseguicao-em-bairro-da-capital\/\"},\"wordCount\":216,\"publisher\":{\"@id\":\"https:\/\/www.pm.pb.gov.br\/portal\/#organization\"},\"articleSection\":[\"A\u00e7\u00f5es Policiais\"],\"inLanguage\":\"pt-BR\"},{\"@type\":\"WebPage\",\"@id\":\"https:\/\/www.pm.pb.gov.br\/portal\/2024\/02\/13\/suspeito-de-tomar-carro-por-assalto-e-preso-apos-perseguicao-em-bairro-da-capital\/\",\"url\":\"https:\/\/www.pm.pb.gov.br\/portal\/2024\/02\/13\/suspeito-de-tomar-carro-por-assalto-e-preso-apos-perseguicao-em-bairro-da-capital\/\",\"name\":\"Suspeito de tomar carro por assalto \u00e9 preso ap\u00f3s persegui\u00e7\u00e3o em bairro da Capital - Pol\u00edcia Militar da Para\u00edba\",\"isPartOf\":{\"@id\":\"https:\/\/www.pm.pb.gov.br\/portal\/#website\"},\"datePublished\":\"2024-02-13T22:55:24+00:00\",\"dateModified\":\"2024-02-13T23:04:39+00:00\",\"breadcrumb\":{\"@id\":\"https:\/\/www.pm.pb.gov.br\/portal\/2024\/02\/13\/suspeito-de-tomar-carro-por-assalto-e-preso-apos-perseguicao-em-bairro-da-capital\/#breadcrumb\"},\"inLanguage\":\"pt-BR\",\"potentialAction\":[{\"@type\":\"ReadAction\",\"target\":[\"https:\/\/www.pm.pb.gov.br\/portal\/2024\/02\/13\/suspeito-de-tomar-carro-por-assalto-e-preso-apos-perseguicao-em-bairro-da-capital\/\"]}]},{\"@type\":\"BreadcrumbList\",\"@id\":\"https:\/\/www.pm.pb.gov.br\/portal\/2024\/02\/13\/suspeito-de-tomar-carro-por-assalto-e-preso-apos-perseguicao-em-bairro-da-capital\/#breadcrumb\",\"itemListElement\":[{\"@type\":\"ListItem\",\"position\":1,\"name\":\"In\u00edcio\",\"item\":\"https:\/\/www.pm.pb.gov.br\/portal\/\"},{\"@type\":\"ListItem\",\"position\":2,\"name\":\"Suspeito de tomar carro por assalto \u00e9 preso ap\u00f3s persegui\u00e7\u00e3o em bairro da Capital\"}]},{\"@type\":\"WebSite\",\"@id\":\"https:\/\/www.pm.pb.gov.br\/portal\/#website\",\"url\":\"https:\/\/www.pm.pb.gov.br\/portal\/\",\"name\":\"Pol\u00edcia Militar da Para\u00edba\",\"description\":\"\",\"publisher\":{\"@id\":\"https:\/\/www.pm.pb.gov.br\/portal\/#organization\"},\"potentialAction\":[{\"@type\":\"SearchAction\",\"target\":{\"@type\":\"EntryPoint\",\"urlTemplate\":\"https:\/\/www.pm.pb.gov.br\/portal\/?s={search_term_string}\"},\"query-input\":\"required name=search_term_string\"}],\"inLanguage\":\"pt-BR\"},{\"@type\":\"Organization\",\"@id\":\"https:\/\/www.pm.pb.gov.br\/portal\/#organization\",\"name\":\"Pol\u00edcia Militar da Para\u00edba\",\"url\":\"https:\/\/www.pm.pb.gov.br\/portal\/\",\"logo\":{\"@type\":\"ImageObject\",\"inLanguage\":\"pt-BR\",\"@id\":\"https:\/\/www.pm.pb.gov.br\/portal\/#\/schema\/logo\/image\/\",\"url\":\"https:\/\/www.pm.pb.gov.br\/portal\/wp-content\/uploads\/2025\/03\/cropped-logo-site-mag2-1.png\",\"contentUrl\":\"https:\/\/www.pm.pb.gov.br\/portal\/wp-content\/uploads\/2025\/03\/cropped-logo-site-mag2-1.png\",\"width\":320,\"height\":90,\"caption\":\"Pol\u00edcia Militar da Para\u00edba\"},\"image\":{\"@id\":\"https:\/\/www.pm.pb.gov.br\/portal\/#\/schema\/logo\/image\/\"}},{\"@type\":\"Person\",\"@id\":\"https:\/\/www.pm.pb.gov.br\/portal\/#\/schema\/person\/e8454f46651c3ecf0e1ba3c1666d9947\",\"name\":\"Assessoria de Imprensa da PMPB\",\"image\":{\"@type\":\"ImageObject\",\"inLanguage\":\"pt-BR\",\"@id\":\"https:\/\/www.pm.pb.gov.br\/portal\/#\/schema\/person\/image\/\",\"url\":\"https:\/\/secure.gravatar.com\/avatar\/2efe197438265d1e90bd98c4c8e1acf8?s=96&d=mm&r=g\",\"contentUrl\":\"https:\/\/secure.gravatar.com\/avatar\/2efe197438265d1e90bd98c4c8e1acf8?s=96&d=mm&r=g\",\"caption\":\"Assessoria de Imprensa da PMPB\"},\"url\":\"https:\/\/www.pm.pb.gov.br\/portal\/author\/assessoria\/\"}]}<\/script>\n<!-- \/ Yoast SEO plugin. -->","yoast_head_json":{"title":"Suspeito de tomar carro por assalto \u00e9 preso ap\u00f3s persegui\u00e7\u00e3o em bairro da Capital - Pol\u00edcia Militar da Para\u00edba","robots":{"index":"index","follow":"follow","max-snippet":"max-snippet:-1","max-image-preview":"max-image-preview:large","max-video-preview":"max-video-preview:-1"},"canonical":"https:\/\/www.pm.pb.gov.br\/portal\/2024\/02\/13\/suspeito-de-tomar-carro-por-assalto-e-preso-apos-perseguicao-em-bairro-da-capital\/","og_locale":"pt_BR","og_type":"article","og_title":"Suspeito de tomar carro por assalto \u00e9 preso ap\u00f3s persegui\u00e7\u00e3o em bairro da Capital - Pol\u00edcia Militar da Para\u00edba","og_description":"Na tarde desta ter\u00e7a-feira (13), uma a\u00e7\u00e3o coordenada entre o 5\u00b0 BPM, com apoio do Grupamento T\u00e1tico A\u00e9reo, recuperou um","og_url":"https:\/\/www.pm.pb.gov.br\/portal\/2024\/02\/13\/suspeito-de-tomar-carro-por-assalto-e-preso-apos-perseguicao-em-bairro-da-capital\/","og_site_name":"Pol\u00edcia Militar da Para\u00edba","article_published_time":"2024-02-13T22:55:24+00:00","article_modified_time":"2024-02-13T23:04:39+00:00","og_image":[{"width":1280,"height":720,"url":"http:\/\/www.pm.pb.gov.br\/portal\/wp-content\/uploads\/2024\/02\/5BPM.jpg","type":"image\/jpeg"}],"author":"Assessoria de Imprensa da PMPB","twitter_card":"summary_large_image","twitter_misc":{"Escrito por":"Assessoria de Imprensa da PMPB","Est. tempo de leitura":"2 minutos"},"schema":{"@context":"https:\/\/schema.org","@graph":[{"@type":"Article","@id":"https:\/\/www.pm.pb.gov.br\/portal\/2024\/02\/13\/suspeito-de-tomar-carro-por-assalto-e-preso-apos-perseguicao-em-bairro-da-capital\/#article","isPartOf":{"@id":"https:\/\/www.pm.pb.gov.br\/portal\/2024\/02\/13\/suspeito-de-tomar-carro-por-assalto-e-preso-apos-perseguicao-em-bairro-da-capital\/"},"author":{"name":"Assessoria de Imprensa da PMPB","@id":"https:\/\/www.pm.pb.gov.br\/portal\/#\/schema\/person\/e8454f46651c3ecf0e1ba3c1666d9947"},"headline":"Suspeito de tomar carro por assalto \u00e9 preso ap\u00f3s persegui\u00e7\u00e3o em bairro da Capital","datePublished":"2024-02-13T22:55:24+00:00","dateModified":"2024-02-13T23:04:39+00:00","mainEntityOfPage":{"@id":"https:\/\/www.pm.pb.gov.br\/portal\/2024\/02\/13\/suspeito-de-tomar-carro-por-assalto-e-preso-apos-perseguicao-em-bairro-da-capital\/"},"wordCount":216,"publisher":{"@id":"https:\/\/www.pm.pb.gov.br\/portal\/#organization"},"articleSection":["A\u00e7\u00f5es Policiais"],"inLanguage":"pt-BR"},{"@type":"WebPage","@id":"https:\/\/www.pm.pb.gov.br\/portal\/2024\/02\/13\/suspeito-de-tomar-carro-por-assalto-e-preso-apos-perseguicao-em-bairro-da-capital\/","url":"https:\/\/www.pm.pb.gov.br\/portal\/2024\/02\/13\/suspeito-de-tomar-carro-por-assalto-e-preso-apos-perseguicao-em-bairro-da-capital\/","name":"Suspeito de tomar carro por assalto \u00e9 preso ap\u00f3s persegui\u00e7\u00e3o em bairro da Capital - Pol\u00edcia Militar da Para\u00edba","isPartOf":{"@id":"https:\/\/www.pm.pb.gov.br\/portal\/#website"},"datePublished":"2024-02-13T22:55:24+00:00","dateModified":"2024-02-13T23:04:39+00:00","breadcrumb":{"@id":"https:\/\/www.pm.pb.gov.br\/portal\/2024\/02\/13\/suspeito-de-tomar-carro-por-assalto-e-preso-apos-perseguicao-em-bairro-da-capital\/#breadcrumb"},"inLanguage":"pt-BR","potentialAction":[{"@type":"ReadAction","target":["https:\/\/www.pm.pb.gov.br\/portal\/2024\/02\/13\/suspeito-de-tomar-carro-por-assalto-e-preso-apos-perseguicao-em-bairro-da-capital\/"]}]},{"@type":"BreadcrumbList","@id":"https:\/\/www.pm.pb.gov.br\/portal\/2024\/02\/13\/suspeito-de-tomar-carro-por-assalto-e-preso-apos-perseguicao-em-bairro-da-capital\/#breadcrumb","itemListElement":[{"@type":"ListItem","position":1,"name":"In\u00edcio","item":"https:\/\/www.pm.pb.gov.br\/portal\/"},{"@type":"ListItem","position":2,"name":"Suspeito de tomar carro por assalto \u00e9 preso ap\u00f3s persegui\u00e7\u00e3o em bairro da Capital"}]},{"@type":"WebSite","@id":"https:\/\/www.pm.pb.gov.br\/portal\/#website","url":"https:\/\/www.pm.pb.gov.br\/portal\/","name":"Pol\u00edcia Militar da Para\u00edba","description":"","publisher":{"@id":"https:\/\/www.pm.pb.gov.br\/portal\/#organization"},"potentialAction":[{"@type":"SearchAction","target":{"@type":"EntryPoint","urlTemplate":"https:\/\/www.pm.pb.gov.br\/portal\/?s={search_term_string}"},"query-input":"required name=search_term_string"}],"inLanguage":"pt-BR"},{"@type":"Organization","@id":"https:\/\/www.pm.pb.gov.br\/portal\/#organization","name":"Pol\u00edcia Militar da Para\u00edba","url":"https:\/\/www.pm.pb.gov.br\/portal\/","logo":{"@type":"ImageObject","inLanguage":"pt-BR","@id":"https:\/\/www.pm.pb.gov.br\/portal\/#\/schema\/logo\/image\/","url":"https:\/\/www.pm.pb.gov.br\/portal\/wp-content\/uploads\/2025\/03\/cropped-logo-site-mag2-1.png","contentUrl":"https:\/\/www.pm.pb.gov.br\/portal\/wp-content\/uploads\/2025\/03\/cropped-logo-site-mag2-1.png","width":320,"height":90,"caption":"Pol\u00edcia Militar da Para\u00edba"},"image":{"@id":"https:\/\/www.pm.pb.gov.br\/portal\/#\/schema\/logo\/image\/"}},{"@type":"Person","@id":"https:\/\/www.pm.pb.gov.br\/portal\/#\/schema\/person\/e8454f46651c3ecf0e1ba3c1666d9947","name":"Assessoria de Imprensa da PMPB","image":{"@type":"ImageObject","inLanguage":"pt-BR","@id":"https:\/\/www.pm.pb.gov.br\/portal\/#\/schema\/person\/image\/","url":"https:\/\/secure.gravatar.com\/avatar\/2efe197438265d1e90bd98c4c8e1acf8?s=96&d=mm&r=g","contentUrl":"https:\/\/secure.gravatar.com\/avatar\/2efe197438265d1e90bd98c4c8e1acf8?s=96&d=mm&r=g","caption":"Assessoria de Imprensa da PMPB"},"url":"https:\/\/www.pm.pb.gov.br\/portal\/author\/assessoria\/"}]}},"_links":{"self":[{"href":"https:\/\/www.pm.pb.gov.br\/portal\/wp-json\/wp\/v2\/posts\/921010"}],"collection":[{"href":"https:\/\/www.pm.pb.gov.br\/portal\/wp-json\/wp\/v2\/posts"}],"about":[{"href":"https:\/\/www.pm.pb.gov.br\/portal\/wp-json\/wp\/v2\/types\/post"}],"author":[{"embeddable":true,"href":"https:\/\/www.pm.pb.gov.br\/portal\/wp-json\/wp\/v2\/users\/5"}],"replies":[{"embeddable":true,"href":"https:\/\/www.pm.pb.gov.br\/portal\/wp-json\/wp\/v2\/comments?post=921010"}],"version-history":[{"count":3,"href":"https:\/\/www.pm.pb.gov.br\/portal\/wp-json\/wp\/v2\/posts\/921010\/revisions"}],"predecessor-version":[{"id":921021,"href":"https:\/\/www.pm.pb.gov.br\/portal\/wp-json\/wp\/v2\/posts\/921010\/revisions\/921021"}],"wp:featuredmedia":[{"embeddable":true,"href":"https:\/\/www.pm.pb.gov.br\/portal\/wp-json\/wp\/v2\/media\/921017"}],"wp:attachment":[{"href":"https:\/\/www.pm.pb.gov.br\/portal\/wp-json\/wp\/v2\/media?parent=921010"}],"wp:term":[{"taxonomy":"category","embeddable":true,"href":"https:\/\/www.pm.pb.gov.br\/portal\/wp-json\/wp\/v2\/categories?post=921010"},{"taxonomy":"post_tag","embeddable":true,"href":"https:\/\/www.pm.pb.gov.br\/portal\/wp-json\/wp\/v2\/tags?post=921010"}],"curies":[{"name":"wp","href":"https:\/\/api.w.org\/{rel}","templated":true}]}}