{"id":920955,"date":"2024-02-11T07:58:00","date_gmt":"2024-02-11T10:58:00","guid":{"rendered":"https:\/\/www.pm.pb.gov.br\/portal\/?p=920955"},"modified":"2024-02-11T11:01:18","modified_gmt":"2024-02-11T14:01:18","slug":"operacao-carnaval-intensifica-combate-ao-trafico-e-frustra-distribuicao-de-mais-de-670-porcoes-de-drogas-em-cidades-da-paraiba","status":"publish","type":"post","link":"https:\/\/www.pm.pb.gov.br\/portal\/2024\/02\/11\/operacao-carnaval-intensifica-combate-ao-trafico-e-frustra-distribuicao-de-mais-de-670-porcoes-de-drogas-em-cidades-da-paraiba\/","title":{"rendered":"Opera\u00e7\u00e3o Carnaval intensifica combate ao tr\u00e1fico e frustra distribui\u00e7\u00e3o de mais de 670 por\u00e7\u00f5es de drogas em cidades da Para\u00edba"},"content":{"rendered":"\n<p>A Opera\u00e7\u00e3o Carnaval realizada pela Pol\u00edcia Militar intensificou o combate ao tr\u00e1fico de drogas e frustrou a comercializa\u00e7\u00e3o e distribui\u00e7\u00e3o de mais de 670 por\u00e7\u00f5es de entorpecentes, em pelo menos tr\u00eas munic\u00edpios da Para\u00edba. As a\u00e7\u00f5es s\u00e3o referentes ao \u00faltimo s\u00e1bado (10).<\/p>\n<p>Maconha, crack, coca\u00edna, balan\u00e7as de precis\u00e3o e muni\u00e7\u00f5es, foram apreendidas pela PM em pontos estrat\u00e9gicos das cidades de Jo\u00e3o Pessoa (Jardim Cidade Universit\u00e1ria, Praia da Penha, fotos acima e abaixo), Mari (Vila S\u00e3o Luiz) e Pombal. Os acusados conseguiram fugir ao perceberem o cerco dos policiais na regi\u00e3o, mas seguem sendo procurados.<\/p>\n<p><img loading=\"lazy\" decoding=\"async\" class=\" wp-image-920957 aligncenter\" src=\"http:\/\/www.pm.pb.gov.br\/portal\/wp-content\/uploads\/2024\/02\/WhatsApp-Image-2024-02-11-at-10.58.01-533x445.jpeg\" alt=\"\" width=\"464\" height=\"387\" srcset=\"https:\/\/www.pm.pb.gov.br\/portal\/wp-content\/uploads\/2024\/02\/WhatsApp-Image-2024-02-11-at-10.58.01-533x445.jpeg 533w, https:\/\/www.pm.pb.gov.br\/portal\/wp-content\/uploads\/2024\/02\/WhatsApp-Image-2024-02-11-at-10.58.01-683x570.jpeg 683w, https:\/\/www.pm.pb.gov.br\/portal\/wp-content\/uploads\/2024\/02\/WhatsApp-Image-2024-02-11-at-10.58.01-768x641.jpeg 768w, https:\/\/www.pm.pb.gov.br\/portal\/wp-content\/uploads\/2024\/02\/WhatsApp-Image-2024-02-11-at-10.58.01-1536x1283.jpeg 1536w, https:\/\/www.pm.pb.gov.br\/portal\/wp-content\/uploads\/2024\/02\/WhatsApp-Image-2024-02-11-at-10.58.01.jpeg 1600w\" sizes=\"(max-width: 464px) 100vw, 464px\" \/><\/p>\n<p>Os entorpecentes e materiais do tr\u00e1fico apreendidos foram encaminhados para as delegacias para a investiga\u00e7\u00e3o. Novas a\u00e7\u00f5es devem acontecer com apreens\u00e3o de drogas durante a Opera\u00e7\u00e3o Carnaval.<\/p>\n\n\n","protected":false},"excerpt":{"rendered":"<p>A Opera\u00e7\u00e3o Carnaval realizada pela Pol\u00edcia Militar intensificou o combate ao tr\u00e1fico de drogas e frustrou a comercializa\u00e7\u00e3o e distribui\u00e7\u00e3o<\/p>\n","protected":false},"author":12,"featured_media":920956,"comment_status":"closed","ping_status":"closed","sticky":false,"template":"","format":"standard","meta":{"_exactmetrics_skip_tracking":false,"_exactmetrics_sitenote_active":false,"_exactmetrics_sitenote_note":"","_exactmetrics_sitenote_category":0,"footnotes":""},"categories":[4],"tags":[],"yoast_head":"<!-- This site is optimized with the Yoast SEO plugin v22.0 - https:\/\/yoast.com\/wordpress\/plugins\/seo\/ -->\n<title>Opera\u00e7\u00e3o Carnaval intensifica combate ao tr\u00e1fico e frustra distribui\u00e7\u00e3o de mais de 670 por\u00e7\u00f5es de drogas em cidades da Para\u00edba - Pol\u00edcia Militar da Para\u00edba<\/title>\n<meta name=\"description\" content=\"Novas a\u00e7\u00f5es devem acontecer com apreens\u00e3o de drogas durante a Opera\u00e7\u00e3o Carnaval nos pr\u00f3ximos dias.\" \/>\n<meta name=\"robots\" content=\"index, follow, max-snippet:-1, max-image-preview:large, max-video-preview:-1\" \/>\n<link rel=\"canonical\" href=\"https:\/\/www.pm.pb.gov.br\/portal\/2024\/02\/11\/operacao-carnaval-intensifica-combate-ao-trafico-e-frustra-distribuicao-de-mais-de-670-porcoes-de-drogas-em-cidades-da-paraiba\/\" \/>\n<meta property=\"og:locale\" content=\"pt_BR\" \/>\n<meta property=\"og:type\" content=\"article\" \/>\n<meta property=\"og:title\" content=\"Opera\u00e7\u00e3o Carnaval intensifica combate ao tr\u00e1fico e frustra distribui\u00e7\u00e3o de mais de 670 por\u00e7\u00f5es de drogas em cidades da Para\u00edba - Pol\u00edcia Militar da Para\u00edba\" \/>\n<meta property=\"og:description\" content=\"Novas a\u00e7\u00f5es devem acontecer com apreens\u00e3o de drogas durante a Opera\u00e7\u00e3o Carnaval nos pr\u00f3ximos dias.\" \/>\n<meta property=\"og:url\" content=\"https:\/\/www.pm.pb.gov.br\/portal\/2024\/02\/11\/operacao-carnaval-intensifica-combate-ao-trafico-e-frustra-distribuicao-de-mais-de-670-porcoes-de-drogas-em-cidades-da-paraiba\/\" \/>\n<meta property=\"og:site_name\" content=\"Pol\u00edcia Militar da Para\u00edba\" \/>\n<meta property=\"article:published_time\" content=\"2024-02-11T10:58:00+00:00\" \/>\n<meta property=\"article:modified_time\" content=\"2024-02-11T14:01:18+00:00\" \/>\n<meta property=\"og:image\" content=\"http:\/\/www.pm.pb.gov.br\/portal\/wp-content\/uploads\/2024\/02\/WhatsApp-Image-2024-02-11-at-08.31.46.jpeg\" \/>\n\t<meta property=\"og:image:width\" content=\"800\" \/>\n\t<meta property=\"og:image:height\" content=\"445\" \/>\n\t<meta property=\"og:image:type\" content=\"image\/jpeg\" \/>\n<meta name=\"author\" content=\"Tarcisio Oliveira\" \/>\n<meta name=\"twitter:card\" content=\"summary_large_image\" \/>\n<meta name=\"twitter:label1\" content=\"Escrito por\" \/>\n\t<meta name=\"twitter:data1\" content=\"Tarcisio Oliveira\" \/>\n\t<meta name=\"twitter:label2\" content=\"Est. tempo de leitura\" \/>\n\t<meta name=\"twitter:data2\" content=\"2 minutos\" \/>\n<script type=\"application\/ld+json\" class=\"yoast-schema-graph\">{\"@context\":\"https:\/\/schema.org\",\"@graph\":[{\"@type\":\"Article\",\"@id\":\"https:\/\/www.pm.pb.gov.br\/portal\/2024\/02\/11\/operacao-carnaval-intensifica-combate-ao-trafico-e-frustra-distribuicao-de-mais-de-670-porcoes-de-drogas-em-cidades-da-paraiba\/#article\",\"isPartOf\":{\"@id\":\"https:\/\/www.pm.pb.gov.br\/portal\/2024\/02\/11\/operacao-carnaval-intensifica-combate-ao-trafico-e-frustra-distribuicao-de-mais-de-670-porcoes-de-drogas-em-cidades-da-paraiba\/\"},\"author\":{\"name\":\"Tarcisio Oliveira\",\"@id\":\"https:\/\/www.pm.pb.gov.br\/portal\/#\/schema\/person\/f84f56dcc78ce4357054da888b8247fd\"},\"headline\":\"Opera\u00e7\u00e3o Carnaval intensifica combate ao tr\u00e1fico e frustra distribui\u00e7\u00e3o de mais de 670 por\u00e7\u00f5es de drogas em cidades da Para\u00edba\",\"datePublished\":\"2024-02-11T10:58:00+00:00\",\"dateModified\":\"2024-02-11T14:01:18+00:00\",\"mainEntityOfPage\":{\"@id\":\"https:\/\/www.pm.pb.gov.br\/portal\/2024\/02\/11\/operacao-carnaval-intensifica-combate-ao-trafico-e-frustra-distribuicao-de-mais-de-670-porcoes-de-drogas-em-cidades-da-paraiba\/\"},\"wordCount\":169,\"publisher\":{\"@id\":\"https:\/\/www.pm.pb.gov.br\/portal\/#organization\"},\"articleSection\":[\"A\u00e7\u00f5es Policiais\"],\"inLanguage\":\"pt-BR\"},{\"@type\":\"WebPage\",\"@id\":\"https:\/\/www.pm.pb.gov.br\/portal\/2024\/02\/11\/operacao-carnaval-intensifica-combate-ao-trafico-e-frustra-distribuicao-de-mais-de-670-porcoes-de-drogas-em-cidades-da-paraiba\/\",\"url\":\"https:\/\/www.pm.pb.gov.br\/portal\/2024\/02\/11\/operacao-carnaval-intensifica-combate-ao-trafico-e-frustra-distribuicao-de-mais-de-670-porcoes-de-drogas-em-cidades-da-paraiba\/\",\"name\":\"Opera\u00e7\u00e3o Carnaval intensifica combate ao tr\u00e1fico e frustra distribui\u00e7\u00e3o de mais de 670 por\u00e7\u00f5es de drogas em cidades da Para\u00edba - Pol\u00edcia Militar da Para\u00edba\",\"isPartOf\":{\"@id\":\"https:\/\/www.pm.pb.gov.br\/portal\/#website\"},\"datePublished\":\"2024-02-11T10:58:00+00:00\",\"dateModified\":\"2024-02-11T14:01:18+00:00\",\"description\":\"Novas a\u00e7\u00f5es devem acontecer com apreens\u00e3o de drogas durante a Opera\u00e7\u00e3o Carnaval nos pr\u00f3ximos dias.\",\"breadcrumb\":{\"@id\":\"https:\/\/www.pm.pb.gov.br\/portal\/2024\/02\/11\/operacao-carnaval-intensifica-combate-ao-trafico-e-frustra-distribuicao-de-mais-de-670-porcoes-de-drogas-em-cidades-da-paraiba\/#breadcrumb\"},\"inLanguage\":\"pt-BR\",\"potentialAction\":[{\"@type\":\"ReadAction\",\"target\":[\"https:\/\/www.pm.pb.gov.br\/portal\/2024\/02\/11\/operacao-carnaval-intensifica-combate-ao-trafico-e-frustra-distribuicao-de-mais-de-670-porcoes-de-drogas-em-cidades-da-paraiba\/\"]}]},{\"@type\":\"BreadcrumbList\",\"@id\":\"https:\/\/www.pm.pb.gov.br\/portal\/2024\/02\/11\/operacao-carnaval-intensifica-combate-ao-trafico-e-frustra-distribuicao-de-mais-de-670-porcoes-de-drogas-em-cidades-da-paraiba\/#breadcrumb\",\"itemListElement\":[{\"@type\":\"ListItem\",\"position\":1,\"name\":\"In\u00edcio\",\"item\":\"https:\/\/www.pm.pb.gov.br\/portal\/\"},{\"@type\":\"ListItem\",\"position\":2,\"name\":\"Opera\u00e7\u00e3o Carnaval intensifica combate ao tr\u00e1fico e frustra distribui\u00e7\u00e3o de mais de 670 por\u00e7\u00f5es de drogas em cidades da Para\u00edba\"}]},{\"@type\":\"WebSite\",\"@id\":\"https:\/\/www.pm.pb.gov.br\/portal\/#website\",\"url\":\"https:\/\/www.pm.pb.gov.br\/portal\/\",\"name\":\"Pol\u00edcia Militar da Para\u00edba\",\"description\":\"\",\"publisher\":{\"@id\":\"https:\/\/www.pm.pb.gov.br\/portal\/#organization\"},\"potentialAction\":[{\"@type\":\"SearchAction\",\"target\":{\"@type\":\"EntryPoint\",\"urlTemplate\":\"https:\/\/www.pm.pb.gov.br\/portal\/?s={search_term_string}\"},\"query-input\":\"required name=search_term_string\"}],\"inLanguage\":\"pt-BR\"},{\"@type\":\"Organization\",\"@id\":\"https:\/\/www.pm.pb.gov.br\/portal\/#organization\",\"name\":\"Pol\u00edcia Militar da Para\u00edba\",\"url\":\"https:\/\/www.pm.pb.gov.br\/portal\/\",\"logo\":{\"@type\":\"ImageObject\",\"inLanguage\":\"pt-BR\",\"@id\":\"https:\/\/www.pm.pb.gov.br\/portal\/#\/schema\/logo\/image\/\",\"url\":\"https:\/\/www.pm.pb.gov.br\/portal\/wp-content\/uploads\/2025\/03\/cropped-logo-site-mag2-1.png\",\"contentUrl\":\"https:\/\/www.pm.pb.gov.br\/portal\/wp-content\/uploads\/2025\/03\/cropped-logo-site-mag2-1.png\",\"width\":320,\"height\":90,\"caption\":\"Pol\u00edcia Militar da Para\u00edba\"},\"image\":{\"@id\":\"https:\/\/www.pm.pb.gov.br\/portal\/#\/schema\/logo\/image\/\"}},{\"@type\":\"Person\",\"@id\":\"https:\/\/www.pm.pb.gov.br\/portal\/#\/schema\/person\/f84f56dcc78ce4357054da888b8247fd\",\"name\":\"Tarcisio Oliveira\",\"image\":{\"@type\":\"ImageObject\",\"inLanguage\":\"pt-BR\",\"@id\":\"https:\/\/www.pm.pb.gov.br\/portal\/#\/schema\/person\/image\/\",\"url\":\"https:\/\/secure.gravatar.com\/avatar\/72917b630b69d31cd0297507f34bac97?s=96&d=mm&r=g\",\"contentUrl\":\"https:\/\/secure.gravatar.com\/avatar\/72917b630b69d31cd0297507f34bac97?s=96&d=mm&r=g\",\"caption\":\"Tarcisio Oliveira\"},\"url\":\"https:\/\/www.pm.pb.gov.br\/portal\/author\/tarcisio\/\"}]}<\/script>\n<!-- \/ Yoast SEO plugin. -->","yoast_head_json":{"title":"Opera\u00e7\u00e3o Carnaval intensifica combate ao tr\u00e1fico e frustra distribui\u00e7\u00e3o de mais de 670 por\u00e7\u00f5es de drogas em cidades da Para\u00edba - Pol\u00edcia Militar da Para\u00edba","description":"Novas a\u00e7\u00f5es devem acontecer com apreens\u00e3o de drogas durante a Opera\u00e7\u00e3o Carnaval nos pr\u00f3ximos dias.","robots":{"index":"index","follow":"follow","max-snippet":"max-snippet:-1","max-image-preview":"max-image-preview:large","max-video-preview":"max-video-preview:-1"},"canonical":"https:\/\/www.pm.pb.gov.br\/portal\/2024\/02\/11\/operacao-carnaval-intensifica-combate-ao-trafico-e-frustra-distribuicao-de-mais-de-670-porcoes-de-drogas-em-cidades-da-paraiba\/","og_locale":"pt_BR","og_type":"article","og_title":"Opera\u00e7\u00e3o Carnaval intensifica combate ao tr\u00e1fico e frustra distribui\u00e7\u00e3o de mais de 670 por\u00e7\u00f5es de drogas em cidades da Para\u00edba - Pol\u00edcia Militar da Para\u00edba","og_description":"Novas a\u00e7\u00f5es devem acontecer com apreens\u00e3o de drogas durante a Opera\u00e7\u00e3o Carnaval nos pr\u00f3ximos dias.","og_url":"https:\/\/www.pm.pb.gov.br\/portal\/2024\/02\/11\/operacao-carnaval-intensifica-combate-ao-trafico-e-frustra-distribuicao-de-mais-de-670-porcoes-de-drogas-em-cidades-da-paraiba\/","og_site_name":"Pol\u00edcia Militar da Para\u00edba","article_published_time":"2024-02-11T10:58:00+00:00","article_modified_time":"2024-02-11T14:01:18+00:00","og_image":[{"width":800,"height":445,"url":"http:\/\/www.pm.pb.gov.br\/portal\/wp-content\/uploads\/2024\/02\/WhatsApp-Image-2024-02-11-at-08.31.46.jpeg","type":"image\/jpeg"}],"author":"Tarcisio Oliveira","twitter_card":"summary_large_image","twitter_misc":{"Escrito por":"Tarcisio Oliveira","Est. tempo de leitura":"2 minutos"},"schema":{"@context":"https:\/\/schema.org","@graph":[{"@type":"Article","@id":"https:\/\/www.pm.pb.gov.br\/portal\/2024\/02\/11\/operacao-carnaval-intensifica-combate-ao-trafico-e-frustra-distribuicao-de-mais-de-670-porcoes-de-drogas-em-cidades-da-paraiba\/#article","isPartOf":{"@id":"https:\/\/www.pm.pb.gov.br\/portal\/2024\/02\/11\/operacao-carnaval-intensifica-combate-ao-trafico-e-frustra-distribuicao-de-mais-de-670-porcoes-de-drogas-em-cidades-da-paraiba\/"},"author":{"name":"Tarcisio Oliveira","@id":"https:\/\/www.pm.pb.gov.br\/portal\/#\/schema\/person\/f84f56dcc78ce4357054da888b8247fd"},"headline":"Opera\u00e7\u00e3o Carnaval intensifica combate ao tr\u00e1fico e frustra distribui\u00e7\u00e3o de mais de 670 por\u00e7\u00f5es de drogas em cidades da Para\u00edba","datePublished":"2024-02-11T10:58:00+00:00","dateModified":"2024-02-11T14:01:18+00:00","mainEntityOfPage":{"@id":"https:\/\/www.pm.pb.gov.br\/portal\/2024\/02\/11\/operacao-carnaval-intensifica-combate-ao-trafico-e-frustra-distribuicao-de-mais-de-670-porcoes-de-drogas-em-cidades-da-paraiba\/"},"wordCount":169,"publisher":{"@id":"https:\/\/www.pm.pb.gov.br\/portal\/#organization"},"articleSection":["A\u00e7\u00f5es Policiais"],"inLanguage":"pt-BR"},{"@type":"WebPage","@id":"https:\/\/www.pm.pb.gov.br\/portal\/2024\/02\/11\/operacao-carnaval-intensifica-combate-ao-trafico-e-frustra-distribuicao-de-mais-de-670-porcoes-de-drogas-em-cidades-da-paraiba\/","url":"https:\/\/www.pm.pb.gov.br\/portal\/2024\/02\/11\/operacao-carnaval-intensifica-combate-ao-trafico-e-frustra-distribuicao-de-mais-de-670-porcoes-de-drogas-em-cidades-da-paraiba\/","name":"Opera\u00e7\u00e3o Carnaval intensifica combate ao tr\u00e1fico e frustra distribui\u00e7\u00e3o de mais de 670 por\u00e7\u00f5es de drogas em cidades da Para\u00edba - Pol\u00edcia Militar da Para\u00edba","isPartOf":{"@id":"https:\/\/www.pm.pb.gov.br\/portal\/#website"},"datePublished":"2024-02-11T10:58:00+00:00","dateModified":"2024-02-11T14:01:18+00:00","description":"Novas a\u00e7\u00f5es devem acontecer com apreens\u00e3o de drogas durante a Opera\u00e7\u00e3o Carnaval nos pr\u00f3ximos dias.","breadcrumb":{"@id":"https:\/\/www.pm.pb.gov.br\/portal\/2024\/02\/11\/operacao-carnaval-intensifica-combate-ao-trafico-e-frustra-distribuicao-de-mais-de-670-porcoes-de-drogas-em-cidades-da-paraiba\/#breadcrumb"},"inLanguage":"pt-BR","potentialAction":[{"@type":"ReadAction","target":["https:\/\/www.pm.pb.gov.br\/portal\/2024\/02\/11\/operacao-carnaval-intensifica-combate-ao-trafico-e-frustra-distribuicao-de-mais-de-670-porcoes-de-drogas-em-cidades-da-paraiba\/"]}]},{"@type":"BreadcrumbList","@id":"https:\/\/www.pm.pb.gov.br\/portal\/2024\/02\/11\/operacao-carnaval-intensifica-combate-ao-trafico-e-frustra-distribuicao-de-mais-de-670-porcoes-de-drogas-em-cidades-da-paraiba\/#breadcrumb","itemListElement":[{"@type":"ListItem","position":1,"name":"In\u00edcio","item":"https:\/\/www.pm.pb.gov.br\/portal\/"},{"@type":"ListItem","position":2,"name":"Opera\u00e7\u00e3o Carnaval intensifica combate ao tr\u00e1fico e frustra distribui\u00e7\u00e3o de mais de 670 por\u00e7\u00f5es de drogas em cidades da Para\u00edba"}]},{"@type":"WebSite","@id":"https:\/\/www.pm.pb.gov.br\/portal\/#website","url":"https:\/\/www.pm.pb.gov.br\/portal\/","name":"Pol\u00edcia Militar da Para\u00edba","description":"","publisher":{"@id":"https:\/\/www.pm.pb.gov.br\/portal\/#organization"},"potentialAction":[{"@type":"SearchAction","target":{"@type":"EntryPoint","urlTemplate":"https:\/\/www.pm.pb.gov.br\/portal\/?s={search_term_string}"},"query-input":"required name=search_term_string"}],"inLanguage":"pt-BR"},{"@type":"Organization","@id":"https:\/\/www.pm.pb.gov.br\/portal\/#organization","name":"Pol\u00edcia Militar da Para\u00edba","url":"https:\/\/www.pm.pb.gov.br\/portal\/","logo":{"@type":"ImageObject","inLanguage":"pt-BR","@id":"https:\/\/www.pm.pb.gov.br\/portal\/#\/schema\/logo\/image\/","url":"https:\/\/www.pm.pb.gov.br\/portal\/wp-content\/uploads\/2025\/03\/cropped-logo-site-mag2-1.png","contentUrl":"https:\/\/www.pm.pb.gov.br\/portal\/wp-content\/uploads\/2025\/03\/cropped-logo-site-mag2-1.png","width":320,"height":90,"caption":"Pol\u00edcia Militar da Para\u00edba"},"image":{"@id":"https:\/\/www.pm.pb.gov.br\/portal\/#\/schema\/logo\/image\/"}},{"@type":"Person","@id":"https:\/\/www.pm.pb.gov.br\/portal\/#\/schema\/person\/f84f56dcc78ce4357054da888b8247fd","name":"Tarcisio Oliveira","image":{"@type":"ImageObject","inLanguage":"pt-BR","@id":"https:\/\/www.pm.pb.gov.br\/portal\/#\/schema\/person\/image\/","url":"https:\/\/secure.gravatar.com\/avatar\/72917b630b69d31cd0297507f34bac97?s=96&d=mm&r=g","contentUrl":"https:\/\/secure.gravatar.com\/avatar\/72917b630b69d31cd0297507f34bac97?s=96&d=mm&r=g","caption":"Tarcisio Oliveira"},"url":"https:\/\/www.pm.pb.gov.br\/portal\/author\/tarcisio\/"}]}},"_links":{"self":[{"href":"https:\/\/www.pm.pb.gov.br\/portal\/wp-json\/wp\/v2\/posts\/920955"}],"collection":[{"href":"https:\/\/www.pm.pb.gov.br\/portal\/wp-json\/wp\/v2\/posts"}],"about":[{"href":"https:\/\/www.pm.pb.gov.br\/portal\/wp-json\/wp\/v2\/types\/post"}],"author":[{"embeddable":true,"href":"https:\/\/www.pm.pb.gov.br\/portal\/wp-json\/wp\/v2\/users\/12"}],"replies":[{"embeddable":true,"href":"https:\/\/www.pm.pb.gov.br\/portal\/wp-json\/wp\/v2\/comments?post=920955"}],"version-history":[{"count":1,"href":"https:\/\/www.pm.pb.gov.br\/portal\/wp-json\/wp\/v2\/posts\/920955\/revisions"}],"predecessor-version":[{"id":920958,"href":"https:\/\/www.pm.pb.gov.br\/portal\/wp-json\/wp\/v2\/posts\/920955\/revisions\/920958"}],"wp:featuredmedia":[{"embeddable":true,"href":"https:\/\/www.pm.pb.gov.br\/portal\/wp-json\/wp\/v2\/media\/920956"}],"wp:attachment":[{"href":"https:\/\/www.pm.pb.gov.br\/portal\/wp-json\/wp\/v2\/media?parent=920955"}],"wp:term":[{"taxonomy":"category","embeddable":true,"href":"https:\/\/www.pm.pb.gov.br\/portal\/wp-json\/wp\/v2\/categories?post=920955"},{"taxonomy":"post_tag","embeddable":true,"href":"https:\/\/www.pm.pb.gov.br\/portal\/wp-json\/wp\/v2\/tags?post=920955"}],"curies":[{"name":"wp","href":"https:\/\/api.w.org\/{rel}","templated":true}]}}