{"id":920952,"date":"2024-02-11T08:30:00","date_gmt":"2024-02-11T11:30:00","guid":{"rendered":"https:\/\/www.pm.pb.gov.br\/portal\/?p=920952"},"modified":"2024-02-11T10:34:53","modified_gmt":"2024-02-11T13:34:53","slug":"reincidencia-apenado-que-rompeu-tornozeleira-eletronica-e-preso-por-tentativa-de-furto-na-zona-sul-de-joao-pessoa","status":"publish","type":"post","link":"https:\/\/www.pm.pb.gov.br\/portal\/2024\/02\/11\/reincidencia-apenado-que-rompeu-tornozeleira-eletronica-e-preso-por-tentativa-de-furto-na-zona-sul-de-joao-pessoa\/","title":{"rendered":"REINCID\u00caNCIA: Apenado que rompeu tornozeleira eletr\u00f4nica \u00e9 preso por tentativa de furto na zona sul de Jo\u00e3o Pessoa"},"content":{"rendered":"\n<p>Um apenado que rompeu a tornozeleira eletr\u00f4nica foi preso ap\u00f3s tentar furtar produtos de um supermercado, na zona sul de Jo\u00e3o Pessoa. A a\u00e7\u00e3o ocorreu na tarde do \u00faltimo s\u00e1bado (10) no bairro de \u00c1gua Fria, zona sul da cidade.<\/p>\n<p>De acordo com o 5\u00ba Batalh\u00e3o, policiais militares foram acionados sobre o delito da tentativa de furto no estabelecimento comercial, encontrando o suspeito j\u00e1 detido pelos seguran\u00e7as do supermercado. Durante as dilig\u00eancias o acusado forneceu um nome falso, mas foi descoberto. De acordo com a unidade, os policiais constataram que o homem j\u00e1 havia sido preso por crime de roubo e que havia rompido a tornozeleira eletr\u00f4nica que usada.<\/p>\n<p>Na tentativa de furto deste s\u00e1bado, o acusado havia tentado levar perfumes, carnes e outros objetos que, ao todo, somavam cerca de R$ 334,00 (foto acima). O acusado foi encaminhado pelos policiais do 5\u00ba Batalh\u00e3o para a Cidade da Pol\u00edcia Civil para os procedimentos cab\u00edveis.<\/p>\n\n\n","protected":false},"excerpt":{"rendered":"<p>Um apenado que rompeu a tornozeleira eletr\u00f4nica foi preso ap\u00f3s tentar furtar produtos de um supermercado, na zona sul de<\/p>\n","protected":false},"author":12,"featured_media":920953,"comment_status":"closed","ping_status":"closed","sticky":false,"template":"","format":"standard","meta":{"_exactmetrics_skip_tracking":false,"_exactmetrics_sitenote_active":false,"_exactmetrics_sitenote_note":"","_exactmetrics_sitenote_category":0,"footnotes":""},"categories":[4],"tags":[],"yoast_head":"<!-- This site is optimized with the Yoast SEO plugin v22.0 - https:\/\/yoast.com\/wordpress\/plugins\/seo\/ -->\n<title>REINCID\u00caNCIA: Apenado que rompeu tornozeleira eletr\u00f4nica \u00e9 preso por tentativa de furto na zona sul de Jo\u00e3o Pessoa - Pol\u00edcia Militar da Para\u00edba<\/title>\n<meta name=\"description\" content=\"Acusado preso j\u00e1 havia sido preso anteriormente pelo crime de roubo; homem tentou ocultar a verdadeira identidade.\" \/>\n<meta name=\"robots\" content=\"index, follow, max-snippet:-1, max-image-preview:large, max-video-preview:-1\" \/>\n<link rel=\"canonical\" href=\"https:\/\/www.pm.pb.gov.br\/portal\/2024\/02\/11\/reincidencia-apenado-que-rompeu-tornozeleira-eletronica-e-preso-por-tentativa-de-furto-na-zona-sul-de-joao-pessoa\/\" \/>\n<meta property=\"og:locale\" content=\"pt_BR\" \/>\n<meta property=\"og:type\" content=\"article\" \/>\n<meta property=\"og:title\" content=\"REINCID\u00caNCIA: Apenado que rompeu tornozeleira eletr\u00f4nica \u00e9 preso por tentativa de furto na zona sul de Jo\u00e3o Pessoa - Pol\u00edcia Militar da Para\u00edba\" \/>\n<meta property=\"og:description\" content=\"Acusado preso j\u00e1 havia sido preso anteriormente pelo crime de roubo; homem tentou ocultar a verdadeira identidade.\" \/>\n<meta property=\"og:url\" content=\"https:\/\/www.pm.pb.gov.br\/portal\/2024\/02\/11\/reincidencia-apenado-que-rompeu-tornozeleira-eletronica-e-preso-por-tentativa-de-furto-na-zona-sul-de-joao-pessoa\/\" \/>\n<meta property=\"og:site_name\" content=\"Pol\u00edcia Militar da Para\u00edba\" \/>\n<meta property=\"article:published_time\" content=\"2024-02-11T11:30:00+00:00\" \/>\n<meta property=\"article:modified_time\" content=\"2024-02-11T13:34:53+00:00\" \/>\n<meta property=\"og:image\" content=\"http:\/\/www.pm.pb.gov.br\/portal\/wp-content\/uploads\/2024\/02\/WhatsApp-Image-2024-02-11-at-08.37.49.jpeg\" \/>\n\t<meta property=\"og:image:width\" content=\"800\" \/>\n\t<meta property=\"og:image:height\" content=\"445\" \/>\n\t<meta property=\"og:image:type\" content=\"image\/jpeg\" \/>\n<meta name=\"author\" content=\"Tarcisio Oliveira\" \/>\n<meta name=\"twitter:card\" content=\"summary_large_image\" \/>\n<meta name=\"twitter:label1\" content=\"Escrito por\" \/>\n\t<meta name=\"twitter:data1\" content=\"Tarcisio Oliveira\" \/>\n\t<meta name=\"twitter:label2\" content=\"Est. tempo de leitura\" \/>\n\t<meta name=\"twitter:data2\" content=\"2 minutos\" \/>\n<script type=\"application\/ld+json\" class=\"yoast-schema-graph\">{\"@context\":\"https:\/\/schema.org\",\"@graph\":[{\"@type\":\"Article\",\"@id\":\"https:\/\/www.pm.pb.gov.br\/portal\/2024\/02\/11\/reincidencia-apenado-que-rompeu-tornozeleira-eletronica-e-preso-por-tentativa-de-furto-na-zona-sul-de-joao-pessoa\/#article\",\"isPartOf\":{\"@id\":\"https:\/\/www.pm.pb.gov.br\/portal\/2024\/02\/11\/reincidencia-apenado-que-rompeu-tornozeleira-eletronica-e-preso-por-tentativa-de-furto-na-zona-sul-de-joao-pessoa\/\"},\"author\":{\"name\":\"Tarcisio Oliveira\",\"@id\":\"https:\/\/www.pm.pb.gov.br\/portal\/#\/schema\/person\/f84f56dcc78ce4357054da888b8247fd\"},\"headline\":\"REINCID\u00caNCIA: Apenado que rompeu tornozeleira eletr\u00f4nica \u00e9 preso por tentativa de furto na zona sul de Jo\u00e3o Pessoa\",\"datePublished\":\"2024-02-11T11:30:00+00:00\",\"dateModified\":\"2024-02-11T13:34:53+00:00\",\"mainEntityOfPage\":{\"@id\":\"https:\/\/www.pm.pb.gov.br\/portal\/2024\/02\/11\/reincidencia-apenado-que-rompeu-tornozeleira-eletronica-e-preso-por-tentativa-de-furto-na-zona-sul-de-joao-pessoa\/\"},\"wordCount\":183,\"publisher\":{\"@id\":\"https:\/\/www.pm.pb.gov.br\/portal\/#organization\"},\"articleSection\":[\"A\u00e7\u00f5es Policiais\"],\"inLanguage\":\"pt-BR\"},{\"@type\":\"WebPage\",\"@id\":\"https:\/\/www.pm.pb.gov.br\/portal\/2024\/02\/11\/reincidencia-apenado-que-rompeu-tornozeleira-eletronica-e-preso-por-tentativa-de-furto-na-zona-sul-de-joao-pessoa\/\",\"url\":\"https:\/\/www.pm.pb.gov.br\/portal\/2024\/02\/11\/reincidencia-apenado-que-rompeu-tornozeleira-eletronica-e-preso-por-tentativa-de-furto-na-zona-sul-de-joao-pessoa\/\",\"name\":\"REINCID\u00caNCIA: Apenado que rompeu tornozeleira eletr\u00f4nica \u00e9 preso por tentativa de furto na zona sul de Jo\u00e3o Pessoa - Pol\u00edcia Militar da Para\u00edba\",\"isPartOf\":{\"@id\":\"https:\/\/www.pm.pb.gov.br\/portal\/#website\"},\"datePublished\":\"2024-02-11T11:30:00+00:00\",\"dateModified\":\"2024-02-11T13:34:53+00:00\",\"description\":\"Acusado preso j\u00e1 havia sido preso anteriormente pelo crime de roubo; homem tentou ocultar a verdadeira identidade.\",\"breadcrumb\":{\"@id\":\"https:\/\/www.pm.pb.gov.br\/portal\/2024\/02\/11\/reincidencia-apenado-que-rompeu-tornozeleira-eletronica-e-preso-por-tentativa-de-furto-na-zona-sul-de-joao-pessoa\/#breadcrumb\"},\"inLanguage\":\"pt-BR\",\"potentialAction\":[{\"@type\":\"ReadAction\",\"target\":[\"https:\/\/www.pm.pb.gov.br\/portal\/2024\/02\/11\/reincidencia-apenado-que-rompeu-tornozeleira-eletronica-e-preso-por-tentativa-de-furto-na-zona-sul-de-joao-pessoa\/\"]}]},{\"@type\":\"BreadcrumbList\",\"@id\":\"https:\/\/www.pm.pb.gov.br\/portal\/2024\/02\/11\/reincidencia-apenado-que-rompeu-tornozeleira-eletronica-e-preso-por-tentativa-de-furto-na-zona-sul-de-joao-pessoa\/#breadcrumb\",\"itemListElement\":[{\"@type\":\"ListItem\",\"position\":1,\"name\":\"In\u00edcio\",\"item\":\"https:\/\/www.pm.pb.gov.br\/portal\/\"},{\"@type\":\"ListItem\",\"position\":2,\"name\":\"REINCID\u00caNCIA: Apenado que rompeu tornozeleira eletr\u00f4nica \u00e9 preso por tentativa de furto na zona sul de Jo\u00e3o Pessoa\"}]},{\"@type\":\"WebSite\",\"@id\":\"https:\/\/www.pm.pb.gov.br\/portal\/#website\",\"url\":\"https:\/\/www.pm.pb.gov.br\/portal\/\",\"name\":\"Pol\u00edcia Militar da Para\u00edba\",\"description\":\"\",\"publisher\":{\"@id\":\"https:\/\/www.pm.pb.gov.br\/portal\/#organization\"},\"potentialAction\":[{\"@type\":\"SearchAction\",\"target\":{\"@type\":\"EntryPoint\",\"urlTemplate\":\"https:\/\/www.pm.pb.gov.br\/portal\/?s={search_term_string}\"},\"query-input\":\"required name=search_term_string\"}],\"inLanguage\":\"pt-BR\"},{\"@type\":\"Organization\",\"@id\":\"https:\/\/www.pm.pb.gov.br\/portal\/#organization\",\"name\":\"Pol\u00edcia Militar da Para\u00edba\",\"url\":\"https:\/\/www.pm.pb.gov.br\/portal\/\",\"logo\":{\"@type\":\"ImageObject\",\"inLanguage\":\"pt-BR\",\"@id\":\"https:\/\/www.pm.pb.gov.br\/portal\/#\/schema\/logo\/image\/\",\"url\":\"https:\/\/www.pm.pb.gov.br\/portal\/wp-content\/uploads\/2025\/03\/cropped-logo-site-mag2-1.png\",\"contentUrl\":\"https:\/\/www.pm.pb.gov.br\/portal\/wp-content\/uploads\/2025\/03\/cropped-logo-site-mag2-1.png\",\"width\":320,\"height\":90,\"caption\":\"Pol\u00edcia Militar da Para\u00edba\"},\"image\":{\"@id\":\"https:\/\/www.pm.pb.gov.br\/portal\/#\/schema\/logo\/image\/\"}},{\"@type\":\"Person\",\"@id\":\"https:\/\/www.pm.pb.gov.br\/portal\/#\/schema\/person\/f84f56dcc78ce4357054da888b8247fd\",\"name\":\"Tarcisio Oliveira\",\"image\":{\"@type\":\"ImageObject\",\"inLanguage\":\"pt-BR\",\"@id\":\"https:\/\/www.pm.pb.gov.br\/portal\/#\/schema\/person\/image\/\",\"url\":\"https:\/\/secure.gravatar.com\/avatar\/72917b630b69d31cd0297507f34bac97?s=96&d=mm&r=g\",\"contentUrl\":\"https:\/\/secure.gravatar.com\/avatar\/72917b630b69d31cd0297507f34bac97?s=96&d=mm&r=g\",\"caption\":\"Tarcisio Oliveira\"},\"url\":\"https:\/\/www.pm.pb.gov.br\/portal\/author\/tarcisio\/\"}]}<\/script>\n<!-- \/ Yoast SEO plugin. -->","yoast_head_json":{"title":"REINCID\u00caNCIA: Apenado que rompeu tornozeleira eletr\u00f4nica \u00e9 preso por tentativa de furto na zona sul de Jo\u00e3o Pessoa - Pol\u00edcia Militar da Para\u00edba","description":"Acusado preso j\u00e1 havia sido preso anteriormente pelo crime de roubo; homem tentou ocultar a verdadeira identidade.","robots":{"index":"index","follow":"follow","max-snippet":"max-snippet:-1","max-image-preview":"max-image-preview:large","max-video-preview":"max-video-preview:-1"},"canonical":"https:\/\/www.pm.pb.gov.br\/portal\/2024\/02\/11\/reincidencia-apenado-que-rompeu-tornozeleira-eletronica-e-preso-por-tentativa-de-furto-na-zona-sul-de-joao-pessoa\/","og_locale":"pt_BR","og_type":"article","og_title":"REINCID\u00caNCIA: Apenado que rompeu tornozeleira eletr\u00f4nica \u00e9 preso por tentativa de furto na zona sul de Jo\u00e3o Pessoa - Pol\u00edcia Militar da Para\u00edba","og_description":"Acusado preso j\u00e1 havia sido preso anteriormente pelo crime de roubo; homem tentou ocultar a verdadeira identidade.","og_url":"https:\/\/www.pm.pb.gov.br\/portal\/2024\/02\/11\/reincidencia-apenado-que-rompeu-tornozeleira-eletronica-e-preso-por-tentativa-de-furto-na-zona-sul-de-joao-pessoa\/","og_site_name":"Pol\u00edcia Militar da Para\u00edba","article_published_time":"2024-02-11T11:30:00+00:00","article_modified_time":"2024-02-11T13:34:53+00:00","og_image":[{"width":800,"height":445,"url":"http:\/\/www.pm.pb.gov.br\/portal\/wp-content\/uploads\/2024\/02\/WhatsApp-Image-2024-02-11-at-08.37.49.jpeg","type":"image\/jpeg"}],"author":"Tarcisio Oliveira","twitter_card":"summary_large_image","twitter_misc":{"Escrito por":"Tarcisio Oliveira","Est. tempo de leitura":"2 minutos"},"schema":{"@context":"https:\/\/schema.org","@graph":[{"@type":"Article","@id":"https:\/\/www.pm.pb.gov.br\/portal\/2024\/02\/11\/reincidencia-apenado-que-rompeu-tornozeleira-eletronica-e-preso-por-tentativa-de-furto-na-zona-sul-de-joao-pessoa\/#article","isPartOf":{"@id":"https:\/\/www.pm.pb.gov.br\/portal\/2024\/02\/11\/reincidencia-apenado-que-rompeu-tornozeleira-eletronica-e-preso-por-tentativa-de-furto-na-zona-sul-de-joao-pessoa\/"},"author":{"name":"Tarcisio Oliveira","@id":"https:\/\/www.pm.pb.gov.br\/portal\/#\/schema\/person\/f84f56dcc78ce4357054da888b8247fd"},"headline":"REINCID\u00caNCIA: Apenado que rompeu tornozeleira eletr\u00f4nica \u00e9 preso por tentativa de furto na zona sul de Jo\u00e3o Pessoa","datePublished":"2024-02-11T11:30:00+00:00","dateModified":"2024-02-11T13:34:53+00:00","mainEntityOfPage":{"@id":"https:\/\/www.pm.pb.gov.br\/portal\/2024\/02\/11\/reincidencia-apenado-que-rompeu-tornozeleira-eletronica-e-preso-por-tentativa-de-furto-na-zona-sul-de-joao-pessoa\/"},"wordCount":183,"publisher":{"@id":"https:\/\/www.pm.pb.gov.br\/portal\/#organization"},"articleSection":["A\u00e7\u00f5es Policiais"],"inLanguage":"pt-BR"},{"@type":"WebPage","@id":"https:\/\/www.pm.pb.gov.br\/portal\/2024\/02\/11\/reincidencia-apenado-que-rompeu-tornozeleira-eletronica-e-preso-por-tentativa-de-furto-na-zona-sul-de-joao-pessoa\/","url":"https:\/\/www.pm.pb.gov.br\/portal\/2024\/02\/11\/reincidencia-apenado-que-rompeu-tornozeleira-eletronica-e-preso-por-tentativa-de-furto-na-zona-sul-de-joao-pessoa\/","name":"REINCID\u00caNCIA: Apenado que rompeu tornozeleira eletr\u00f4nica \u00e9 preso por tentativa de furto na zona sul de Jo\u00e3o Pessoa - Pol\u00edcia Militar da Para\u00edba","isPartOf":{"@id":"https:\/\/www.pm.pb.gov.br\/portal\/#website"},"datePublished":"2024-02-11T11:30:00+00:00","dateModified":"2024-02-11T13:34:53+00:00","description":"Acusado preso j\u00e1 havia sido preso anteriormente pelo crime de roubo; homem tentou ocultar a verdadeira identidade.","breadcrumb":{"@id":"https:\/\/www.pm.pb.gov.br\/portal\/2024\/02\/11\/reincidencia-apenado-que-rompeu-tornozeleira-eletronica-e-preso-por-tentativa-de-furto-na-zona-sul-de-joao-pessoa\/#breadcrumb"},"inLanguage":"pt-BR","potentialAction":[{"@type":"ReadAction","target":["https:\/\/www.pm.pb.gov.br\/portal\/2024\/02\/11\/reincidencia-apenado-que-rompeu-tornozeleira-eletronica-e-preso-por-tentativa-de-furto-na-zona-sul-de-joao-pessoa\/"]}]},{"@type":"BreadcrumbList","@id":"https:\/\/www.pm.pb.gov.br\/portal\/2024\/02\/11\/reincidencia-apenado-que-rompeu-tornozeleira-eletronica-e-preso-por-tentativa-de-furto-na-zona-sul-de-joao-pessoa\/#breadcrumb","itemListElement":[{"@type":"ListItem","position":1,"name":"In\u00edcio","item":"https:\/\/www.pm.pb.gov.br\/portal\/"},{"@type":"ListItem","position":2,"name":"REINCID\u00caNCIA: Apenado que rompeu tornozeleira eletr\u00f4nica \u00e9 preso por tentativa de furto na zona sul de Jo\u00e3o Pessoa"}]},{"@type":"WebSite","@id":"https:\/\/www.pm.pb.gov.br\/portal\/#website","url":"https:\/\/www.pm.pb.gov.br\/portal\/","name":"Pol\u00edcia Militar da Para\u00edba","description":"","publisher":{"@id":"https:\/\/www.pm.pb.gov.br\/portal\/#organization"},"potentialAction":[{"@type":"SearchAction","target":{"@type":"EntryPoint","urlTemplate":"https:\/\/www.pm.pb.gov.br\/portal\/?s={search_term_string}"},"query-input":"required name=search_term_string"}],"inLanguage":"pt-BR"},{"@type":"Organization","@id":"https:\/\/www.pm.pb.gov.br\/portal\/#organization","name":"Pol\u00edcia Militar da Para\u00edba","url":"https:\/\/www.pm.pb.gov.br\/portal\/","logo":{"@type":"ImageObject","inLanguage":"pt-BR","@id":"https:\/\/www.pm.pb.gov.br\/portal\/#\/schema\/logo\/image\/","url":"https:\/\/www.pm.pb.gov.br\/portal\/wp-content\/uploads\/2025\/03\/cropped-logo-site-mag2-1.png","contentUrl":"https:\/\/www.pm.pb.gov.br\/portal\/wp-content\/uploads\/2025\/03\/cropped-logo-site-mag2-1.png","width":320,"height":90,"caption":"Pol\u00edcia Militar da Para\u00edba"},"image":{"@id":"https:\/\/www.pm.pb.gov.br\/portal\/#\/schema\/logo\/image\/"}},{"@type":"Person","@id":"https:\/\/www.pm.pb.gov.br\/portal\/#\/schema\/person\/f84f56dcc78ce4357054da888b8247fd","name":"Tarcisio Oliveira","image":{"@type":"ImageObject","inLanguage":"pt-BR","@id":"https:\/\/www.pm.pb.gov.br\/portal\/#\/schema\/person\/image\/","url":"https:\/\/secure.gravatar.com\/avatar\/72917b630b69d31cd0297507f34bac97?s=96&d=mm&r=g","contentUrl":"https:\/\/secure.gravatar.com\/avatar\/72917b630b69d31cd0297507f34bac97?s=96&d=mm&r=g","caption":"Tarcisio Oliveira"},"url":"https:\/\/www.pm.pb.gov.br\/portal\/author\/tarcisio\/"}]}},"_links":{"self":[{"href":"https:\/\/www.pm.pb.gov.br\/portal\/wp-json\/wp\/v2\/posts\/920952"}],"collection":[{"href":"https:\/\/www.pm.pb.gov.br\/portal\/wp-json\/wp\/v2\/posts"}],"about":[{"href":"https:\/\/www.pm.pb.gov.br\/portal\/wp-json\/wp\/v2\/types\/post"}],"author":[{"embeddable":true,"href":"https:\/\/www.pm.pb.gov.br\/portal\/wp-json\/wp\/v2\/users\/12"}],"replies":[{"embeddable":true,"href":"https:\/\/www.pm.pb.gov.br\/portal\/wp-json\/wp\/v2\/comments?post=920952"}],"version-history":[{"count":1,"href":"https:\/\/www.pm.pb.gov.br\/portal\/wp-json\/wp\/v2\/posts\/920952\/revisions"}],"predecessor-version":[{"id":920954,"href":"https:\/\/www.pm.pb.gov.br\/portal\/wp-json\/wp\/v2\/posts\/920952\/revisions\/920954"}],"wp:featuredmedia":[{"embeddable":true,"href":"https:\/\/www.pm.pb.gov.br\/portal\/wp-json\/wp\/v2\/media\/920953"}],"wp:attachment":[{"href":"https:\/\/www.pm.pb.gov.br\/portal\/wp-json\/wp\/v2\/media?parent=920952"}],"wp:term":[{"taxonomy":"category","embeddable":true,"href":"https:\/\/www.pm.pb.gov.br\/portal\/wp-json\/wp\/v2\/categories?post=920952"},{"taxonomy":"post_tag","embeddable":true,"href":"https:\/\/www.pm.pb.gov.br\/portal\/wp-json\/wp\/v2\/tags?post=920952"}],"curies":[{"name":"wp","href":"https:\/\/api.w.org\/{rel}","templated":true}]}}