{"id":920947,"date":"2024-02-10T10:07:00","date_gmt":"2024-02-10T13:07:00","guid":{"rendered":"https:\/\/www.pm.pb.gov.br\/portal\/?p=920947"},"modified":"2024-02-10T13:01:51","modified_gmt":"2024-02-10T16:01:51","slug":"policia-militar-prende-criminoso-apontado-por-ataque-a-carro-forte-em-universidade-em-campina-grande","status":"publish","type":"post","link":"https:\/\/www.pm.pb.gov.br\/portal\/2024\/02\/10\/policia-militar-prende-criminoso-apontado-por-ataque-a-carro-forte-em-universidade-em-campina-grande\/","title":{"rendered":"Pol\u00edcia Militar prende criminoso apontado por ataque a carro-forte em universidade, em Campina Grande"},"content":{"rendered":"\n<p>Um criminoso apontado pelo envolvimento em ataque a um carro-forte em uma universidade p\u00fablica em abril de 2019, foi preso na noite desta sexta-feira (09) pela Pol\u00edcia Militar (foto acima ilustrativa). A captura do acusado ocorreu no Centro de Campina Grande, mesma cidade do crime.<\/p>\n<p>De acordo com o 10\u00ba Batalh\u00e3o, o assaltante j\u00e1 estava sendo procurado pela Justi\u00e7a atrav\u00e9s de mandado de pris\u00e3o por crimes de roubo e tr\u00e1fico de drogas, com mais de 15 anos de pena de condena\u00e7\u00e3o. \u201cEle foi abordado pelos nossos policiais, que o reconheceram. O acusado tem 35 anos de idade, e tentou dificultar sua identifica\u00e7\u00e3o, mas foi frustrado. Constatamos que ele estava sendo apontado pela participa\u00e7\u00e3o do ataque a um carro-forte em uma universidade, mas estava em liberdade e sendo procurado\u201d, esclareceu o tenente-coronel Figueiredo, comandante do 10\u00ba Batalh\u00e3o. \u00a0<\/p>\n<p>Durante a abordagem do 10\u00ba Batalh\u00e3o, os policiais constataram o mandado em desfavor do acusado e o conduziram at\u00e9 a delegacia. Agora, o criminoso segue \u00e0 disposi\u00e7\u00e3o da Justi\u00e7a.<\/p>\n<p><em>Atualizado \u00e0s 13h23.<\/em><\/p>\n","protected":false},"excerpt":{"rendered":"<p>Um criminoso apontado pelo envolvimento em ataque a um carro-forte em uma universidade p\u00fablica em abril de 2019, foi preso<\/p>\n","protected":false},"author":12,"featured_media":905133,"comment_status":"closed","ping_status":"closed","sticky":false,"template":"","format":"standard","meta":{"_exactmetrics_skip_tracking":false,"_exactmetrics_sitenote_active":false,"_exactmetrics_sitenote_note":"","_exactmetrics_sitenote_category":0,"footnotes":""},"categories":[4],"tags":[],"yoast_head":"<!-- This site is optimized with the Yoast SEO plugin v22.0 - https:\/\/yoast.com\/wordpress\/plugins\/seo\/ -->\n<title>Pol\u00edcia Militar prende criminoso apontado por ataque a carro-forte em universidade, em Campina Grande - Pol\u00edcia Militar da Para\u00edba<\/title>\n<meta name=\"description\" content=\"O assaltante j\u00e1 estava sendo procurado pela Justi\u00e7a atrav\u00e9s de mandado de pris\u00e3o por crimes de roubo e tr\u00e1fico de drogas, com mais de 15 anos de pena de condena\u00e7\u00e3o\" \/>\n<meta name=\"robots\" content=\"index, follow, max-snippet:-1, max-image-preview:large, max-video-preview:-1\" \/>\n<link rel=\"canonical\" href=\"https:\/\/www.pm.pb.gov.br\/portal\/2024\/02\/10\/policia-militar-prende-criminoso-apontado-por-ataque-a-carro-forte-em-universidade-em-campina-grande\/\" \/>\n<meta property=\"og:locale\" content=\"pt_BR\" \/>\n<meta property=\"og:type\" content=\"article\" \/>\n<meta property=\"og:title\" content=\"Pol\u00edcia Militar prende criminoso apontado por ataque a carro-forte em universidade, em Campina Grande - Pol\u00edcia Militar da Para\u00edba\" \/>\n<meta property=\"og:description\" content=\"O assaltante j\u00e1 estava sendo procurado pela Justi\u00e7a atrav\u00e9s de mandado de pris\u00e3o por crimes de roubo e tr\u00e1fico de drogas, com mais de 15 anos de pena de condena\u00e7\u00e3o\" \/>\n<meta property=\"og:url\" content=\"https:\/\/www.pm.pb.gov.br\/portal\/2024\/02\/10\/policia-militar-prende-criminoso-apontado-por-ataque-a-carro-forte-em-universidade-em-campina-grande\/\" \/>\n<meta property=\"og:site_name\" content=\"Pol\u00edcia Militar da Para\u00edba\" \/>\n<meta property=\"article:published_time\" content=\"2024-02-10T13:07:00+00:00\" \/>\n<meta property=\"article:modified_time\" content=\"2024-02-10T16:01:51+00:00\" \/>\n<meta property=\"og:image\" content=\"http:\/\/www.pm.pb.gov.br\/portal\/wp-content\/uploads\/2020\/05\/10bpm.jpeg\" \/>\n\t<meta property=\"og:image:width\" content=\"800\" \/>\n\t<meta property=\"og:image:height\" content=\"445\" \/>\n\t<meta property=\"og:image:type\" content=\"image\/jpeg\" \/>\n<meta name=\"author\" content=\"Tarcisio Oliveira\" \/>\n<meta name=\"twitter:card\" content=\"summary_large_image\" \/>\n<meta name=\"twitter:label1\" content=\"Escrito por\" \/>\n\t<meta name=\"twitter:data1\" content=\"Tarcisio Oliveira\" \/>\n\t<meta name=\"twitter:label2\" content=\"Est. tempo de leitura\" \/>\n\t<meta name=\"twitter:data2\" content=\"2 minutos\" \/>\n<script type=\"application\/ld+json\" class=\"yoast-schema-graph\">{\"@context\":\"https:\/\/schema.org\",\"@graph\":[{\"@type\":\"Article\",\"@id\":\"https:\/\/www.pm.pb.gov.br\/portal\/2024\/02\/10\/policia-militar-prende-criminoso-apontado-por-ataque-a-carro-forte-em-universidade-em-campina-grande\/#article\",\"isPartOf\":{\"@id\":\"https:\/\/www.pm.pb.gov.br\/portal\/2024\/02\/10\/policia-militar-prende-criminoso-apontado-por-ataque-a-carro-forte-em-universidade-em-campina-grande\/\"},\"author\":{\"name\":\"Tarcisio Oliveira\",\"@id\":\"https:\/\/www.pm.pb.gov.br\/portal\/#\/schema\/person\/f84f56dcc78ce4357054da888b8247fd\"},\"headline\":\"Pol\u00edcia Militar prende criminoso apontado por ataque a carro-forte em universidade, em Campina Grande\",\"datePublished\":\"2024-02-10T13:07:00+00:00\",\"dateModified\":\"2024-02-10T16:01:51+00:00\",\"mainEntityOfPage\":{\"@id\":\"https:\/\/www.pm.pb.gov.br\/portal\/2024\/02\/10\/policia-militar-prende-criminoso-apontado-por-ataque-a-carro-forte-em-universidade-em-campina-grande\/\"},\"wordCount\":189,\"publisher\":{\"@id\":\"https:\/\/www.pm.pb.gov.br\/portal\/#organization\"},\"articleSection\":[\"A\u00e7\u00f5es Policiais\"],\"inLanguage\":\"pt-BR\"},{\"@type\":\"WebPage\",\"@id\":\"https:\/\/www.pm.pb.gov.br\/portal\/2024\/02\/10\/policia-militar-prende-criminoso-apontado-por-ataque-a-carro-forte-em-universidade-em-campina-grande\/\",\"url\":\"https:\/\/www.pm.pb.gov.br\/portal\/2024\/02\/10\/policia-militar-prende-criminoso-apontado-por-ataque-a-carro-forte-em-universidade-em-campina-grande\/\",\"name\":\"Pol\u00edcia Militar prende criminoso apontado por ataque a carro-forte em universidade, em Campina Grande - Pol\u00edcia Militar da Para\u00edba\",\"isPartOf\":{\"@id\":\"https:\/\/www.pm.pb.gov.br\/portal\/#website\"},\"datePublished\":\"2024-02-10T13:07:00+00:00\",\"dateModified\":\"2024-02-10T16:01:51+00:00\",\"description\":\"O assaltante j\u00e1 estava sendo procurado pela Justi\u00e7a atrav\u00e9s de mandado de pris\u00e3o por crimes de roubo e tr\u00e1fico de drogas, com mais de 15 anos de pena de condena\u00e7\u00e3o\",\"breadcrumb\":{\"@id\":\"https:\/\/www.pm.pb.gov.br\/portal\/2024\/02\/10\/policia-militar-prende-criminoso-apontado-por-ataque-a-carro-forte-em-universidade-em-campina-grande\/#breadcrumb\"},\"inLanguage\":\"pt-BR\",\"potentialAction\":[{\"@type\":\"ReadAction\",\"target\":[\"https:\/\/www.pm.pb.gov.br\/portal\/2024\/02\/10\/policia-militar-prende-criminoso-apontado-por-ataque-a-carro-forte-em-universidade-em-campina-grande\/\"]}]},{\"@type\":\"BreadcrumbList\",\"@id\":\"https:\/\/www.pm.pb.gov.br\/portal\/2024\/02\/10\/policia-militar-prende-criminoso-apontado-por-ataque-a-carro-forte-em-universidade-em-campina-grande\/#breadcrumb\",\"itemListElement\":[{\"@type\":\"ListItem\",\"position\":1,\"name\":\"In\u00edcio\",\"item\":\"https:\/\/www.pm.pb.gov.br\/portal\/\"},{\"@type\":\"ListItem\",\"position\":2,\"name\":\"Pol\u00edcia Militar prende criminoso apontado por ataque a carro-forte em universidade, em Campina Grande\"}]},{\"@type\":\"WebSite\",\"@id\":\"https:\/\/www.pm.pb.gov.br\/portal\/#website\",\"url\":\"https:\/\/www.pm.pb.gov.br\/portal\/\",\"name\":\"Pol\u00edcia Militar da Para\u00edba\",\"description\":\"\",\"publisher\":{\"@id\":\"https:\/\/www.pm.pb.gov.br\/portal\/#organization\"},\"potentialAction\":[{\"@type\":\"SearchAction\",\"target\":{\"@type\":\"EntryPoint\",\"urlTemplate\":\"https:\/\/www.pm.pb.gov.br\/portal\/?s={search_term_string}\"},\"query-input\":\"required name=search_term_string\"}],\"inLanguage\":\"pt-BR\"},{\"@type\":\"Organization\",\"@id\":\"https:\/\/www.pm.pb.gov.br\/portal\/#organization\",\"name\":\"Pol\u00edcia Militar da Para\u00edba\",\"url\":\"https:\/\/www.pm.pb.gov.br\/portal\/\",\"logo\":{\"@type\":\"ImageObject\",\"inLanguage\":\"pt-BR\",\"@id\":\"https:\/\/www.pm.pb.gov.br\/portal\/#\/schema\/logo\/image\/\",\"url\":\"https:\/\/www.pm.pb.gov.br\/portal\/wp-content\/uploads\/2025\/03\/cropped-logo-site-mag2-1.png\",\"contentUrl\":\"https:\/\/www.pm.pb.gov.br\/portal\/wp-content\/uploads\/2025\/03\/cropped-logo-site-mag2-1.png\",\"width\":320,\"height\":90,\"caption\":\"Pol\u00edcia Militar da Para\u00edba\"},\"image\":{\"@id\":\"https:\/\/www.pm.pb.gov.br\/portal\/#\/schema\/logo\/image\/\"}},{\"@type\":\"Person\",\"@id\":\"https:\/\/www.pm.pb.gov.br\/portal\/#\/schema\/person\/f84f56dcc78ce4357054da888b8247fd\",\"name\":\"Tarcisio Oliveira\",\"image\":{\"@type\":\"ImageObject\",\"inLanguage\":\"pt-BR\",\"@id\":\"https:\/\/www.pm.pb.gov.br\/portal\/#\/schema\/person\/image\/\",\"url\":\"https:\/\/secure.gravatar.com\/avatar\/72917b630b69d31cd0297507f34bac97?s=96&d=mm&r=g\",\"contentUrl\":\"https:\/\/secure.gravatar.com\/avatar\/72917b630b69d31cd0297507f34bac97?s=96&d=mm&r=g\",\"caption\":\"Tarcisio Oliveira\"},\"url\":\"https:\/\/www.pm.pb.gov.br\/portal\/author\/tarcisio\/\"}]}<\/script>\n<!-- \/ Yoast SEO plugin. -->","yoast_head_json":{"title":"Pol\u00edcia Militar prende criminoso apontado por ataque a carro-forte em universidade, em Campina Grande - Pol\u00edcia Militar da Para\u00edba","description":"O assaltante j\u00e1 estava sendo procurado pela Justi\u00e7a atrav\u00e9s de mandado de pris\u00e3o por crimes de roubo e tr\u00e1fico de drogas, com mais de 15 anos de pena de condena\u00e7\u00e3o","robots":{"index":"index","follow":"follow","max-snippet":"max-snippet:-1","max-image-preview":"max-image-preview:large","max-video-preview":"max-video-preview:-1"},"canonical":"https:\/\/www.pm.pb.gov.br\/portal\/2024\/02\/10\/policia-militar-prende-criminoso-apontado-por-ataque-a-carro-forte-em-universidade-em-campina-grande\/","og_locale":"pt_BR","og_type":"article","og_title":"Pol\u00edcia Militar prende criminoso apontado por ataque a carro-forte em universidade, em Campina Grande - Pol\u00edcia Militar da Para\u00edba","og_description":"O assaltante j\u00e1 estava sendo procurado pela Justi\u00e7a atrav\u00e9s de mandado de pris\u00e3o por crimes de roubo e tr\u00e1fico de drogas, com mais de 15 anos de pena de condena\u00e7\u00e3o","og_url":"https:\/\/www.pm.pb.gov.br\/portal\/2024\/02\/10\/policia-militar-prende-criminoso-apontado-por-ataque-a-carro-forte-em-universidade-em-campina-grande\/","og_site_name":"Pol\u00edcia Militar da Para\u00edba","article_published_time":"2024-02-10T13:07:00+00:00","article_modified_time":"2024-02-10T16:01:51+00:00","og_image":[{"width":800,"height":445,"url":"http:\/\/www.pm.pb.gov.br\/portal\/wp-content\/uploads\/2020\/05\/10bpm.jpeg","type":"image\/jpeg"}],"author":"Tarcisio Oliveira","twitter_card":"summary_large_image","twitter_misc":{"Escrito por":"Tarcisio Oliveira","Est. tempo de leitura":"2 minutos"},"schema":{"@context":"https:\/\/schema.org","@graph":[{"@type":"Article","@id":"https:\/\/www.pm.pb.gov.br\/portal\/2024\/02\/10\/policia-militar-prende-criminoso-apontado-por-ataque-a-carro-forte-em-universidade-em-campina-grande\/#article","isPartOf":{"@id":"https:\/\/www.pm.pb.gov.br\/portal\/2024\/02\/10\/policia-militar-prende-criminoso-apontado-por-ataque-a-carro-forte-em-universidade-em-campina-grande\/"},"author":{"name":"Tarcisio Oliveira","@id":"https:\/\/www.pm.pb.gov.br\/portal\/#\/schema\/person\/f84f56dcc78ce4357054da888b8247fd"},"headline":"Pol\u00edcia Militar prende criminoso apontado por ataque a carro-forte em universidade, em Campina Grande","datePublished":"2024-02-10T13:07:00+00:00","dateModified":"2024-02-10T16:01:51+00:00","mainEntityOfPage":{"@id":"https:\/\/www.pm.pb.gov.br\/portal\/2024\/02\/10\/policia-militar-prende-criminoso-apontado-por-ataque-a-carro-forte-em-universidade-em-campina-grande\/"},"wordCount":189,"publisher":{"@id":"https:\/\/www.pm.pb.gov.br\/portal\/#organization"},"articleSection":["A\u00e7\u00f5es Policiais"],"inLanguage":"pt-BR"},{"@type":"WebPage","@id":"https:\/\/www.pm.pb.gov.br\/portal\/2024\/02\/10\/policia-militar-prende-criminoso-apontado-por-ataque-a-carro-forte-em-universidade-em-campina-grande\/","url":"https:\/\/www.pm.pb.gov.br\/portal\/2024\/02\/10\/policia-militar-prende-criminoso-apontado-por-ataque-a-carro-forte-em-universidade-em-campina-grande\/","name":"Pol\u00edcia Militar prende criminoso apontado por ataque a carro-forte em universidade, em Campina Grande - Pol\u00edcia Militar da Para\u00edba","isPartOf":{"@id":"https:\/\/www.pm.pb.gov.br\/portal\/#website"},"datePublished":"2024-02-10T13:07:00+00:00","dateModified":"2024-02-10T16:01:51+00:00","description":"O assaltante j\u00e1 estava sendo procurado pela Justi\u00e7a atrav\u00e9s de mandado de pris\u00e3o por crimes de roubo e tr\u00e1fico de drogas, com mais de 15 anos de pena de condena\u00e7\u00e3o","breadcrumb":{"@id":"https:\/\/www.pm.pb.gov.br\/portal\/2024\/02\/10\/policia-militar-prende-criminoso-apontado-por-ataque-a-carro-forte-em-universidade-em-campina-grande\/#breadcrumb"},"inLanguage":"pt-BR","potentialAction":[{"@type":"ReadAction","target":["https:\/\/www.pm.pb.gov.br\/portal\/2024\/02\/10\/policia-militar-prende-criminoso-apontado-por-ataque-a-carro-forte-em-universidade-em-campina-grande\/"]}]},{"@type":"BreadcrumbList","@id":"https:\/\/www.pm.pb.gov.br\/portal\/2024\/02\/10\/policia-militar-prende-criminoso-apontado-por-ataque-a-carro-forte-em-universidade-em-campina-grande\/#breadcrumb","itemListElement":[{"@type":"ListItem","position":1,"name":"In\u00edcio","item":"https:\/\/www.pm.pb.gov.br\/portal\/"},{"@type":"ListItem","position":2,"name":"Pol\u00edcia Militar prende criminoso apontado por ataque a carro-forte em universidade, em Campina Grande"}]},{"@type":"WebSite","@id":"https:\/\/www.pm.pb.gov.br\/portal\/#website","url":"https:\/\/www.pm.pb.gov.br\/portal\/","name":"Pol\u00edcia Militar da Para\u00edba","description":"","publisher":{"@id":"https:\/\/www.pm.pb.gov.br\/portal\/#organization"},"potentialAction":[{"@type":"SearchAction","target":{"@type":"EntryPoint","urlTemplate":"https:\/\/www.pm.pb.gov.br\/portal\/?s={search_term_string}"},"query-input":"required name=search_term_string"}],"inLanguage":"pt-BR"},{"@type":"Organization","@id":"https:\/\/www.pm.pb.gov.br\/portal\/#organization","name":"Pol\u00edcia Militar da Para\u00edba","url":"https:\/\/www.pm.pb.gov.br\/portal\/","logo":{"@type":"ImageObject","inLanguage":"pt-BR","@id":"https:\/\/www.pm.pb.gov.br\/portal\/#\/schema\/logo\/image\/","url":"https:\/\/www.pm.pb.gov.br\/portal\/wp-content\/uploads\/2025\/03\/cropped-logo-site-mag2-1.png","contentUrl":"https:\/\/www.pm.pb.gov.br\/portal\/wp-content\/uploads\/2025\/03\/cropped-logo-site-mag2-1.png","width":320,"height":90,"caption":"Pol\u00edcia Militar da Para\u00edba"},"image":{"@id":"https:\/\/www.pm.pb.gov.br\/portal\/#\/schema\/logo\/image\/"}},{"@type":"Person","@id":"https:\/\/www.pm.pb.gov.br\/portal\/#\/schema\/person\/f84f56dcc78ce4357054da888b8247fd","name":"Tarcisio Oliveira","image":{"@type":"ImageObject","inLanguage":"pt-BR","@id":"https:\/\/www.pm.pb.gov.br\/portal\/#\/schema\/person\/image\/","url":"https:\/\/secure.gravatar.com\/avatar\/72917b630b69d31cd0297507f34bac97?s=96&d=mm&r=g","contentUrl":"https:\/\/secure.gravatar.com\/avatar\/72917b630b69d31cd0297507f34bac97?s=96&d=mm&r=g","caption":"Tarcisio Oliveira"},"url":"https:\/\/www.pm.pb.gov.br\/portal\/author\/tarcisio\/"}]}},"_links":{"self":[{"href":"https:\/\/www.pm.pb.gov.br\/portal\/wp-json\/wp\/v2\/posts\/920947"}],"collection":[{"href":"https:\/\/www.pm.pb.gov.br\/portal\/wp-json\/wp\/v2\/posts"}],"about":[{"href":"https:\/\/www.pm.pb.gov.br\/portal\/wp-json\/wp\/v2\/types\/post"}],"author":[{"embeddable":true,"href":"https:\/\/www.pm.pb.gov.br\/portal\/wp-json\/wp\/v2\/users\/12"}],"replies":[{"embeddable":true,"href":"https:\/\/www.pm.pb.gov.br\/portal\/wp-json\/wp\/v2\/comments?post=920947"}],"version-history":[{"count":2,"href":"https:\/\/www.pm.pb.gov.br\/portal\/wp-json\/wp\/v2\/posts\/920947\/revisions"}],"predecessor-version":[{"id":920949,"href":"https:\/\/www.pm.pb.gov.br\/portal\/wp-json\/wp\/v2\/posts\/920947\/revisions\/920949"}],"wp:featuredmedia":[{"embeddable":true,"href":"https:\/\/www.pm.pb.gov.br\/portal\/wp-json\/wp\/v2\/media\/905133"}],"wp:attachment":[{"href":"https:\/\/www.pm.pb.gov.br\/portal\/wp-json\/wp\/v2\/media?parent=920947"}],"wp:term":[{"taxonomy":"category","embeddable":true,"href":"https:\/\/www.pm.pb.gov.br\/portal\/wp-json\/wp\/v2\/categories?post=920947"},{"taxonomy":"post_tag","embeddable":true,"href":"https:\/\/www.pm.pb.gov.br\/portal\/wp-json\/wp\/v2\/tags?post=920947"}],"curies":[{"name":"wp","href":"https:\/\/api.w.org\/{rel}","templated":true}]}}