{"id":920940,"date":"2024-02-10T09:32:22","date_gmt":"2024-02-10T12:32:22","guid":{"rendered":"https:\/\/www.pm.pb.gov.br\/portal\/?p=920940"},"modified":"2024-02-10T09:45:20","modified_gmt":"2024-02-10T12:45:20","slug":"pre-carnaval-policia-militar-nao-registra-ocorrencias-graves-em-locais-de-festas-na-capital","status":"publish","type":"post","link":"https:\/\/www.pm.pb.gov.br\/portal\/2024\/02\/10\/pre-carnaval-policia-militar-nao-registra-ocorrencias-graves-em-locais-de-festas-na-capital\/","title":{"rendered":"PR\u00c9-CARNAVAL: Pol\u00edcia Militar n\u00e3o registra ocorr\u00eancias graves em locais de festas na Capital"},"content":{"rendered":"\n<p>A Pol\u00edcia Militar encerrou as a\u00e7\u00f5es da Opera\u00e7\u00e3o Pr\u00e9-Carnaval em Jo\u00e3o Pessoa sem registro de ocorr\u00eancias graves em \u00e1reas de festas e na Via Folia. Em um balan\u00e7o preliminar do Comando de Policiamento Regional Metropolitano (CPRM), do \u00faltimo dia 1\u00ba at\u00e9 a noite da sexta-feira (09), 30 pessoas foram presas ou apreendidas em locais dos eventos.<\/p>\n<p>Entre os presos estavam apenados que descumpriam regime, foragidos com mandados de pris\u00e3o em aberto, e acusados de roubos e furtos. O planejamento e a execu\u00e7\u00e3o das a\u00e7\u00f5es preventivas nos dias de festa, aliado a outras For\u00e7as de Seguran\u00e7a, colaborou diretamente para a seguran\u00e7a dos eventos. O sistema de videomonitoramento do Centro Integrado de Comando e Controle (CICC) tamb\u00e9m fortaleceu as a\u00e7\u00f5es preventivas, atuando na localiza\u00e7\u00e3o e identifica\u00e7\u00e3o de criminosos.<\/p>\n<p><img loading=\"lazy\" decoding=\"async\" class=\" wp-image-920886 aligncenter\" src=\"http:\/\/www.pm.pb.gov.br\/portal\/wp-content\/uploads\/2024\/02\/WhatsApp-Image-2024-02-05-at-15.38.18-1-668x445.jpeg\" alt=\"\" width=\"585\" height=\"390\" srcset=\"https:\/\/www.pm.pb.gov.br\/portal\/wp-content\/uploads\/2024\/02\/WhatsApp-Image-2024-02-05-at-15.38.18-1-668x445.jpeg 668w, https:\/\/www.pm.pb.gov.br\/portal\/wp-content\/uploads\/2024\/02\/WhatsApp-Image-2024-02-05-at-15.38.18-1-855x570.jpeg 855w, https:\/\/www.pm.pb.gov.br\/portal\/wp-content\/uploads\/2024\/02\/WhatsApp-Image-2024-02-05-at-15.38.18-1-768x512.jpeg 768w, https:\/\/www.pm.pb.gov.br\/portal\/wp-content\/uploads\/2024\/02\/WhatsApp-Image-2024-02-05-at-15.38.18-1-1536x1024.jpeg 1536w, https:\/\/www.pm.pb.gov.br\/portal\/wp-content\/uploads\/2024\/02\/WhatsApp-Image-2024-02-05-at-15.38.18-1-2048x1365.jpeg 2048w, https:\/\/www.pm.pb.gov.br\/portal\/wp-content\/uploads\/2024\/02\/WhatsApp-Image-2024-02-05-at-15.38.18-1-272x182.jpeg 272w\" sizes=\"(max-width: 585px) 100vw, 585px\" \/><\/p>\n<p><img loading=\"lazy\" decoding=\"async\" class=\" wp-image-920877 aligncenter\" src=\"http:\/\/www.pm.pb.gov.br\/portal\/wp-content\/uploads\/2024\/02\/WhatsApp-Image-2024-02-05-at-13.32.57-1.jpeg\" alt=\"\" width=\"665\" height=\"370\" srcset=\"https:\/\/www.pm.pb.gov.br\/portal\/wp-content\/uploads\/2024\/02\/WhatsApp-Image-2024-02-05-at-13.32.57-1.jpeg 800w, https:\/\/www.pm.pb.gov.br\/portal\/wp-content\/uploads\/2024\/02\/WhatsApp-Image-2024-02-05-at-13.32.57-1-245x136.jpeg 245w, https:\/\/www.pm.pb.gov.br\/portal\/wp-content\/uploads\/2024\/02\/WhatsApp-Image-2024-02-05-at-13.32.57-1-768x427.jpeg 768w\" sizes=\"(max-width: 665px) 100vw, 665px\" \/><\/p>\n<p>A partir deste s\u00e1bado (10) novas a\u00e7\u00f5es devem acontecer durante a Opera\u00e7\u00e3o Carnaval, que vai intensificar o policiamento em v\u00e1rias \u00e1reas de festas em toda a Para\u00edba.<\/p>\n<figure id=\"attachment_920884\" aria-describedby=\"caption-attachment-920884\" style=\"width: 585px\" class=\"wp-caption aligncenter\"><img loading=\"lazy\" decoding=\"async\" class=\"wp-image-920884\" src=\"http:\/\/www.pm.pb.gov.br\/portal\/wp-content\/uploads\/2024\/02\/WhatsApp-Image-2024-02-05-at-15.38.17-668x445.jpeg\" alt=\"\" width=\"585\" height=\"390\" srcset=\"https:\/\/www.pm.pb.gov.br\/portal\/wp-content\/uploads\/2024\/02\/WhatsApp-Image-2024-02-05-at-15.38.17-668x445.jpeg 668w, https:\/\/www.pm.pb.gov.br\/portal\/wp-content\/uploads\/2024\/02\/WhatsApp-Image-2024-02-05-at-15.38.17-855x570.jpeg 855w, https:\/\/www.pm.pb.gov.br\/portal\/wp-content\/uploads\/2024\/02\/WhatsApp-Image-2024-02-05-at-15.38.17-768x512.jpeg 768w, https:\/\/www.pm.pb.gov.br\/portal\/wp-content\/uploads\/2024\/02\/WhatsApp-Image-2024-02-05-at-15.38.17-1536x1024.jpeg 1536w, https:\/\/www.pm.pb.gov.br\/portal\/wp-content\/uploads\/2024\/02\/WhatsApp-Image-2024-02-05-at-15.38.17-2048x1365.jpeg 2048w, https:\/\/www.pm.pb.gov.br\/portal\/wp-content\/uploads\/2024\/02\/WhatsApp-Image-2024-02-05-at-15.38.17-272x182.jpeg 272w\" sizes=\"(max-width: 585px) 100vw, 585px\" \/><figcaption id=\"caption-attachment-920884\" class=\"wp-caption-text\">Na Capital, as a\u00e7\u00f5es foram coordenadas pelo pr\u00f3prio comandante-geral da PM, o coronel S\u00e9rgio Fonseca.<\/figcaption><\/figure>\n\n\n\n<p>Atualizado \u00e0s 10h05.<\/p>\n","protected":false},"excerpt":{"rendered":"<p>A Pol\u00edcia Militar encerrou as a\u00e7\u00f5es da Opera\u00e7\u00e3o Pr\u00e9-Carnaval em Jo\u00e3o Pessoa sem registro de ocorr\u00eancias graves em \u00e1reas de<\/p>\n","protected":false},"author":12,"featured_media":920821,"comment_status":"closed","ping_status":"closed","sticky":false,"template":"","format":"standard","meta":{"_exactmetrics_skip_tracking":false,"_exactmetrics_sitenote_active":false,"_exactmetrics_sitenote_note":"","_exactmetrics_sitenote_category":0,"footnotes":""},"categories":[4],"tags":[],"yoast_head":"<!-- This site is optimized with the Yoast SEO plugin v22.0 - https:\/\/yoast.com\/wordpress\/plugins\/seo\/ -->\n<title>PR\u00c9-CARNAVAL: Pol\u00edcia Militar n\u00e3o registra ocorr\u00eancias graves em locais de festas na Capital - Pol\u00edcia Militar da Para\u00edba<\/title>\n<meta name=\"description\" content=\"A partir deste s\u00e1bado (10) novas a\u00e7\u00f5es devem acontecer durante a Opera\u00e7\u00e3o Carnaval, que vai intensificar o policiamento em v\u00e1rias \u00e1reas.\" \/>\n<meta name=\"robots\" content=\"index, follow, max-snippet:-1, max-image-preview:large, max-video-preview:-1\" \/>\n<link rel=\"canonical\" href=\"https:\/\/www.pm.pb.gov.br\/portal\/2024\/02\/10\/pre-carnaval-policia-militar-nao-registra-ocorrencias-graves-em-locais-de-festas-na-capital\/\" \/>\n<meta property=\"og:locale\" content=\"pt_BR\" \/>\n<meta property=\"og:type\" content=\"article\" \/>\n<meta property=\"og:title\" content=\"PR\u00c9-CARNAVAL: Pol\u00edcia Militar n\u00e3o registra ocorr\u00eancias graves em locais de festas na Capital - Pol\u00edcia Militar da Para\u00edba\" \/>\n<meta property=\"og:description\" content=\"A partir deste s\u00e1bado (10) novas a\u00e7\u00f5es devem acontecer durante a Opera\u00e7\u00e3o Carnaval, que vai intensificar o policiamento em v\u00e1rias \u00e1reas.\" \/>\n<meta property=\"og:url\" content=\"https:\/\/www.pm.pb.gov.br\/portal\/2024\/02\/10\/pre-carnaval-policia-militar-nao-registra-ocorrencias-graves-em-locais-de-festas-na-capital\/\" \/>\n<meta property=\"og:site_name\" content=\"Pol\u00edcia Militar da Para\u00edba\" \/>\n<meta property=\"article:published_time\" content=\"2024-02-10T12:32:22+00:00\" \/>\n<meta property=\"article:modified_time\" content=\"2024-02-10T12:45:20+00:00\" \/>\n<meta property=\"og:image\" content=\"http:\/\/www.pm.pb.gov.br\/portal\/wp-content\/uploads\/2024\/02\/carnaval.jpeg\" \/>\n\t<meta property=\"og:image:width\" content=\"800\" \/>\n\t<meta property=\"og:image:height\" content=\"445\" \/>\n\t<meta property=\"og:image:type\" content=\"image\/jpeg\" \/>\n<meta name=\"author\" content=\"Tarcisio Oliveira\" \/>\n<meta name=\"twitter:card\" content=\"summary_large_image\" \/>\n<meta name=\"twitter:label1\" content=\"Escrito por\" \/>\n\t<meta name=\"twitter:data1\" content=\"Tarcisio Oliveira\" \/>\n\t<meta name=\"twitter:label2\" content=\"Est. tempo de leitura\" \/>\n\t<meta name=\"twitter:data2\" content=\"2 minutos\" \/>\n<script type=\"application\/ld+json\" class=\"yoast-schema-graph\">{\"@context\":\"https:\/\/schema.org\",\"@graph\":[{\"@type\":\"Article\",\"@id\":\"https:\/\/www.pm.pb.gov.br\/portal\/2024\/02\/10\/pre-carnaval-policia-militar-nao-registra-ocorrencias-graves-em-locais-de-festas-na-capital\/#article\",\"isPartOf\":{\"@id\":\"https:\/\/www.pm.pb.gov.br\/portal\/2024\/02\/10\/pre-carnaval-policia-militar-nao-registra-ocorrencias-graves-em-locais-de-festas-na-capital\/\"},\"author\":{\"name\":\"Tarcisio Oliveira\",\"@id\":\"https:\/\/www.pm.pb.gov.br\/portal\/#\/schema\/person\/f84f56dcc78ce4357054da888b8247fd\"},\"headline\":\"PR\u00c9-CARNAVAL: Pol\u00edcia Militar n\u00e3o registra ocorr\u00eancias graves em locais de festas na Capital\",\"datePublished\":\"2024-02-10T12:32:22+00:00\",\"dateModified\":\"2024-02-10T12:45:20+00:00\",\"mainEntityOfPage\":{\"@id\":\"https:\/\/www.pm.pb.gov.br\/portal\/2024\/02\/10\/pre-carnaval-policia-militar-nao-registra-ocorrencias-graves-em-locais-de-festas-na-capital\/\"},\"wordCount\":216,\"publisher\":{\"@id\":\"https:\/\/www.pm.pb.gov.br\/portal\/#organization\"},\"articleSection\":[\"A\u00e7\u00f5es Policiais\"],\"inLanguage\":\"pt-BR\"},{\"@type\":\"WebPage\",\"@id\":\"https:\/\/www.pm.pb.gov.br\/portal\/2024\/02\/10\/pre-carnaval-policia-militar-nao-registra-ocorrencias-graves-em-locais-de-festas-na-capital\/\",\"url\":\"https:\/\/www.pm.pb.gov.br\/portal\/2024\/02\/10\/pre-carnaval-policia-militar-nao-registra-ocorrencias-graves-em-locais-de-festas-na-capital\/\",\"name\":\"PR\u00c9-CARNAVAL: Pol\u00edcia Militar n\u00e3o registra ocorr\u00eancias graves em locais de festas na Capital - Pol\u00edcia Militar da Para\u00edba\",\"isPartOf\":{\"@id\":\"https:\/\/www.pm.pb.gov.br\/portal\/#website\"},\"datePublished\":\"2024-02-10T12:32:22+00:00\",\"dateModified\":\"2024-02-10T12:45:20+00:00\",\"description\":\"A partir deste s\u00e1bado (10) novas a\u00e7\u00f5es devem acontecer durante a Opera\u00e7\u00e3o Carnaval, que vai intensificar o policiamento em v\u00e1rias \u00e1reas.\",\"breadcrumb\":{\"@id\":\"https:\/\/www.pm.pb.gov.br\/portal\/2024\/02\/10\/pre-carnaval-policia-militar-nao-registra-ocorrencias-graves-em-locais-de-festas-na-capital\/#breadcrumb\"},\"inLanguage\":\"pt-BR\",\"potentialAction\":[{\"@type\":\"ReadAction\",\"target\":[\"https:\/\/www.pm.pb.gov.br\/portal\/2024\/02\/10\/pre-carnaval-policia-militar-nao-registra-ocorrencias-graves-em-locais-de-festas-na-capital\/\"]}]},{\"@type\":\"BreadcrumbList\",\"@id\":\"https:\/\/www.pm.pb.gov.br\/portal\/2024\/02\/10\/pre-carnaval-policia-militar-nao-registra-ocorrencias-graves-em-locais-de-festas-na-capital\/#breadcrumb\",\"itemListElement\":[{\"@type\":\"ListItem\",\"position\":1,\"name\":\"In\u00edcio\",\"item\":\"https:\/\/www.pm.pb.gov.br\/portal\/\"},{\"@type\":\"ListItem\",\"position\":2,\"name\":\"PR\u00c9-CARNAVAL: Pol\u00edcia Militar n\u00e3o registra ocorr\u00eancias graves em locais de festas na Capital\"}]},{\"@type\":\"WebSite\",\"@id\":\"https:\/\/www.pm.pb.gov.br\/portal\/#website\",\"url\":\"https:\/\/www.pm.pb.gov.br\/portal\/\",\"name\":\"Pol\u00edcia Militar da Para\u00edba\",\"description\":\"\",\"publisher\":{\"@id\":\"https:\/\/www.pm.pb.gov.br\/portal\/#organization\"},\"potentialAction\":[{\"@type\":\"SearchAction\",\"target\":{\"@type\":\"EntryPoint\",\"urlTemplate\":\"https:\/\/www.pm.pb.gov.br\/portal\/?s={search_term_string}\"},\"query-input\":\"required name=search_term_string\"}],\"inLanguage\":\"pt-BR\"},{\"@type\":\"Organization\",\"@id\":\"https:\/\/www.pm.pb.gov.br\/portal\/#organization\",\"name\":\"Pol\u00edcia Militar da Para\u00edba\",\"url\":\"https:\/\/www.pm.pb.gov.br\/portal\/\",\"logo\":{\"@type\":\"ImageObject\",\"inLanguage\":\"pt-BR\",\"@id\":\"https:\/\/www.pm.pb.gov.br\/portal\/#\/schema\/logo\/image\/\",\"url\":\"https:\/\/www.pm.pb.gov.br\/portal\/wp-content\/uploads\/2025\/03\/cropped-logo-site-mag2-1.png\",\"contentUrl\":\"https:\/\/www.pm.pb.gov.br\/portal\/wp-content\/uploads\/2025\/03\/cropped-logo-site-mag2-1.png\",\"width\":320,\"height\":90,\"caption\":\"Pol\u00edcia Militar da Para\u00edba\"},\"image\":{\"@id\":\"https:\/\/www.pm.pb.gov.br\/portal\/#\/schema\/logo\/image\/\"}},{\"@type\":\"Person\",\"@id\":\"https:\/\/www.pm.pb.gov.br\/portal\/#\/schema\/person\/f84f56dcc78ce4357054da888b8247fd\",\"name\":\"Tarcisio Oliveira\",\"image\":{\"@type\":\"ImageObject\",\"inLanguage\":\"pt-BR\",\"@id\":\"https:\/\/www.pm.pb.gov.br\/portal\/#\/schema\/person\/image\/\",\"url\":\"https:\/\/secure.gravatar.com\/avatar\/72917b630b69d31cd0297507f34bac97?s=96&d=mm&r=g\",\"contentUrl\":\"https:\/\/secure.gravatar.com\/avatar\/72917b630b69d31cd0297507f34bac97?s=96&d=mm&r=g\",\"caption\":\"Tarcisio Oliveira\"},\"url\":\"https:\/\/www.pm.pb.gov.br\/portal\/author\/tarcisio\/\"}]}<\/script>\n<!-- \/ Yoast SEO plugin. -->","yoast_head_json":{"title":"PR\u00c9-CARNAVAL: Pol\u00edcia Militar n\u00e3o registra ocorr\u00eancias graves em locais de festas na Capital - Pol\u00edcia Militar da Para\u00edba","description":"A partir deste s\u00e1bado (10) novas a\u00e7\u00f5es devem acontecer durante a Opera\u00e7\u00e3o Carnaval, que vai intensificar o policiamento em v\u00e1rias \u00e1reas.","robots":{"index":"index","follow":"follow","max-snippet":"max-snippet:-1","max-image-preview":"max-image-preview:large","max-video-preview":"max-video-preview:-1"},"canonical":"https:\/\/www.pm.pb.gov.br\/portal\/2024\/02\/10\/pre-carnaval-policia-militar-nao-registra-ocorrencias-graves-em-locais-de-festas-na-capital\/","og_locale":"pt_BR","og_type":"article","og_title":"PR\u00c9-CARNAVAL: Pol\u00edcia Militar n\u00e3o registra ocorr\u00eancias graves em locais de festas na Capital - Pol\u00edcia Militar da Para\u00edba","og_description":"A partir deste s\u00e1bado (10) novas a\u00e7\u00f5es devem acontecer durante a Opera\u00e7\u00e3o Carnaval, que vai intensificar o policiamento em v\u00e1rias \u00e1reas.","og_url":"https:\/\/www.pm.pb.gov.br\/portal\/2024\/02\/10\/pre-carnaval-policia-militar-nao-registra-ocorrencias-graves-em-locais-de-festas-na-capital\/","og_site_name":"Pol\u00edcia Militar da Para\u00edba","article_published_time":"2024-02-10T12:32:22+00:00","article_modified_time":"2024-02-10T12:45:20+00:00","og_image":[{"width":800,"height":445,"url":"http:\/\/www.pm.pb.gov.br\/portal\/wp-content\/uploads\/2024\/02\/carnaval.jpeg","type":"image\/jpeg"}],"author":"Tarcisio Oliveira","twitter_card":"summary_large_image","twitter_misc":{"Escrito por":"Tarcisio Oliveira","Est. tempo de leitura":"2 minutos"},"schema":{"@context":"https:\/\/schema.org","@graph":[{"@type":"Article","@id":"https:\/\/www.pm.pb.gov.br\/portal\/2024\/02\/10\/pre-carnaval-policia-militar-nao-registra-ocorrencias-graves-em-locais-de-festas-na-capital\/#article","isPartOf":{"@id":"https:\/\/www.pm.pb.gov.br\/portal\/2024\/02\/10\/pre-carnaval-policia-militar-nao-registra-ocorrencias-graves-em-locais-de-festas-na-capital\/"},"author":{"name":"Tarcisio Oliveira","@id":"https:\/\/www.pm.pb.gov.br\/portal\/#\/schema\/person\/f84f56dcc78ce4357054da888b8247fd"},"headline":"PR\u00c9-CARNAVAL: Pol\u00edcia Militar n\u00e3o registra ocorr\u00eancias graves em locais de festas na Capital","datePublished":"2024-02-10T12:32:22+00:00","dateModified":"2024-02-10T12:45:20+00:00","mainEntityOfPage":{"@id":"https:\/\/www.pm.pb.gov.br\/portal\/2024\/02\/10\/pre-carnaval-policia-militar-nao-registra-ocorrencias-graves-em-locais-de-festas-na-capital\/"},"wordCount":216,"publisher":{"@id":"https:\/\/www.pm.pb.gov.br\/portal\/#organization"},"articleSection":["A\u00e7\u00f5es Policiais"],"inLanguage":"pt-BR"},{"@type":"WebPage","@id":"https:\/\/www.pm.pb.gov.br\/portal\/2024\/02\/10\/pre-carnaval-policia-militar-nao-registra-ocorrencias-graves-em-locais-de-festas-na-capital\/","url":"https:\/\/www.pm.pb.gov.br\/portal\/2024\/02\/10\/pre-carnaval-policia-militar-nao-registra-ocorrencias-graves-em-locais-de-festas-na-capital\/","name":"PR\u00c9-CARNAVAL: Pol\u00edcia Militar n\u00e3o registra ocorr\u00eancias graves em locais de festas na Capital - Pol\u00edcia Militar da Para\u00edba","isPartOf":{"@id":"https:\/\/www.pm.pb.gov.br\/portal\/#website"},"datePublished":"2024-02-10T12:32:22+00:00","dateModified":"2024-02-10T12:45:20+00:00","description":"A partir deste s\u00e1bado (10) novas a\u00e7\u00f5es devem acontecer durante a Opera\u00e7\u00e3o Carnaval, que vai intensificar o policiamento em v\u00e1rias \u00e1reas.","breadcrumb":{"@id":"https:\/\/www.pm.pb.gov.br\/portal\/2024\/02\/10\/pre-carnaval-policia-militar-nao-registra-ocorrencias-graves-em-locais-de-festas-na-capital\/#breadcrumb"},"inLanguage":"pt-BR","potentialAction":[{"@type":"ReadAction","target":["https:\/\/www.pm.pb.gov.br\/portal\/2024\/02\/10\/pre-carnaval-policia-militar-nao-registra-ocorrencias-graves-em-locais-de-festas-na-capital\/"]}]},{"@type":"BreadcrumbList","@id":"https:\/\/www.pm.pb.gov.br\/portal\/2024\/02\/10\/pre-carnaval-policia-militar-nao-registra-ocorrencias-graves-em-locais-de-festas-na-capital\/#breadcrumb","itemListElement":[{"@type":"ListItem","position":1,"name":"In\u00edcio","item":"https:\/\/www.pm.pb.gov.br\/portal\/"},{"@type":"ListItem","position":2,"name":"PR\u00c9-CARNAVAL: Pol\u00edcia Militar n\u00e3o registra ocorr\u00eancias graves em locais de festas na Capital"}]},{"@type":"WebSite","@id":"https:\/\/www.pm.pb.gov.br\/portal\/#website","url":"https:\/\/www.pm.pb.gov.br\/portal\/","name":"Pol\u00edcia Militar da Para\u00edba","description":"","publisher":{"@id":"https:\/\/www.pm.pb.gov.br\/portal\/#organization"},"potentialAction":[{"@type":"SearchAction","target":{"@type":"EntryPoint","urlTemplate":"https:\/\/www.pm.pb.gov.br\/portal\/?s={search_term_string}"},"query-input":"required name=search_term_string"}],"inLanguage":"pt-BR"},{"@type":"Organization","@id":"https:\/\/www.pm.pb.gov.br\/portal\/#organization","name":"Pol\u00edcia Militar da Para\u00edba","url":"https:\/\/www.pm.pb.gov.br\/portal\/","logo":{"@type":"ImageObject","inLanguage":"pt-BR","@id":"https:\/\/www.pm.pb.gov.br\/portal\/#\/schema\/logo\/image\/","url":"https:\/\/www.pm.pb.gov.br\/portal\/wp-content\/uploads\/2025\/03\/cropped-logo-site-mag2-1.png","contentUrl":"https:\/\/www.pm.pb.gov.br\/portal\/wp-content\/uploads\/2025\/03\/cropped-logo-site-mag2-1.png","width":320,"height":90,"caption":"Pol\u00edcia Militar da Para\u00edba"},"image":{"@id":"https:\/\/www.pm.pb.gov.br\/portal\/#\/schema\/logo\/image\/"}},{"@type":"Person","@id":"https:\/\/www.pm.pb.gov.br\/portal\/#\/schema\/person\/f84f56dcc78ce4357054da888b8247fd","name":"Tarcisio Oliveira","image":{"@type":"ImageObject","inLanguage":"pt-BR","@id":"https:\/\/www.pm.pb.gov.br\/portal\/#\/schema\/person\/image\/","url":"https:\/\/secure.gravatar.com\/avatar\/72917b630b69d31cd0297507f34bac97?s=96&d=mm&r=g","contentUrl":"https:\/\/secure.gravatar.com\/avatar\/72917b630b69d31cd0297507f34bac97?s=96&d=mm&r=g","caption":"Tarcisio Oliveira"},"url":"https:\/\/www.pm.pb.gov.br\/portal\/author\/tarcisio\/"}]}},"_links":{"self":[{"href":"https:\/\/www.pm.pb.gov.br\/portal\/wp-json\/wp\/v2\/posts\/920940"}],"collection":[{"href":"https:\/\/www.pm.pb.gov.br\/portal\/wp-json\/wp\/v2\/posts"}],"about":[{"href":"https:\/\/www.pm.pb.gov.br\/portal\/wp-json\/wp\/v2\/types\/post"}],"author":[{"embeddable":true,"href":"https:\/\/www.pm.pb.gov.br\/portal\/wp-json\/wp\/v2\/users\/12"}],"replies":[{"embeddable":true,"href":"https:\/\/www.pm.pb.gov.br\/portal\/wp-json\/wp\/v2\/comments?post=920940"}],"version-history":[{"count":2,"href":"https:\/\/www.pm.pb.gov.br\/portal\/wp-json\/wp\/v2\/posts\/920940\/revisions"}],"predecessor-version":[{"id":920942,"href":"https:\/\/www.pm.pb.gov.br\/portal\/wp-json\/wp\/v2\/posts\/920940\/revisions\/920942"}],"wp:featuredmedia":[{"embeddable":true,"href":"https:\/\/www.pm.pb.gov.br\/portal\/wp-json\/wp\/v2\/media\/920821"}],"wp:attachment":[{"href":"https:\/\/www.pm.pb.gov.br\/portal\/wp-json\/wp\/v2\/media?parent=920940"}],"wp:term":[{"taxonomy":"category","embeddable":true,"href":"https:\/\/www.pm.pb.gov.br\/portal\/wp-json\/wp\/v2\/categories?post=920940"},{"taxonomy":"post_tag","embeddable":true,"href":"https:\/\/www.pm.pb.gov.br\/portal\/wp-json\/wp\/v2\/tags?post=920940"}],"curies":[{"name":"wp","href":"https:\/\/api.w.org\/{rel}","templated":true}]}}