{"id":920918,"date":"2024-02-07T09:30:00","date_gmt":"2024-02-07T12:30:00","guid":{"rendered":"https:\/\/www.pm.pb.gov.br\/portal\/?p=920918"},"modified":"2024-02-07T09:32:13","modified_gmt":"2024-02-07T12:32:13","slug":"no-sertao-policia-militar-apreende-quatro-armas-de-fogo-e-drogas","status":"publish","type":"post","link":"https:\/\/www.pm.pb.gov.br\/portal\/2024\/02\/07\/no-sertao-policia-militar-apreende-quatro-armas-de-fogo-e-drogas\/","title":{"rendered":"NO SERT\u00c3O: Pol\u00edcia Militar apreende quatro armas de fogo e drogas"},"content":{"rendered":"\n<p>Quatro armas de fogo e drogas foram apreendidas pela Pol\u00edcia Militar nas cidades de Jeric\u00f3, Itaporanga e Coremas (foto acima ilustrativa). As a\u00e7\u00f5es aconteceram nesta \u00faltima ter\u00e7a-feira (06) resultando em quatro acusados presos.<\/p>\n<p>Em Jeric\u00f3, um homem de 45 anos de idade foi preso na zona rural ap\u00f3s amea\u00e7ar parentes com arma de fogo. Ele estava com um rev\u00f3lver calibre 38. Ainda em dilig\u00eancias complementares, policiais do 12\u00ba Batalh\u00e3o, respons\u00e1veis pela pris\u00e3o, apreenderam uma espingarda calibre 20 com muni\u00e7\u00f5es, al\u00e9m de foice e faca (fotos abaixo).<\/p>\n<p><img loading=\"lazy\" decoding=\"async\" class=\" wp-image-920919 aligncenter\" src=\"http:\/\/www.pm.pb.gov.br\/portal\/wp-content\/uploads\/2024\/02\/WhatsApp-Image-2024-02-06-at-20.32.00-1-791x445.jpeg\" alt=\"\" width=\"626\" height=\"352\" srcset=\"https:\/\/www.pm.pb.gov.br\/portal\/wp-content\/uploads\/2024\/02\/WhatsApp-Image-2024-02-06-at-20.32.00-1-791x445.jpeg 791w, https:\/\/www.pm.pb.gov.br\/portal\/wp-content\/uploads\/2024\/02\/WhatsApp-Image-2024-02-06-at-20.32.00-1-1014x570.jpeg 1014w, https:\/\/www.pm.pb.gov.br\/portal\/wp-content\/uploads\/2024\/02\/WhatsApp-Image-2024-02-06-at-20.32.00-1-768x432.jpeg 768w, https:\/\/www.pm.pb.gov.br\/portal\/wp-content\/uploads\/2024\/02\/WhatsApp-Image-2024-02-06-at-20.32.00-1-1536x864.jpeg 1536w, https:\/\/www.pm.pb.gov.br\/portal\/wp-content\/uploads\/2024\/02\/WhatsApp-Image-2024-02-06-at-20.32.00-1.jpeg 1599w\" sizes=\"(max-width: 626px) 100vw, 626px\" \/><\/p>\n<p><img loading=\"lazy\" decoding=\"async\" class=\"size-medium wp-image-920921 aligncenter\" src=\"http:\/\/www.pm.pb.gov.br\/portal\/wp-content\/uploads\/2024\/02\/WhatsApp-Image-2024-02-06-at-20.32.00-263x445.jpeg\" alt=\"\" width=\"263\" height=\"445\" srcset=\"https:\/\/www.pm.pb.gov.br\/portal\/wp-content\/uploads\/2024\/02\/WhatsApp-Image-2024-02-06-at-20.32.00-263x445.jpeg 263w, https:\/\/www.pm.pb.gov.br\/portal\/wp-content\/uploads\/2024\/02\/WhatsApp-Image-2024-02-06-at-20.32.00-337x570.jpeg 337w, https:\/\/www.pm.pb.gov.br\/portal\/wp-content\/uploads\/2024\/02\/WhatsApp-Image-2024-02-06-at-20.32.00.jpeg 756w\" sizes=\"(max-width: 263px) 100vw, 263px\" \/><\/p>\n<p>J\u00e1 em Itaporanga, policiais do 13\u00ba Batalh\u00e3o tamb\u00e9m prenderam outro homem acusado de amea\u00e7a que estava com duas espingardas, sendo uma de fabrica\u00e7\u00e3o artesanal e outra de calibre 36. 19 muni\u00e7\u00f5es foram apreendidas (foto abaixo).<\/p>\n<p><img loading=\"lazy\" decoding=\"async\" class=\" wp-image-920920 aligncenter\" src=\"http:\/\/www.pm.pb.gov.br\/portal\/wp-content\/uploads\/2024\/02\/WhatsApp-Image-2024-02-06-at-21.00.19-791x445.jpeg\" alt=\"\" width=\"654\" height=\"368\" srcset=\"https:\/\/www.pm.pb.gov.br\/portal\/wp-content\/uploads\/2024\/02\/WhatsApp-Image-2024-02-06-at-21.00.19-791x445.jpeg 791w, https:\/\/www.pm.pb.gov.br\/portal\/wp-content\/uploads\/2024\/02\/WhatsApp-Image-2024-02-06-at-21.00.19-1013x570.jpeg 1013w, https:\/\/www.pm.pb.gov.br\/portal\/wp-content\/uploads\/2024\/02\/WhatsApp-Image-2024-02-06-at-21.00.19-768x432.jpeg 768w, https:\/\/www.pm.pb.gov.br\/portal\/wp-content\/uploads\/2024\/02\/WhatsApp-Image-2024-02-06-at-21.00.19.jpeg 1280w\" sizes=\"(max-width: 654px) 100vw, 654px\" \/><\/p>\n<p>Em Coremas, uma a\u00e7\u00e3o conjunta do 13\u00ba BPM com a Pol\u00edcia Civil levou a apreens\u00e3o de 90 unidades de subst\u00e2ncia an\u00e1loga a crack, e materiais do tr\u00e1fico como balan\u00e7a de precis\u00e3o, embalagens, comprovantes de transa\u00e7\u00f5es banc\u00e1rias e a quantia de 400 reais, al\u00e9m de tr\u00eas aparelhos celulares. Todo o material foi localizado em uma casa que servia como ponto de tr\u00e1fico. Dois homens foram presos.<\/p>\n<p>As ocorr\u00eancia foram encaminhadas para as delegacias para os procedimentos cab\u00edveis e devida autua\u00e7\u00e3o.<\/p>\n\n\n","protected":false},"excerpt":{"rendered":"<p>Quatro armas de fogo e drogas foram apreendidas pela Pol\u00edcia Militar nas cidades de Jeric\u00f3, Itaporanga e Coremas (foto acima<\/p>\n","protected":false},"author":12,"featured_media":909932,"comment_status":"closed","ping_status":"closed","sticky":false,"template":"","format":"standard","meta":{"_exactmetrics_skip_tracking":false,"_exactmetrics_sitenote_active":false,"_exactmetrics_sitenote_note":"","_exactmetrics_sitenote_category":0,"footnotes":""},"categories":[4],"tags":[],"yoast_head":"<!-- This site is optimized with the Yoast SEO plugin v22.0 - https:\/\/yoast.com\/wordpress\/plugins\/seo\/ -->\n<title>NO SERT\u00c3O: Pol\u00edcia Militar apreende quatro armas de fogo e drogas - Pol\u00edcia Militar da Para\u00edba<\/title>\n<meta name=\"description\" content=\"No total, quatro pessoas foram presas. A\u00e7\u00f5es da PM impediram novos crimes na regi\u00e3o.\" \/>\n<meta name=\"robots\" content=\"index, follow, max-snippet:-1, max-image-preview:large, max-video-preview:-1\" \/>\n<link rel=\"canonical\" href=\"https:\/\/www.pm.pb.gov.br\/portal\/2024\/02\/07\/no-sertao-policia-militar-apreende-quatro-armas-de-fogo-e-drogas\/\" \/>\n<meta property=\"og:locale\" content=\"pt_BR\" \/>\n<meta property=\"og:type\" content=\"article\" \/>\n<meta property=\"og:title\" content=\"NO SERT\u00c3O: Pol\u00edcia Militar apreende quatro armas de fogo e drogas - Pol\u00edcia Militar da Para\u00edba\" \/>\n<meta property=\"og:description\" content=\"No total, quatro pessoas foram presas. A\u00e7\u00f5es da PM impediram novos crimes na regi\u00e3o.\" \/>\n<meta property=\"og:url\" content=\"https:\/\/www.pm.pb.gov.br\/portal\/2024\/02\/07\/no-sertao-policia-militar-apreende-quatro-armas-de-fogo-e-drogas\/\" \/>\n<meta property=\"og:site_name\" content=\"Pol\u00edcia Militar da Para\u00edba\" \/>\n<meta property=\"article:published_time\" content=\"2024-02-07T12:30:00+00:00\" \/>\n<meta property=\"article:modified_time\" content=\"2024-02-07T12:32:13+00:00\" \/>\n<meta property=\"og:image\" content=\"http:\/\/www.pm.pb.gov.br\/portal\/wp-content\/uploads\/2021\/03\/sertao.jpeg\" \/>\n\t<meta property=\"og:image:width\" content=\"800\" \/>\n\t<meta property=\"og:image:height\" content=\"445\" \/>\n\t<meta property=\"og:image:type\" content=\"image\/jpeg\" \/>\n<meta name=\"author\" content=\"Tarcisio Oliveira\" \/>\n<meta name=\"twitter:card\" content=\"summary_large_image\" \/>\n<meta name=\"twitter:label1\" content=\"Escrito por\" \/>\n\t<meta name=\"twitter:data1\" content=\"Tarcisio Oliveira\" \/>\n\t<meta name=\"twitter:label2\" content=\"Est. tempo de leitura\" \/>\n\t<meta name=\"twitter:data2\" content=\"2 minutos\" \/>\n<script type=\"application\/ld+json\" class=\"yoast-schema-graph\">{\"@context\":\"https:\/\/schema.org\",\"@graph\":[{\"@type\":\"Article\",\"@id\":\"https:\/\/www.pm.pb.gov.br\/portal\/2024\/02\/07\/no-sertao-policia-militar-apreende-quatro-armas-de-fogo-e-drogas\/#article\",\"isPartOf\":{\"@id\":\"https:\/\/www.pm.pb.gov.br\/portal\/2024\/02\/07\/no-sertao-policia-militar-apreende-quatro-armas-de-fogo-e-drogas\/\"},\"author\":{\"name\":\"Tarcisio Oliveira\",\"@id\":\"https:\/\/www.pm.pb.gov.br\/portal\/#\/schema\/person\/f84f56dcc78ce4357054da888b8247fd\"},\"headline\":\"NO SERT\u00c3O: Pol\u00edcia Militar apreende quatro armas de fogo e drogas\",\"datePublished\":\"2024-02-07T12:30:00+00:00\",\"dateModified\":\"2024-02-07T12:32:13+00:00\",\"mainEntityOfPage\":{\"@id\":\"https:\/\/www.pm.pb.gov.br\/portal\/2024\/02\/07\/no-sertao-policia-militar-apreende-quatro-armas-de-fogo-e-drogas\/\"},\"wordCount\":235,\"publisher\":{\"@id\":\"https:\/\/www.pm.pb.gov.br\/portal\/#organization\"},\"articleSection\":[\"A\u00e7\u00f5es Policiais\"],\"inLanguage\":\"pt-BR\"},{\"@type\":\"WebPage\",\"@id\":\"https:\/\/www.pm.pb.gov.br\/portal\/2024\/02\/07\/no-sertao-policia-militar-apreende-quatro-armas-de-fogo-e-drogas\/\",\"url\":\"https:\/\/www.pm.pb.gov.br\/portal\/2024\/02\/07\/no-sertao-policia-militar-apreende-quatro-armas-de-fogo-e-drogas\/\",\"name\":\"NO SERT\u00c3O: Pol\u00edcia Militar apreende quatro armas de fogo e drogas - Pol\u00edcia Militar da Para\u00edba\",\"isPartOf\":{\"@id\":\"https:\/\/www.pm.pb.gov.br\/portal\/#website\"},\"datePublished\":\"2024-02-07T12:30:00+00:00\",\"dateModified\":\"2024-02-07T12:32:13+00:00\",\"description\":\"No total, quatro pessoas foram presas. A\u00e7\u00f5es da PM impediram novos crimes na regi\u00e3o.\",\"breadcrumb\":{\"@id\":\"https:\/\/www.pm.pb.gov.br\/portal\/2024\/02\/07\/no-sertao-policia-militar-apreende-quatro-armas-de-fogo-e-drogas\/#breadcrumb\"},\"inLanguage\":\"pt-BR\",\"potentialAction\":[{\"@type\":\"ReadAction\",\"target\":[\"https:\/\/www.pm.pb.gov.br\/portal\/2024\/02\/07\/no-sertao-policia-militar-apreende-quatro-armas-de-fogo-e-drogas\/\"]}]},{\"@type\":\"BreadcrumbList\",\"@id\":\"https:\/\/www.pm.pb.gov.br\/portal\/2024\/02\/07\/no-sertao-policia-militar-apreende-quatro-armas-de-fogo-e-drogas\/#breadcrumb\",\"itemListElement\":[{\"@type\":\"ListItem\",\"position\":1,\"name\":\"In\u00edcio\",\"item\":\"https:\/\/www.pm.pb.gov.br\/portal\/\"},{\"@type\":\"ListItem\",\"position\":2,\"name\":\"NO SERT\u00c3O: Pol\u00edcia Militar apreende quatro armas de fogo e drogas\"}]},{\"@type\":\"WebSite\",\"@id\":\"https:\/\/www.pm.pb.gov.br\/portal\/#website\",\"url\":\"https:\/\/www.pm.pb.gov.br\/portal\/\",\"name\":\"Pol\u00edcia Militar da Para\u00edba\",\"description\":\"\",\"publisher\":{\"@id\":\"https:\/\/www.pm.pb.gov.br\/portal\/#organization\"},\"potentialAction\":[{\"@type\":\"SearchAction\",\"target\":{\"@type\":\"EntryPoint\",\"urlTemplate\":\"https:\/\/www.pm.pb.gov.br\/portal\/?s={search_term_string}\"},\"query-input\":\"required name=search_term_string\"}],\"inLanguage\":\"pt-BR\"},{\"@type\":\"Organization\",\"@id\":\"https:\/\/www.pm.pb.gov.br\/portal\/#organization\",\"name\":\"Pol\u00edcia Militar da Para\u00edba\",\"url\":\"https:\/\/www.pm.pb.gov.br\/portal\/\",\"logo\":{\"@type\":\"ImageObject\",\"inLanguage\":\"pt-BR\",\"@id\":\"https:\/\/www.pm.pb.gov.br\/portal\/#\/schema\/logo\/image\/\",\"url\":\"https:\/\/www.pm.pb.gov.br\/portal\/wp-content\/uploads\/2025\/03\/cropped-logo-site-mag2-1.png\",\"contentUrl\":\"https:\/\/www.pm.pb.gov.br\/portal\/wp-content\/uploads\/2025\/03\/cropped-logo-site-mag2-1.png\",\"width\":320,\"height\":90,\"caption\":\"Pol\u00edcia Militar da Para\u00edba\"},\"image\":{\"@id\":\"https:\/\/www.pm.pb.gov.br\/portal\/#\/schema\/logo\/image\/\"}},{\"@type\":\"Person\",\"@id\":\"https:\/\/www.pm.pb.gov.br\/portal\/#\/schema\/person\/f84f56dcc78ce4357054da888b8247fd\",\"name\":\"Tarcisio Oliveira\",\"image\":{\"@type\":\"ImageObject\",\"inLanguage\":\"pt-BR\",\"@id\":\"https:\/\/www.pm.pb.gov.br\/portal\/#\/schema\/person\/image\/\",\"url\":\"https:\/\/secure.gravatar.com\/avatar\/72917b630b69d31cd0297507f34bac97?s=96&d=mm&r=g\",\"contentUrl\":\"https:\/\/secure.gravatar.com\/avatar\/72917b630b69d31cd0297507f34bac97?s=96&d=mm&r=g\",\"caption\":\"Tarcisio Oliveira\"},\"url\":\"https:\/\/www.pm.pb.gov.br\/portal\/author\/tarcisio\/\"}]}<\/script>\n<!-- \/ Yoast SEO plugin. -->","yoast_head_json":{"title":"NO SERT\u00c3O: Pol\u00edcia Militar apreende quatro armas de fogo e drogas - Pol\u00edcia Militar da Para\u00edba","description":"No total, quatro pessoas foram presas. A\u00e7\u00f5es da PM impediram novos crimes na regi\u00e3o.","robots":{"index":"index","follow":"follow","max-snippet":"max-snippet:-1","max-image-preview":"max-image-preview:large","max-video-preview":"max-video-preview:-1"},"canonical":"https:\/\/www.pm.pb.gov.br\/portal\/2024\/02\/07\/no-sertao-policia-militar-apreende-quatro-armas-de-fogo-e-drogas\/","og_locale":"pt_BR","og_type":"article","og_title":"NO SERT\u00c3O: Pol\u00edcia Militar apreende quatro armas de fogo e drogas - Pol\u00edcia Militar da Para\u00edba","og_description":"No total, quatro pessoas foram presas. A\u00e7\u00f5es da PM impediram novos crimes na regi\u00e3o.","og_url":"https:\/\/www.pm.pb.gov.br\/portal\/2024\/02\/07\/no-sertao-policia-militar-apreende-quatro-armas-de-fogo-e-drogas\/","og_site_name":"Pol\u00edcia Militar da Para\u00edba","article_published_time":"2024-02-07T12:30:00+00:00","article_modified_time":"2024-02-07T12:32:13+00:00","og_image":[{"width":800,"height":445,"url":"http:\/\/www.pm.pb.gov.br\/portal\/wp-content\/uploads\/2021\/03\/sertao.jpeg","type":"image\/jpeg"}],"author":"Tarcisio Oliveira","twitter_card":"summary_large_image","twitter_misc":{"Escrito por":"Tarcisio Oliveira","Est. tempo de leitura":"2 minutos"},"schema":{"@context":"https:\/\/schema.org","@graph":[{"@type":"Article","@id":"https:\/\/www.pm.pb.gov.br\/portal\/2024\/02\/07\/no-sertao-policia-militar-apreende-quatro-armas-de-fogo-e-drogas\/#article","isPartOf":{"@id":"https:\/\/www.pm.pb.gov.br\/portal\/2024\/02\/07\/no-sertao-policia-militar-apreende-quatro-armas-de-fogo-e-drogas\/"},"author":{"name":"Tarcisio Oliveira","@id":"https:\/\/www.pm.pb.gov.br\/portal\/#\/schema\/person\/f84f56dcc78ce4357054da888b8247fd"},"headline":"NO SERT\u00c3O: Pol\u00edcia Militar apreende quatro armas de fogo e drogas","datePublished":"2024-02-07T12:30:00+00:00","dateModified":"2024-02-07T12:32:13+00:00","mainEntityOfPage":{"@id":"https:\/\/www.pm.pb.gov.br\/portal\/2024\/02\/07\/no-sertao-policia-militar-apreende-quatro-armas-de-fogo-e-drogas\/"},"wordCount":235,"publisher":{"@id":"https:\/\/www.pm.pb.gov.br\/portal\/#organization"},"articleSection":["A\u00e7\u00f5es Policiais"],"inLanguage":"pt-BR"},{"@type":"WebPage","@id":"https:\/\/www.pm.pb.gov.br\/portal\/2024\/02\/07\/no-sertao-policia-militar-apreende-quatro-armas-de-fogo-e-drogas\/","url":"https:\/\/www.pm.pb.gov.br\/portal\/2024\/02\/07\/no-sertao-policia-militar-apreende-quatro-armas-de-fogo-e-drogas\/","name":"NO SERT\u00c3O: Pol\u00edcia Militar apreende quatro armas de fogo e drogas - Pol\u00edcia Militar da Para\u00edba","isPartOf":{"@id":"https:\/\/www.pm.pb.gov.br\/portal\/#website"},"datePublished":"2024-02-07T12:30:00+00:00","dateModified":"2024-02-07T12:32:13+00:00","description":"No total, quatro pessoas foram presas. A\u00e7\u00f5es da PM impediram novos crimes na regi\u00e3o.","breadcrumb":{"@id":"https:\/\/www.pm.pb.gov.br\/portal\/2024\/02\/07\/no-sertao-policia-militar-apreende-quatro-armas-de-fogo-e-drogas\/#breadcrumb"},"inLanguage":"pt-BR","potentialAction":[{"@type":"ReadAction","target":["https:\/\/www.pm.pb.gov.br\/portal\/2024\/02\/07\/no-sertao-policia-militar-apreende-quatro-armas-de-fogo-e-drogas\/"]}]},{"@type":"BreadcrumbList","@id":"https:\/\/www.pm.pb.gov.br\/portal\/2024\/02\/07\/no-sertao-policia-militar-apreende-quatro-armas-de-fogo-e-drogas\/#breadcrumb","itemListElement":[{"@type":"ListItem","position":1,"name":"In\u00edcio","item":"https:\/\/www.pm.pb.gov.br\/portal\/"},{"@type":"ListItem","position":2,"name":"NO SERT\u00c3O: Pol\u00edcia Militar apreende quatro armas de fogo e drogas"}]},{"@type":"WebSite","@id":"https:\/\/www.pm.pb.gov.br\/portal\/#website","url":"https:\/\/www.pm.pb.gov.br\/portal\/","name":"Pol\u00edcia Militar da Para\u00edba","description":"","publisher":{"@id":"https:\/\/www.pm.pb.gov.br\/portal\/#organization"},"potentialAction":[{"@type":"SearchAction","target":{"@type":"EntryPoint","urlTemplate":"https:\/\/www.pm.pb.gov.br\/portal\/?s={search_term_string}"},"query-input":"required name=search_term_string"}],"inLanguage":"pt-BR"},{"@type":"Organization","@id":"https:\/\/www.pm.pb.gov.br\/portal\/#organization","name":"Pol\u00edcia Militar da Para\u00edba","url":"https:\/\/www.pm.pb.gov.br\/portal\/","logo":{"@type":"ImageObject","inLanguage":"pt-BR","@id":"https:\/\/www.pm.pb.gov.br\/portal\/#\/schema\/logo\/image\/","url":"https:\/\/www.pm.pb.gov.br\/portal\/wp-content\/uploads\/2025\/03\/cropped-logo-site-mag2-1.png","contentUrl":"https:\/\/www.pm.pb.gov.br\/portal\/wp-content\/uploads\/2025\/03\/cropped-logo-site-mag2-1.png","width":320,"height":90,"caption":"Pol\u00edcia Militar da Para\u00edba"},"image":{"@id":"https:\/\/www.pm.pb.gov.br\/portal\/#\/schema\/logo\/image\/"}},{"@type":"Person","@id":"https:\/\/www.pm.pb.gov.br\/portal\/#\/schema\/person\/f84f56dcc78ce4357054da888b8247fd","name":"Tarcisio Oliveira","image":{"@type":"ImageObject","inLanguage":"pt-BR","@id":"https:\/\/www.pm.pb.gov.br\/portal\/#\/schema\/person\/image\/","url":"https:\/\/secure.gravatar.com\/avatar\/72917b630b69d31cd0297507f34bac97?s=96&d=mm&r=g","contentUrl":"https:\/\/secure.gravatar.com\/avatar\/72917b630b69d31cd0297507f34bac97?s=96&d=mm&r=g","caption":"Tarcisio Oliveira"},"url":"https:\/\/www.pm.pb.gov.br\/portal\/author\/tarcisio\/"}]}},"_links":{"self":[{"href":"https:\/\/www.pm.pb.gov.br\/portal\/wp-json\/wp\/v2\/posts\/920918"}],"collection":[{"href":"https:\/\/www.pm.pb.gov.br\/portal\/wp-json\/wp\/v2\/posts"}],"about":[{"href":"https:\/\/www.pm.pb.gov.br\/portal\/wp-json\/wp\/v2\/types\/post"}],"author":[{"embeddable":true,"href":"https:\/\/www.pm.pb.gov.br\/portal\/wp-json\/wp\/v2\/users\/12"}],"replies":[{"embeddable":true,"href":"https:\/\/www.pm.pb.gov.br\/portal\/wp-json\/wp\/v2\/comments?post=920918"}],"version-history":[{"count":2,"href":"https:\/\/www.pm.pb.gov.br\/portal\/wp-json\/wp\/v2\/posts\/920918\/revisions"}],"predecessor-version":[{"id":920923,"href":"https:\/\/www.pm.pb.gov.br\/portal\/wp-json\/wp\/v2\/posts\/920918\/revisions\/920923"}],"wp:featuredmedia":[{"embeddable":true,"href":"https:\/\/www.pm.pb.gov.br\/portal\/wp-json\/wp\/v2\/media\/909932"}],"wp:attachment":[{"href":"https:\/\/www.pm.pb.gov.br\/portal\/wp-json\/wp\/v2\/media?parent=920918"}],"wp:term":[{"taxonomy":"category","embeddable":true,"href":"https:\/\/www.pm.pb.gov.br\/portal\/wp-json\/wp\/v2\/categories?post=920918"},{"taxonomy":"post_tag","embeddable":true,"href":"https:\/\/www.pm.pb.gov.br\/portal\/wp-json\/wp\/v2\/tags?post=920918"}],"curies":[{"name":"wp","href":"https:\/\/api.w.org\/{rel}","templated":true}]}}