{"id":920827,"date":"2024-02-02T17:59:00","date_gmt":"2024-02-02T20:59:00","guid":{"rendered":"https:\/\/www.pm.pb.gov.br\/portal\/?p=920827"},"modified":"2024-02-03T01:07:32","modified_gmt":"2024-02-03T04:07:32","slug":"produtividade-em-janeiro-acoes-policiais-preventivas-zeram-registros-de-roubos-em-sousa","status":"publish","type":"post","link":"https:\/\/www.pm.pb.gov.br\/portal\/2024\/02\/02\/produtividade-em-janeiro-acoes-policiais-preventivas-zeram-registros-de-roubos-em-sousa\/","title":{"rendered":"PRODUTIVIDADE: Em janeiro, a\u00e7\u00f5es policiais preventivas zeram registros de roubos em Sousa"},"content":{"rendered":"\n<p>A cidade de Sousa \u00e9 a maior da regi\u00e3o do Alto Sert\u00e3o Paraibano, com aproximadamente 70 mil habitantes, e destaca-se pelo seu com\u00e9rcio e ind\u00fastria, al\u00e9m de ser um importante centro acad\u00eamico. No m\u00eas de janeiro, com a atua\u00e7\u00e3o proativa da Pol\u00edcia Militar, a cidade de Sousa n\u00e3o registrou crimes violentos patrimoniais, conhecidos como CVPs. O \u00faltimo registro de roubo ocorreu em 28 de novembro de 2023 (foto acima ilustrativa).<\/p>\n<p>O dado foi divulgado nesta \u00faltima sexta-feira (02) no instagram oficial da unidade, o <strong><a href=\"https:\/\/www.instagram.com\/reel\/C22czuuuk62\/?igsh=aDFicnZrM2QzMmgy\">@14bpm.pmpb<\/a><\/strong>. De acordo com a publica\u00e7\u00e3o, a colabora\u00e7\u00e3o estrat\u00e9gica entre as for\u00e7as policiais e a comunidade desempenhou um papel crucial na manuten\u00e7\u00e3o dessa atmosfera tranquila. A presen\u00e7a policial vis\u00edvel e as medidas preventivas implementadas foram fundamentais para dissuadir potenciais infratores.<\/p>\n<p>Em um v\u00eddeo na publica\u00e7\u00e3o, o comandante do 14\u00ba Batalh\u00e3o, major Feitosa, enfatizou o empenho e a dedica\u00e7\u00e3o dos oficiais e pra\u00e7as da Unidade, destacando o planejamento estrat\u00e9gico e a proximidade com a popula\u00e7\u00e3o como fatores-chaves para o sucesso, inclusive homenageando e condecorando os militares pelo trabalho desempenhado.<\/p>\n\n\n","protected":false},"excerpt":{"rendered":"<p>A cidade de Sousa \u00e9 a maior da regi\u00e3o do Alto Sert\u00e3o Paraibano, com aproximadamente 70 mil habitantes, e destaca-se<\/p>\n","protected":false},"author":12,"featured_media":920327,"comment_status":"closed","ping_status":"closed","sticky":false,"template":"","format":"standard","meta":{"_exactmetrics_skip_tracking":false,"_exactmetrics_sitenote_active":false,"_exactmetrics_sitenote_note":"","_exactmetrics_sitenote_category":0,"footnotes":""},"categories":[4],"tags":[],"yoast_head":"<!-- This site is optimized with the Yoast SEO plugin v22.0 - https:\/\/yoast.com\/wordpress\/plugins\/seo\/ -->\n<title>PRODUTIVIDADE: Em janeiro, a\u00e7\u00f5es policiais preventivas zeram registros de roubos em Sousa - Pol\u00edcia Militar da Para\u00edba<\/title>\n<meta name=\"robots\" content=\"index, follow, max-snippet:-1, max-image-preview:large, max-video-preview:-1\" \/>\n<link rel=\"canonical\" href=\"https:\/\/www.pm.pb.gov.br\/portal\/2024\/02\/02\/produtividade-em-janeiro-acoes-policiais-preventivas-zeram-registros-de-roubos-em-sousa\/\" \/>\n<meta property=\"og:locale\" content=\"pt_BR\" \/>\n<meta property=\"og:type\" content=\"article\" \/>\n<meta property=\"og:title\" content=\"PRODUTIVIDADE: Em janeiro, a\u00e7\u00f5es policiais preventivas zeram registros de roubos em Sousa - Pol\u00edcia Militar da Para\u00edba\" \/>\n<meta property=\"og:description\" content=\"A cidade de Sousa \u00e9 a maior da regi\u00e3o do Alto Sert\u00e3o Paraibano, com aproximadamente 70 mil habitantes, e destaca-se\" \/>\n<meta property=\"og:url\" content=\"https:\/\/www.pm.pb.gov.br\/portal\/2024\/02\/02\/produtividade-em-janeiro-acoes-policiais-preventivas-zeram-registros-de-roubos-em-sousa\/\" \/>\n<meta property=\"og:site_name\" content=\"Pol\u00edcia Militar da Para\u00edba\" \/>\n<meta property=\"article:published_time\" content=\"2024-02-02T20:59:00+00:00\" \/>\n<meta property=\"article:modified_time\" content=\"2024-02-03T04:07:32+00:00\" \/>\n<meta property=\"og:image\" content=\"http:\/\/www.pm.pb.gov.br\/portal\/wp-content\/uploads\/2024\/01\/14bpm.jpeg\" \/>\n\t<meta property=\"og:image:width\" content=\"800\" \/>\n\t<meta property=\"og:image:height\" content=\"445\" \/>\n\t<meta property=\"og:image:type\" content=\"image\/jpeg\" \/>\n<meta name=\"author\" content=\"Tarcisio Oliveira\" \/>\n<meta name=\"twitter:card\" content=\"summary_large_image\" \/>\n<meta name=\"twitter:label1\" content=\"Escrito por\" \/>\n\t<meta name=\"twitter:data1\" content=\"Tarcisio Oliveira\" \/>\n\t<meta name=\"twitter:label2\" content=\"Est. tempo de leitura\" \/>\n\t<meta name=\"twitter:data2\" content=\"2 minutos\" \/>\n<script type=\"application\/ld+json\" class=\"yoast-schema-graph\">{\"@context\":\"https:\/\/schema.org\",\"@graph\":[{\"@type\":\"Article\",\"@id\":\"https:\/\/www.pm.pb.gov.br\/portal\/2024\/02\/02\/produtividade-em-janeiro-acoes-policiais-preventivas-zeram-registros-de-roubos-em-sousa\/#article\",\"isPartOf\":{\"@id\":\"https:\/\/www.pm.pb.gov.br\/portal\/2024\/02\/02\/produtividade-em-janeiro-acoes-policiais-preventivas-zeram-registros-de-roubos-em-sousa\/\"},\"author\":{\"name\":\"Tarcisio Oliveira\",\"@id\":\"https:\/\/www.pm.pb.gov.br\/portal\/#\/schema\/person\/f84f56dcc78ce4357054da888b8247fd\"},\"headline\":\"PRODUTIVIDADE: Em janeiro, a\u00e7\u00f5es policiais preventivas zeram registros de roubos em Sousa\",\"datePublished\":\"2024-02-02T20:59:00+00:00\",\"dateModified\":\"2024-02-03T04:07:32+00:00\",\"mainEntityOfPage\":{\"@id\":\"https:\/\/www.pm.pb.gov.br\/portal\/2024\/02\/02\/produtividade-em-janeiro-acoes-policiais-preventivas-zeram-registros-de-roubos-em-sousa\/\"},\"wordCount\":204,\"publisher\":{\"@id\":\"https:\/\/www.pm.pb.gov.br\/portal\/#organization\"},\"articleSection\":[\"A\u00e7\u00f5es Policiais\"],\"inLanguage\":\"pt-BR\"},{\"@type\":\"WebPage\",\"@id\":\"https:\/\/www.pm.pb.gov.br\/portal\/2024\/02\/02\/produtividade-em-janeiro-acoes-policiais-preventivas-zeram-registros-de-roubos-em-sousa\/\",\"url\":\"https:\/\/www.pm.pb.gov.br\/portal\/2024\/02\/02\/produtividade-em-janeiro-acoes-policiais-preventivas-zeram-registros-de-roubos-em-sousa\/\",\"name\":\"PRODUTIVIDADE: Em janeiro, a\u00e7\u00f5es policiais preventivas zeram registros de roubos em Sousa - Pol\u00edcia Militar da Para\u00edba\",\"isPartOf\":{\"@id\":\"https:\/\/www.pm.pb.gov.br\/portal\/#website\"},\"datePublished\":\"2024-02-02T20:59:00+00:00\",\"dateModified\":\"2024-02-03T04:07:32+00:00\",\"breadcrumb\":{\"@id\":\"https:\/\/www.pm.pb.gov.br\/portal\/2024\/02\/02\/produtividade-em-janeiro-acoes-policiais-preventivas-zeram-registros-de-roubos-em-sousa\/#breadcrumb\"},\"inLanguage\":\"pt-BR\",\"potentialAction\":[{\"@type\":\"ReadAction\",\"target\":[\"https:\/\/www.pm.pb.gov.br\/portal\/2024\/02\/02\/produtividade-em-janeiro-acoes-policiais-preventivas-zeram-registros-de-roubos-em-sousa\/\"]}]},{\"@type\":\"BreadcrumbList\",\"@id\":\"https:\/\/www.pm.pb.gov.br\/portal\/2024\/02\/02\/produtividade-em-janeiro-acoes-policiais-preventivas-zeram-registros-de-roubos-em-sousa\/#breadcrumb\",\"itemListElement\":[{\"@type\":\"ListItem\",\"position\":1,\"name\":\"In\u00edcio\",\"item\":\"https:\/\/www.pm.pb.gov.br\/portal\/\"},{\"@type\":\"ListItem\",\"position\":2,\"name\":\"PRODUTIVIDADE: Em janeiro, a\u00e7\u00f5es policiais preventivas zeram registros de roubos em Sousa\"}]},{\"@type\":\"WebSite\",\"@id\":\"https:\/\/www.pm.pb.gov.br\/portal\/#website\",\"url\":\"https:\/\/www.pm.pb.gov.br\/portal\/\",\"name\":\"Pol\u00edcia Militar da Para\u00edba\",\"description\":\"\",\"publisher\":{\"@id\":\"https:\/\/www.pm.pb.gov.br\/portal\/#organization\"},\"potentialAction\":[{\"@type\":\"SearchAction\",\"target\":{\"@type\":\"EntryPoint\",\"urlTemplate\":\"https:\/\/www.pm.pb.gov.br\/portal\/?s={search_term_string}\"},\"query-input\":\"required name=search_term_string\"}],\"inLanguage\":\"pt-BR\"},{\"@type\":\"Organization\",\"@id\":\"https:\/\/www.pm.pb.gov.br\/portal\/#organization\",\"name\":\"Pol\u00edcia Militar da Para\u00edba\",\"url\":\"https:\/\/www.pm.pb.gov.br\/portal\/\",\"logo\":{\"@type\":\"ImageObject\",\"inLanguage\":\"pt-BR\",\"@id\":\"https:\/\/www.pm.pb.gov.br\/portal\/#\/schema\/logo\/image\/\",\"url\":\"https:\/\/www.pm.pb.gov.br\/portal\/wp-content\/uploads\/2025\/03\/cropped-logo-site-mag2-1.png\",\"contentUrl\":\"https:\/\/www.pm.pb.gov.br\/portal\/wp-content\/uploads\/2025\/03\/cropped-logo-site-mag2-1.png\",\"width\":320,\"height\":90,\"caption\":\"Pol\u00edcia Militar da Para\u00edba\"},\"image\":{\"@id\":\"https:\/\/www.pm.pb.gov.br\/portal\/#\/schema\/logo\/image\/\"}},{\"@type\":\"Person\",\"@id\":\"https:\/\/www.pm.pb.gov.br\/portal\/#\/schema\/person\/f84f56dcc78ce4357054da888b8247fd\",\"name\":\"Tarcisio Oliveira\",\"image\":{\"@type\":\"ImageObject\",\"inLanguage\":\"pt-BR\",\"@id\":\"https:\/\/www.pm.pb.gov.br\/portal\/#\/schema\/person\/image\/\",\"url\":\"https:\/\/secure.gravatar.com\/avatar\/72917b630b69d31cd0297507f34bac97?s=96&d=mm&r=g\",\"contentUrl\":\"https:\/\/secure.gravatar.com\/avatar\/72917b630b69d31cd0297507f34bac97?s=96&d=mm&r=g\",\"caption\":\"Tarcisio Oliveira\"},\"url\":\"https:\/\/www.pm.pb.gov.br\/portal\/author\/tarcisio\/\"}]}<\/script>\n<!-- \/ Yoast SEO plugin. -->","yoast_head_json":{"title":"PRODUTIVIDADE: Em janeiro, a\u00e7\u00f5es policiais preventivas zeram registros de roubos em Sousa - Pol\u00edcia Militar da Para\u00edba","robots":{"index":"index","follow":"follow","max-snippet":"max-snippet:-1","max-image-preview":"max-image-preview:large","max-video-preview":"max-video-preview:-1"},"canonical":"https:\/\/www.pm.pb.gov.br\/portal\/2024\/02\/02\/produtividade-em-janeiro-acoes-policiais-preventivas-zeram-registros-de-roubos-em-sousa\/","og_locale":"pt_BR","og_type":"article","og_title":"PRODUTIVIDADE: Em janeiro, a\u00e7\u00f5es policiais preventivas zeram registros de roubos em Sousa - Pol\u00edcia Militar da Para\u00edba","og_description":"A cidade de Sousa \u00e9 a maior da regi\u00e3o do Alto Sert\u00e3o Paraibano, com aproximadamente 70 mil habitantes, e destaca-se","og_url":"https:\/\/www.pm.pb.gov.br\/portal\/2024\/02\/02\/produtividade-em-janeiro-acoes-policiais-preventivas-zeram-registros-de-roubos-em-sousa\/","og_site_name":"Pol\u00edcia Militar da Para\u00edba","article_published_time":"2024-02-02T20:59:00+00:00","article_modified_time":"2024-02-03T04:07:32+00:00","og_image":[{"width":800,"height":445,"url":"http:\/\/www.pm.pb.gov.br\/portal\/wp-content\/uploads\/2024\/01\/14bpm.jpeg","type":"image\/jpeg"}],"author":"Tarcisio Oliveira","twitter_card":"summary_large_image","twitter_misc":{"Escrito por":"Tarcisio Oliveira","Est. tempo de leitura":"2 minutos"},"schema":{"@context":"https:\/\/schema.org","@graph":[{"@type":"Article","@id":"https:\/\/www.pm.pb.gov.br\/portal\/2024\/02\/02\/produtividade-em-janeiro-acoes-policiais-preventivas-zeram-registros-de-roubos-em-sousa\/#article","isPartOf":{"@id":"https:\/\/www.pm.pb.gov.br\/portal\/2024\/02\/02\/produtividade-em-janeiro-acoes-policiais-preventivas-zeram-registros-de-roubos-em-sousa\/"},"author":{"name":"Tarcisio Oliveira","@id":"https:\/\/www.pm.pb.gov.br\/portal\/#\/schema\/person\/f84f56dcc78ce4357054da888b8247fd"},"headline":"PRODUTIVIDADE: Em janeiro, a\u00e7\u00f5es policiais preventivas zeram registros de roubos em Sousa","datePublished":"2024-02-02T20:59:00+00:00","dateModified":"2024-02-03T04:07:32+00:00","mainEntityOfPage":{"@id":"https:\/\/www.pm.pb.gov.br\/portal\/2024\/02\/02\/produtividade-em-janeiro-acoes-policiais-preventivas-zeram-registros-de-roubos-em-sousa\/"},"wordCount":204,"publisher":{"@id":"https:\/\/www.pm.pb.gov.br\/portal\/#organization"},"articleSection":["A\u00e7\u00f5es Policiais"],"inLanguage":"pt-BR"},{"@type":"WebPage","@id":"https:\/\/www.pm.pb.gov.br\/portal\/2024\/02\/02\/produtividade-em-janeiro-acoes-policiais-preventivas-zeram-registros-de-roubos-em-sousa\/","url":"https:\/\/www.pm.pb.gov.br\/portal\/2024\/02\/02\/produtividade-em-janeiro-acoes-policiais-preventivas-zeram-registros-de-roubos-em-sousa\/","name":"PRODUTIVIDADE: Em janeiro, a\u00e7\u00f5es policiais preventivas zeram registros de roubos em Sousa - Pol\u00edcia Militar da Para\u00edba","isPartOf":{"@id":"https:\/\/www.pm.pb.gov.br\/portal\/#website"},"datePublished":"2024-02-02T20:59:00+00:00","dateModified":"2024-02-03T04:07:32+00:00","breadcrumb":{"@id":"https:\/\/www.pm.pb.gov.br\/portal\/2024\/02\/02\/produtividade-em-janeiro-acoes-policiais-preventivas-zeram-registros-de-roubos-em-sousa\/#breadcrumb"},"inLanguage":"pt-BR","potentialAction":[{"@type":"ReadAction","target":["https:\/\/www.pm.pb.gov.br\/portal\/2024\/02\/02\/produtividade-em-janeiro-acoes-policiais-preventivas-zeram-registros-de-roubos-em-sousa\/"]}]},{"@type":"BreadcrumbList","@id":"https:\/\/www.pm.pb.gov.br\/portal\/2024\/02\/02\/produtividade-em-janeiro-acoes-policiais-preventivas-zeram-registros-de-roubos-em-sousa\/#breadcrumb","itemListElement":[{"@type":"ListItem","position":1,"name":"In\u00edcio","item":"https:\/\/www.pm.pb.gov.br\/portal\/"},{"@type":"ListItem","position":2,"name":"PRODUTIVIDADE: Em janeiro, a\u00e7\u00f5es policiais preventivas zeram registros de roubos em Sousa"}]},{"@type":"WebSite","@id":"https:\/\/www.pm.pb.gov.br\/portal\/#website","url":"https:\/\/www.pm.pb.gov.br\/portal\/","name":"Pol\u00edcia Militar da Para\u00edba","description":"","publisher":{"@id":"https:\/\/www.pm.pb.gov.br\/portal\/#organization"},"potentialAction":[{"@type":"SearchAction","target":{"@type":"EntryPoint","urlTemplate":"https:\/\/www.pm.pb.gov.br\/portal\/?s={search_term_string}"},"query-input":"required name=search_term_string"}],"inLanguage":"pt-BR"},{"@type":"Organization","@id":"https:\/\/www.pm.pb.gov.br\/portal\/#organization","name":"Pol\u00edcia Militar da Para\u00edba","url":"https:\/\/www.pm.pb.gov.br\/portal\/","logo":{"@type":"ImageObject","inLanguage":"pt-BR","@id":"https:\/\/www.pm.pb.gov.br\/portal\/#\/schema\/logo\/image\/","url":"https:\/\/www.pm.pb.gov.br\/portal\/wp-content\/uploads\/2025\/03\/cropped-logo-site-mag2-1.png","contentUrl":"https:\/\/www.pm.pb.gov.br\/portal\/wp-content\/uploads\/2025\/03\/cropped-logo-site-mag2-1.png","width":320,"height":90,"caption":"Pol\u00edcia Militar da Para\u00edba"},"image":{"@id":"https:\/\/www.pm.pb.gov.br\/portal\/#\/schema\/logo\/image\/"}},{"@type":"Person","@id":"https:\/\/www.pm.pb.gov.br\/portal\/#\/schema\/person\/f84f56dcc78ce4357054da888b8247fd","name":"Tarcisio Oliveira","image":{"@type":"ImageObject","inLanguage":"pt-BR","@id":"https:\/\/www.pm.pb.gov.br\/portal\/#\/schema\/person\/image\/","url":"https:\/\/secure.gravatar.com\/avatar\/72917b630b69d31cd0297507f34bac97?s=96&d=mm&r=g","contentUrl":"https:\/\/secure.gravatar.com\/avatar\/72917b630b69d31cd0297507f34bac97?s=96&d=mm&r=g","caption":"Tarcisio Oliveira"},"url":"https:\/\/www.pm.pb.gov.br\/portal\/author\/tarcisio\/"}]}},"_links":{"self":[{"href":"https:\/\/www.pm.pb.gov.br\/portal\/wp-json\/wp\/v2\/posts\/920827"}],"collection":[{"href":"https:\/\/www.pm.pb.gov.br\/portal\/wp-json\/wp\/v2\/posts"}],"about":[{"href":"https:\/\/www.pm.pb.gov.br\/portal\/wp-json\/wp\/v2\/types\/post"}],"author":[{"embeddable":true,"href":"https:\/\/www.pm.pb.gov.br\/portal\/wp-json\/wp\/v2\/users\/12"}],"replies":[{"embeddable":true,"href":"https:\/\/www.pm.pb.gov.br\/portal\/wp-json\/wp\/v2\/comments?post=920827"}],"version-history":[{"count":1,"href":"https:\/\/www.pm.pb.gov.br\/portal\/wp-json\/wp\/v2\/posts\/920827\/revisions"}],"predecessor-version":[{"id":920828,"href":"https:\/\/www.pm.pb.gov.br\/portal\/wp-json\/wp\/v2\/posts\/920827\/revisions\/920828"}],"wp:featuredmedia":[{"embeddable":true,"href":"https:\/\/www.pm.pb.gov.br\/portal\/wp-json\/wp\/v2\/media\/920327"}],"wp:attachment":[{"href":"https:\/\/www.pm.pb.gov.br\/portal\/wp-json\/wp\/v2\/media?parent=920827"}],"wp:term":[{"taxonomy":"category","embeddable":true,"href":"https:\/\/www.pm.pb.gov.br\/portal\/wp-json\/wp\/v2\/categories?post=920827"},{"taxonomy":"post_tag","embeddable":true,"href":"https:\/\/www.pm.pb.gov.br\/portal\/wp-json\/wp\/v2\/tags?post=920827"}],"curies":[{"name":"wp","href":"https:\/\/api.w.org\/{rel}","templated":true}]}}