{"id":920791,"date":"2024-02-01T06:42:00","date_gmt":"2024-02-01T09:42:00","guid":{"rendered":"https:\/\/www.pm.pb.gov.br\/portal\/?p=920791"},"modified":"2024-02-02T17:03:06","modified_gmt":"2024-02-02T20:03:06","slug":"acao-social-na-praca-com-seguranca-acontece-no-sertao","status":"publish","type":"post","link":"https:\/\/www.pm.pb.gov.br\/portal\/2024\/02\/01\/acao-social-na-praca-com-seguranca-acontece-no-sertao\/","title":{"rendered":"A\u00c7\u00c3O SOCIAL: &#8220;Na Pra\u00e7a com Seguran\u00e7a&#8221; acontece no Sert\u00e3o"},"content":{"rendered":"\n<p>A Pol\u00edcia Militar, atrav\u00e9s da Coordenadoria de Integra\u00e7\u00e3o Comunit\u00e1ria e Direitos Humanos (EM\/1) e do 3\u00ba Batalh\u00e3o, em parceria com \u00f3rg\u00e3os de seguran\u00e7a p\u00fablica e com o apoio da Prefeitura Municipal de Patos, da LOTEP, do Rotary Club e do Servi\u00e7o Pastoral dos Migrantes do Nordeste, organizou mais uma a\u00e7\u00e3o social por meio do projeto &#8220;Na Pra\u00e7a com Seguran\u00e7a&#8221;. O evento ocorreu nesta quarta-feira (31), na Pra\u00e7a Edivaldo Motta, no centro de Patos.<\/p>\n<p><img loading=\"lazy\" decoding=\"async\" class=\" wp-image-920816 aligncenter\" src=\"http:\/\/www.pm.pb.gov.br\/portal\/wp-content\/uploads\/2024\/02\/WhatsApp-Image-2024-02-02-at-14.49.47-593x445.jpeg\" alt=\"\" width=\"568\" height=\"426\" srcset=\"https:\/\/www.pm.pb.gov.br\/portal\/wp-content\/uploads\/2024\/02\/WhatsApp-Image-2024-02-02-at-14.49.47-593x445.jpeg 593w, https:\/\/www.pm.pb.gov.br\/portal\/wp-content\/uploads\/2024\/02\/WhatsApp-Image-2024-02-02-at-14.49.47-760x570.jpeg 760w, https:\/\/www.pm.pb.gov.br\/portal\/wp-content\/uploads\/2024\/02\/WhatsApp-Image-2024-02-02-at-14.49.47-768x576.jpeg 768w, https:\/\/www.pm.pb.gov.br\/portal\/wp-content\/uploads\/2024\/02\/WhatsApp-Image-2024-02-02-at-14.49.47-1536x1152.jpeg 1536w, https:\/\/www.pm.pb.gov.br\/portal\/wp-content\/uploads\/2024\/02\/WhatsApp-Image-2024-02-02-at-14.49.47-2048x1536.jpeg 2048w\" sizes=\"(max-width: 568px) 100vw, 568px\" \/><\/p>\n<p><img loading=\"lazy\" decoding=\"async\" class=\"size-medium wp-image-920817 aligncenter\" src=\"http:\/\/www.pm.pb.gov.br\/portal\/wp-content\/uploads\/2024\/02\/WhatsApp-Image-2024-02-02-at-14.49.54-593x445.jpeg\" alt=\"\" width=\"593\" height=\"445\" srcset=\"https:\/\/www.pm.pb.gov.br\/portal\/wp-content\/uploads\/2024\/02\/WhatsApp-Image-2024-02-02-at-14.49.54-593x445.jpeg 593w, https:\/\/www.pm.pb.gov.br\/portal\/wp-content\/uploads\/2024\/02\/WhatsApp-Image-2024-02-02-at-14.49.54-760x570.jpeg 760w, https:\/\/www.pm.pb.gov.br\/portal\/wp-content\/uploads\/2024\/02\/WhatsApp-Image-2024-02-02-at-14.49.54-768x576.jpeg 768w, https:\/\/www.pm.pb.gov.br\/portal\/wp-content\/uploads\/2024\/02\/WhatsApp-Image-2024-02-02-at-14.49.54-1536x1152.jpeg 1536w, https:\/\/www.pm.pb.gov.br\/portal\/wp-content\/uploads\/2024\/02\/WhatsApp-Image-2024-02-02-at-14.49.54-2048x1536.jpeg 2048w\" sizes=\"(max-width: 593px) 100vw, 593px\" \/><\/p>\n<p>O evento foi aberto a toda a popula\u00e7\u00e3o e contou com a realiza\u00e7\u00e3o de servi\u00e7os de sa\u00fade, atendimento assistencial, recrea\u00e7\u00e3o, distribui\u00e7\u00e3o de brinquedos e guloseimas para as crian\u00e7as, entre outros.<\/p>\n<p>O projeto tem como objetivo promover o bem-estar, a inclus\u00e3o e a seguran\u00e7a, criando um impacto social positivo ao aproximar a comunidade e fortalecer os v\u00ednculos com os \u00f3rg\u00e3os e parceiros envolvidos.<\/p>\n<p><img loading=\"lazy\" decoding=\"async\" class=\" wp-image-920818 aligncenter\" src=\"http:\/\/www.pm.pb.gov.br\/portal\/wp-content\/uploads\/2024\/02\/WhatsApp-Image-2024-02-02-at-14.49.53-593x445.jpeg\" alt=\"\" width=\"548\" height=\"411\" srcset=\"https:\/\/www.pm.pb.gov.br\/portal\/wp-content\/uploads\/2024\/02\/WhatsApp-Image-2024-02-02-at-14.49.53-593x445.jpeg 593w, https:\/\/www.pm.pb.gov.br\/portal\/wp-content\/uploads\/2024\/02\/WhatsApp-Image-2024-02-02-at-14.49.53-760x570.jpeg 760w, https:\/\/www.pm.pb.gov.br\/portal\/wp-content\/uploads\/2024\/02\/WhatsApp-Image-2024-02-02-at-14.49.53-768x576.jpeg 768w, https:\/\/www.pm.pb.gov.br\/portal\/wp-content\/uploads\/2024\/02\/WhatsApp-Image-2024-02-02-at-14.49.53-1536x1152.jpeg 1536w, https:\/\/www.pm.pb.gov.br\/portal\/wp-content\/uploads\/2024\/02\/WhatsApp-Image-2024-02-02-at-14.49.53-2048x1536.jpeg 2048w\" sizes=\"(max-width: 548px) 100vw, 548px\" \/><\/p>\n<p><img loading=\"lazy\" decoding=\"async\" class=\" wp-image-920819 aligncenter\" src=\"http:\/\/www.pm.pb.gov.br\/portal\/wp-content\/uploads\/2024\/02\/WhatsApp-Image-2024-02-02-at-14.49.52-593x445.jpeg\" alt=\"\" width=\"524\" height=\"393\" srcset=\"https:\/\/www.pm.pb.gov.br\/portal\/wp-content\/uploads\/2024\/02\/WhatsApp-Image-2024-02-02-at-14.49.52-593x445.jpeg 593w, https:\/\/www.pm.pb.gov.br\/portal\/wp-content\/uploads\/2024\/02\/WhatsApp-Image-2024-02-02-at-14.49.52-760x570.jpeg 760w, https:\/\/www.pm.pb.gov.br\/portal\/wp-content\/uploads\/2024\/02\/WhatsApp-Image-2024-02-02-at-14.49.52-768x576.jpeg 768w, https:\/\/www.pm.pb.gov.br\/portal\/wp-content\/uploads\/2024\/02\/WhatsApp-Image-2024-02-02-at-14.49.52-1536x1152.jpeg 1536w, https:\/\/www.pm.pb.gov.br\/portal\/wp-content\/uploads\/2024\/02\/WhatsApp-Image-2024-02-02-at-14.49.52-2048x1536.jpeg 2048w\" sizes=\"(max-width: 524px) 100vw, 524px\" \/><\/p>\n<p>\u00a0<\/p>\n\n\n","protected":false},"excerpt":{"rendered":"<p>A Pol\u00edcia Militar, atrav\u00e9s da Coordenadoria de Integra\u00e7\u00e3o Comunit\u00e1ria e Direitos Humanos (EM\/1) e do 3\u00ba Batalh\u00e3o, em parceria com<\/p>\n","protected":false},"author":12,"featured_media":920815,"comment_status":"closed","ping_status":"closed","sticky":false,"template":"","format":"standard","meta":{"_exactmetrics_skip_tracking":false,"_exactmetrics_sitenote_active":false,"_exactmetrics_sitenote_note":"","_exactmetrics_sitenote_category":0,"footnotes":""},"categories":[14],"tags":[],"yoast_head":"<!-- This site is optimized with the Yoast SEO plugin v22.0 - https:\/\/yoast.com\/wordpress\/plugins\/seo\/ -->\n<title>A\u00c7\u00c3O SOCIAL: &quot;Na Pra\u00e7a com Seguran\u00e7a&quot; acontece no Sert\u00e3o - Pol\u00edcia Militar da Para\u00edba<\/title>\n<meta name=\"description\" content=\"O projeto tem como objetivo promover o bem-estar, a inclus\u00e3o e a seguran\u00e7a, criando um impacto social positivo ao aproximar a comunidade e fortalecer os v\u00ednculos.\" \/>\n<meta name=\"robots\" content=\"index, follow, max-snippet:-1, max-image-preview:large, max-video-preview:-1\" \/>\n<link rel=\"canonical\" href=\"https:\/\/www.pm.pb.gov.br\/portal\/2024\/02\/01\/acao-social-na-praca-com-seguranca-acontece-no-sertao\/\" \/>\n<meta property=\"og:locale\" content=\"pt_BR\" \/>\n<meta property=\"og:type\" content=\"article\" \/>\n<meta property=\"og:title\" content=\"A\u00c7\u00c3O SOCIAL: &quot;Na Pra\u00e7a com Seguran\u00e7a&quot; acontece no Sert\u00e3o - Pol\u00edcia Militar da Para\u00edba\" \/>\n<meta property=\"og:description\" content=\"O projeto tem como objetivo promover o bem-estar, a inclus\u00e3o e a seguran\u00e7a, criando um impacto social positivo ao aproximar a comunidade e fortalecer os v\u00ednculos.\" \/>\n<meta property=\"og:url\" content=\"https:\/\/www.pm.pb.gov.br\/portal\/2024\/02\/01\/acao-social-na-praca-com-seguranca-acontece-no-sertao\/\" \/>\n<meta property=\"og:site_name\" content=\"Pol\u00edcia Militar da Para\u00edba\" \/>\n<meta property=\"article:published_time\" content=\"2024-02-01T09:42:00+00:00\" \/>\n<meta property=\"article:modified_time\" content=\"2024-02-02T20:03:06+00:00\" \/>\n<meta property=\"og:image\" content=\"http:\/\/www.pm.pb.gov.br\/portal\/wp-content\/uploads\/2024\/02\/WhatsApp-Image-2024-02-02-at-14.49.33.jpeg\" \/>\n\t<meta property=\"og:image:width\" content=\"800\" \/>\n\t<meta property=\"og:image:height\" content=\"445\" \/>\n\t<meta property=\"og:image:type\" content=\"image\/jpeg\" \/>\n<meta name=\"author\" content=\"Tarcisio Oliveira\" \/>\n<meta name=\"twitter:card\" content=\"summary_large_image\" \/>\n<meta name=\"twitter:label1\" content=\"Escrito por\" \/>\n\t<meta name=\"twitter:data1\" content=\"Tarcisio Oliveira\" \/>\n\t<meta name=\"twitter:label2\" content=\"Est. tempo de leitura\" \/>\n\t<meta name=\"twitter:data2\" content=\"2 minutos\" \/>\n<script type=\"application\/ld+json\" class=\"yoast-schema-graph\">{\"@context\":\"https:\/\/schema.org\",\"@graph\":[{\"@type\":\"Article\",\"@id\":\"https:\/\/www.pm.pb.gov.br\/portal\/2024\/02\/01\/acao-social-na-praca-com-seguranca-acontece-no-sertao\/#article\",\"isPartOf\":{\"@id\":\"https:\/\/www.pm.pb.gov.br\/portal\/2024\/02\/01\/acao-social-na-praca-com-seguranca-acontece-no-sertao\/\"},\"author\":{\"name\":\"Tarcisio Oliveira\",\"@id\":\"https:\/\/www.pm.pb.gov.br\/portal\/#\/schema\/person\/f84f56dcc78ce4357054da888b8247fd\"},\"headline\":\"A\u00c7\u00c3O SOCIAL: &#8220;Na Pra\u00e7a com Seguran\u00e7a&#8221; acontece no Sert\u00e3o\",\"datePublished\":\"2024-02-01T09:42:00+00:00\",\"dateModified\":\"2024-02-02T20:03:06+00:00\",\"mainEntityOfPage\":{\"@id\":\"https:\/\/www.pm.pb.gov.br\/portal\/2024\/02\/01\/acao-social-na-praca-com-seguranca-acontece-no-sertao\/\"},\"wordCount\":170,\"publisher\":{\"@id\":\"https:\/\/www.pm.pb.gov.br\/portal\/#organization\"},\"articleSection\":[\"Preven\u00e7\u00e3o\"],\"inLanguage\":\"pt-BR\"},{\"@type\":\"WebPage\",\"@id\":\"https:\/\/www.pm.pb.gov.br\/portal\/2024\/02\/01\/acao-social-na-praca-com-seguranca-acontece-no-sertao\/\",\"url\":\"https:\/\/www.pm.pb.gov.br\/portal\/2024\/02\/01\/acao-social-na-praca-com-seguranca-acontece-no-sertao\/\",\"name\":\"A\u00c7\u00c3O SOCIAL: \\\"Na Pra\u00e7a com Seguran\u00e7a\\\" acontece no Sert\u00e3o - Pol\u00edcia Militar da Para\u00edba\",\"isPartOf\":{\"@id\":\"https:\/\/www.pm.pb.gov.br\/portal\/#website\"},\"datePublished\":\"2024-02-01T09:42:00+00:00\",\"dateModified\":\"2024-02-02T20:03:06+00:00\",\"description\":\"O projeto tem como objetivo promover o bem-estar, a inclus\u00e3o e a seguran\u00e7a, criando um impacto social positivo ao aproximar a comunidade e fortalecer os v\u00ednculos.\",\"breadcrumb\":{\"@id\":\"https:\/\/www.pm.pb.gov.br\/portal\/2024\/02\/01\/acao-social-na-praca-com-seguranca-acontece-no-sertao\/#breadcrumb\"},\"inLanguage\":\"pt-BR\",\"potentialAction\":[{\"@type\":\"ReadAction\",\"target\":[\"https:\/\/www.pm.pb.gov.br\/portal\/2024\/02\/01\/acao-social-na-praca-com-seguranca-acontece-no-sertao\/\"]}]},{\"@type\":\"BreadcrumbList\",\"@id\":\"https:\/\/www.pm.pb.gov.br\/portal\/2024\/02\/01\/acao-social-na-praca-com-seguranca-acontece-no-sertao\/#breadcrumb\",\"itemListElement\":[{\"@type\":\"ListItem\",\"position\":1,\"name\":\"In\u00edcio\",\"item\":\"https:\/\/www.pm.pb.gov.br\/portal\/\"},{\"@type\":\"ListItem\",\"position\":2,\"name\":\"A\u00c7\u00c3O SOCIAL: &#8220;Na Pra\u00e7a com Seguran\u00e7a&#8221; acontece no Sert\u00e3o\"}]},{\"@type\":\"WebSite\",\"@id\":\"https:\/\/www.pm.pb.gov.br\/portal\/#website\",\"url\":\"https:\/\/www.pm.pb.gov.br\/portal\/\",\"name\":\"Pol\u00edcia Militar da Para\u00edba\",\"description\":\"\",\"publisher\":{\"@id\":\"https:\/\/www.pm.pb.gov.br\/portal\/#organization\"},\"potentialAction\":[{\"@type\":\"SearchAction\",\"target\":{\"@type\":\"EntryPoint\",\"urlTemplate\":\"https:\/\/www.pm.pb.gov.br\/portal\/?s={search_term_string}\"},\"query-input\":\"required name=search_term_string\"}],\"inLanguage\":\"pt-BR\"},{\"@type\":\"Organization\",\"@id\":\"https:\/\/www.pm.pb.gov.br\/portal\/#organization\",\"name\":\"Pol\u00edcia Militar da Para\u00edba\",\"url\":\"https:\/\/www.pm.pb.gov.br\/portal\/\",\"logo\":{\"@type\":\"ImageObject\",\"inLanguage\":\"pt-BR\",\"@id\":\"https:\/\/www.pm.pb.gov.br\/portal\/#\/schema\/logo\/image\/\",\"url\":\"https:\/\/www.pm.pb.gov.br\/portal\/wp-content\/uploads\/2025\/03\/cropped-logo-site-mag2-1.png\",\"contentUrl\":\"https:\/\/www.pm.pb.gov.br\/portal\/wp-content\/uploads\/2025\/03\/cropped-logo-site-mag2-1.png\",\"width\":320,\"height\":90,\"caption\":\"Pol\u00edcia Militar da Para\u00edba\"},\"image\":{\"@id\":\"https:\/\/www.pm.pb.gov.br\/portal\/#\/schema\/logo\/image\/\"}},{\"@type\":\"Person\",\"@id\":\"https:\/\/www.pm.pb.gov.br\/portal\/#\/schema\/person\/f84f56dcc78ce4357054da888b8247fd\",\"name\":\"Tarcisio Oliveira\",\"image\":{\"@type\":\"ImageObject\",\"inLanguage\":\"pt-BR\",\"@id\":\"https:\/\/www.pm.pb.gov.br\/portal\/#\/schema\/person\/image\/\",\"url\":\"https:\/\/secure.gravatar.com\/avatar\/72917b630b69d31cd0297507f34bac97?s=96&d=mm&r=g\",\"contentUrl\":\"https:\/\/secure.gravatar.com\/avatar\/72917b630b69d31cd0297507f34bac97?s=96&d=mm&r=g\",\"caption\":\"Tarcisio Oliveira\"},\"url\":\"https:\/\/www.pm.pb.gov.br\/portal\/author\/tarcisio\/\"}]}<\/script>\n<!-- \/ Yoast SEO plugin. -->","yoast_head_json":{"title":"A\u00c7\u00c3O SOCIAL: \"Na Pra\u00e7a com Seguran\u00e7a\" acontece no Sert\u00e3o - Pol\u00edcia Militar da Para\u00edba","description":"O projeto tem como objetivo promover o bem-estar, a inclus\u00e3o e a seguran\u00e7a, criando um impacto social positivo ao aproximar a comunidade e fortalecer os v\u00ednculos.","robots":{"index":"index","follow":"follow","max-snippet":"max-snippet:-1","max-image-preview":"max-image-preview:large","max-video-preview":"max-video-preview:-1"},"canonical":"https:\/\/www.pm.pb.gov.br\/portal\/2024\/02\/01\/acao-social-na-praca-com-seguranca-acontece-no-sertao\/","og_locale":"pt_BR","og_type":"article","og_title":"A\u00c7\u00c3O SOCIAL: \"Na Pra\u00e7a com Seguran\u00e7a\" acontece no Sert\u00e3o - Pol\u00edcia Militar da Para\u00edba","og_description":"O projeto tem como objetivo promover o bem-estar, a inclus\u00e3o e a seguran\u00e7a, criando um impacto social positivo ao aproximar a comunidade e fortalecer os v\u00ednculos.","og_url":"https:\/\/www.pm.pb.gov.br\/portal\/2024\/02\/01\/acao-social-na-praca-com-seguranca-acontece-no-sertao\/","og_site_name":"Pol\u00edcia Militar da Para\u00edba","article_published_time":"2024-02-01T09:42:00+00:00","article_modified_time":"2024-02-02T20:03:06+00:00","og_image":[{"width":800,"height":445,"url":"http:\/\/www.pm.pb.gov.br\/portal\/wp-content\/uploads\/2024\/02\/WhatsApp-Image-2024-02-02-at-14.49.33.jpeg","type":"image\/jpeg"}],"author":"Tarcisio Oliveira","twitter_card":"summary_large_image","twitter_misc":{"Escrito por":"Tarcisio Oliveira","Est. tempo de leitura":"2 minutos"},"schema":{"@context":"https:\/\/schema.org","@graph":[{"@type":"Article","@id":"https:\/\/www.pm.pb.gov.br\/portal\/2024\/02\/01\/acao-social-na-praca-com-seguranca-acontece-no-sertao\/#article","isPartOf":{"@id":"https:\/\/www.pm.pb.gov.br\/portal\/2024\/02\/01\/acao-social-na-praca-com-seguranca-acontece-no-sertao\/"},"author":{"name":"Tarcisio Oliveira","@id":"https:\/\/www.pm.pb.gov.br\/portal\/#\/schema\/person\/f84f56dcc78ce4357054da888b8247fd"},"headline":"A\u00c7\u00c3O SOCIAL: &#8220;Na Pra\u00e7a com Seguran\u00e7a&#8221; acontece no Sert\u00e3o","datePublished":"2024-02-01T09:42:00+00:00","dateModified":"2024-02-02T20:03:06+00:00","mainEntityOfPage":{"@id":"https:\/\/www.pm.pb.gov.br\/portal\/2024\/02\/01\/acao-social-na-praca-com-seguranca-acontece-no-sertao\/"},"wordCount":170,"publisher":{"@id":"https:\/\/www.pm.pb.gov.br\/portal\/#organization"},"articleSection":["Preven\u00e7\u00e3o"],"inLanguage":"pt-BR"},{"@type":"WebPage","@id":"https:\/\/www.pm.pb.gov.br\/portal\/2024\/02\/01\/acao-social-na-praca-com-seguranca-acontece-no-sertao\/","url":"https:\/\/www.pm.pb.gov.br\/portal\/2024\/02\/01\/acao-social-na-praca-com-seguranca-acontece-no-sertao\/","name":"A\u00c7\u00c3O SOCIAL: \"Na Pra\u00e7a com Seguran\u00e7a\" acontece no Sert\u00e3o - Pol\u00edcia Militar da Para\u00edba","isPartOf":{"@id":"https:\/\/www.pm.pb.gov.br\/portal\/#website"},"datePublished":"2024-02-01T09:42:00+00:00","dateModified":"2024-02-02T20:03:06+00:00","description":"O projeto tem como objetivo promover o bem-estar, a inclus\u00e3o e a seguran\u00e7a, criando um impacto social positivo ao aproximar a comunidade e fortalecer os v\u00ednculos.","breadcrumb":{"@id":"https:\/\/www.pm.pb.gov.br\/portal\/2024\/02\/01\/acao-social-na-praca-com-seguranca-acontece-no-sertao\/#breadcrumb"},"inLanguage":"pt-BR","potentialAction":[{"@type":"ReadAction","target":["https:\/\/www.pm.pb.gov.br\/portal\/2024\/02\/01\/acao-social-na-praca-com-seguranca-acontece-no-sertao\/"]}]},{"@type":"BreadcrumbList","@id":"https:\/\/www.pm.pb.gov.br\/portal\/2024\/02\/01\/acao-social-na-praca-com-seguranca-acontece-no-sertao\/#breadcrumb","itemListElement":[{"@type":"ListItem","position":1,"name":"In\u00edcio","item":"https:\/\/www.pm.pb.gov.br\/portal\/"},{"@type":"ListItem","position":2,"name":"A\u00c7\u00c3O SOCIAL: &#8220;Na Pra\u00e7a com Seguran\u00e7a&#8221; acontece no Sert\u00e3o"}]},{"@type":"WebSite","@id":"https:\/\/www.pm.pb.gov.br\/portal\/#website","url":"https:\/\/www.pm.pb.gov.br\/portal\/","name":"Pol\u00edcia Militar da Para\u00edba","description":"","publisher":{"@id":"https:\/\/www.pm.pb.gov.br\/portal\/#organization"},"potentialAction":[{"@type":"SearchAction","target":{"@type":"EntryPoint","urlTemplate":"https:\/\/www.pm.pb.gov.br\/portal\/?s={search_term_string}"},"query-input":"required name=search_term_string"}],"inLanguage":"pt-BR"},{"@type":"Organization","@id":"https:\/\/www.pm.pb.gov.br\/portal\/#organization","name":"Pol\u00edcia Militar da Para\u00edba","url":"https:\/\/www.pm.pb.gov.br\/portal\/","logo":{"@type":"ImageObject","inLanguage":"pt-BR","@id":"https:\/\/www.pm.pb.gov.br\/portal\/#\/schema\/logo\/image\/","url":"https:\/\/www.pm.pb.gov.br\/portal\/wp-content\/uploads\/2025\/03\/cropped-logo-site-mag2-1.png","contentUrl":"https:\/\/www.pm.pb.gov.br\/portal\/wp-content\/uploads\/2025\/03\/cropped-logo-site-mag2-1.png","width":320,"height":90,"caption":"Pol\u00edcia Militar da Para\u00edba"},"image":{"@id":"https:\/\/www.pm.pb.gov.br\/portal\/#\/schema\/logo\/image\/"}},{"@type":"Person","@id":"https:\/\/www.pm.pb.gov.br\/portal\/#\/schema\/person\/f84f56dcc78ce4357054da888b8247fd","name":"Tarcisio Oliveira","image":{"@type":"ImageObject","inLanguage":"pt-BR","@id":"https:\/\/www.pm.pb.gov.br\/portal\/#\/schema\/person\/image\/","url":"https:\/\/secure.gravatar.com\/avatar\/72917b630b69d31cd0297507f34bac97?s=96&d=mm&r=g","contentUrl":"https:\/\/secure.gravatar.com\/avatar\/72917b630b69d31cd0297507f34bac97?s=96&d=mm&r=g","caption":"Tarcisio Oliveira"},"url":"https:\/\/www.pm.pb.gov.br\/portal\/author\/tarcisio\/"}]}},"_links":{"self":[{"href":"https:\/\/www.pm.pb.gov.br\/portal\/wp-json\/wp\/v2\/posts\/920791"}],"collection":[{"href":"https:\/\/www.pm.pb.gov.br\/portal\/wp-json\/wp\/v2\/posts"}],"about":[{"href":"https:\/\/www.pm.pb.gov.br\/portal\/wp-json\/wp\/v2\/types\/post"}],"author":[{"embeddable":true,"href":"https:\/\/www.pm.pb.gov.br\/portal\/wp-json\/wp\/v2\/users\/12"}],"replies":[{"embeddable":true,"href":"https:\/\/www.pm.pb.gov.br\/portal\/wp-json\/wp\/v2\/comments?post=920791"}],"version-history":[{"count":2,"href":"https:\/\/www.pm.pb.gov.br\/portal\/wp-json\/wp\/v2\/posts\/920791\/revisions"}],"predecessor-version":[{"id":920820,"href":"https:\/\/www.pm.pb.gov.br\/portal\/wp-json\/wp\/v2\/posts\/920791\/revisions\/920820"}],"wp:featuredmedia":[{"embeddable":true,"href":"https:\/\/www.pm.pb.gov.br\/portal\/wp-json\/wp\/v2\/media\/920815"}],"wp:attachment":[{"href":"https:\/\/www.pm.pb.gov.br\/portal\/wp-json\/wp\/v2\/media?parent=920791"}],"wp:term":[{"taxonomy":"category","embeddable":true,"href":"https:\/\/www.pm.pb.gov.br\/portal\/wp-json\/wp\/v2\/categories?post=920791"},{"taxonomy":"post_tag","embeddable":true,"href":"https:\/\/www.pm.pb.gov.br\/portal\/wp-json\/wp\/v2\/tags?post=920791"}],"curies":[{"name":"wp","href":"https:\/\/api.w.org\/{rel}","templated":true}]}}