{"id":920786,"date":"2024-02-01T16:51:54","date_gmt":"2024-02-01T19:51:54","guid":{"rendered":"https:\/\/www.pm.pb.gov.br\/portal\/?p=920786"},"modified":"2024-02-01T16:52:28","modified_gmt":"2024-02-01T19:52:28","slug":"produtividade-janeiro-teve-quase-300-armas-de-fogo-apreendidas-pela-pm-media-de-nove-por-dia","status":"publish","type":"post","link":"https:\/\/www.pm.pb.gov.br\/portal\/2024\/02\/01\/produtividade-janeiro-teve-quase-300-armas-de-fogo-apreendidas-pela-pm-media-de-nove-por-dia\/","title":{"rendered":"PRODUTIVIDADE: Janeiro teve quase 300 armas de fogo apreendidas pela PM na Para\u00edba; m\u00e9dia de nove por dia"},"content":{"rendered":"\n<p>As a\u00e7\u00f5es da Pol\u00edcia Militar no m\u00eas de janeiro na Para\u00edba levaram a apreens\u00e3o de 295 armas de fogo e condu\u00e7\u00e3o de 1.327 pessoas para as delegacias como autores de crimes, atos infracionais, ocorr\u00eancias de menor potencial ofensivo, ou mesmo com mandados de pris\u00e3o em aberto. O dado foi divulgado nesta quinta-feira (01). Por dia, em m\u00e9dia, a PMPB apreendeu nove armas.<\/p>\n<p>\u00a0<\/p>\n<p>De acordo com relat\u00f3rio do Estado-Maior Estrat\u00e9gico da corpora\u00e7\u00e3o, que avaliou a produtividade nos primeiros 31 dias do ano, mais de 76 quilos de drogas foram retirados das ruas pela PM. As a\u00e7\u00f5es s\u00e3o resultado da intensifica\u00e7\u00e3o do policiamento em \u00e1reas estrat\u00e9gicas, preven\u00e7\u00e3o, opera\u00e7\u00f5es, atendimento de ocorr\u00eancias encaminhadas atrav\u00e9s dos Centros Integrados de Comando e Controle (CICC), e atua\u00e7\u00e3o do pr\u00f3prio comandante-geral da PM, o coronel S\u00e9rgio Fonseca, nas ruas (foto principal acima).<\/p>\n<figure id=\"attachment_920787\" aria-describedby=\"caption-attachment-920787\" style=\"width: 571px\" class=\"wp-caption aligncenter\"><img loading=\"lazy\" decoding=\"async\" class=\"wp-image-920787 size-medium\" src=\"http:\/\/www.pm.pb.gov.br\/portal\/wp-content\/uploads\/2024\/02\/mandacaru-571x445.jpeg\" alt=\"\" width=\"571\" height=\"445\" srcset=\"https:\/\/www.pm.pb.gov.br\/portal\/wp-content\/uploads\/2024\/02\/mandacaru-571x445.jpeg 571w, https:\/\/www.pm.pb.gov.br\/portal\/wp-content\/uploads\/2024\/02\/mandacaru-732x570.jpeg 732w, https:\/\/www.pm.pb.gov.br\/portal\/wp-content\/uploads\/2024\/02\/mandacaru-768x598.jpeg 768w, https:\/\/www.pm.pb.gov.br\/portal\/wp-content\/uploads\/2024\/02\/mandacaru.jpeg 960w\" sizes=\"(max-width: 571px) 100vw, 571px\" \/><figcaption id=\"caption-attachment-920787\" class=\"wp-caption-text\">Armas e vasta quantidade de muni\u00e7\u00f5es apreendidas em Mandacaru, na Capital.<\/figcaption><\/figure>\n<p>Entre os presos, 109 tinham mandados expedidos pela Justi\u00e7a por diversos delitos como roubo, tr\u00e1fico de drogas, homic\u00eddio, furto, viol\u00eancia dom\u00e9stica, porte e posse ilegal de arma de fogo, amea\u00e7a, entre outros. 68 adolescentes que cometeram atos infracionais tamb\u00e9m foram apreendidos no per\u00edodo.<\/p>\n<p>O n\u00famero de carros e motocicletas que haviam sido roubados ou furtados, chega a 210 recuperados. As fiscaliza\u00e7\u00f5es nas ruas tamb\u00e9m levaram \u00e0 abordagem de 34.342 ve\u00edculos em 2.576 check points. Transportes coletivos e caminh\u00f5es tamb\u00e9m foram abordados. Como resultado, 2.484 ve\u00edculos foram autuados e outros 807 removidos devido a irregularidades e infra\u00e7\u00f5es ao C\u00f3digo de Tr\u00e2nsito Brasileiro.<\/p>\n<figure id=\"attachment_920597\" aria-describedby=\"caption-attachment-920597\" style=\"width: 593px\" class=\"wp-caption aligncenter\"><img loading=\"lazy\" decoding=\"async\" class=\"wp-image-920597 size-medium\" src=\"http:\/\/www.pm.pb.gov.br\/portal\/wp-content\/uploads\/2024\/01\/WhatsApp-Image-2024-01-24-at-10.16.46-PM-593x445.jpeg\" alt=\"\" width=\"593\" height=\"445\" srcset=\"https:\/\/www.pm.pb.gov.br\/portal\/wp-content\/uploads\/2024\/01\/WhatsApp-Image-2024-01-24-at-10.16.46-PM-593x445.jpeg 593w, https:\/\/www.pm.pb.gov.br\/portal\/wp-content\/uploads\/2024\/01\/WhatsApp-Image-2024-01-24-at-10.16.46-PM-760x570.jpeg 760w, https:\/\/www.pm.pb.gov.br\/portal\/wp-content\/uploads\/2024\/01\/WhatsApp-Image-2024-01-24-at-10.16.46-PM-768x576.jpeg 768w, https:\/\/www.pm.pb.gov.br\/portal\/wp-content\/uploads\/2024\/01\/WhatsApp-Image-2024-01-24-at-10.16.46-PM.jpeg 1280w\" sizes=\"(max-width: 593px) 100vw, 593px\" \/><figcaption id=\"caption-attachment-920597\" class=\"wp-caption-text\">Tabletes de drogas apreendidas na zona sul de Jo\u00e3o Pessooa<\/figcaption><\/figure>\n<p><strong>Em 24 horas &#8211;<\/strong> Os dados apresentados trazem uma m\u00e9dia, por dia, de nove armas de fogo e dois quilos de drogas apreendidas; 42 pessoas conduzidas para as delegacias, sendo tr\u00eas com mandados de pris\u00e3o e dois menores; seis ve\u00edculos recuperados.<\/p>\n<figure id=\"attachment_920788\" aria-describedby=\"caption-attachment-920788\" style=\"width: 714px\" class=\"wp-caption aligncenter\"><img loading=\"lazy\" decoding=\"async\" class=\"wp-image-920788\" src=\"http:\/\/www.pm.pb.gov.br\/portal\/wp-content\/uploads\/2024\/02\/ilustrativa5.jpeg\" alt=\"\" width=\"714\" height=\"397\" srcset=\"https:\/\/www.pm.pb.gov.br\/portal\/wp-content\/uploads\/2024\/02\/ilustrativa5.jpeg 800w, https:\/\/www.pm.pb.gov.br\/portal\/wp-content\/uploads\/2024\/02\/ilustrativa5-245x136.jpeg 245w, https:\/\/www.pm.pb.gov.br\/portal\/wp-content\/uploads\/2024\/02\/ilustrativa5-768x427.jpeg 768w\" sizes=\"(max-width: 714px) 100vw, 714px\" \/><figcaption id=\"caption-attachment-920788\" class=\"wp-caption-text\">Check Points e barreiras policiais resultaram em captura de foragidos e apenados que descumpriam medidas cautelares.<\/figcaption><\/figure>\n<p><strong>Fevereiro &#8211;<\/strong> Com a chegada do segundo m\u00eas do ano, novas a\u00e7\u00f5es ostensivas e preventivas devem acontecer, principalmente com as Opera\u00e7\u00f5es Pr\u00e9-Carnaval e Carnaval. Nesta quinta-feira (01), 28 apenados que descumpriam medidas cautelares foram novamente presos e encaminhados para os pres\u00eddios na grande Jo\u00e3o Pessoa (foto abaixo).<\/p>\n<p><img loading=\"lazy\" decoding=\"async\" class=\" wp-image-920772 aligncenter\" src=\"http:\/\/www.pm.pb.gov.br\/portal\/wp-content\/uploads\/2024\/02\/WhatsApp-Image-2024-02-01-at-06.11.59.jpeg\" alt=\"\" width=\"645\" height=\"359\" srcset=\"https:\/\/www.pm.pb.gov.br\/portal\/wp-content\/uploads\/2024\/02\/WhatsApp-Image-2024-02-01-at-06.11.59.jpeg 800w, https:\/\/www.pm.pb.gov.br\/portal\/wp-content\/uploads\/2024\/02\/WhatsApp-Image-2024-02-01-at-06.11.59-245x136.jpeg 245w, https:\/\/www.pm.pb.gov.br\/portal\/wp-content\/uploads\/2024\/02\/WhatsApp-Image-2024-02-01-at-06.11.59-768x427.jpeg 768w\" sizes=\"(max-width: 645px) 100vw, 645px\" \/><\/p>\n\n\n","protected":false},"excerpt":{"rendered":"<p>As a\u00e7\u00f5es da Pol\u00edcia Militar no m\u00eas de janeiro na Para\u00edba levaram a apreens\u00e3o de 295 armas de fogo e<\/p>\n","protected":false},"author":12,"featured_media":919957,"comment_status":"closed","ping_status":"closed","sticky":false,"template":"","format":"standard","meta":{"_exactmetrics_skip_tracking":false,"_exactmetrics_sitenote_active":false,"_exactmetrics_sitenote_note":"","_exactmetrics_sitenote_category":0,"footnotes":""},"categories":[4],"tags":[],"yoast_head":"<!-- This site is optimized with the Yoast SEO plugin v22.0 - https:\/\/yoast.com\/wordpress\/plugins\/seo\/ -->\n<title>PRODUTIVIDADE: Janeiro teve quase 300 armas de fogo apreendidas pela PM na Para\u00edba; m\u00e9dia de nove por dia - Pol\u00edcia Militar da Para\u00edba<\/title>\n<meta name=\"description\" content=\"Com a chegada do segundo m\u00eas do ano, novas a\u00e7\u00f5es ostensivas e preventivas devem acontecer, principalmente com as Opera\u00e7\u00f5es Pr\u00e9-Carnaval e Carnaval.\" \/>\n<meta name=\"robots\" content=\"index, follow, max-snippet:-1, max-image-preview:large, max-video-preview:-1\" \/>\n<link rel=\"canonical\" href=\"https:\/\/www.pm.pb.gov.br\/portal\/2024\/02\/01\/produtividade-janeiro-teve-quase-300-armas-de-fogo-apreendidas-pela-pm-media-de-nove-por-dia\/\" \/>\n<meta property=\"og:locale\" content=\"pt_BR\" \/>\n<meta property=\"og:type\" content=\"article\" \/>\n<meta property=\"og:title\" content=\"PRODUTIVIDADE: Janeiro teve quase 300 armas de fogo apreendidas pela PM na Para\u00edba; m\u00e9dia de nove por dia - Pol\u00edcia Militar da Para\u00edba\" \/>\n<meta property=\"og:description\" content=\"Com a chegada do segundo m\u00eas do ano, novas a\u00e7\u00f5es ostensivas e preventivas devem acontecer, principalmente com as Opera\u00e7\u00f5es Pr\u00e9-Carnaval e Carnaval.\" \/>\n<meta property=\"og:url\" content=\"https:\/\/www.pm.pb.gov.br\/portal\/2024\/02\/01\/produtividade-janeiro-teve-quase-300-armas-de-fogo-apreendidas-pela-pm-media-de-nove-por-dia\/\" \/>\n<meta property=\"og:site_name\" content=\"Pol\u00edcia Militar da Para\u00edba\" \/>\n<meta property=\"article:published_time\" content=\"2024-02-01T19:51:54+00:00\" \/>\n<meta property=\"article:modified_time\" content=\"2024-02-01T19:52:28+00:00\" \/>\n<meta property=\"og:image\" content=\"http:\/\/www.pm.pb.gov.br\/portal\/wp-content\/uploads\/2024\/01\/capa.jpeg\" \/>\n\t<meta property=\"og:image:width\" content=\"800\" \/>\n\t<meta property=\"og:image:height\" content=\"445\" \/>\n\t<meta property=\"og:image:type\" content=\"image\/jpeg\" \/>\n<meta name=\"author\" content=\"Tarcisio Oliveira\" \/>\n<meta name=\"twitter:card\" content=\"summary_large_image\" \/>\n<meta name=\"twitter:label1\" content=\"Escrito por\" \/>\n\t<meta name=\"twitter:data1\" content=\"Tarcisio Oliveira\" \/>\n\t<meta name=\"twitter:label2\" content=\"Est. tempo de leitura\" \/>\n\t<meta name=\"twitter:data2\" content=\"4 minutos\" \/>\n<script type=\"application\/ld+json\" class=\"yoast-schema-graph\">{\"@context\":\"https:\/\/schema.org\",\"@graph\":[{\"@type\":\"Article\",\"@id\":\"https:\/\/www.pm.pb.gov.br\/portal\/2024\/02\/01\/produtividade-janeiro-teve-quase-300-armas-de-fogo-apreendidas-pela-pm-media-de-nove-por-dia\/#article\",\"isPartOf\":{\"@id\":\"https:\/\/www.pm.pb.gov.br\/portal\/2024\/02\/01\/produtividade-janeiro-teve-quase-300-armas-de-fogo-apreendidas-pela-pm-media-de-nove-por-dia\/\"},\"author\":{\"name\":\"Tarcisio Oliveira\",\"@id\":\"https:\/\/www.pm.pb.gov.br\/portal\/#\/schema\/person\/f84f56dcc78ce4357054da888b8247fd\"},\"headline\":\"PRODUTIVIDADE: Janeiro teve quase 300 armas de fogo apreendidas pela PM na Para\u00edba; m\u00e9dia de nove por dia\",\"datePublished\":\"2024-02-01T19:51:54+00:00\",\"dateModified\":\"2024-02-01T19:52:28+00:00\",\"mainEntityOfPage\":{\"@id\":\"https:\/\/www.pm.pb.gov.br\/portal\/2024\/02\/01\/produtividade-janeiro-teve-quase-300-armas-de-fogo-apreendidas-pela-pm-media-de-nove-por-dia\/\"},\"wordCount\":437,\"publisher\":{\"@id\":\"https:\/\/www.pm.pb.gov.br\/portal\/#organization\"},\"articleSection\":[\"A\u00e7\u00f5es Policiais\"],\"inLanguage\":\"pt-BR\"},{\"@type\":\"WebPage\",\"@id\":\"https:\/\/www.pm.pb.gov.br\/portal\/2024\/02\/01\/produtividade-janeiro-teve-quase-300-armas-de-fogo-apreendidas-pela-pm-media-de-nove-por-dia\/\",\"url\":\"https:\/\/www.pm.pb.gov.br\/portal\/2024\/02\/01\/produtividade-janeiro-teve-quase-300-armas-de-fogo-apreendidas-pela-pm-media-de-nove-por-dia\/\",\"name\":\"PRODUTIVIDADE: Janeiro teve quase 300 armas de fogo apreendidas pela PM na Para\u00edba; m\u00e9dia de nove por dia - Pol\u00edcia Militar da Para\u00edba\",\"isPartOf\":{\"@id\":\"https:\/\/www.pm.pb.gov.br\/portal\/#website\"},\"datePublished\":\"2024-02-01T19:51:54+00:00\",\"dateModified\":\"2024-02-01T19:52:28+00:00\",\"description\":\"Com a chegada do segundo m\u00eas do ano, novas a\u00e7\u00f5es ostensivas e preventivas devem acontecer, principalmente com as Opera\u00e7\u00f5es Pr\u00e9-Carnaval e Carnaval.\",\"breadcrumb\":{\"@id\":\"https:\/\/www.pm.pb.gov.br\/portal\/2024\/02\/01\/produtividade-janeiro-teve-quase-300-armas-de-fogo-apreendidas-pela-pm-media-de-nove-por-dia\/#breadcrumb\"},\"inLanguage\":\"pt-BR\",\"potentialAction\":[{\"@type\":\"ReadAction\",\"target\":[\"https:\/\/www.pm.pb.gov.br\/portal\/2024\/02\/01\/produtividade-janeiro-teve-quase-300-armas-de-fogo-apreendidas-pela-pm-media-de-nove-por-dia\/\"]}]},{\"@type\":\"BreadcrumbList\",\"@id\":\"https:\/\/www.pm.pb.gov.br\/portal\/2024\/02\/01\/produtividade-janeiro-teve-quase-300-armas-de-fogo-apreendidas-pela-pm-media-de-nove-por-dia\/#breadcrumb\",\"itemListElement\":[{\"@type\":\"ListItem\",\"position\":1,\"name\":\"In\u00edcio\",\"item\":\"https:\/\/www.pm.pb.gov.br\/portal\/\"},{\"@type\":\"ListItem\",\"position\":2,\"name\":\"PRODUTIVIDADE: Janeiro teve quase 300 armas de fogo apreendidas pela PM na Para\u00edba; m\u00e9dia de nove por dia\"}]},{\"@type\":\"WebSite\",\"@id\":\"https:\/\/www.pm.pb.gov.br\/portal\/#website\",\"url\":\"https:\/\/www.pm.pb.gov.br\/portal\/\",\"name\":\"Pol\u00edcia Militar da Para\u00edba\",\"description\":\"\",\"publisher\":{\"@id\":\"https:\/\/www.pm.pb.gov.br\/portal\/#organization\"},\"potentialAction\":[{\"@type\":\"SearchAction\",\"target\":{\"@type\":\"EntryPoint\",\"urlTemplate\":\"https:\/\/www.pm.pb.gov.br\/portal\/?s={search_term_string}\"},\"query-input\":\"required name=search_term_string\"}],\"inLanguage\":\"pt-BR\"},{\"@type\":\"Organization\",\"@id\":\"https:\/\/www.pm.pb.gov.br\/portal\/#organization\",\"name\":\"Pol\u00edcia Militar da Para\u00edba\",\"url\":\"https:\/\/www.pm.pb.gov.br\/portal\/\",\"logo\":{\"@type\":\"ImageObject\",\"inLanguage\":\"pt-BR\",\"@id\":\"https:\/\/www.pm.pb.gov.br\/portal\/#\/schema\/logo\/image\/\",\"url\":\"https:\/\/www.pm.pb.gov.br\/portal\/wp-content\/uploads\/2025\/03\/cropped-logo-site-mag2-1.png\",\"contentUrl\":\"https:\/\/www.pm.pb.gov.br\/portal\/wp-content\/uploads\/2025\/03\/cropped-logo-site-mag2-1.png\",\"width\":320,\"height\":90,\"caption\":\"Pol\u00edcia Militar da Para\u00edba\"},\"image\":{\"@id\":\"https:\/\/www.pm.pb.gov.br\/portal\/#\/schema\/logo\/image\/\"}},{\"@type\":\"Person\",\"@id\":\"https:\/\/www.pm.pb.gov.br\/portal\/#\/schema\/person\/f84f56dcc78ce4357054da888b8247fd\",\"name\":\"Tarcisio Oliveira\",\"image\":{\"@type\":\"ImageObject\",\"inLanguage\":\"pt-BR\",\"@id\":\"https:\/\/www.pm.pb.gov.br\/portal\/#\/schema\/person\/image\/\",\"url\":\"https:\/\/secure.gravatar.com\/avatar\/72917b630b69d31cd0297507f34bac97?s=96&d=mm&r=g\",\"contentUrl\":\"https:\/\/secure.gravatar.com\/avatar\/72917b630b69d31cd0297507f34bac97?s=96&d=mm&r=g\",\"caption\":\"Tarcisio Oliveira\"},\"url\":\"https:\/\/www.pm.pb.gov.br\/portal\/author\/tarcisio\/\"}]}<\/script>\n<!-- \/ Yoast SEO plugin. -->","yoast_head_json":{"title":"PRODUTIVIDADE: Janeiro teve quase 300 armas de fogo apreendidas pela PM na Para\u00edba; m\u00e9dia de nove por dia - Pol\u00edcia Militar da Para\u00edba","description":"Com a chegada do segundo m\u00eas do ano, novas a\u00e7\u00f5es ostensivas e preventivas devem acontecer, principalmente com as Opera\u00e7\u00f5es Pr\u00e9-Carnaval e Carnaval.","robots":{"index":"index","follow":"follow","max-snippet":"max-snippet:-1","max-image-preview":"max-image-preview:large","max-video-preview":"max-video-preview:-1"},"canonical":"https:\/\/www.pm.pb.gov.br\/portal\/2024\/02\/01\/produtividade-janeiro-teve-quase-300-armas-de-fogo-apreendidas-pela-pm-media-de-nove-por-dia\/","og_locale":"pt_BR","og_type":"article","og_title":"PRODUTIVIDADE: Janeiro teve quase 300 armas de fogo apreendidas pela PM na Para\u00edba; m\u00e9dia de nove por dia - Pol\u00edcia Militar da Para\u00edba","og_description":"Com a chegada do segundo m\u00eas do ano, novas a\u00e7\u00f5es ostensivas e preventivas devem acontecer, principalmente com as Opera\u00e7\u00f5es Pr\u00e9-Carnaval e Carnaval.","og_url":"https:\/\/www.pm.pb.gov.br\/portal\/2024\/02\/01\/produtividade-janeiro-teve-quase-300-armas-de-fogo-apreendidas-pela-pm-media-de-nove-por-dia\/","og_site_name":"Pol\u00edcia Militar da Para\u00edba","article_published_time":"2024-02-01T19:51:54+00:00","article_modified_time":"2024-02-01T19:52:28+00:00","og_image":[{"width":800,"height":445,"url":"http:\/\/www.pm.pb.gov.br\/portal\/wp-content\/uploads\/2024\/01\/capa.jpeg","type":"image\/jpeg"}],"author":"Tarcisio Oliveira","twitter_card":"summary_large_image","twitter_misc":{"Escrito por":"Tarcisio Oliveira","Est. tempo de leitura":"4 minutos"},"schema":{"@context":"https:\/\/schema.org","@graph":[{"@type":"Article","@id":"https:\/\/www.pm.pb.gov.br\/portal\/2024\/02\/01\/produtividade-janeiro-teve-quase-300-armas-de-fogo-apreendidas-pela-pm-media-de-nove-por-dia\/#article","isPartOf":{"@id":"https:\/\/www.pm.pb.gov.br\/portal\/2024\/02\/01\/produtividade-janeiro-teve-quase-300-armas-de-fogo-apreendidas-pela-pm-media-de-nove-por-dia\/"},"author":{"name":"Tarcisio Oliveira","@id":"https:\/\/www.pm.pb.gov.br\/portal\/#\/schema\/person\/f84f56dcc78ce4357054da888b8247fd"},"headline":"PRODUTIVIDADE: Janeiro teve quase 300 armas de fogo apreendidas pela PM na Para\u00edba; m\u00e9dia de nove por dia","datePublished":"2024-02-01T19:51:54+00:00","dateModified":"2024-02-01T19:52:28+00:00","mainEntityOfPage":{"@id":"https:\/\/www.pm.pb.gov.br\/portal\/2024\/02\/01\/produtividade-janeiro-teve-quase-300-armas-de-fogo-apreendidas-pela-pm-media-de-nove-por-dia\/"},"wordCount":437,"publisher":{"@id":"https:\/\/www.pm.pb.gov.br\/portal\/#organization"},"articleSection":["A\u00e7\u00f5es Policiais"],"inLanguage":"pt-BR"},{"@type":"WebPage","@id":"https:\/\/www.pm.pb.gov.br\/portal\/2024\/02\/01\/produtividade-janeiro-teve-quase-300-armas-de-fogo-apreendidas-pela-pm-media-de-nove-por-dia\/","url":"https:\/\/www.pm.pb.gov.br\/portal\/2024\/02\/01\/produtividade-janeiro-teve-quase-300-armas-de-fogo-apreendidas-pela-pm-media-de-nove-por-dia\/","name":"PRODUTIVIDADE: Janeiro teve quase 300 armas de fogo apreendidas pela PM na Para\u00edba; m\u00e9dia de nove por dia - Pol\u00edcia Militar da Para\u00edba","isPartOf":{"@id":"https:\/\/www.pm.pb.gov.br\/portal\/#website"},"datePublished":"2024-02-01T19:51:54+00:00","dateModified":"2024-02-01T19:52:28+00:00","description":"Com a chegada do segundo m\u00eas do ano, novas a\u00e7\u00f5es ostensivas e preventivas devem acontecer, principalmente com as Opera\u00e7\u00f5es Pr\u00e9-Carnaval e Carnaval.","breadcrumb":{"@id":"https:\/\/www.pm.pb.gov.br\/portal\/2024\/02\/01\/produtividade-janeiro-teve-quase-300-armas-de-fogo-apreendidas-pela-pm-media-de-nove-por-dia\/#breadcrumb"},"inLanguage":"pt-BR","potentialAction":[{"@type":"ReadAction","target":["https:\/\/www.pm.pb.gov.br\/portal\/2024\/02\/01\/produtividade-janeiro-teve-quase-300-armas-de-fogo-apreendidas-pela-pm-media-de-nove-por-dia\/"]}]},{"@type":"BreadcrumbList","@id":"https:\/\/www.pm.pb.gov.br\/portal\/2024\/02\/01\/produtividade-janeiro-teve-quase-300-armas-de-fogo-apreendidas-pela-pm-media-de-nove-por-dia\/#breadcrumb","itemListElement":[{"@type":"ListItem","position":1,"name":"In\u00edcio","item":"https:\/\/www.pm.pb.gov.br\/portal\/"},{"@type":"ListItem","position":2,"name":"PRODUTIVIDADE: Janeiro teve quase 300 armas de fogo apreendidas pela PM na Para\u00edba; m\u00e9dia de nove por dia"}]},{"@type":"WebSite","@id":"https:\/\/www.pm.pb.gov.br\/portal\/#website","url":"https:\/\/www.pm.pb.gov.br\/portal\/","name":"Pol\u00edcia Militar da Para\u00edba","description":"","publisher":{"@id":"https:\/\/www.pm.pb.gov.br\/portal\/#organization"},"potentialAction":[{"@type":"SearchAction","target":{"@type":"EntryPoint","urlTemplate":"https:\/\/www.pm.pb.gov.br\/portal\/?s={search_term_string}"},"query-input":"required name=search_term_string"}],"inLanguage":"pt-BR"},{"@type":"Organization","@id":"https:\/\/www.pm.pb.gov.br\/portal\/#organization","name":"Pol\u00edcia Militar da Para\u00edba","url":"https:\/\/www.pm.pb.gov.br\/portal\/","logo":{"@type":"ImageObject","inLanguage":"pt-BR","@id":"https:\/\/www.pm.pb.gov.br\/portal\/#\/schema\/logo\/image\/","url":"https:\/\/www.pm.pb.gov.br\/portal\/wp-content\/uploads\/2025\/03\/cropped-logo-site-mag2-1.png","contentUrl":"https:\/\/www.pm.pb.gov.br\/portal\/wp-content\/uploads\/2025\/03\/cropped-logo-site-mag2-1.png","width":320,"height":90,"caption":"Pol\u00edcia Militar da Para\u00edba"},"image":{"@id":"https:\/\/www.pm.pb.gov.br\/portal\/#\/schema\/logo\/image\/"}},{"@type":"Person","@id":"https:\/\/www.pm.pb.gov.br\/portal\/#\/schema\/person\/f84f56dcc78ce4357054da888b8247fd","name":"Tarcisio Oliveira","image":{"@type":"ImageObject","inLanguage":"pt-BR","@id":"https:\/\/www.pm.pb.gov.br\/portal\/#\/schema\/person\/image\/","url":"https:\/\/secure.gravatar.com\/avatar\/72917b630b69d31cd0297507f34bac97?s=96&d=mm&r=g","contentUrl":"https:\/\/secure.gravatar.com\/avatar\/72917b630b69d31cd0297507f34bac97?s=96&d=mm&r=g","caption":"Tarcisio Oliveira"},"url":"https:\/\/www.pm.pb.gov.br\/portal\/author\/tarcisio\/"}]}},"_links":{"self":[{"href":"https:\/\/www.pm.pb.gov.br\/portal\/wp-json\/wp\/v2\/posts\/920786"}],"collection":[{"href":"https:\/\/www.pm.pb.gov.br\/portal\/wp-json\/wp\/v2\/posts"}],"about":[{"href":"https:\/\/www.pm.pb.gov.br\/portal\/wp-json\/wp\/v2\/types\/post"}],"author":[{"embeddable":true,"href":"https:\/\/www.pm.pb.gov.br\/portal\/wp-json\/wp\/v2\/users\/12"}],"replies":[{"embeddable":true,"href":"https:\/\/www.pm.pb.gov.br\/portal\/wp-json\/wp\/v2\/comments?post=920786"}],"version-history":[{"count":2,"href":"https:\/\/www.pm.pb.gov.br\/portal\/wp-json\/wp\/v2\/posts\/920786\/revisions"}],"predecessor-version":[{"id":920790,"href":"https:\/\/www.pm.pb.gov.br\/portal\/wp-json\/wp\/v2\/posts\/920786\/revisions\/920790"}],"wp:featuredmedia":[{"embeddable":true,"href":"https:\/\/www.pm.pb.gov.br\/portal\/wp-json\/wp\/v2\/media\/919957"}],"wp:attachment":[{"href":"https:\/\/www.pm.pb.gov.br\/portal\/wp-json\/wp\/v2\/media?parent=920786"}],"wp:term":[{"taxonomy":"category","embeddable":true,"href":"https:\/\/www.pm.pb.gov.br\/portal\/wp-json\/wp\/v2\/categories?post=920786"},{"taxonomy":"post_tag","embeddable":true,"href":"https:\/\/www.pm.pb.gov.br\/portal\/wp-json\/wp\/v2\/tags?post=920786"}],"curies":[{"name":"wp","href":"https:\/\/api.w.org\/{rel}","templated":true}]}}