{"id":920784,"date":"2024-02-01T16:00:05","date_gmt":"2024-02-01T19:00:05","guid":{"rendered":"https:\/\/www.pm.pb.gov.br\/portal\/?p=920784"},"modified":"2024-02-01T16:00:08","modified_gmt":"2024-02-01T19:00:08","slug":"seguranca-vai-fiscalizar-uso-de-drones-nas-previas-de-joao-pessoa-e-em-eventos-de-grande-publico-durante-carnaval-na-paraiba","status":"publish","type":"post","link":"https:\/\/www.pm.pb.gov.br\/portal\/2024\/02\/01\/seguranca-vai-fiscalizar-uso-de-drones-nas-previas-de-joao-pessoa-e-em-eventos-de-grande-publico-durante-carnaval-na-paraiba\/","title":{"rendered":"Seguran\u00e7a vai fiscalizar uso de drones nas pr\u00e9vias de Jo\u00e3o Pessoa e em eventos de grande p\u00fablico durante Carnaval na Para\u00edba"},"content":{"rendered":"\n<p>O uso de drones e outras aeronaves tripuladas e n\u00e3o tripuladas ser\u00e1 limitado durante as pr\u00e9vias carnavalescas de Jo\u00e3o Pessoa e Carnaval 2024 na Para\u00edba. A medida da Secretaria da Seguran\u00e7a e da Defesa Social (Sesds) abrange todo o territ\u00f3rio paraibano e tem como objetivo proteger o espa\u00e7o a\u00e9reo, evitando acidentes em locais de festa e grande p\u00fablico e garantindo a seguran\u00e7a aeron\u00e1utica e dos foli\u00f5es. A fiscaliza\u00e7\u00e3o ser\u00e1 iniciada nesta quarta-feira (1), quando come\u00e7a o Folia de Rua na capital.<br \/><br \/>Aeronaves que n\u00e3o estejam devidamente cadastradas n\u00e3o poder\u00e3o acessar o espa\u00e7o a\u00e9reo nos locais de festividades de forma regular, podendo o uso fora do estabelecido nas normas configurar infra\u00e7\u00e3o administrativa e at\u00e9 mesmo crime devidamente tipificado no C\u00f3digo Penal. Os respons\u00e1veis ser\u00e3o conduzidos \u00e0 Delegacia de Pol\u00edcia Civil, para realiza\u00e7\u00e3o de procedimento policial, al\u00e9m de outras medidas previstas nos \u00f3rg\u00e3os reguladores.\u00a0<br \/><br \/>O tenente-coronel Carlos Nascimento, comandante do Grupamento T\u00e1tico A\u00e9reo (GTA) da Sesds, explicou que a segrega\u00e7\u00e3o do espa\u00e7o \u00e9 de extrema import\u00e2ncia, como j\u00e1 acontece em outros festejos, a exemplo do Carnaval de Recife (PE) e Salvador (BA). \u201cTemos que manter seguro o trabalho dos profissionais de seguran\u00e7a p\u00fablica que atuam nas aeronaves, bem como do cidad\u00e3o que busca se divertir\u201d, frisou.\u00a0\u00a0\u00a0\u00a0\u00a0<br \/><br \/>Segundo o capit\u00e3o Adilson Morais, subcomandante do Comandante de Opera\u00e7\u00f5es A\u00e9reas (COA) da Pol\u00edcia Militar e um dos respons\u00e1veis pelo emprego de drones nas atividades de policiamento, a medida da Sesds visa prevenir a pr\u00e1tica de delitos com o uso de drones a partir de seus pilotos remotos, os quais devem seguir regras estabelecidas pelos \u00f3rg\u00e3os reguladores como a Ag\u00eancia Nacional de Avia\u00e7\u00e3o Civil (Anac), Departamento de Controle do Espa\u00e7o A\u00e9reo (Decea) e Ag\u00eancia Nacional de Telecomunica\u00e7\u00f5es (Anatel). \u201cAl\u00e9m disso, iremos coibir uso irregular dessas pequenas aeronaves no que tange \u00e0s normas previstas nos Regulamentos Brasileiros de Avia\u00e7\u00e3o Civil (RBAC) \u2013 E-94 e ICA 100-401, entre outras\u201d, acrescentou.\u00a0\u00a0\u00a0\u00a0\u00a0\u00a0\u00a0\u00a0<br \/><br \/><strong>Cadastramento<\/strong>\u00a0\u2013 Quem quiser fazer uso profissionalmente de aeronaves n\u00e3o tripuladas, subgrupo RPA, em grandes eventos durante o per\u00edodo de 1 a 15 de fevereiro, dever\u00e1 realizar o cadastramento junto \u00e0 Pol\u00edcia Militar, com dados como n\u00famero de s\u00e9rie da aeronave, SISANT, nome completo, CPF e c\u00f3digo SARPAS\u00a0 do piloto remoto, por meio do link\u00a0<a href=\"https:\/\/paraiba.us20.list-manage.com\/track\/click?u=63cd2f513d25ab116c25e0753&amp;id=5dd4c7dc8b&amp;e=3c9cfe75bc\" target=\"_blank\" rel=\"noopener\" data-saferedirecturl=\"https:\/\/www.google.com\/url?q=https:\/\/paraiba.us20.list-manage.com\/track\/click?u%3D63cd2f513d25ab116c25e0753%26id%3D5dd4c7dc8b%26e%3D3c9cfe75bc&amp;source=gmail&amp;ust=1706900126304000&amp;usg=AOvVaw13ERlAayQMSobuq_vCQEMX\">https:\/\/forms.gle\/<wbr \/>N4wr4tGdkLA9f5gh9<\/a>\u00a0\u00a0at\u00e9 as 13h desta sexta-feira (2).<\/p>\n<p><em>Fonte: Secom.<\/em><\/p>\n\n\n","protected":false},"excerpt":{"rendered":"<p>O uso de drones e outras aeronaves tripuladas e n\u00e3o tripuladas ser\u00e1 limitado durante as pr\u00e9vias carnavalescas de Jo\u00e3o Pessoa<\/p>\n","protected":false},"author":12,"featured_media":919696,"comment_status":"closed","ping_status":"closed","sticky":false,"template":"","format":"standard","meta":{"_exactmetrics_skip_tracking":false,"_exactmetrics_sitenote_active":false,"_exactmetrics_sitenote_note":"","_exactmetrics_sitenote_category":0,"footnotes":""},"categories":[7],"tags":[],"yoast_head":"<!-- This site is optimized with the Yoast SEO plugin v22.0 - https:\/\/yoast.com\/wordpress\/plugins\/seo\/ -->\n<title>Seguran\u00e7a vai fiscalizar uso de drones nas pr\u00e9vias de Jo\u00e3o Pessoa e em eventos de grande p\u00fablico durante Carnaval na Para\u00edba - Pol\u00edcia Militar da Para\u00edba<\/title>\n<meta name=\"description\" content=\"Quem quiser fazer uso profissionalmente de aeronaves n\u00e3o tripuladas durante o per\u00edodo de 1\u00ba a 15 de fevereiro dever\u00e1 realizar o cadastro junto \u00e0 PMPB.\" \/>\n<meta name=\"robots\" content=\"index, follow, max-snippet:-1, max-image-preview:large, max-video-preview:-1\" \/>\n<link rel=\"canonical\" href=\"https:\/\/www.pm.pb.gov.br\/portal\/2024\/02\/01\/seguranca-vai-fiscalizar-uso-de-drones-nas-previas-de-joao-pessoa-e-em-eventos-de-grande-publico-durante-carnaval-na-paraiba\/\" \/>\n<meta property=\"og:locale\" content=\"pt_BR\" \/>\n<meta property=\"og:type\" content=\"article\" \/>\n<meta property=\"og:title\" content=\"Seguran\u00e7a vai fiscalizar uso de drones nas pr\u00e9vias de Jo\u00e3o Pessoa e em eventos de grande p\u00fablico durante Carnaval na Para\u00edba - Pol\u00edcia Militar da Para\u00edba\" \/>\n<meta property=\"og:description\" content=\"Quem quiser fazer uso profissionalmente de aeronaves n\u00e3o tripuladas durante o per\u00edodo de 1\u00ba a 15 de fevereiro dever\u00e1 realizar o cadastro junto \u00e0 PMPB.\" \/>\n<meta property=\"og:url\" content=\"https:\/\/www.pm.pb.gov.br\/portal\/2024\/02\/01\/seguranca-vai-fiscalizar-uso-de-drones-nas-previas-de-joao-pessoa-e-em-eventos-de-grande-publico-durante-carnaval-na-paraiba\/\" \/>\n<meta property=\"og:site_name\" content=\"Pol\u00edcia Militar da Para\u00edba\" \/>\n<meta property=\"article:published_time\" content=\"2024-02-01T19:00:05+00:00\" \/>\n<meta property=\"article:modified_time\" content=\"2024-02-01T19:00:08+00:00\" \/>\n<meta property=\"og:image\" content=\"http:\/\/www.pm.pb.gov.br\/portal\/wp-content\/uploads\/2023\/12\/verao4.jpg\" \/>\n\t<meta property=\"og:image:width\" content=\"1600\" \/>\n\t<meta property=\"og:image:height\" content=\"1066\" \/>\n\t<meta property=\"og:image:type\" content=\"image\/jpeg\" \/>\n<meta name=\"author\" content=\"Tarcisio Oliveira\" \/>\n<meta name=\"twitter:card\" content=\"summary_large_image\" \/>\n<meta name=\"twitter:label1\" content=\"Escrito por\" \/>\n\t<meta name=\"twitter:data1\" content=\"Tarcisio Oliveira\" \/>\n\t<meta name=\"twitter:label2\" content=\"Est. tempo de leitura\" \/>\n\t<meta name=\"twitter:data2\" content=\"3 minutos\" \/>\n<script type=\"application\/ld+json\" class=\"yoast-schema-graph\">{\"@context\":\"https:\/\/schema.org\",\"@graph\":[{\"@type\":\"Article\",\"@id\":\"https:\/\/www.pm.pb.gov.br\/portal\/2024\/02\/01\/seguranca-vai-fiscalizar-uso-de-drones-nas-previas-de-joao-pessoa-e-em-eventos-de-grande-publico-durante-carnaval-na-paraiba\/#article\",\"isPartOf\":{\"@id\":\"https:\/\/www.pm.pb.gov.br\/portal\/2024\/02\/01\/seguranca-vai-fiscalizar-uso-de-drones-nas-previas-de-joao-pessoa-e-em-eventos-de-grande-publico-durante-carnaval-na-paraiba\/\"},\"author\":{\"name\":\"Tarcisio Oliveira\",\"@id\":\"https:\/\/www.pm.pb.gov.br\/portal\/#\/schema\/person\/f84f56dcc78ce4357054da888b8247fd\"},\"headline\":\"Seguran\u00e7a vai fiscalizar uso de drones nas pr\u00e9vias de Jo\u00e3o Pessoa e em eventos de grande p\u00fablico durante Carnaval na Para\u00edba\",\"datePublished\":\"2024-02-01T19:00:05+00:00\",\"dateModified\":\"2024-02-01T19:00:08+00:00\",\"mainEntityOfPage\":{\"@id\":\"https:\/\/www.pm.pb.gov.br\/portal\/2024\/02\/01\/seguranca-vai-fiscalizar-uso-de-drones-nas-previas-de-joao-pessoa-e-em-eventos-de-grande-publico-durante-carnaval-na-paraiba\/\"},\"wordCount\":455,\"publisher\":{\"@id\":\"https:\/\/www.pm.pb.gov.br\/portal\/#organization\"},\"articleSection\":[\"Desenvolvimento e Tecnologia\"],\"inLanguage\":\"pt-BR\"},{\"@type\":\"WebPage\",\"@id\":\"https:\/\/www.pm.pb.gov.br\/portal\/2024\/02\/01\/seguranca-vai-fiscalizar-uso-de-drones-nas-previas-de-joao-pessoa-e-em-eventos-de-grande-publico-durante-carnaval-na-paraiba\/\",\"url\":\"https:\/\/www.pm.pb.gov.br\/portal\/2024\/02\/01\/seguranca-vai-fiscalizar-uso-de-drones-nas-previas-de-joao-pessoa-e-em-eventos-de-grande-publico-durante-carnaval-na-paraiba\/\",\"name\":\"Seguran\u00e7a vai fiscalizar uso de drones nas pr\u00e9vias de Jo\u00e3o Pessoa e em eventos de grande p\u00fablico durante Carnaval na Para\u00edba - Pol\u00edcia Militar da Para\u00edba\",\"isPartOf\":{\"@id\":\"https:\/\/www.pm.pb.gov.br\/portal\/#website\"},\"datePublished\":\"2024-02-01T19:00:05+00:00\",\"dateModified\":\"2024-02-01T19:00:08+00:00\",\"description\":\"Quem quiser fazer uso profissionalmente de aeronaves n\u00e3o tripuladas durante o per\u00edodo de 1\u00ba a 15 de fevereiro dever\u00e1 realizar o cadastro junto \u00e0 PMPB.\",\"breadcrumb\":{\"@id\":\"https:\/\/www.pm.pb.gov.br\/portal\/2024\/02\/01\/seguranca-vai-fiscalizar-uso-de-drones-nas-previas-de-joao-pessoa-e-em-eventos-de-grande-publico-durante-carnaval-na-paraiba\/#breadcrumb\"},\"inLanguage\":\"pt-BR\",\"potentialAction\":[{\"@type\":\"ReadAction\",\"target\":[\"https:\/\/www.pm.pb.gov.br\/portal\/2024\/02\/01\/seguranca-vai-fiscalizar-uso-de-drones-nas-previas-de-joao-pessoa-e-em-eventos-de-grande-publico-durante-carnaval-na-paraiba\/\"]}]},{\"@type\":\"BreadcrumbList\",\"@id\":\"https:\/\/www.pm.pb.gov.br\/portal\/2024\/02\/01\/seguranca-vai-fiscalizar-uso-de-drones-nas-previas-de-joao-pessoa-e-em-eventos-de-grande-publico-durante-carnaval-na-paraiba\/#breadcrumb\",\"itemListElement\":[{\"@type\":\"ListItem\",\"position\":1,\"name\":\"In\u00edcio\",\"item\":\"https:\/\/www.pm.pb.gov.br\/portal\/\"},{\"@type\":\"ListItem\",\"position\":2,\"name\":\"Seguran\u00e7a vai fiscalizar uso de drones nas pr\u00e9vias de Jo\u00e3o Pessoa e em eventos de grande p\u00fablico durante Carnaval na Para\u00edba\"}]},{\"@type\":\"WebSite\",\"@id\":\"https:\/\/www.pm.pb.gov.br\/portal\/#website\",\"url\":\"https:\/\/www.pm.pb.gov.br\/portal\/\",\"name\":\"Pol\u00edcia Militar da Para\u00edba\",\"description\":\"\",\"publisher\":{\"@id\":\"https:\/\/www.pm.pb.gov.br\/portal\/#organization\"},\"potentialAction\":[{\"@type\":\"SearchAction\",\"target\":{\"@type\":\"EntryPoint\",\"urlTemplate\":\"https:\/\/www.pm.pb.gov.br\/portal\/?s={search_term_string}\"},\"query-input\":\"required name=search_term_string\"}],\"inLanguage\":\"pt-BR\"},{\"@type\":\"Organization\",\"@id\":\"https:\/\/www.pm.pb.gov.br\/portal\/#organization\",\"name\":\"Pol\u00edcia Militar da Para\u00edba\",\"url\":\"https:\/\/www.pm.pb.gov.br\/portal\/\",\"logo\":{\"@type\":\"ImageObject\",\"inLanguage\":\"pt-BR\",\"@id\":\"https:\/\/www.pm.pb.gov.br\/portal\/#\/schema\/logo\/image\/\",\"url\":\"https:\/\/www.pm.pb.gov.br\/portal\/wp-content\/uploads\/2025\/03\/cropped-logo-site-mag2-1.png\",\"contentUrl\":\"https:\/\/www.pm.pb.gov.br\/portal\/wp-content\/uploads\/2025\/03\/cropped-logo-site-mag2-1.png\",\"width\":320,\"height\":90,\"caption\":\"Pol\u00edcia Militar da Para\u00edba\"},\"image\":{\"@id\":\"https:\/\/www.pm.pb.gov.br\/portal\/#\/schema\/logo\/image\/\"}},{\"@type\":\"Person\",\"@id\":\"https:\/\/www.pm.pb.gov.br\/portal\/#\/schema\/person\/f84f56dcc78ce4357054da888b8247fd\",\"name\":\"Tarcisio Oliveira\",\"image\":{\"@type\":\"ImageObject\",\"inLanguage\":\"pt-BR\",\"@id\":\"https:\/\/www.pm.pb.gov.br\/portal\/#\/schema\/person\/image\/\",\"url\":\"https:\/\/secure.gravatar.com\/avatar\/72917b630b69d31cd0297507f34bac97?s=96&d=mm&r=g\",\"contentUrl\":\"https:\/\/secure.gravatar.com\/avatar\/72917b630b69d31cd0297507f34bac97?s=96&d=mm&r=g\",\"caption\":\"Tarcisio Oliveira\"},\"url\":\"https:\/\/www.pm.pb.gov.br\/portal\/author\/tarcisio\/\"}]}<\/script>\n<!-- \/ Yoast SEO plugin. -->","yoast_head_json":{"title":"Seguran\u00e7a vai fiscalizar uso de drones nas pr\u00e9vias de Jo\u00e3o Pessoa e em eventos de grande p\u00fablico durante Carnaval na Para\u00edba - Pol\u00edcia Militar da Para\u00edba","description":"Quem quiser fazer uso profissionalmente de aeronaves n\u00e3o tripuladas durante o per\u00edodo de 1\u00ba a 15 de fevereiro dever\u00e1 realizar o cadastro junto \u00e0 PMPB.","robots":{"index":"index","follow":"follow","max-snippet":"max-snippet:-1","max-image-preview":"max-image-preview:large","max-video-preview":"max-video-preview:-1"},"canonical":"https:\/\/www.pm.pb.gov.br\/portal\/2024\/02\/01\/seguranca-vai-fiscalizar-uso-de-drones-nas-previas-de-joao-pessoa-e-em-eventos-de-grande-publico-durante-carnaval-na-paraiba\/","og_locale":"pt_BR","og_type":"article","og_title":"Seguran\u00e7a vai fiscalizar uso de drones nas pr\u00e9vias de Jo\u00e3o Pessoa e em eventos de grande p\u00fablico durante Carnaval na Para\u00edba - Pol\u00edcia Militar da Para\u00edba","og_description":"Quem quiser fazer uso profissionalmente de aeronaves n\u00e3o tripuladas durante o per\u00edodo de 1\u00ba a 15 de fevereiro dever\u00e1 realizar o cadastro junto \u00e0 PMPB.","og_url":"https:\/\/www.pm.pb.gov.br\/portal\/2024\/02\/01\/seguranca-vai-fiscalizar-uso-de-drones-nas-previas-de-joao-pessoa-e-em-eventos-de-grande-publico-durante-carnaval-na-paraiba\/","og_site_name":"Pol\u00edcia Militar da Para\u00edba","article_published_time":"2024-02-01T19:00:05+00:00","article_modified_time":"2024-02-01T19:00:08+00:00","og_image":[{"width":1600,"height":1066,"url":"http:\/\/www.pm.pb.gov.br\/portal\/wp-content\/uploads\/2023\/12\/verao4.jpg","type":"image\/jpeg"}],"author":"Tarcisio Oliveira","twitter_card":"summary_large_image","twitter_misc":{"Escrito por":"Tarcisio Oliveira","Est. tempo de leitura":"3 minutos"},"schema":{"@context":"https:\/\/schema.org","@graph":[{"@type":"Article","@id":"https:\/\/www.pm.pb.gov.br\/portal\/2024\/02\/01\/seguranca-vai-fiscalizar-uso-de-drones-nas-previas-de-joao-pessoa-e-em-eventos-de-grande-publico-durante-carnaval-na-paraiba\/#article","isPartOf":{"@id":"https:\/\/www.pm.pb.gov.br\/portal\/2024\/02\/01\/seguranca-vai-fiscalizar-uso-de-drones-nas-previas-de-joao-pessoa-e-em-eventos-de-grande-publico-durante-carnaval-na-paraiba\/"},"author":{"name":"Tarcisio Oliveira","@id":"https:\/\/www.pm.pb.gov.br\/portal\/#\/schema\/person\/f84f56dcc78ce4357054da888b8247fd"},"headline":"Seguran\u00e7a vai fiscalizar uso de drones nas pr\u00e9vias de Jo\u00e3o Pessoa e em eventos de grande p\u00fablico durante Carnaval na Para\u00edba","datePublished":"2024-02-01T19:00:05+00:00","dateModified":"2024-02-01T19:00:08+00:00","mainEntityOfPage":{"@id":"https:\/\/www.pm.pb.gov.br\/portal\/2024\/02\/01\/seguranca-vai-fiscalizar-uso-de-drones-nas-previas-de-joao-pessoa-e-em-eventos-de-grande-publico-durante-carnaval-na-paraiba\/"},"wordCount":455,"publisher":{"@id":"https:\/\/www.pm.pb.gov.br\/portal\/#organization"},"articleSection":["Desenvolvimento e Tecnologia"],"inLanguage":"pt-BR"},{"@type":"WebPage","@id":"https:\/\/www.pm.pb.gov.br\/portal\/2024\/02\/01\/seguranca-vai-fiscalizar-uso-de-drones-nas-previas-de-joao-pessoa-e-em-eventos-de-grande-publico-durante-carnaval-na-paraiba\/","url":"https:\/\/www.pm.pb.gov.br\/portal\/2024\/02\/01\/seguranca-vai-fiscalizar-uso-de-drones-nas-previas-de-joao-pessoa-e-em-eventos-de-grande-publico-durante-carnaval-na-paraiba\/","name":"Seguran\u00e7a vai fiscalizar uso de drones nas pr\u00e9vias de Jo\u00e3o Pessoa e em eventos de grande p\u00fablico durante Carnaval na Para\u00edba - Pol\u00edcia Militar da Para\u00edba","isPartOf":{"@id":"https:\/\/www.pm.pb.gov.br\/portal\/#website"},"datePublished":"2024-02-01T19:00:05+00:00","dateModified":"2024-02-01T19:00:08+00:00","description":"Quem quiser fazer uso profissionalmente de aeronaves n\u00e3o tripuladas durante o per\u00edodo de 1\u00ba a 15 de fevereiro dever\u00e1 realizar o cadastro junto \u00e0 PMPB.","breadcrumb":{"@id":"https:\/\/www.pm.pb.gov.br\/portal\/2024\/02\/01\/seguranca-vai-fiscalizar-uso-de-drones-nas-previas-de-joao-pessoa-e-em-eventos-de-grande-publico-durante-carnaval-na-paraiba\/#breadcrumb"},"inLanguage":"pt-BR","potentialAction":[{"@type":"ReadAction","target":["https:\/\/www.pm.pb.gov.br\/portal\/2024\/02\/01\/seguranca-vai-fiscalizar-uso-de-drones-nas-previas-de-joao-pessoa-e-em-eventos-de-grande-publico-durante-carnaval-na-paraiba\/"]}]},{"@type":"BreadcrumbList","@id":"https:\/\/www.pm.pb.gov.br\/portal\/2024\/02\/01\/seguranca-vai-fiscalizar-uso-de-drones-nas-previas-de-joao-pessoa-e-em-eventos-de-grande-publico-durante-carnaval-na-paraiba\/#breadcrumb","itemListElement":[{"@type":"ListItem","position":1,"name":"In\u00edcio","item":"https:\/\/www.pm.pb.gov.br\/portal\/"},{"@type":"ListItem","position":2,"name":"Seguran\u00e7a vai fiscalizar uso de drones nas pr\u00e9vias de Jo\u00e3o Pessoa e em eventos de grande p\u00fablico durante Carnaval na Para\u00edba"}]},{"@type":"WebSite","@id":"https:\/\/www.pm.pb.gov.br\/portal\/#website","url":"https:\/\/www.pm.pb.gov.br\/portal\/","name":"Pol\u00edcia Militar da Para\u00edba","description":"","publisher":{"@id":"https:\/\/www.pm.pb.gov.br\/portal\/#organization"},"potentialAction":[{"@type":"SearchAction","target":{"@type":"EntryPoint","urlTemplate":"https:\/\/www.pm.pb.gov.br\/portal\/?s={search_term_string}"},"query-input":"required name=search_term_string"}],"inLanguage":"pt-BR"},{"@type":"Organization","@id":"https:\/\/www.pm.pb.gov.br\/portal\/#organization","name":"Pol\u00edcia Militar da Para\u00edba","url":"https:\/\/www.pm.pb.gov.br\/portal\/","logo":{"@type":"ImageObject","inLanguage":"pt-BR","@id":"https:\/\/www.pm.pb.gov.br\/portal\/#\/schema\/logo\/image\/","url":"https:\/\/www.pm.pb.gov.br\/portal\/wp-content\/uploads\/2025\/03\/cropped-logo-site-mag2-1.png","contentUrl":"https:\/\/www.pm.pb.gov.br\/portal\/wp-content\/uploads\/2025\/03\/cropped-logo-site-mag2-1.png","width":320,"height":90,"caption":"Pol\u00edcia Militar da Para\u00edba"},"image":{"@id":"https:\/\/www.pm.pb.gov.br\/portal\/#\/schema\/logo\/image\/"}},{"@type":"Person","@id":"https:\/\/www.pm.pb.gov.br\/portal\/#\/schema\/person\/f84f56dcc78ce4357054da888b8247fd","name":"Tarcisio Oliveira","image":{"@type":"ImageObject","inLanguage":"pt-BR","@id":"https:\/\/www.pm.pb.gov.br\/portal\/#\/schema\/person\/image\/","url":"https:\/\/secure.gravatar.com\/avatar\/72917b630b69d31cd0297507f34bac97?s=96&d=mm&r=g","contentUrl":"https:\/\/secure.gravatar.com\/avatar\/72917b630b69d31cd0297507f34bac97?s=96&d=mm&r=g","caption":"Tarcisio Oliveira"},"url":"https:\/\/www.pm.pb.gov.br\/portal\/author\/tarcisio\/"}]}},"_links":{"self":[{"href":"https:\/\/www.pm.pb.gov.br\/portal\/wp-json\/wp\/v2\/posts\/920784"}],"collection":[{"href":"https:\/\/www.pm.pb.gov.br\/portal\/wp-json\/wp\/v2\/posts"}],"about":[{"href":"https:\/\/www.pm.pb.gov.br\/portal\/wp-json\/wp\/v2\/types\/post"}],"author":[{"embeddable":true,"href":"https:\/\/www.pm.pb.gov.br\/portal\/wp-json\/wp\/v2\/users\/12"}],"replies":[{"embeddable":true,"href":"https:\/\/www.pm.pb.gov.br\/portal\/wp-json\/wp\/v2\/comments?post=920784"}],"version-history":[{"count":1,"href":"https:\/\/www.pm.pb.gov.br\/portal\/wp-json\/wp\/v2\/posts\/920784\/revisions"}],"predecessor-version":[{"id":920785,"href":"https:\/\/www.pm.pb.gov.br\/portal\/wp-json\/wp\/v2\/posts\/920784\/revisions\/920785"}],"wp:featuredmedia":[{"embeddable":true,"href":"https:\/\/www.pm.pb.gov.br\/portal\/wp-json\/wp\/v2\/media\/919696"}],"wp:attachment":[{"href":"https:\/\/www.pm.pb.gov.br\/portal\/wp-json\/wp\/v2\/media?parent=920784"}],"wp:term":[{"taxonomy":"category","embeddable":true,"href":"https:\/\/www.pm.pb.gov.br\/portal\/wp-json\/wp\/v2\/categories?post=920784"},{"taxonomy":"post_tag","embeddable":true,"href":"https:\/\/www.pm.pb.gov.br\/portal\/wp-json\/wp\/v2\/tags?post=920784"}],"curies":[{"name":"wp","href":"https:\/\/api.w.org\/{rel}","templated":true}]}}