{"id":920775,"date":"2024-02-01T12:54:00","date_gmt":"2024-02-01T15:54:00","guid":{"rendered":"https:\/\/www.pm.pb.gov.br\/portal\/?p=920775"},"modified":"2024-02-01T14:02:22","modified_gmt":"2024-02-01T17:02:22","slug":"28-presos-operacao-mirou-apenados-que-descumpriam-medidas-cautelares-na-grande-joao-pessoa","status":"publish","type":"post","link":"https:\/\/www.pm.pb.gov.br\/portal\/2024\/02\/01\/28-presos-operacao-mirou-apenados-que-descumpriam-medidas-cautelares-na-grande-joao-pessoa\/","title":{"rendered":"28 PRESOS: Opera\u00e7\u00e3o mirou apenados que descumpriam medidas cautelares na grande Jo\u00e3o Pessoa"},"content":{"rendered":"\n<p>A primeira fase da Opera\u00e7\u00e3o Pr\u00e9-Carnaval mirou apenados que descumpriam medidas cautelares na grande Jo\u00e3o Pessoa. A a\u00e7\u00e3o foi realizada pela Pol\u00edcia Militar nesta manh\u00e3 de quinta-feira (01) e resultou em 28 presos, al\u00e9m de uma arma de fogo e drogas apreendidas que estavam com um dos apenados (foto acima).<\/p>\n<p>Entre os objetivos estava a responsabiliza\u00e7\u00e3o dos infratores na forma da lei, e preven\u00e7\u00e3o a novos delitos no per\u00edodo momesco. Os mandados foram expedidos pelas Varas de Execu\u00e7\u00e3o Penal. Os presos desta fase da Opera\u00e7\u00e3o de hoje foram conduzidos para a Penitenci\u00e1ria de Seguran\u00e7a M\u00e9dia, em Mangabeira, na Capital, e um deles para Central de Flagrantes devido a arma de fogo.<\/p>\n<figure id=\"attachment_920772\" aria-describedby=\"caption-attachment-920772\" style=\"width: 742px\" class=\"wp-caption aligncenter\"><img loading=\"lazy\" decoding=\"async\" class=\"wp-image-920772 \" src=\"http:\/\/www.pm.pb.gov.br\/portal\/wp-content\/uploads\/2024\/02\/WhatsApp-Image-2024-02-01-at-06.11.59.jpeg\" alt=\"\" width=\"742\" height=\"413\" srcset=\"https:\/\/www.pm.pb.gov.br\/portal\/wp-content\/uploads\/2024\/02\/WhatsApp-Image-2024-02-01-at-06.11.59.jpeg 800w, https:\/\/www.pm.pb.gov.br\/portal\/wp-content\/uploads\/2024\/02\/WhatsApp-Image-2024-02-01-at-06.11.59-245x136.jpeg 245w, https:\/\/www.pm.pb.gov.br\/portal\/wp-content\/uploads\/2024\/02\/WhatsApp-Image-2024-02-01-at-06.11.59-768x427.jpeg 768w\" sizes=\"(max-width: 742px) 100vw, 742px\" \/><figcaption id=\"caption-attachment-920772\" class=\"wp-caption-text\">A\u00e7\u00e3o contou com tropas do policiamento preventivo e especializado<\/figcaption><\/figure>\n<p>Somente no m\u00eas de janeiro, 109 acusados que tinham mandados de pris\u00e3o em aberto foram presos pela PM na Para\u00edba. Novas a\u00e7\u00f5es devem acontecer durante a Opera\u00e7\u00e3o Pr\u00e9-Carnaval, com foco em fortalecer a seguran\u00e7a p\u00fablica no per\u00edodo que antecede as pr\u00e9vias.<\/p>\n<p><em>Atualizado \u00e0s 14h21.<\/em><\/p>\n\n\n","protected":false},"excerpt":{"rendered":"<p>A primeira fase da Opera\u00e7\u00e3o Pr\u00e9-Carnaval mirou apenados que descumpriam medidas cautelares na grande Jo\u00e3o Pessoa. A a\u00e7\u00e3o foi realizada<\/p>\n","protected":false},"author":12,"featured_media":920776,"comment_status":"closed","ping_status":"closed","sticky":false,"template":"","format":"standard","meta":{"_exactmetrics_skip_tracking":false,"_exactmetrics_sitenote_active":false,"_exactmetrics_sitenote_note":"","_exactmetrics_sitenote_category":0,"footnotes":""},"categories":[4],"tags":[],"yoast_head":"<!-- This site is optimized with the Yoast SEO plugin v22.0 - https:\/\/yoast.com\/wordpress\/plugins\/seo\/ -->\n<title>28 PRESOS: Opera\u00e7\u00e3o mirou apenados que descumpriam medidas cautelares na grande Jo\u00e3o Pessoa - Pol\u00edcia Militar da Para\u00edba<\/title>\n<meta name=\"description\" content=\"Em janeiro, 109 acusados que tinham mandados de pris\u00e3o em aberto foram presos pela PM na Para\u00edba.\" \/>\n<meta name=\"robots\" content=\"index, follow, max-snippet:-1, max-image-preview:large, max-video-preview:-1\" \/>\n<link rel=\"canonical\" href=\"https:\/\/www.pm.pb.gov.br\/portal\/2024\/02\/01\/28-presos-operacao-mirou-apenados-que-descumpriam-medidas-cautelares-na-grande-joao-pessoa\/\" \/>\n<meta property=\"og:locale\" content=\"pt_BR\" \/>\n<meta property=\"og:type\" content=\"article\" \/>\n<meta property=\"og:title\" content=\"28 PRESOS: Opera\u00e7\u00e3o mirou apenados que descumpriam medidas cautelares na grande Jo\u00e3o Pessoa - Pol\u00edcia Militar da Para\u00edba\" \/>\n<meta property=\"og:description\" content=\"Em janeiro, 109 acusados que tinham mandados de pris\u00e3o em aberto foram presos pela PM na Para\u00edba.\" \/>\n<meta property=\"og:url\" content=\"https:\/\/www.pm.pb.gov.br\/portal\/2024\/02\/01\/28-presos-operacao-mirou-apenados-que-descumpriam-medidas-cautelares-na-grande-joao-pessoa\/\" \/>\n<meta property=\"og:site_name\" content=\"Pol\u00edcia Militar da Para\u00edba\" \/>\n<meta property=\"article:published_time\" content=\"2024-02-01T15:54:00+00:00\" \/>\n<meta property=\"article:modified_time\" content=\"2024-02-01T17:02:22+00:00\" \/>\n<meta property=\"og:image\" content=\"http:\/\/www.pm.pb.gov.br\/portal\/wp-content\/uploads\/2024\/02\/WhatsApp-Image-2024-02-01-at-12.16.29.jpeg\" \/>\n\t<meta property=\"og:image:width\" content=\"800\" \/>\n\t<meta property=\"og:image:height\" content=\"445\" \/>\n\t<meta property=\"og:image:type\" content=\"image\/jpeg\" \/>\n<meta name=\"author\" content=\"Tarcisio Oliveira\" \/>\n<meta name=\"twitter:card\" content=\"summary_large_image\" \/>\n<meta name=\"twitter:label1\" content=\"Escrito por\" \/>\n\t<meta name=\"twitter:data1\" content=\"Tarcisio Oliveira\" \/>\n\t<meta name=\"twitter:label2\" content=\"Est. tempo de leitura\" \/>\n\t<meta name=\"twitter:data2\" content=\"2 minutos\" \/>\n<script type=\"application\/ld+json\" class=\"yoast-schema-graph\">{\"@context\":\"https:\/\/schema.org\",\"@graph\":[{\"@type\":\"Article\",\"@id\":\"https:\/\/www.pm.pb.gov.br\/portal\/2024\/02\/01\/28-presos-operacao-mirou-apenados-que-descumpriam-medidas-cautelares-na-grande-joao-pessoa\/#article\",\"isPartOf\":{\"@id\":\"https:\/\/www.pm.pb.gov.br\/portal\/2024\/02\/01\/28-presos-operacao-mirou-apenados-que-descumpriam-medidas-cautelares-na-grande-joao-pessoa\/\"},\"author\":{\"name\":\"Tarcisio Oliveira\",\"@id\":\"https:\/\/www.pm.pb.gov.br\/portal\/#\/schema\/person\/f84f56dcc78ce4357054da888b8247fd\"},\"headline\":\"28 PRESOS: Opera\u00e7\u00e3o mirou apenados que descumpriam medidas cautelares na grande Jo\u00e3o Pessoa\",\"datePublished\":\"2024-02-01T15:54:00+00:00\",\"dateModified\":\"2024-02-01T17:02:22+00:00\",\"mainEntityOfPage\":{\"@id\":\"https:\/\/www.pm.pb.gov.br\/portal\/2024\/02\/01\/28-presos-operacao-mirou-apenados-que-descumpriam-medidas-cautelares-na-grande-joao-pessoa\/\"},\"wordCount\":207,\"publisher\":{\"@id\":\"https:\/\/www.pm.pb.gov.br\/portal\/#organization\"},\"articleSection\":[\"A\u00e7\u00f5es Policiais\"],\"inLanguage\":\"pt-BR\"},{\"@type\":\"WebPage\",\"@id\":\"https:\/\/www.pm.pb.gov.br\/portal\/2024\/02\/01\/28-presos-operacao-mirou-apenados-que-descumpriam-medidas-cautelares-na-grande-joao-pessoa\/\",\"url\":\"https:\/\/www.pm.pb.gov.br\/portal\/2024\/02\/01\/28-presos-operacao-mirou-apenados-que-descumpriam-medidas-cautelares-na-grande-joao-pessoa\/\",\"name\":\"28 PRESOS: Opera\u00e7\u00e3o mirou apenados que descumpriam medidas cautelares na grande Jo\u00e3o Pessoa - Pol\u00edcia Militar da Para\u00edba\",\"isPartOf\":{\"@id\":\"https:\/\/www.pm.pb.gov.br\/portal\/#website\"},\"datePublished\":\"2024-02-01T15:54:00+00:00\",\"dateModified\":\"2024-02-01T17:02:22+00:00\",\"description\":\"Em janeiro, 109 acusados que tinham mandados de pris\u00e3o em aberto foram presos pela PM na Para\u00edba.\",\"breadcrumb\":{\"@id\":\"https:\/\/www.pm.pb.gov.br\/portal\/2024\/02\/01\/28-presos-operacao-mirou-apenados-que-descumpriam-medidas-cautelares-na-grande-joao-pessoa\/#breadcrumb\"},\"inLanguage\":\"pt-BR\",\"potentialAction\":[{\"@type\":\"ReadAction\",\"target\":[\"https:\/\/www.pm.pb.gov.br\/portal\/2024\/02\/01\/28-presos-operacao-mirou-apenados-que-descumpriam-medidas-cautelares-na-grande-joao-pessoa\/\"]}]},{\"@type\":\"BreadcrumbList\",\"@id\":\"https:\/\/www.pm.pb.gov.br\/portal\/2024\/02\/01\/28-presos-operacao-mirou-apenados-que-descumpriam-medidas-cautelares-na-grande-joao-pessoa\/#breadcrumb\",\"itemListElement\":[{\"@type\":\"ListItem\",\"position\":1,\"name\":\"In\u00edcio\",\"item\":\"https:\/\/www.pm.pb.gov.br\/portal\/\"},{\"@type\":\"ListItem\",\"position\":2,\"name\":\"28 PRESOS: Opera\u00e7\u00e3o mirou apenados que descumpriam medidas cautelares na grande Jo\u00e3o Pessoa\"}]},{\"@type\":\"WebSite\",\"@id\":\"https:\/\/www.pm.pb.gov.br\/portal\/#website\",\"url\":\"https:\/\/www.pm.pb.gov.br\/portal\/\",\"name\":\"Pol\u00edcia Militar da Para\u00edba\",\"description\":\"\",\"publisher\":{\"@id\":\"https:\/\/www.pm.pb.gov.br\/portal\/#organization\"},\"potentialAction\":[{\"@type\":\"SearchAction\",\"target\":{\"@type\":\"EntryPoint\",\"urlTemplate\":\"https:\/\/www.pm.pb.gov.br\/portal\/?s={search_term_string}\"},\"query-input\":\"required name=search_term_string\"}],\"inLanguage\":\"pt-BR\"},{\"@type\":\"Organization\",\"@id\":\"https:\/\/www.pm.pb.gov.br\/portal\/#organization\",\"name\":\"Pol\u00edcia Militar da Para\u00edba\",\"url\":\"https:\/\/www.pm.pb.gov.br\/portal\/\",\"logo\":{\"@type\":\"ImageObject\",\"inLanguage\":\"pt-BR\",\"@id\":\"https:\/\/www.pm.pb.gov.br\/portal\/#\/schema\/logo\/image\/\",\"url\":\"https:\/\/www.pm.pb.gov.br\/portal\/wp-content\/uploads\/2025\/03\/cropped-logo-site-mag2-1.png\",\"contentUrl\":\"https:\/\/www.pm.pb.gov.br\/portal\/wp-content\/uploads\/2025\/03\/cropped-logo-site-mag2-1.png\",\"width\":320,\"height\":90,\"caption\":\"Pol\u00edcia Militar da Para\u00edba\"},\"image\":{\"@id\":\"https:\/\/www.pm.pb.gov.br\/portal\/#\/schema\/logo\/image\/\"}},{\"@type\":\"Person\",\"@id\":\"https:\/\/www.pm.pb.gov.br\/portal\/#\/schema\/person\/f84f56dcc78ce4357054da888b8247fd\",\"name\":\"Tarcisio Oliveira\",\"image\":{\"@type\":\"ImageObject\",\"inLanguage\":\"pt-BR\",\"@id\":\"https:\/\/www.pm.pb.gov.br\/portal\/#\/schema\/person\/image\/\",\"url\":\"https:\/\/secure.gravatar.com\/avatar\/72917b630b69d31cd0297507f34bac97?s=96&d=mm&r=g\",\"contentUrl\":\"https:\/\/secure.gravatar.com\/avatar\/72917b630b69d31cd0297507f34bac97?s=96&d=mm&r=g\",\"caption\":\"Tarcisio Oliveira\"},\"url\":\"https:\/\/www.pm.pb.gov.br\/portal\/author\/tarcisio\/\"}]}<\/script>\n<!-- \/ Yoast SEO plugin. -->","yoast_head_json":{"title":"28 PRESOS: Opera\u00e7\u00e3o mirou apenados que descumpriam medidas cautelares na grande Jo\u00e3o Pessoa - Pol\u00edcia Militar da Para\u00edba","description":"Em janeiro, 109 acusados que tinham mandados de pris\u00e3o em aberto foram presos pela PM na Para\u00edba.","robots":{"index":"index","follow":"follow","max-snippet":"max-snippet:-1","max-image-preview":"max-image-preview:large","max-video-preview":"max-video-preview:-1"},"canonical":"https:\/\/www.pm.pb.gov.br\/portal\/2024\/02\/01\/28-presos-operacao-mirou-apenados-que-descumpriam-medidas-cautelares-na-grande-joao-pessoa\/","og_locale":"pt_BR","og_type":"article","og_title":"28 PRESOS: Opera\u00e7\u00e3o mirou apenados que descumpriam medidas cautelares na grande Jo\u00e3o Pessoa - Pol\u00edcia Militar da Para\u00edba","og_description":"Em janeiro, 109 acusados que tinham mandados de pris\u00e3o em aberto foram presos pela PM na Para\u00edba.","og_url":"https:\/\/www.pm.pb.gov.br\/portal\/2024\/02\/01\/28-presos-operacao-mirou-apenados-que-descumpriam-medidas-cautelares-na-grande-joao-pessoa\/","og_site_name":"Pol\u00edcia Militar da Para\u00edba","article_published_time":"2024-02-01T15:54:00+00:00","article_modified_time":"2024-02-01T17:02:22+00:00","og_image":[{"width":800,"height":445,"url":"http:\/\/www.pm.pb.gov.br\/portal\/wp-content\/uploads\/2024\/02\/WhatsApp-Image-2024-02-01-at-12.16.29.jpeg","type":"image\/jpeg"}],"author":"Tarcisio Oliveira","twitter_card":"summary_large_image","twitter_misc":{"Escrito por":"Tarcisio Oliveira","Est. tempo de leitura":"2 minutos"},"schema":{"@context":"https:\/\/schema.org","@graph":[{"@type":"Article","@id":"https:\/\/www.pm.pb.gov.br\/portal\/2024\/02\/01\/28-presos-operacao-mirou-apenados-que-descumpriam-medidas-cautelares-na-grande-joao-pessoa\/#article","isPartOf":{"@id":"https:\/\/www.pm.pb.gov.br\/portal\/2024\/02\/01\/28-presos-operacao-mirou-apenados-que-descumpriam-medidas-cautelares-na-grande-joao-pessoa\/"},"author":{"name":"Tarcisio Oliveira","@id":"https:\/\/www.pm.pb.gov.br\/portal\/#\/schema\/person\/f84f56dcc78ce4357054da888b8247fd"},"headline":"28 PRESOS: Opera\u00e7\u00e3o mirou apenados que descumpriam medidas cautelares na grande Jo\u00e3o Pessoa","datePublished":"2024-02-01T15:54:00+00:00","dateModified":"2024-02-01T17:02:22+00:00","mainEntityOfPage":{"@id":"https:\/\/www.pm.pb.gov.br\/portal\/2024\/02\/01\/28-presos-operacao-mirou-apenados-que-descumpriam-medidas-cautelares-na-grande-joao-pessoa\/"},"wordCount":207,"publisher":{"@id":"https:\/\/www.pm.pb.gov.br\/portal\/#organization"},"articleSection":["A\u00e7\u00f5es Policiais"],"inLanguage":"pt-BR"},{"@type":"WebPage","@id":"https:\/\/www.pm.pb.gov.br\/portal\/2024\/02\/01\/28-presos-operacao-mirou-apenados-que-descumpriam-medidas-cautelares-na-grande-joao-pessoa\/","url":"https:\/\/www.pm.pb.gov.br\/portal\/2024\/02\/01\/28-presos-operacao-mirou-apenados-que-descumpriam-medidas-cautelares-na-grande-joao-pessoa\/","name":"28 PRESOS: Opera\u00e7\u00e3o mirou apenados que descumpriam medidas cautelares na grande Jo\u00e3o Pessoa - Pol\u00edcia Militar da Para\u00edba","isPartOf":{"@id":"https:\/\/www.pm.pb.gov.br\/portal\/#website"},"datePublished":"2024-02-01T15:54:00+00:00","dateModified":"2024-02-01T17:02:22+00:00","description":"Em janeiro, 109 acusados que tinham mandados de pris\u00e3o em aberto foram presos pela PM na Para\u00edba.","breadcrumb":{"@id":"https:\/\/www.pm.pb.gov.br\/portal\/2024\/02\/01\/28-presos-operacao-mirou-apenados-que-descumpriam-medidas-cautelares-na-grande-joao-pessoa\/#breadcrumb"},"inLanguage":"pt-BR","potentialAction":[{"@type":"ReadAction","target":["https:\/\/www.pm.pb.gov.br\/portal\/2024\/02\/01\/28-presos-operacao-mirou-apenados-que-descumpriam-medidas-cautelares-na-grande-joao-pessoa\/"]}]},{"@type":"BreadcrumbList","@id":"https:\/\/www.pm.pb.gov.br\/portal\/2024\/02\/01\/28-presos-operacao-mirou-apenados-que-descumpriam-medidas-cautelares-na-grande-joao-pessoa\/#breadcrumb","itemListElement":[{"@type":"ListItem","position":1,"name":"In\u00edcio","item":"https:\/\/www.pm.pb.gov.br\/portal\/"},{"@type":"ListItem","position":2,"name":"28 PRESOS: Opera\u00e7\u00e3o mirou apenados que descumpriam medidas cautelares na grande Jo\u00e3o Pessoa"}]},{"@type":"WebSite","@id":"https:\/\/www.pm.pb.gov.br\/portal\/#website","url":"https:\/\/www.pm.pb.gov.br\/portal\/","name":"Pol\u00edcia Militar da Para\u00edba","description":"","publisher":{"@id":"https:\/\/www.pm.pb.gov.br\/portal\/#organization"},"potentialAction":[{"@type":"SearchAction","target":{"@type":"EntryPoint","urlTemplate":"https:\/\/www.pm.pb.gov.br\/portal\/?s={search_term_string}"},"query-input":"required name=search_term_string"}],"inLanguage":"pt-BR"},{"@type":"Organization","@id":"https:\/\/www.pm.pb.gov.br\/portal\/#organization","name":"Pol\u00edcia Militar da Para\u00edba","url":"https:\/\/www.pm.pb.gov.br\/portal\/","logo":{"@type":"ImageObject","inLanguage":"pt-BR","@id":"https:\/\/www.pm.pb.gov.br\/portal\/#\/schema\/logo\/image\/","url":"https:\/\/www.pm.pb.gov.br\/portal\/wp-content\/uploads\/2025\/03\/cropped-logo-site-mag2-1.png","contentUrl":"https:\/\/www.pm.pb.gov.br\/portal\/wp-content\/uploads\/2025\/03\/cropped-logo-site-mag2-1.png","width":320,"height":90,"caption":"Pol\u00edcia Militar da Para\u00edba"},"image":{"@id":"https:\/\/www.pm.pb.gov.br\/portal\/#\/schema\/logo\/image\/"}},{"@type":"Person","@id":"https:\/\/www.pm.pb.gov.br\/portal\/#\/schema\/person\/f84f56dcc78ce4357054da888b8247fd","name":"Tarcisio Oliveira","image":{"@type":"ImageObject","inLanguage":"pt-BR","@id":"https:\/\/www.pm.pb.gov.br\/portal\/#\/schema\/person\/image\/","url":"https:\/\/secure.gravatar.com\/avatar\/72917b630b69d31cd0297507f34bac97?s=96&d=mm&r=g","contentUrl":"https:\/\/secure.gravatar.com\/avatar\/72917b630b69d31cd0297507f34bac97?s=96&d=mm&r=g","caption":"Tarcisio Oliveira"},"url":"https:\/\/www.pm.pb.gov.br\/portal\/author\/tarcisio\/"}]}},"_links":{"self":[{"href":"https:\/\/www.pm.pb.gov.br\/portal\/wp-json\/wp\/v2\/posts\/920775"}],"collection":[{"href":"https:\/\/www.pm.pb.gov.br\/portal\/wp-json\/wp\/v2\/posts"}],"about":[{"href":"https:\/\/www.pm.pb.gov.br\/portal\/wp-json\/wp\/v2\/types\/post"}],"author":[{"embeddable":true,"href":"https:\/\/www.pm.pb.gov.br\/portal\/wp-json\/wp\/v2\/users\/12"}],"replies":[{"embeddable":true,"href":"https:\/\/www.pm.pb.gov.br\/portal\/wp-json\/wp\/v2\/comments?post=920775"}],"version-history":[{"count":2,"href":"https:\/\/www.pm.pb.gov.br\/portal\/wp-json\/wp\/v2\/posts\/920775\/revisions"}],"predecessor-version":[{"id":920779,"href":"https:\/\/www.pm.pb.gov.br\/portal\/wp-json\/wp\/v2\/posts\/920775\/revisions\/920779"}],"wp:featuredmedia":[{"embeddable":true,"href":"https:\/\/www.pm.pb.gov.br\/portal\/wp-json\/wp\/v2\/media\/920776"}],"wp:attachment":[{"href":"https:\/\/www.pm.pb.gov.br\/portal\/wp-json\/wp\/v2\/media?parent=920775"}],"wp:term":[{"taxonomy":"category","embeddable":true,"href":"https:\/\/www.pm.pb.gov.br\/portal\/wp-json\/wp\/v2\/categories?post=920775"},{"taxonomy":"post_tag","embeddable":true,"href":"https:\/\/www.pm.pb.gov.br\/portal\/wp-json\/wp\/v2\/tags?post=920775"}],"curies":[{"name":"wp","href":"https:\/\/api.w.org\/{rel}","templated":true}]}}