{"id":920764,"date":"2024-01-31T05:44:00","date_gmt":"2024-01-31T08:44:00","guid":{"rendered":"https:\/\/www.pm.pb.gov.br\/portal\/?p=920764"},"modified":"2024-01-31T16:47:38","modified_gmt":"2024-01-31T19:47:38","slug":"tres-sao-presos-por-tentativa-de-furto-de-fios-na-zona-sul-de-joao-pessoa","status":"publish","type":"post","link":"https:\/\/www.pm.pb.gov.br\/portal\/2024\/01\/31\/tres-sao-presos-por-tentativa-de-furto-de-fios-na-zona-sul-de-joao-pessoa\/","title":{"rendered":"Tr\u00eas s\u00e3o presos por tentativa de furto de fios na zona sul de Jo\u00e3o Pessoa"},"content":{"rendered":"\n\n\n<p>Subiu para tr\u00eas o n\u00famero de acusados presos por tentarem furtar fios e interromperem servi\u00e7os de energia, \u00e1gua ou internet. Dessa vez, a pris\u00e3o do infrator aconteceu na noite da \u00faltima ter\u00e7a-feira (30) no bairro de Mu\u00e7umagro, zona sul de Jo\u00e3o Pessoa.<\/p>\n<p>De acordo com o 5\u00ba Batalh\u00e3o, policiais prenderam o acusado ap\u00f3s ele ser flagrado durante o delito e ter sido detido no local por tentar furtar fios de uma torre de transmiss\u00e3o. Com o acusado foram encontrados os fios e uma serra que foi usada para a pr\u00e1tica do crime (foto acima).<\/p>\n<p>A ocorr\u00eancia foi encaminhada para a Cidade da Pol\u00edcia Civil para os procedimentos cab\u00edveis. Na madrugada do mesmo dia, outros dois acusados foram presos por tentarem furtar fios na Avenida Hilton Souto Maior, no bairro do Jos\u00e9 Am\u00e9rico. Um dos acusados j\u00e1 tinha passagem pela pol\u00edcia. A dupla tamb\u00e9m foi encaminhada para a delegacia.<\/p>\n<p><strong>Dados &#8211;<\/strong> Em 2023, cerca de 40 pessoas foram presas pela Pol\u00edcia Militar na grande Jo\u00e3o Pessoa por tentarem furtar fios de energia, internet e telefonia. Este tipo de crime provoca preju\u00edzo com a interrup\u00e7\u00e3o de servi\u00e7os essenciais como energia el\u00e9trica, \u00e1gua, internet entre outros.<\/p>\n<p>A corpora\u00e7\u00e3o refor\u00e7a que, qualquer um que receber, adquirir, transportar ou conduzir fios ou outros materiais que s\u00e3o produtos de furto, tamb\u00e9m pode estar incorrendo no crime de recepta\u00e7\u00e3o.<\/p>\n","protected":false},"excerpt":{"rendered":"<p>Subiu para tr\u00eas o n\u00famero de acusados presos por tentarem furtar fios e interromperem servi\u00e7os de energia, \u00e1gua ou internet.<\/p>\n","protected":false},"author":12,"featured_media":920765,"comment_status":"closed","ping_status":"closed","sticky":false,"template":"","format":"standard","meta":{"_exactmetrics_skip_tracking":false,"_exactmetrics_sitenote_active":false,"_exactmetrics_sitenote_note":"","_exactmetrics_sitenote_category":0,"footnotes":""},"categories":[4],"tags":[],"yoast_head":"<!-- This site is optimized with the Yoast SEO plugin v22.0 - https:\/\/yoast.com\/wordpress\/plugins\/seo\/ -->\n<title>Tr\u00eas s\u00e3o presos por tentativa de furto de fios na zona sul de Jo\u00e3o Pessoa - Pol\u00edcia Militar da Para\u00edba<\/title>\n<meta name=\"description\" content=\"Em 2023, cerca de 40 pessoas foram presas pela Pol\u00edcia Militar na grande Jo\u00e3o Pessoa por tentarem furtar fios de energia, internet e telefonia.\" \/>\n<meta name=\"robots\" content=\"index, follow, max-snippet:-1, max-image-preview:large, max-video-preview:-1\" \/>\n<link rel=\"canonical\" href=\"https:\/\/www.pm.pb.gov.br\/portal\/2024\/01\/31\/tres-sao-presos-por-tentativa-de-furto-de-fios-na-zona-sul-de-joao-pessoa\/\" \/>\n<meta property=\"og:locale\" content=\"pt_BR\" \/>\n<meta property=\"og:type\" content=\"article\" \/>\n<meta property=\"og:title\" content=\"Tr\u00eas s\u00e3o presos por tentativa de furto de fios na zona sul de Jo\u00e3o Pessoa - Pol\u00edcia Militar da Para\u00edba\" \/>\n<meta property=\"og:description\" content=\"Em 2023, cerca de 40 pessoas foram presas pela Pol\u00edcia Militar na grande Jo\u00e3o Pessoa por tentarem furtar fios de energia, internet e telefonia.\" \/>\n<meta property=\"og:url\" content=\"https:\/\/www.pm.pb.gov.br\/portal\/2024\/01\/31\/tres-sao-presos-por-tentativa-de-furto-de-fios-na-zona-sul-de-joao-pessoa\/\" \/>\n<meta property=\"og:site_name\" content=\"Pol\u00edcia Militar da Para\u00edba\" \/>\n<meta property=\"article:published_time\" content=\"2024-01-31T08:44:00+00:00\" \/>\n<meta property=\"article:modified_time\" content=\"2024-01-31T19:47:38+00:00\" \/>\n<meta property=\"og:image\" content=\"http:\/\/www.pm.pb.gov.br\/portal\/wp-content\/uploads\/2024\/01\/WhatsApp-Image-2024-01-31-at-07.37.37.jpeg\" \/>\n\t<meta property=\"og:image:width\" content=\"800\" \/>\n\t<meta property=\"og:image:height\" content=\"445\" \/>\n\t<meta property=\"og:image:type\" content=\"image\/jpeg\" \/>\n<meta name=\"author\" content=\"Tarcisio Oliveira\" \/>\n<meta name=\"twitter:card\" content=\"summary_large_image\" \/>\n<meta name=\"twitter:label1\" content=\"Escrito por\" \/>\n\t<meta name=\"twitter:data1\" content=\"Tarcisio Oliveira\" \/>\n\t<meta name=\"twitter:label2\" content=\"Est. tempo de leitura\" \/>\n\t<meta name=\"twitter:data2\" content=\"2 minutos\" \/>\n<script type=\"application\/ld+json\" class=\"yoast-schema-graph\">{\"@context\":\"https:\/\/schema.org\",\"@graph\":[{\"@type\":\"Article\",\"@id\":\"https:\/\/www.pm.pb.gov.br\/portal\/2024\/01\/31\/tres-sao-presos-por-tentativa-de-furto-de-fios-na-zona-sul-de-joao-pessoa\/#article\",\"isPartOf\":{\"@id\":\"https:\/\/www.pm.pb.gov.br\/portal\/2024\/01\/31\/tres-sao-presos-por-tentativa-de-furto-de-fios-na-zona-sul-de-joao-pessoa\/\"},\"author\":{\"name\":\"Tarcisio Oliveira\",\"@id\":\"https:\/\/www.pm.pb.gov.br\/portal\/#\/schema\/person\/f84f56dcc78ce4357054da888b8247fd\"},\"headline\":\"Tr\u00eas s\u00e3o presos por tentativa de furto de fios na zona sul de Jo\u00e3o Pessoa\",\"datePublished\":\"2024-01-31T08:44:00+00:00\",\"dateModified\":\"2024-01-31T19:47:38+00:00\",\"mainEntityOfPage\":{\"@id\":\"https:\/\/www.pm.pb.gov.br\/portal\/2024\/01\/31\/tres-sao-presos-por-tentativa-de-furto-de-fios-na-zona-sul-de-joao-pessoa\/\"},\"wordCount\":264,\"publisher\":{\"@id\":\"https:\/\/www.pm.pb.gov.br\/portal\/#organization\"},\"articleSection\":[\"A\u00e7\u00f5es Policiais\"],\"inLanguage\":\"pt-BR\"},{\"@type\":\"WebPage\",\"@id\":\"https:\/\/www.pm.pb.gov.br\/portal\/2024\/01\/31\/tres-sao-presos-por-tentativa-de-furto-de-fios-na-zona-sul-de-joao-pessoa\/\",\"url\":\"https:\/\/www.pm.pb.gov.br\/portal\/2024\/01\/31\/tres-sao-presos-por-tentativa-de-furto-de-fios-na-zona-sul-de-joao-pessoa\/\",\"name\":\"Tr\u00eas s\u00e3o presos por tentativa de furto de fios na zona sul de Jo\u00e3o Pessoa - Pol\u00edcia Militar da Para\u00edba\",\"isPartOf\":{\"@id\":\"https:\/\/www.pm.pb.gov.br\/portal\/#website\"},\"datePublished\":\"2024-01-31T08:44:00+00:00\",\"dateModified\":\"2024-01-31T19:47:38+00:00\",\"description\":\"Em 2023, cerca de 40 pessoas foram presas pela Pol\u00edcia Militar na grande Jo\u00e3o Pessoa por tentarem furtar fios de energia, internet e telefonia.\",\"breadcrumb\":{\"@id\":\"https:\/\/www.pm.pb.gov.br\/portal\/2024\/01\/31\/tres-sao-presos-por-tentativa-de-furto-de-fios-na-zona-sul-de-joao-pessoa\/#breadcrumb\"},\"inLanguage\":\"pt-BR\",\"potentialAction\":[{\"@type\":\"ReadAction\",\"target\":[\"https:\/\/www.pm.pb.gov.br\/portal\/2024\/01\/31\/tres-sao-presos-por-tentativa-de-furto-de-fios-na-zona-sul-de-joao-pessoa\/\"]}]},{\"@type\":\"BreadcrumbList\",\"@id\":\"https:\/\/www.pm.pb.gov.br\/portal\/2024\/01\/31\/tres-sao-presos-por-tentativa-de-furto-de-fios-na-zona-sul-de-joao-pessoa\/#breadcrumb\",\"itemListElement\":[{\"@type\":\"ListItem\",\"position\":1,\"name\":\"In\u00edcio\",\"item\":\"https:\/\/www.pm.pb.gov.br\/portal\/\"},{\"@type\":\"ListItem\",\"position\":2,\"name\":\"Tr\u00eas s\u00e3o presos por tentativa de furto de fios na zona sul de Jo\u00e3o Pessoa\"}]},{\"@type\":\"WebSite\",\"@id\":\"https:\/\/www.pm.pb.gov.br\/portal\/#website\",\"url\":\"https:\/\/www.pm.pb.gov.br\/portal\/\",\"name\":\"Pol\u00edcia Militar da Para\u00edba\",\"description\":\"\",\"publisher\":{\"@id\":\"https:\/\/www.pm.pb.gov.br\/portal\/#organization\"},\"potentialAction\":[{\"@type\":\"SearchAction\",\"target\":{\"@type\":\"EntryPoint\",\"urlTemplate\":\"https:\/\/www.pm.pb.gov.br\/portal\/?s={search_term_string}\"},\"query-input\":\"required name=search_term_string\"}],\"inLanguage\":\"pt-BR\"},{\"@type\":\"Organization\",\"@id\":\"https:\/\/www.pm.pb.gov.br\/portal\/#organization\",\"name\":\"Pol\u00edcia Militar da Para\u00edba\",\"url\":\"https:\/\/www.pm.pb.gov.br\/portal\/\",\"logo\":{\"@type\":\"ImageObject\",\"inLanguage\":\"pt-BR\",\"@id\":\"https:\/\/www.pm.pb.gov.br\/portal\/#\/schema\/logo\/image\/\",\"url\":\"https:\/\/www.pm.pb.gov.br\/portal\/wp-content\/uploads\/2025\/03\/cropped-logo-site-mag2-1.png\",\"contentUrl\":\"https:\/\/www.pm.pb.gov.br\/portal\/wp-content\/uploads\/2025\/03\/cropped-logo-site-mag2-1.png\",\"width\":320,\"height\":90,\"caption\":\"Pol\u00edcia Militar da Para\u00edba\"},\"image\":{\"@id\":\"https:\/\/www.pm.pb.gov.br\/portal\/#\/schema\/logo\/image\/\"}},{\"@type\":\"Person\",\"@id\":\"https:\/\/www.pm.pb.gov.br\/portal\/#\/schema\/person\/f84f56dcc78ce4357054da888b8247fd\",\"name\":\"Tarcisio Oliveira\",\"image\":{\"@type\":\"ImageObject\",\"inLanguage\":\"pt-BR\",\"@id\":\"https:\/\/www.pm.pb.gov.br\/portal\/#\/schema\/person\/image\/\",\"url\":\"https:\/\/secure.gravatar.com\/avatar\/72917b630b69d31cd0297507f34bac97?s=96&d=mm&r=g\",\"contentUrl\":\"https:\/\/secure.gravatar.com\/avatar\/72917b630b69d31cd0297507f34bac97?s=96&d=mm&r=g\",\"caption\":\"Tarcisio Oliveira\"},\"url\":\"https:\/\/www.pm.pb.gov.br\/portal\/author\/tarcisio\/\"}]}<\/script>\n<!-- \/ Yoast SEO plugin. -->","yoast_head_json":{"title":"Tr\u00eas s\u00e3o presos por tentativa de furto de fios na zona sul de Jo\u00e3o Pessoa - Pol\u00edcia Militar da Para\u00edba","description":"Em 2023, cerca de 40 pessoas foram presas pela Pol\u00edcia Militar na grande Jo\u00e3o Pessoa por tentarem furtar fios de energia, internet e telefonia.","robots":{"index":"index","follow":"follow","max-snippet":"max-snippet:-1","max-image-preview":"max-image-preview:large","max-video-preview":"max-video-preview:-1"},"canonical":"https:\/\/www.pm.pb.gov.br\/portal\/2024\/01\/31\/tres-sao-presos-por-tentativa-de-furto-de-fios-na-zona-sul-de-joao-pessoa\/","og_locale":"pt_BR","og_type":"article","og_title":"Tr\u00eas s\u00e3o presos por tentativa de furto de fios na zona sul de Jo\u00e3o Pessoa - Pol\u00edcia Militar da Para\u00edba","og_description":"Em 2023, cerca de 40 pessoas foram presas pela Pol\u00edcia Militar na grande Jo\u00e3o Pessoa por tentarem furtar fios de energia, internet e telefonia.","og_url":"https:\/\/www.pm.pb.gov.br\/portal\/2024\/01\/31\/tres-sao-presos-por-tentativa-de-furto-de-fios-na-zona-sul-de-joao-pessoa\/","og_site_name":"Pol\u00edcia Militar da Para\u00edba","article_published_time":"2024-01-31T08:44:00+00:00","article_modified_time":"2024-01-31T19:47:38+00:00","og_image":[{"width":800,"height":445,"url":"http:\/\/www.pm.pb.gov.br\/portal\/wp-content\/uploads\/2024\/01\/WhatsApp-Image-2024-01-31-at-07.37.37.jpeg","type":"image\/jpeg"}],"author":"Tarcisio Oliveira","twitter_card":"summary_large_image","twitter_misc":{"Escrito por":"Tarcisio Oliveira","Est. tempo de leitura":"2 minutos"},"schema":{"@context":"https:\/\/schema.org","@graph":[{"@type":"Article","@id":"https:\/\/www.pm.pb.gov.br\/portal\/2024\/01\/31\/tres-sao-presos-por-tentativa-de-furto-de-fios-na-zona-sul-de-joao-pessoa\/#article","isPartOf":{"@id":"https:\/\/www.pm.pb.gov.br\/portal\/2024\/01\/31\/tres-sao-presos-por-tentativa-de-furto-de-fios-na-zona-sul-de-joao-pessoa\/"},"author":{"name":"Tarcisio Oliveira","@id":"https:\/\/www.pm.pb.gov.br\/portal\/#\/schema\/person\/f84f56dcc78ce4357054da888b8247fd"},"headline":"Tr\u00eas s\u00e3o presos por tentativa de furto de fios na zona sul de Jo\u00e3o Pessoa","datePublished":"2024-01-31T08:44:00+00:00","dateModified":"2024-01-31T19:47:38+00:00","mainEntityOfPage":{"@id":"https:\/\/www.pm.pb.gov.br\/portal\/2024\/01\/31\/tres-sao-presos-por-tentativa-de-furto-de-fios-na-zona-sul-de-joao-pessoa\/"},"wordCount":264,"publisher":{"@id":"https:\/\/www.pm.pb.gov.br\/portal\/#organization"},"articleSection":["A\u00e7\u00f5es Policiais"],"inLanguage":"pt-BR"},{"@type":"WebPage","@id":"https:\/\/www.pm.pb.gov.br\/portal\/2024\/01\/31\/tres-sao-presos-por-tentativa-de-furto-de-fios-na-zona-sul-de-joao-pessoa\/","url":"https:\/\/www.pm.pb.gov.br\/portal\/2024\/01\/31\/tres-sao-presos-por-tentativa-de-furto-de-fios-na-zona-sul-de-joao-pessoa\/","name":"Tr\u00eas s\u00e3o presos por tentativa de furto de fios na zona sul de Jo\u00e3o Pessoa - Pol\u00edcia Militar da Para\u00edba","isPartOf":{"@id":"https:\/\/www.pm.pb.gov.br\/portal\/#website"},"datePublished":"2024-01-31T08:44:00+00:00","dateModified":"2024-01-31T19:47:38+00:00","description":"Em 2023, cerca de 40 pessoas foram presas pela Pol\u00edcia Militar na grande Jo\u00e3o Pessoa por tentarem furtar fios de energia, internet e telefonia.","breadcrumb":{"@id":"https:\/\/www.pm.pb.gov.br\/portal\/2024\/01\/31\/tres-sao-presos-por-tentativa-de-furto-de-fios-na-zona-sul-de-joao-pessoa\/#breadcrumb"},"inLanguage":"pt-BR","potentialAction":[{"@type":"ReadAction","target":["https:\/\/www.pm.pb.gov.br\/portal\/2024\/01\/31\/tres-sao-presos-por-tentativa-de-furto-de-fios-na-zona-sul-de-joao-pessoa\/"]}]},{"@type":"BreadcrumbList","@id":"https:\/\/www.pm.pb.gov.br\/portal\/2024\/01\/31\/tres-sao-presos-por-tentativa-de-furto-de-fios-na-zona-sul-de-joao-pessoa\/#breadcrumb","itemListElement":[{"@type":"ListItem","position":1,"name":"In\u00edcio","item":"https:\/\/www.pm.pb.gov.br\/portal\/"},{"@type":"ListItem","position":2,"name":"Tr\u00eas s\u00e3o presos por tentativa de furto de fios na zona sul de Jo\u00e3o Pessoa"}]},{"@type":"WebSite","@id":"https:\/\/www.pm.pb.gov.br\/portal\/#website","url":"https:\/\/www.pm.pb.gov.br\/portal\/","name":"Pol\u00edcia Militar da Para\u00edba","description":"","publisher":{"@id":"https:\/\/www.pm.pb.gov.br\/portal\/#organization"},"potentialAction":[{"@type":"SearchAction","target":{"@type":"EntryPoint","urlTemplate":"https:\/\/www.pm.pb.gov.br\/portal\/?s={search_term_string}"},"query-input":"required name=search_term_string"}],"inLanguage":"pt-BR"},{"@type":"Organization","@id":"https:\/\/www.pm.pb.gov.br\/portal\/#organization","name":"Pol\u00edcia Militar da Para\u00edba","url":"https:\/\/www.pm.pb.gov.br\/portal\/","logo":{"@type":"ImageObject","inLanguage":"pt-BR","@id":"https:\/\/www.pm.pb.gov.br\/portal\/#\/schema\/logo\/image\/","url":"https:\/\/www.pm.pb.gov.br\/portal\/wp-content\/uploads\/2025\/03\/cropped-logo-site-mag2-1.png","contentUrl":"https:\/\/www.pm.pb.gov.br\/portal\/wp-content\/uploads\/2025\/03\/cropped-logo-site-mag2-1.png","width":320,"height":90,"caption":"Pol\u00edcia Militar da Para\u00edba"},"image":{"@id":"https:\/\/www.pm.pb.gov.br\/portal\/#\/schema\/logo\/image\/"}},{"@type":"Person","@id":"https:\/\/www.pm.pb.gov.br\/portal\/#\/schema\/person\/f84f56dcc78ce4357054da888b8247fd","name":"Tarcisio Oliveira","image":{"@type":"ImageObject","inLanguage":"pt-BR","@id":"https:\/\/www.pm.pb.gov.br\/portal\/#\/schema\/person\/image\/","url":"https:\/\/secure.gravatar.com\/avatar\/72917b630b69d31cd0297507f34bac97?s=96&d=mm&r=g","contentUrl":"https:\/\/secure.gravatar.com\/avatar\/72917b630b69d31cd0297507f34bac97?s=96&d=mm&r=g","caption":"Tarcisio Oliveira"},"url":"https:\/\/www.pm.pb.gov.br\/portal\/author\/tarcisio\/"}]}},"_links":{"self":[{"href":"https:\/\/www.pm.pb.gov.br\/portal\/wp-json\/wp\/v2\/posts\/920764"}],"collection":[{"href":"https:\/\/www.pm.pb.gov.br\/portal\/wp-json\/wp\/v2\/posts"}],"about":[{"href":"https:\/\/www.pm.pb.gov.br\/portal\/wp-json\/wp\/v2\/types\/post"}],"author":[{"embeddable":true,"href":"https:\/\/www.pm.pb.gov.br\/portal\/wp-json\/wp\/v2\/users\/12"}],"replies":[{"embeddable":true,"href":"https:\/\/www.pm.pb.gov.br\/portal\/wp-json\/wp\/v2\/comments?post=920764"}],"version-history":[{"count":1,"href":"https:\/\/www.pm.pb.gov.br\/portal\/wp-json\/wp\/v2\/posts\/920764\/revisions"}],"predecessor-version":[{"id":920766,"href":"https:\/\/www.pm.pb.gov.br\/portal\/wp-json\/wp\/v2\/posts\/920764\/revisions\/920766"}],"wp:featuredmedia":[{"embeddable":true,"href":"https:\/\/www.pm.pb.gov.br\/portal\/wp-json\/wp\/v2\/media\/920765"}],"wp:attachment":[{"href":"https:\/\/www.pm.pb.gov.br\/portal\/wp-json\/wp\/v2\/media?parent=920764"}],"wp:term":[{"taxonomy":"category","embeddable":true,"href":"https:\/\/www.pm.pb.gov.br\/portal\/wp-json\/wp\/v2\/categories?post=920764"},{"taxonomy":"post_tag","embeddable":true,"href":"https:\/\/www.pm.pb.gov.br\/portal\/wp-json\/wp\/v2\/tags?post=920764"}],"curies":[{"name":"wp","href":"https:\/\/api.w.org\/{rel}","templated":true}]}}