{"id":920760,"date":"2024-01-31T06:09:00","date_gmt":"2024-01-31T09:09:00","guid":{"rendered":"https:\/\/www.pm.pb.gov.br\/portal\/?p=920760"},"modified":"2024-01-31T16:12:41","modified_gmt":"2024-01-31T19:12:41","slug":"apos-perseguicao-policia-militar-desarticula-grupo-criminoso-e-apreende-armas-de-fogo-em-remigio","status":"publish","type":"post","link":"https:\/\/www.pm.pb.gov.br\/portal\/2024\/01\/31\/apos-perseguicao-policia-militar-desarticula-grupo-criminoso-e-apreende-armas-de-fogo-em-remigio\/","title":{"rendered":"Ap\u00f3s persegui\u00e7\u00e3o, Pol\u00edcia Militar desarticula grupo criminoso e apreende armas de fogo em Rem\u00edgio"},"content":{"rendered":"\n<p>A Pol\u00edcia Militar prendeu, na noite da \u00faltima ter\u00e7a-feira (30), quatro homens acusados de associa\u00e7\u00e3o criminosa, porte ilegal de arma de fogo e adultera\u00e7\u00e3o de sinal identificador de ve\u00edculo. A a\u00e7\u00e3o aconteceu em Rem\u00edgio.<\/p>\n<p>Policiais da For\u00e7a T\u00e1tica do 15\u00ba Batalh\u00e3o realizava patrulhamento ostensivo no centro da cidade quando avistaram um ve\u00edculo em alta velocidade. Ao tentar abordar, o ve\u00edculo desobedeceu \u00e0 ordem de parada, desencadeando uma persegui\u00e7\u00e3o. O acompanhamento t\u00e1tico, com o apoio da Radiopatrulha, resultou na intercepta\u00e7\u00e3o do Chevrolet Cobalt \u00e0s margens da PB-079.<\/p>\n<p>De acordo com a unidade policial, no carro estavam quatro ocupantes. Durante a abordagem, foram encontradas duas armas de fogo, sendo um rev\u00f3lver calibre 32 e outro calibre 38, al\u00e9m de diversos materiais, incluindo roupas diversas, entre elas uma jaqueta de moto-taxi, tr\u00eas celulares sem identifica\u00e7\u00e3o e o ve\u00edculo com sinais de adultera\u00e7\u00e3o (foto abaixo).<\/p>\n<p><img loading=\"lazy\" decoding=\"async\" class=\"size-medium wp-image-920762 aligncenter\" src=\"http:\/\/www.pm.pb.gov.br\/portal\/wp-content\/uploads\/2024\/01\/WhatsApp-Image-2024-01-31-at-09.13.13-315x445.jpeg\" alt=\"\" width=\"315\" height=\"445\" srcset=\"https:\/\/www.pm.pb.gov.br\/portal\/wp-content\/uploads\/2024\/01\/WhatsApp-Image-2024-01-31-at-09.13.13-315x445.jpeg 315w, https:\/\/www.pm.pb.gov.br\/portal\/wp-content\/uploads\/2024\/01\/WhatsApp-Image-2024-01-31-at-09.13.13-404x570.jpeg 404w, https:\/\/www.pm.pb.gov.br\/portal\/wp-content\/uploads\/2024\/01\/WhatsApp-Image-2024-01-31-at-09.13.13.jpeg 712w\" sizes=\"(max-width: 315px) 100vw, 315px\" \/><\/p>\n<p>Segundo os policiais do 15\u00ba Batalh\u00e3o, os acusados j\u00e1 t\u00eam uma extensa ficha criminal por diversos delitos, como homic\u00eddio, roubo e tr\u00e1fico de drogas. Os quatro indiv\u00edduos foram presos em flagrante e conduzidos \u00e0 Delegacia de Pol\u00edcia Civil de Esperan\u00e7a, e onde a participa\u00e7\u00e3o deles em crimes na regi\u00e3o ser\u00e1 investigada.<\/p>\n\n\n","protected":false},"excerpt":{"rendered":"<p>A Pol\u00edcia Militar prendeu, na noite da \u00faltima ter\u00e7a-feira (30), quatro homens acusados de associa\u00e7\u00e3o criminosa, porte ilegal de arma<\/p>\n","protected":false},"author":12,"featured_media":920761,"comment_status":"closed","ping_status":"closed","sticky":false,"template":"","format":"standard","meta":{"_exactmetrics_skip_tracking":false,"_exactmetrics_sitenote_active":false,"_exactmetrics_sitenote_note":"","_exactmetrics_sitenote_category":0,"footnotes":""},"categories":[4],"tags":[],"yoast_head":"<!-- This site is optimized with the Yoast SEO plugin v22.0 - https:\/\/yoast.com\/wordpress\/plugins\/seo\/ -->\n<title>Ap\u00f3s persegui\u00e7\u00e3o, Pol\u00edcia Militar desarticula grupo criminoso e apreende armas de fogo em Rem\u00edgio - Pol\u00edcia Militar da Para\u00edba<\/title>\n<meta name=\"description\" content=\"Acusados j\u00e1 t\u00eam uma extensa ficha criminal por diversos delitos, como homic\u00eddio, roubo e tr\u00e1fico de drogas.\" \/>\n<meta name=\"robots\" content=\"index, follow, max-snippet:-1, max-image-preview:large, max-video-preview:-1\" \/>\n<link rel=\"canonical\" href=\"https:\/\/www.pm.pb.gov.br\/portal\/2024\/01\/31\/apos-perseguicao-policia-militar-desarticula-grupo-criminoso-e-apreende-armas-de-fogo-em-remigio\/\" \/>\n<meta property=\"og:locale\" content=\"pt_BR\" \/>\n<meta property=\"og:type\" content=\"article\" \/>\n<meta property=\"og:title\" content=\"Ap\u00f3s persegui\u00e7\u00e3o, Pol\u00edcia Militar desarticula grupo criminoso e apreende armas de fogo em Rem\u00edgio - Pol\u00edcia Militar da Para\u00edba\" \/>\n<meta property=\"og:description\" content=\"Acusados j\u00e1 t\u00eam uma extensa ficha criminal por diversos delitos, como homic\u00eddio, roubo e tr\u00e1fico de drogas.\" \/>\n<meta property=\"og:url\" content=\"https:\/\/www.pm.pb.gov.br\/portal\/2024\/01\/31\/apos-perseguicao-policia-militar-desarticula-grupo-criminoso-e-apreende-armas-de-fogo-em-remigio\/\" \/>\n<meta property=\"og:site_name\" content=\"Pol\u00edcia Militar da Para\u00edba\" \/>\n<meta property=\"article:published_time\" content=\"2024-01-31T09:09:00+00:00\" \/>\n<meta property=\"article:modified_time\" content=\"2024-01-31T19:12:41+00:00\" \/>\n<meta property=\"og:image\" content=\"http:\/\/www.pm.pb.gov.br\/portal\/wp-content\/uploads\/2024\/01\/WhatsApp-Image-2024-01-31-at-09.09.12.jpeg\" \/>\n\t<meta property=\"og:image:width\" content=\"800\" \/>\n\t<meta property=\"og:image:height\" content=\"445\" \/>\n\t<meta property=\"og:image:type\" content=\"image\/jpeg\" \/>\n<meta name=\"author\" content=\"Tarcisio Oliveira\" \/>\n<meta name=\"twitter:card\" content=\"summary_large_image\" \/>\n<meta name=\"twitter:label1\" content=\"Escrito por\" \/>\n\t<meta name=\"twitter:data1\" content=\"Tarcisio Oliveira\" \/>\n\t<meta name=\"twitter:label2\" content=\"Est. tempo de leitura\" \/>\n\t<meta name=\"twitter:data2\" content=\"2 minutos\" \/>\n<script type=\"application\/ld+json\" class=\"yoast-schema-graph\">{\"@context\":\"https:\/\/schema.org\",\"@graph\":[{\"@type\":\"Article\",\"@id\":\"https:\/\/www.pm.pb.gov.br\/portal\/2024\/01\/31\/apos-perseguicao-policia-militar-desarticula-grupo-criminoso-e-apreende-armas-de-fogo-em-remigio\/#article\",\"isPartOf\":{\"@id\":\"https:\/\/www.pm.pb.gov.br\/portal\/2024\/01\/31\/apos-perseguicao-policia-militar-desarticula-grupo-criminoso-e-apreende-armas-de-fogo-em-remigio\/\"},\"author\":{\"name\":\"Tarcisio Oliveira\",\"@id\":\"https:\/\/www.pm.pb.gov.br\/portal\/#\/schema\/person\/f84f56dcc78ce4357054da888b8247fd\"},\"headline\":\"Ap\u00f3s persegui\u00e7\u00e3o, Pol\u00edcia Militar desarticula grupo criminoso e apreende armas de fogo em Rem\u00edgio\",\"datePublished\":\"2024-01-31T09:09:00+00:00\",\"dateModified\":\"2024-01-31T19:12:41+00:00\",\"mainEntityOfPage\":{\"@id\":\"https:\/\/www.pm.pb.gov.br\/portal\/2024\/01\/31\/apos-perseguicao-policia-militar-desarticula-grupo-criminoso-e-apreende-armas-de-fogo-em-remigio\/\"},\"wordCount\":233,\"publisher\":{\"@id\":\"https:\/\/www.pm.pb.gov.br\/portal\/#organization\"},\"articleSection\":[\"A\u00e7\u00f5es Policiais\"],\"inLanguage\":\"pt-BR\"},{\"@type\":\"WebPage\",\"@id\":\"https:\/\/www.pm.pb.gov.br\/portal\/2024\/01\/31\/apos-perseguicao-policia-militar-desarticula-grupo-criminoso-e-apreende-armas-de-fogo-em-remigio\/\",\"url\":\"https:\/\/www.pm.pb.gov.br\/portal\/2024\/01\/31\/apos-perseguicao-policia-militar-desarticula-grupo-criminoso-e-apreende-armas-de-fogo-em-remigio\/\",\"name\":\"Ap\u00f3s persegui\u00e7\u00e3o, Pol\u00edcia Militar desarticula grupo criminoso e apreende armas de fogo em Rem\u00edgio - Pol\u00edcia Militar da Para\u00edba\",\"isPartOf\":{\"@id\":\"https:\/\/www.pm.pb.gov.br\/portal\/#website\"},\"datePublished\":\"2024-01-31T09:09:00+00:00\",\"dateModified\":\"2024-01-31T19:12:41+00:00\",\"description\":\"Acusados j\u00e1 t\u00eam uma extensa ficha criminal por diversos delitos, como homic\u00eddio, roubo e tr\u00e1fico de drogas.\",\"breadcrumb\":{\"@id\":\"https:\/\/www.pm.pb.gov.br\/portal\/2024\/01\/31\/apos-perseguicao-policia-militar-desarticula-grupo-criminoso-e-apreende-armas-de-fogo-em-remigio\/#breadcrumb\"},\"inLanguage\":\"pt-BR\",\"potentialAction\":[{\"@type\":\"ReadAction\",\"target\":[\"https:\/\/www.pm.pb.gov.br\/portal\/2024\/01\/31\/apos-perseguicao-policia-militar-desarticula-grupo-criminoso-e-apreende-armas-de-fogo-em-remigio\/\"]}]},{\"@type\":\"BreadcrumbList\",\"@id\":\"https:\/\/www.pm.pb.gov.br\/portal\/2024\/01\/31\/apos-perseguicao-policia-militar-desarticula-grupo-criminoso-e-apreende-armas-de-fogo-em-remigio\/#breadcrumb\",\"itemListElement\":[{\"@type\":\"ListItem\",\"position\":1,\"name\":\"In\u00edcio\",\"item\":\"https:\/\/www.pm.pb.gov.br\/portal\/\"},{\"@type\":\"ListItem\",\"position\":2,\"name\":\"Ap\u00f3s persegui\u00e7\u00e3o, Pol\u00edcia Militar desarticula grupo criminoso e apreende armas de fogo em Rem\u00edgio\"}]},{\"@type\":\"WebSite\",\"@id\":\"https:\/\/www.pm.pb.gov.br\/portal\/#website\",\"url\":\"https:\/\/www.pm.pb.gov.br\/portal\/\",\"name\":\"Pol\u00edcia Militar da Para\u00edba\",\"description\":\"\",\"publisher\":{\"@id\":\"https:\/\/www.pm.pb.gov.br\/portal\/#organization\"},\"potentialAction\":[{\"@type\":\"SearchAction\",\"target\":{\"@type\":\"EntryPoint\",\"urlTemplate\":\"https:\/\/www.pm.pb.gov.br\/portal\/?s={search_term_string}\"},\"query-input\":\"required name=search_term_string\"}],\"inLanguage\":\"pt-BR\"},{\"@type\":\"Organization\",\"@id\":\"https:\/\/www.pm.pb.gov.br\/portal\/#organization\",\"name\":\"Pol\u00edcia Militar da Para\u00edba\",\"url\":\"https:\/\/www.pm.pb.gov.br\/portal\/\",\"logo\":{\"@type\":\"ImageObject\",\"inLanguage\":\"pt-BR\",\"@id\":\"https:\/\/www.pm.pb.gov.br\/portal\/#\/schema\/logo\/image\/\",\"url\":\"https:\/\/www.pm.pb.gov.br\/portal\/wp-content\/uploads\/2025\/03\/cropped-logo-site-mag2-1.png\",\"contentUrl\":\"https:\/\/www.pm.pb.gov.br\/portal\/wp-content\/uploads\/2025\/03\/cropped-logo-site-mag2-1.png\",\"width\":320,\"height\":90,\"caption\":\"Pol\u00edcia Militar da Para\u00edba\"},\"image\":{\"@id\":\"https:\/\/www.pm.pb.gov.br\/portal\/#\/schema\/logo\/image\/\"}},{\"@type\":\"Person\",\"@id\":\"https:\/\/www.pm.pb.gov.br\/portal\/#\/schema\/person\/f84f56dcc78ce4357054da888b8247fd\",\"name\":\"Tarcisio Oliveira\",\"image\":{\"@type\":\"ImageObject\",\"inLanguage\":\"pt-BR\",\"@id\":\"https:\/\/www.pm.pb.gov.br\/portal\/#\/schema\/person\/image\/\",\"url\":\"https:\/\/secure.gravatar.com\/avatar\/72917b630b69d31cd0297507f34bac97?s=96&d=mm&r=g\",\"contentUrl\":\"https:\/\/secure.gravatar.com\/avatar\/72917b630b69d31cd0297507f34bac97?s=96&d=mm&r=g\",\"caption\":\"Tarcisio Oliveira\"},\"url\":\"https:\/\/www.pm.pb.gov.br\/portal\/author\/tarcisio\/\"}]}<\/script>\n<!-- \/ Yoast SEO plugin. -->","yoast_head_json":{"title":"Ap\u00f3s persegui\u00e7\u00e3o, Pol\u00edcia Militar desarticula grupo criminoso e apreende armas de fogo em Rem\u00edgio - Pol\u00edcia Militar da Para\u00edba","description":"Acusados j\u00e1 t\u00eam uma extensa ficha criminal por diversos delitos, como homic\u00eddio, roubo e tr\u00e1fico de drogas.","robots":{"index":"index","follow":"follow","max-snippet":"max-snippet:-1","max-image-preview":"max-image-preview:large","max-video-preview":"max-video-preview:-1"},"canonical":"https:\/\/www.pm.pb.gov.br\/portal\/2024\/01\/31\/apos-perseguicao-policia-militar-desarticula-grupo-criminoso-e-apreende-armas-de-fogo-em-remigio\/","og_locale":"pt_BR","og_type":"article","og_title":"Ap\u00f3s persegui\u00e7\u00e3o, Pol\u00edcia Militar desarticula grupo criminoso e apreende armas de fogo em Rem\u00edgio - Pol\u00edcia Militar da Para\u00edba","og_description":"Acusados j\u00e1 t\u00eam uma extensa ficha criminal por diversos delitos, como homic\u00eddio, roubo e tr\u00e1fico de drogas.","og_url":"https:\/\/www.pm.pb.gov.br\/portal\/2024\/01\/31\/apos-perseguicao-policia-militar-desarticula-grupo-criminoso-e-apreende-armas-de-fogo-em-remigio\/","og_site_name":"Pol\u00edcia Militar da Para\u00edba","article_published_time":"2024-01-31T09:09:00+00:00","article_modified_time":"2024-01-31T19:12:41+00:00","og_image":[{"width":800,"height":445,"url":"http:\/\/www.pm.pb.gov.br\/portal\/wp-content\/uploads\/2024\/01\/WhatsApp-Image-2024-01-31-at-09.09.12.jpeg","type":"image\/jpeg"}],"author":"Tarcisio Oliveira","twitter_card":"summary_large_image","twitter_misc":{"Escrito por":"Tarcisio Oliveira","Est. tempo de leitura":"2 minutos"},"schema":{"@context":"https:\/\/schema.org","@graph":[{"@type":"Article","@id":"https:\/\/www.pm.pb.gov.br\/portal\/2024\/01\/31\/apos-perseguicao-policia-militar-desarticula-grupo-criminoso-e-apreende-armas-de-fogo-em-remigio\/#article","isPartOf":{"@id":"https:\/\/www.pm.pb.gov.br\/portal\/2024\/01\/31\/apos-perseguicao-policia-militar-desarticula-grupo-criminoso-e-apreende-armas-de-fogo-em-remigio\/"},"author":{"name":"Tarcisio Oliveira","@id":"https:\/\/www.pm.pb.gov.br\/portal\/#\/schema\/person\/f84f56dcc78ce4357054da888b8247fd"},"headline":"Ap\u00f3s persegui\u00e7\u00e3o, Pol\u00edcia Militar desarticula grupo criminoso e apreende armas de fogo em Rem\u00edgio","datePublished":"2024-01-31T09:09:00+00:00","dateModified":"2024-01-31T19:12:41+00:00","mainEntityOfPage":{"@id":"https:\/\/www.pm.pb.gov.br\/portal\/2024\/01\/31\/apos-perseguicao-policia-militar-desarticula-grupo-criminoso-e-apreende-armas-de-fogo-em-remigio\/"},"wordCount":233,"publisher":{"@id":"https:\/\/www.pm.pb.gov.br\/portal\/#organization"},"articleSection":["A\u00e7\u00f5es Policiais"],"inLanguage":"pt-BR"},{"@type":"WebPage","@id":"https:\/\/www.pm.pb.gov.br\/portal\/2024\/01\/31\/apos-perseguicao-policia-militar-desarticula-grupo-criminoso-e-apreende-armas-de-fogo-em-remigio\/","url":"https:\/\/www.pm.pb.gov.br\/portal\/2024\/01\/31\/apos-perseguicao-policia-militar-desarticula-grupo-criminoso-e-apreende-armas-de-fogo-em-remigio\/","name":"Ap\u00f3s persegui\u00e7\u00e3o, Pol\u00edcia Militar desarticula grupo criminoso e apreende armas de fogo em Rem\u00edgio - Pol\u00edcia Militar da Para\u00edba","isPartOf":{"@id":"https:\/\/www.pm.pb.gov.br\/portal\/#website"},"datePublished":"2024-01-31T09:09:00+00:00","dateModified":"2024-01-31T19:12:41+00:00","description":"Acusados j\u00e1 t\u00eam uma extensa ficha criminal por diversos delitos, como homic\u00eddio, roubo e tr\u00e1fico de drogas.","breadcrumb":{"@id":"https:\/\/www.pm.pb.gov.br\/portal\/2024\/01\/31\/apos-perseguicao-policia-militar-desarticula-grupo-criminoso-e-apreende-armas-de-fogo-em-remigio\/#breadcrumb"},"inLanguage":"pt-BR","potentialAction":[{"@type":"ReadAction","target":["https:\/\/www.pm.pb.gov.br\/portal\/2024\/01\/31\/apos-perseguicao-policia-militar-desarticula-grupo-criminoso-e-apreende-armas-de-fogo-em-remigio\/"]}]},{"@type":"BreadcrumbList","@id":"https:\/\/www.pm.pb.gov.br\/portal\/2024\/01\/31\/apos-perseguicao-policia-militar-desarticula-grupo-criminoso-e-apreende-armas-de-fogo-em-remigio\/#breadcrumb","itemListElement":[{"@type":"ListItem","position":1,"name":"In\u00edcio","item":"https:\/\/www.pm.pb.gov.br\/portal\/"},{"@type":"ListItem","position":2,"name":"Ap\u00f3s persegui\u00e7\u00e3o, Pol\u00edcia Militar desarticula grupo criminoso e apreende armas de fogo em Rem\u00edgio"}]},{"@type":"WebSite","@id":"https:\/\/www.pm.pb.gov.br\/portal\/#website","url":"https:\/\/www.pm.pb.gov.br\/portal\/","name":"Pol\u00edcia Militar da Para\u00edba","description":"","publisher":{"@id":"https:\/\/www.pm.pb.gov.br\/portal\/#organization"},"potentialAction":[{"@type":"SearchAction","target":{"@type":"EntryPoint","urlTemplate":"https:\/\/www.pm.pb.gov.br\/portal\/?s={search_term_string}"},"query-input":"required name=search_term_string"}],"inLanguage":"pt-BR"},{"@type":"Organization","@id":"https:\/\/www.pm.pb.gov.br\/portal\/#organization","name":"Pol\u00edcia Militar da Para\u00edba","url":"https:\/\/www.pm.pb.gov.br\/portal\/","logo":{"@type":"ImageObject","inLanguage":"pt-BR","@id":"https:\/\/www.pm.pb.gov.br\/portal\/#\/schema\/logo\/image\/","url":"https:\/\/www.pm.pb.gov.br\/portal\/wp-content\/uploads\/2025\/03\/cropped-logo-site-mag2-1.png","contentUrl":"https:\/\/www.pm.pb.gov.br\/portal\/wp-content\/uploads\/2025\/03\/cropped-logo-site-mag2-1.png","width":320,"height":90,"caption":"Pol\u00edcia Militar da Para\u00edba"},"image":{"@id":"https:\/\/www.pm.pb.gov.br\/portal\/#\/schema\/logo\/image\/"}},{"@type":"Person","@id":"https:\/\/www.pm.pb.gov.br\/portal\/#\/schema\/person\/f84f56dcc78ce4357054da888b8247fd","name":"Tarcisio Oliveira","image":{"@type":"ImageObject","inLanguage":"pt-BR","@id":"https:\/\/www.pm.pb.gov.br\/portal\/#\/schema\/person\/image\/","url":"https:\/\/secure.gravatar.com\/avatar\/72917b630b69d31cd0297507f34bac97?s=96&d=mm&r=g","contentUrl":"https:\/\/secure.gravatar.com\/avatar\/72917b630b69d31cd0297507f34bac97?s=96&d=mm&r=g","caption":"Tarcisio Oliveira"},"url":"https:\/\/www.pm.pb.gov.br\/portal\/author\/tarcisio\/"}]}},"_links":{"self":[{"href":"https:\/\/www.pm.pb.gov.br\/portal\/wp-json\/wp\/v2\/posts\/920760"}],"collection":[{"href":"https:\/\/www.pm.pb.gov.br\/portal\/wp-json\/wp\/v2\/posts"}],"about":[{"href":"https:\/\/www.pm.pb.gov.br\/portal\/wp-json\/wp\/v2\/types\/post"}],"author":[{"embeddable":true,"href":"https:\/\/www.pm.pb.gov.br\/portal\/wp-json\/wp\/v2\/users\/12"}],"replies":[{"embeddable":true,"href":"https:\/\/www.pm.pb.gov.br\/portal\/wp-json\/wp\/v2\/comments?post=920760"}],"version-history":[{"count":1,"href":"https:\/\/www.pm.pb.gov.br\/portal\/wp-json\/wp\/v2\/posts\/920760\/revisions"}],"predecessor-version":[{"id":920763,"href":"https:\/\/www.pm.pb.gov.br\/portal\/wp-json\/wp\/v2\/posts\/920760\/revisions\/920763"}],"wp:featuredmedia":[{"embeddable":true,"href":"https:\/\/www.pm.pb.gov.br\/portal\/wp-json\/wp\/v2\/media\/920761"}],"wp:attachment":[{"href":"https:\/\/www.pm.pb.gov.br\/portal\/wp-json\/wp\/v2\/media?parent=920760"}],"wp:term":[{"taxonomy":"category","embeddable":true,"href":"https:\/\/www.pm.pb.gov.br\/portal\/wp-json\/wp\/v2\/categories?post=920760"},{"taxonomy":"post_tag","embeddable":true,"href":"https:\/\/www.pm.pb.gov.br\/portal\/wp-json\/wp\/v2\/tags?post=920760"}],"curies":[{"name":"wp","href":"https:\/\/api.w.org\/{rel}","templated":true}]}}