{"id":920735,"date":"2024-01-29T12:06:44","date_gmt":"2024-01-29T15:06:44","guid":{"rendered":"https:\/\/www.pm.pb.gov.br\/portal\/?p=920735"},"modified":"2024-01-29T12:06:46","modified_gmt":"2024-01-29T15:06:46","slug":"fiscalizacao-de-transito-captura-apenado-que-rompeu-tornozeleira-eletronica-e-que-estava-foragido-da-justica","status":"publish","type":"post","link":"https:\/\/www.pm.pb.gov.br\/portal\/2024\/01\/29\/fiscalizacao-de-transito-captura-apenado-que-rompeu-tornozeleira-eletronica-e-que-estava-foragido-da-justica\/","title":{"rendered":"Fiscaliza\u00e7\u00e3o de tr\u00e2nsito captura apenado que rompeu tornozeleira eletr\u00f4nica e que estava foragido da Justi\u00e7a"},"content":{"rendered":"\n\n\n<p>Durante uma fiscaliza\u00e7\u00e3o de tr\u00e2nsito, a Pol\u00edcia Militar capturou um foragido da Justi\u00e7a que havia rompido a tornozeleira eletr\u00f4nica e estava sendo procurado por diversos crimes. A a\u00e7\u00e3o aconteceu neste \u00faltimo domingo (29) na cidade de Campina Grande durante a Opera\u00e7\u00e3o Zero \u00c1lcool (foto acima ilustrativa).<\/p>\n<p>De acordo com o comando da 3\u00aa Companhia de Policiamento de Tr\u00e2nsito (3\u00aa CPTran), o acusado tem 44 anos de idade e foi abordado pelos policiais militares motociclistas. Na abordagem, a PM identificou e constatou que o homem j\u00e1 tinha um mandado de pris\u00e3o em aberto pelos crimes de furto, les\u00e3o corporal no contexto de viol\u00eancia dom\u00e9stica e viola\u00e7\u00e3o de medidas protetivas de urg\u00eancia.<\/p>\n<p>\u201cTamb\u00e9m verificamos que ele j\u00e1 era apenado e deveria estar usando tornozeleira eletr\u00f4nica, mas havia rompido o dispositivo e escondido em sua resid\u00eancia\u201d, esclareceu o major Ralisson, comandante da 3\u00aa CPTran. O homem preso foi apresentado na delegacia para os procedimentos cab\u00edveis e o devido cumprimento da pena.<\/p>\n<p><strong>Dados<\/strong> \u2013 De acordo com a Coordenadoria de Estat\u00edstica e Avalia\u00e7\u00e3o (EM\/7) do Estado-Maior Estrat\u00e9gico da PMPB, 96 foragidos da Justi\u00e7a que estavam com mandados de pris\u00e3o em aberto foram presos neste m\u00eas de janeiro na Para\u00edba.<\/p>\n","protected":false},"excerpt":{"rendered":"<p>Durante uma fiscaliza\u00e7\u00e3o de tr\u00e2nsito, a Pol\u00edcia Militar capturou um foragido da Justi\u00e7a que havia rompido a tornozeleira eletr\u00f4nica e<\/p>\n","protected":false},"author":12,"featured_media":915355,"comment_status":"closed","ping_status":"closed","sticky":false,"template":"","format":"standard","meta":{"_exactmetrics_skip_tracking":false,"_exactmetrics_sitenote_active":false,"_exactmetrics_sitenote_note":"","_exactmetrics_sitenote_category":0,"footnotes":""},"categories":[4],"tags":[],"yoast_head":"<!-- This site is optimized with the Yoast SEO plugin v22.0 - https:\/\/yoast.com\/wordpress\/plugins\/seo\/ -->\n<title>Fiscaliza\u00e7\u00e3o de tr\u00e2nsito captura apenado que rompeu tornozeleira eletr\u00f4nica e que estava foragido da Justi\u00e7a - Pol\u00edcia Militar da Para\u00edba<\/title>\n<meta name=\"description\" content=\"Apenado havia escondido tornozeleira rompida em casa; ele estava sendo procurado por diversos crimes.\" \/>\n<meta name=\"robots\" content=\"index, follow, max-snippet:-1, max-image-preview:large, max-video-preview:-1\" \/>\n<link rel=\"canonical\" href=\"https:\/\/www.pm.pb.gov.br\/portal\/2024\/01\/29\/fiscalizacao-de-transito-captura-apenado-que-rompeu-tornozeleira-eletronica-e-que-estava-foragido-da-justica\/\" \/>\n<meta property=\"og:locale\" content=\"pt_BR\" \/>\n<meta property=\"og:type\" content=\"article\" \/>\n<meta property=\"og:title\" content=\"Fiscaliza\u00e7\u00e3o de tr\u00e2nsito captura apenado que rompeu tornozeleira eletr\u00f4nica e que estava foragido da Justi\u00e7a - Pol\u00edcia Militar da Para\u00edba\" \/>\n<meta property=\"og:description\" content=\"Apenado havia escondido tornozeleira rompida em casa; ele estava sendo procurado por diversos crimes.\" \/>\n<meta property=\"og:url\" content=\"https:\/\/www.pm.pb.gov.br\/portal\/2024\/01\/29\/fiscalizacao-de-transito-captura-apenado-que-rompeu-tornozeleira-eletronica-e-que-estava-foragido-da-justica\/\" \/>\n<meta property=\"og:site_name\" content=\"Pol\u00edcia Militar da Para\u00edba\" \/>\n<meta property=\"article:published_time\" content=\"2024-01-29T15:06:44+00:00\" \/>\n<meta property=\"article:modified_time\" content=\"2024-01-29T15:06:46+00:00\" \/>\n<meta property=\"og:image\" content=\"http:\/\/www.pm.pb.gov.br\/portal\/wp-content\/uploads\/2023\/01\/bptran.jpeg\" \/>\n\t<meta property=\"og:image:width\" content=\"800\" \/>\n\t<meta property=\"og:image:height\" content=\"445\" \/>\n\t<meta property=\"og:image:type\" content=\"image\/jpeg\" \/>\n<meta name=\"author\" content=\"Tarcisio Oliveira\" \/>\n<meta name=\"twitter:card\" content=\"summary_large_image\" \/>\n<meta name=\"twitter:label1\" content=\"Escrito por\" \/>\n\t<meta name=\"twitter:data1\" content=\"Tarcisio Oliveira\" \/>\n\t<meta name=\"twitter:label2\" content=\"Est. tempo de leitura\" \/>\n\t<meta name=\"twitter:data2\" content=\"2 minutos\" \/>\n<script type=\"application\/ld+json\" class=\"yoast-schema-graph\">{\"@context\":\"https:\/\/schema.org\",\"@graph\":[{\"@type\":\"Article\",\"@id\":\"https:\/\/www.pm.pb.gov.br\/portal\/2024\/01\/29\/fiscalizacao-de-transito-captura-apenado-que-rompeu-tornozeleira-eletronica-e-que-estava-foragido-da-justica\/#article\",\"isPartOf\":{\"@id\":\"https:\/\/www.pm.pb.gov.br\/portal\/2024\/01\/29\/fiscalizacao-de-transito-captura-apenado-que-rompeu-tornozeleira-eletronica-e-que-estava-foragido-da-justica\/\"},\"author\":{\"name\":\"Tarcisio Oliveira\",\"@id\":\"https:\/\/www.pm.pb.gov.br\/portal\/#\/schema\/person\/f84f56dcc78ce4357054da888b8247fd\"},\"headline\":\"Fiscaliza\u00e7\u00e3o de tr\u00e2nsito captura apenado que rompeu tornozeleira eletr\u00f4nica e que estava foragido da Justi\u00e7a\",\"datePublished\":\"2024-01-29T15:06:44+00:00\",\"dateModified\":\"2024-01-29T15:06:46+00:00\",\"mainEntityOfPage\":{\"@id\":\"https:\/\/www.pm.pb.gov.br\/portal\/2024\/01\/29\/fiscalizacao-de-transito-captura-apenado-que-rompeu-tornozeleira-eletronica-e-que-estava-foragido-da-justica\/\"},\"wordCount\":232,\"publisher\":{\"@id\":\"https:\/\/www.pm.pb.gov.br\/portal\/#organization\"},\"articleSection\":[\"A\u00e7\u00f5es Policiais\"],\"inLanguage\":\"pt-BR\"},{\"@type\":\"WebPage\",\"@id\":\"https:\/\/www.pm.pb.gov.br\/portal\/2024\/01\/29\/fiscalizacao-de-transito-captura-apenado-que-rompeu-tornozeleira-eletronica-e-que-estava-foragido-da-justica\/\",\"url\":\"https:\/\/www.pm.pb.gov.br\/portal\/2024\/01\/29\/fiscalizacao-de-transito-captura-apenado-que-rompeu-tornozeleira-eletronica-e-que-estava-foragido-da-justica\/\",\"name\":\"Fiscaliza\u00e7\u00e3o de tr\u00e2nsito captura apenado que rompeu tornozeleira eletr\u00f4nica e que estava foragido da Justi\u00e7a - Pol\u00edcia Militar da Para\u00edba\",\"isPartOf\":{\"@id\":\"https:\/\/www.pm.pb.gov.br\/portal\/#website\"},\"datePublished\":\"2024-01-29T15:06:44+00:00\",\"dateModified\":\"2024-01-29T15:06:46+00:00\",\"description\":\"Apenado havia escondido tornozeleira rompida em casa; ele estava sendo procurado por diversos crimes.\",\"breadcrumb\":{\"@id\":\"https:\/\/www.pm.pb.gov.br\/portal\/2024\/01\/29\/fiscalizacao-de-transito-captura-apenado-que-rompeu-tornozeleira-eletronica-e-que-estava-foragido-da-justica\/#breadcrumb\"},\"inLanguage\":\"pt-BR\",\"potentialAction\":[{\"@type\":\"ReadAction\",\"target\":[\"https:\/\/www.pm.pb.gov.br\/portal\/2024\/01\/29\/fiscalizacao-de-transito-captura-apenado-que-rompeu-tornozeleira-eletronica-e-que-estava-foragido-da-justica\/\"]}]},{\"@type\":\"BreadcrumbList\",\"@id\":\"https:\/\/www.pm.pb.gov.br\/portal\/2024\/01\/29\/fiscalizacao-de-transito-captura-apenado-que-rompeu-tornozeleira-eletronica-e-que-estava-foragido-da-justica\/#breadcrumb\",\"itemListElement\":[{\"@type\":\"ListItem\",\"position\":1,\"name\":\"In\u00edcio\",\"item\":\"https:\/\/www.pm.pb.gov.br\/portal\/\"},{\"@type\":\"ListItem\",\"position\":2,\"name\":\"Fiscaliza\u00e7\u00e3o de tr\u00e2nsito captura apenado que rompeu tornozeleira eletr\u00f4nica e que estava foragido da Justi\u00e7a\"}]},{\"@type\":\"WebSite\",\"@id\":\"https:\/\/www.pm.pb.gov.br\/portal\/#website\",\"url\":\"https:\/\/www.pm.pb.gov.br\/portal\/\",\"name\":\"Pol\u00edcia Militar da Para\u00edba\",\"description\":\"\",\"publisher\":{\"@id\":\"https:\/\/www.pm.pb.gov.br\/portal\/#organization\"},\"potentialAction\":[{\"@type\":\"SearchAction\",\"target\":{\"@type\":\"EntryPoint\",\"urlTemplate\":\"https:\/\/www.pm.pb.gov.br\/portal\/?s={search_term_string}\"},\"query-input\":\"required name=search_term_string\"}],\"inLanguage\":\"pt-BR\"},{\"@type\":\"Organization\",\"@id\":\"https:\/\/www.pm.pb.gov.br\/portal\/#organization\",\"name\":\"Pol\u00edcia Militar da Para\u00edba\",\"url\":\"https:\/\/www.pm.pb.gov.br\/portal\/\",\"logo\":{\"@type\":\"ImageObject\",\"inLanguage\":\"pt-BR\",\"@id\":\"https:\/\/www.pm.pb.gov.br\/portal\/#\/schema\/logo\/image\/\",\"url\":\"https:\/\/www.pm.pb.gov.br\/portal\/wp-content\/uploads\/2025\/03\/cropped-logo-site-mag2-1.png\",\"contentUrl\":\"https:\/\/www.pm.pb.gov.br\/portal\/wp-content\/uploads\/2025\/03\/cropped-logo-site-mag2-1.png\",\"width\":320,\"height\":90,\"caption\":\"Pol\u00edcia Militar da Para\u00edba\"},\"image\":{\"@id\":\"https:\/\/www.pm.pb.gov.br\/portal\/#\/schema\/logo\/image\/\"}},{\"@type\":\"Person\",\"@id\":\"https:\/\/www.pm.pb.gov.br\/portal\/#\/schema\/person\/f84f56dcc78ce4357054da888b8247fd\",\"name\":\"Tarcisio Oliveira\",\"image\":{\"@type\":\"ImageObject\",\"inLanguage\":\"pt-BR\",\"@id\":\"https:\/\/www.pm.pb.gov.br\/portal\/#\/schema\/person\/image\/\",\"url\":\"https:\/\/secure.gravatar.com\/avatar\/72917b630b69d31cd0297507f34bac97?s=96&d=mm&r=g\",\"contentUrl\":\"https:\/\/secure.gravatar.com\/avatar\/72917b630b69d31cd0297507f34bac97?s=96&d=mm&r=g\",\"caption\":\"Tarcisio Oliveira\"},\"url\":\"https:\/\/www.pm.pb.gov.br\/portal\/author\/tarcisio\/\"}]}<\/script>\n<!-- \/ Yoast SEO plugin. -->","yoast_head_json":{"title":"Fiscaliza\u00e7\u00e3o de tr\u00e2nsito captura apenado que rompeu tornozeleira eletr\u00f4nica e que estava foragido da Justi\u00e7a - Pol\u00edcia Militar da Para\u00edba","description":"Apenado havia escondido tornozeleira rompida em casa; ele estava sendo procurado por diversos crimes.","robots":{"index":"index","follow":"follow","max-snippet":"max-snippet:-1","max-image-preview":"max-image-preview:large","max-video-preview":"max-video-preview:-1"},"canonical":"https:\/\/www.pm.pb.gov.br\/portal\/2024\/01\/29\/fiscalizacao-de-transito-captura-apenado-que-rompeu-tornozeleira-eletronica-e-que-estava-foragido-da-justica\/","og_locale":"pt_BR","og_type":"article","og_title":"Fiscaliza\u00e7\u00e3o de tr\u00e2nsito captura apenado que rompeu tornozeleira eletr\u00f4nica e que estava foragido da Justi\u00e7a - Pol\u00edcia Militar da Para\u00edba","og_description":"Apenado havia escondido tornozeleira rompida em casa; ele estava sendo procurado por diversos crimes.","og_url":"https:\/\/www.pm.pb.gov.br\/portal\/2024\/01\/29\/fiscalizacao-de-transito-captura-apenado-que-rompeu-tornozeleira-eletronica-e-que-estava-foragido-da-justica\/","og_site_name":"Pol\u00edcia Militar da Para\u00edba","article_published_time":"2024-01-29T15:06:44+00:00","article_modified_time":"2024-01-29T15:06:46+00:00","og_image":[{"width":800,"height":445,"url":"http:\/\/www.pm.pb.gov.br\/portal\/wp-content\/uploads\/2023\/01\/bptran.jpeg","type":"image\/jpeg"}],"author":"Tarcisio Oliveira","twitter_card":"summary_large_image","twitter_misc":{"Escrito por":"Tarcisio Oliveira","Est. tempo de leitura":"2 minutos"},"schema":{"@context":"https:\/\/schema.org","@graph":[{"@type":"Article","@id":"https:\/\/www.pm.pb.gov.br\/portal\/2024\/01\/29\/fiscalizacao-de-transito-captura-apenado-que-rompeu-tornozeleira-eletronica-e-que-estava-foragido-da-justica\/#article","isPartOf":{"@id":"https:\/\/www.pm.pb.gov.br\/portal\/2024\/01\/29\/fiscalizacao-de-transito-captura-apenado-que-rompeu-tornozeleira-eletronica-e-que-estava-foragido-da-justica\/"},"author":{"name":"Tarcisio Oliveira","@id":"https:\/\/www.pm.pb.gov.br\/portal\/#\/schema\/person\/f84f56dcc78ce4357054da888b8247fd"},"headline":"Fiscaliza\u00e7\u00e3o de tr\u00e2nsito captura apenado que rompeu tornozeleira eletr\u00f4nica e que estava foragido da Justi\u00e7a","datePublished":"2024-01-29T15:06:44+00:00","dateModified":"2024-01-29T15:06:46+00:00","mainEntityOfPage":{"@id":"https:\/\/www.pm.pb.gov.br\/portal\/2024\/01\/29\/fiscalizacao-de-transito-captura-apenado-que-rompeu-tornozeleira-eletronica-e-que-estava-foragido-da-justica\/"},"wordCount":232,"publisher":{"@id":"https:\/\/www.pm.pb.gov.br\/portal\/#organization"},"articleSection":["A\u00e7\u00f5es Policiais"],"inLanguage":"pt-BR"},{"@type":"WebPage","@id":"https:\/\/www.pm.pb.gov.br\/portal\/2024\/01\/29\/fiscalizacao-de-transito-captura-apenado-que-rompeu-tornozeleira-eletronica-e-que-estava-foragido-da-justica\/","url":"https:\/\/www.pm.pb.gov.br\/portal\/2024\/01\/29\/fiscalizacao-de-transito-captura-apenado-que-rompeu-tornozeleira-eletronica-e-que-estava-foragido-da-justica\/","name":"Fiscaliza\u00e7\u00e3o de tr\u00e2nsito captura apenado que rompeu tornozeleira eletr\u00f4nica e que estava foragido da Justi\u00e7a - Pol\u00edcia Militar da Para\u00edba","isPartOf":{"@id":"https:\/\/www.pm.pb.gov.br\/portal\/#website"},"datePublished":"2024-01-29T15:06:44+00:00","dateModified":"2024-01-29T15:06:46+00:00","description":"Apenado havia escondido tornozeleira rompida em casa; ele estava sendo procurado por diversos crimes.","breadcrumb":{"@id":"https:\/\/www.pm.pb.gov.br\/portal\/2024\/01\/29\/fiscalizacao-de-transito-captura-apenado-que-rompeu-tornozeleira-eletronica-e-que-estava-foragido-da-justica\/#breadcrumb"},"inLanguage":"pt-BR","potentialAction":[{"@type":"ReadAction","target":["https:\/\/www.pm.pb.gov.br\/portal\/2024\/01\/29\/fiscalizacao-de-transito-captura-apenado-que-rompeu-tornozeleira-eletronica-e-que-estava-foragido-da-justica\/"]}]},{"@type":"BreadcrumbList","@id":"https:\/\/www.pm.pb.gov.br\/portal\/2024\/01\/29\/fiscalizacao-de-transito-captura-apenado-que-rompeu-tornozeleira-eletronica-e-que-estava-foragido-da-justica\/#breadcrumb","itemListElement":[{"@type":"ListItem","position":1,"name":"In\u00edcio","item":"https:\/\/www.pm.pb.gov.br\/portal\/"},{"@type":"ListItem","position":2,"name":"Fiscaliza\u00e7\u00e3o de tr\u00e2nsito captura apenado que rompeu tornozeleira eletr\u00f4nica e que estava foragido da Justi\u00e7a"}]},{"@type":"WebSite","@id":"https:\/\/www.pm.pb.gov.br\/portal\/#website","url":"https:\/\/www.pm.pb.gov.br\/portal\/","name":"Pol\u00edcia Militar da Para\u00edba","description":"","publisher":{"@id":"https:\/\/www.pm.pb.gov.br\/portal\/#organization"},"potentialAction":[{"@type":"SearchAction","target":{"@type":"EntryPoint","urlTemplate":"https:\/\/www.pm.pb.gov.br\/portal\/?s={search_term_string}"},"query-input":"required name=search_term_string"}],"inLanguage":"pt-BR"},{"@type":"Organization","@id":"https:\/\/www.pm.pb.gov.br\/portal\/#organization","name":"Pol\u00edcia Militar da Para\u00edba","url":"https:\/\/www.pm.pb.gov.br\/portal\/","logo":{"@type":"ImageObject","inLanguage":"pt-BR","@id":"https:\/\/www.pm.pb.gov.br\/portal\/#\/schema\/logo\/image\/","url":"https:\/\/www.pm.pb.gov.br\/portal\/wp-content\/uploads\/2025\/03\/cropped-logo-site-mag2-1.png","contentUrl":"https:\/\/www.pm.pb.gov.br\/portal\/wp-content\/uploads\/2025\/03\/cropped-logo-site-mag2-1.png","width":320,"height":90,"caption":"Pol\u00edcia Militar da Para\u00edba"},"image":{"@id":"https:\/\/www.pm.pb.gov.br\/portal\/#\/schema\/logo\/image\/"}},{"@type":"Person","@id":"https:\/\/www.pm.pb.gov.br\/portal\/#\/schema\/person\/f84f56dcc78ce4357054da888b8247fd","name":"Tarcisio Oliveira","image":{"@type":"ImageObject","inLanguage":"pt-BR","@id":"https:\/\/www.pm.pb.gov.br\/portal\/#\/schema\/person\/image\/","url":"https:\/\/secure.gravatar.com\/avatar\/72917b630b69d31cd0297507f34bac97?s=96&d=mm&r=g","contentUrl":"https:\/\/secure.gravatar.com\/avatar\/72917b630b69d31cd0297507f34bac97?s=96&d=mm&r=g","caption":"Tarcisio Oliveira"},"url":"https:\/\/www.pm.pb.gov.br\/portal\/author\/tarcisio\/"}]}},"_links":{"self":[{"href":"https:\/\/www.pm.pb.gov.br\/portal\/wp-json\/wp\/v2\/posts\/920735"}],"collection":[{"href":"https:\/\/www.pm.pb.gov.br\/portal\/wp-json\/wp\/v2\/posts"}],"about":[{"href":"https:\/\/www.pm.pb.gov.br\/portal\/wp-json\/wp\/v2\/types\/post"}],"author":[{"embeddable":true,"href":"https:\/\/www.pm.pb.gov.br\/portal\/wp-json\/wp\/v2\/users\/12"}],"replies":[{"embeddable":true,"href":"https:\/\/www.pm.pb.gov.br\/portal\/wp-json\/wp\/v2\/comments?post=920735"}],"version-history":[{"count":1,"href":"https:\/\/www.pm.pb.gov.br\/portal\/wp-json\/wp\/v2\/posts\/920735\/revisions"}],"predecessor-version":[{"id":920736,"href":"https:\/\/www.pm.pb.gov.br\/portal\/wp-json\/wp\/v2\/posts\/920735\/revisions\/920736"}],"wp:featuredmedia":[{"embeddable":true,"href":"https:\/\/www.pm.pb.gov.br\/portal\/wp-json\/wp\/v2\/media\/915355"}],"wp:attachment":[{"href":"https:\/\/www.pm.pb.gov.br\/portal\/wp-json\/wp\/v2\/media?parent=920735"}],"wp:term":[{"taxonomy":"category","embeddable":true,"href":"https:\/\/www.pm.pb.gov.br\/portal\/wp-json\/wp\/v2\/categories?post=920735"},{"taxonomy":"post_tag","embeddable":true,"href":"https:\/\/www.pm.pb.gov.br\/portal\/wp-json\/wp\/v2\/tags?post=920735"}],"curies":[{"name":"wp","href":"https:\/\/api.w.org\/{rel}","templated":true}]}}