{"id":920692,"date":"2024-01-27T06:11:00","date_gmt":"2024-01-27T09:11:00","guid":{"rendered":"https:\/\/www.pm.pb.gov.br\/portal\/?p=920692"},"modified":"2024-01-27T15:23:03","modified_gmt":"2024-01-27T18:23:03","slug":"policiais-militares-na-grande-joao-pessoa-recebem-acoes-de-saude-e-cuidados","status":"publish","type":"post","link":"https:\/\/www.pm.pb.gov.br\/portal\/2024\/01\/27\/policiais-militares-na-grande-joao-pessoa-recebem-acoes-de-saude-e-cuidados\/","title":{"rendered":"Policiais militares na grande Jo\u00e3o Pessoa recebem a\u00e7\u00f5es de sa\u00fade e cuidados"},"content":{"rendered":"\n<p>Policiais militares que atuam em Bayeux, na grande Jo\u00e3o Pessoa, tiveram um dia diferente nesta \u00faltima sexta-feira (26). Os profissionais de seguran\u00e7a p\u00fablica receberam uma s\u00e9rie de servi\u00e7os de sa\u00fade com o objetivo de fortalecer o corpo e prevenir doen\u00e7as. Foi o dia de cuidar de quem cuida!<\/p>\n<p>Os policiais, lotados na 4\u00aa Companhia Independente, receberam imuniza\u00e7\u00e3o para influenza, hepatite, febra amarela, Covid, entre outras doen\u00e7as. Os militares estaduais tamb\u00e9m fizeram testes r\u00e1pidos e verificaram os sinais vitais e de glicemia. A a\u00e7\u00e3o foi uma articula\u00e7\u00e3o conjunta da Diretoria de Sa\u00fade e Assist\u00eancia Social da PM (DSAS), atrav\u00e9s da Policl\u00ednica, junto com o Comando Regional Metropolitano (CPRM), Comando da 4\u00aa CIPM e o Setor de Educa\u00e7\u00e3o F\u00edsica.<\/p>\n<p><img loading=\"lazy\" decoding=\"async\" class=\" wp-image-920695 aligncenter\" src=\"http:\/\/www.pm.pb.gov.br\/portal\/wp-content\/uploads\/2024\/01\/WhatsApp-Image-2024-01-26-at-18.33.27-593x445.jpeg\" alt=\"\" width=\"540\" height=\"405\" srcset=\"https:\/\/www.pm.pb.gov.br\/portal\/wp-content\/uploads\/2024\/01\/WhatsApp-Image-2024-01-26-at-18.33.27-593x445.jpeg 593w, https:\/\/www.pm.pb.gov.br\/portal\/wp-content\/uploads\/2024\/01\/WhatsApp-Image-2024-01-26-at-18.33.27-760x570.jpeg 760w, https:\/\/www.pm.pb.gov.br\/portal\/wp-content\/uploads\/2024\/01\/WhatsApp-Image-2024-01-26-at-18.33.27-768x576.jpeg 768w, https:\/\/www.pm.pb.gov.br\/portal\/wp-content\/uploads\/2024\/01\/WhatsApp-Image-2024-01-26-at-18.33.27-1536x1152.jpeg 1536w, https:\/\/www.pm.pb.gov.br\/portal\/wp-content\/uploads\/2024\/01\/WhatsApp-Image-2024-01-26-at-18.33.27.jpeg 1600w\" sizes=\"(max-width: 540px) 100vw, 540px\" \/><\/p>\n<p>\u00a0<\/p>\n<p>Foram aplicadas mais de 70 doses de vacina, e feitos 100 testes r\u00e1pidos. A equipe de imuniza\u00e7\u00e3o do munic\u00edpio de Bayeux tamb\u00e9m colaborou com a a\u00e7\u00e3o da PMPB, que teve por meta cuidar dos policiais que tanto cuidam da cidade. \u00a0<\/p>\n<p><img loading=\"lazy\" decoding=\"async\" class=\" wp-image-920696 aligncenter\" src=\"http:\/\/www.pm.pb.gov.br\/portal\/wp-content\/uploads\/2024\/01\/WhatsApp-Image-2024-01-26-at-18.33.37-1-467x445.jpeg\" alt=\"\" width=\"381\" height=\"363\" srcset=\"https:\/\/www.pm.pb.gov.br\/portal\/wp-content\/uploads\/2024\/01\/WhatsApp-Image-2024-01-26-at-18.33.37-1-467x445.jpeg 467w, https:\/\/www.pm.pb.gov.br\/portal\/wp-content\/uploads\/2024\/01\/WhatsApp-Image-2024-01-26-at-18.33.37-1-598x570.jpeg 598w, https:\/\/www.pm.pb.gov.br\/portal\/wp-content\/uploads\/2024\/01\/WhatsApp-Image-2024-01-26-at-18.33.37-1-768x732.jpeg 768w, https:\/\/www.pm.pb.gov.br\/portal\/wp-content\/uploads\/2024\/01\/WhatsApp-Image-2024-01-26-at-18.33.37-1.jpeg 960w\" sizes=\"(max-width: 381px) 100vw, 381px\" \/><\/p>\n<p><img loading=\"lazy\" decoding=\"async\" class=\" wp-image-920697 aligncenter\" src=\"http:\/\/www.pm.pb.gov.br\/portal\/wp-content\/uploads\/2024\/01\/WhatsApp-Image-2024-01-26-at-18.33.37-2-552x445.jpeg\" alt=\"\" width=\"478\" height=\"385\" srcset=\"https:\/\/www.pm.pb.gov.br\/portal\/wp-content\/uploads\/2024\/01\/WhatsApp-Image-2024-01-26-at-18.33.37-2-552x445.jpeg 552w, https:\/\/www.pm.pb.gov.br\/portal\/wp-content\/uploads\/2024\/01\/WhatsApp-Image-2024-01-26-at-18.33.37-2-707x570.jpeg 707w, https:\/\/www.pm.pb.gov.br\/portal\/wp-content\/uploads\/2024\/01\/WhatsApp-Image-2024-01-26-at-18.33.37-2-768x619.jpeg 768w, https:\/\/www.pm.pb.gov.br\/portal\/wp-content\/uploads\/2024\/01\/WhatsApp-Image-2024-01-26-at-18.33.37-2.jpeg 990w\" sizes=\"(max-width: 478px) 100vw, 478px\" \/><\/p>\n\n\n","protected":false},"excerpt":{"rendered":"<p>Policiais militares que atuam em Bayeux, na grande Jo\u00e3o Pessoa, tiveram um dia diferente nesta \u00faltima sexta-feira (26). Os profissionais<\/p>\n","protected":false},"author":12,"featured_media":920693,"comment_status":"closed","ping_status":"closed","sticky":false,"template":"","format":"standard","meta":{"_exactmetrics_skip_tracking":false,"_exactmetrics_sitenote_active":false,"_exactmetrics_sitenote_note":"","_exactmetrics_sitenote_category":0,"footnotes":""},"categories":[24],"tags":[],"yoast_head":"<!-- This site is optimized with the Yoast SEO plugin v22.0 - https:\/\/yoast.com\/wordpress\/plugins\/seo\/ -->\n<title>Policiais militares na grande Jo\u00e3o Pessoa recebem a\u00e7\u00f5es de sa\u00fade e cuidados - Pol\u00edcia Militar da Para\u00edba<\/title>\n<meta name=\"description\" content=\"A\u00e7\u00e3o aconteceu na \u00faltima sexta-feira (26) realizando testes r\u00e1pidos e aplicando doses de vacina para combater diversas doen\u00e7as\" \/>\n<meta name=\"robots\" content=\"index, follow, max-snippet:-1, max-image-preview:large, max-video-preview:-1\" \/>\n<link rel=\"canonical\" href=\"https:\/\/www.pm.pb.gov.br\/portal\/2024\/01\/27\/policiais-militares-na-grande-joao-pessoa-recebem-acoes-de-saude-e-cuidados\/\" \/>\n<meta property=\"og:locale\" content=\"pt_BR\" \/>\n<meta property=\"og:type\" content=\"article\" \/>\n<meta property=\"og:title\" content=\"Policiais militares na grande Jo\u00e3o Pessoa recebem a\u00e7\u00f5es de sa\u00fade e cuidados - Pol\u00edcia Militar da Para\u00edba\" \/>\n<meta property=\"og:description\" content=\"A\u00e7\u00e3o aconteceu na \u00faltima sexta-feira (26) realizando testes r\u00e1pidos e aplicando doses de vacina para combater diversas doen\u00e7as\" \/>\n<meta property=\"og:url\" content=\"https:\/\/www.pm.pb.gov.br\/portal\/2024\/01\/27\/policiais-militares-na-grande-joao-pessoa-recebem-acoes-de-saude-e-cuidados\/\" \/>\n<meta property=\"og:site_name\" content=\"Pol\u00edcia Militar da Para\u00edba\" \/>\n<meta property=\"article:published_time\" content=\"2024-01-27T09:11:00+00:00\" \/>\n<meta property=\"article:modified_time\" content=\"2024-01-27T18:23:03+00:00\" \/>\n<meta property=\"og:image\" content=\"http:\/\/www.pm.pb.gov.br\/portal\/wp-content\/uploads\/2024\/01\/WhatsApp-Image-2024-01-26-at-18.33.33.jpeg\" \/>\n\t<meta property=\"og:image:width\" content=\"800\" \/>\n\t<meta property=\"og:image:height\" content=\"445\" \/>\n\t<meta property=\"og:image:type\" content=\"image\/jpeg\" \/>\n<meta name=\"author\" content=\"Tarcisio Oliveira\" \/>\n<meta name=\"twitter:card\" content=\"summary_large_image\" \/>\n<meta name=\"twitter:label1\" content=\"Escrito por\" \/>\n\t<meta name=\"twitter:data1\" content=\"Tarcisio Oliveira\" \/>\n\t<meta name=\"twitter:label2\" content=\"Est. tempo de leitura\" \/>\n\t<meta name=\"twitter:data2\" content=\"2 minutos\" \/>\n<script type=\"application\/ld+json\" class=\"yoast-schema-graph\">{\"@context\":\"https:\/\/schema.org\",\"@graph\":[{\"@type\":\"Article\",\"@id\":\"https:\/\/www.pm.pb.gov.br\/portal\/2024\/01\/27\/policiais-militares-na-grande-joao-pessoa-recebem-acoes-de-saude-e-cuidados\/#article\",\"isPartOf\":{\"@id\":\"https:\/\/www.pm.pb.gov.br\/portal\/2024\/01\/27\/policiais-militares-na-grande-joao-pessoa-recebem-acoes-de-saude-e-cuidados\/\"},\"author\":{\"name\":\"Tarcisio Oliveira\",\"@id\":\"https:\/\/www.pm.pb.gov.br\/portal\/#\/schema\/person\/f84f56dcc78ce4357054da888b8247fd\"},\"headline\":\"Policiais militares na grande Jo\u00e3o Pessoa recebem a\u00e7\u00f5es de sa\u00fade e cuidados\",\"datePublished\":\"2024-01-27T09:11:00+00:00\",\"dateModified\":\"2024-01-27T18:23:03+00:00\",\"mainEntityOfPage\":{\"@id\":\"https:\/\/www.pm.pb.gov.br\/portal\/2024\/01\/27\/policiais-militares-na-grande-joao-pessoa-recebem-acoes-de-saude-e-cuidados\/\"},\"wordCount\":191,\"publisher\":{\"@id\":\"https:\/\/www.pm.pb.gov.br\/portal\/#organization\"},\"articleSection\":[\"A\u00e7\u00f5es de Sa\u00fade\"],\"inLanguage\":\"pt-BR\"},{\"@type\":\"WebPage\",\"@id\":\"https:\/\/www.pm.pb.gov.br\/portal\/2024\/01\/27\/policiais-militares-na-grande-joao-pessoa-recebem-acoes-de-saude-e-cuidados\/\",\"url\":\"https:\/\/www.pm.pb.gov.br\/portal\/2024\/01\/27\/policiais-militares-na-grande-joao-pessoa-recebem-acoes-de-saude-e-cuidados\/\",\"name\":\"Policiais militares na grande Jo\u00e3o Pessoa recebem a\u00e7\u00f5es de sa\u00fade e cuidados - Pol\u00edcia Militar da Para\u00edba\",\"isPartOf\":{\"@id\":\"https:\/\/www.pm.pb.gov.br\/portal\/#website\"},\"datePublished\":\"2024-01-27T09:11:00+00:00\",\"dateModified\":\"2024-01-27T18:23:03+00:00\",\"description\":\"A\u00e7\u00e3o aconteceu na \u00faltima sexta-feira (26) realizando testes r\u00e1pidos e aplicando doses de vacina para combater diversas doen\u00e7as\",\"breadcrumb\":{\"@id\":\"https:\/\/www.pm.pb.gov.br\/portal\/2024\/01\/27\/policiais-militares-na-grande-joao-pessoa-recebem-acoes-de-saude-e-cuidados\/#breadcrumb\"},\"inLanguage\":\"pt-BR\",\"potentialAction\":[{\"@type\":\"ReadAction\",\"target\":[\"https:\/\/www.pm.pb.gov.br\/portal\/2024\/01\/27\/policiais-militares-na-grande-joao-pessoa-recebem-acoes-de-saude-e-cuidados\/\"]}]},{\"@type\":\"BreadcrumbList\",\"@id\":\"https:\/\/www.pm.pb.gov.br\/portal\/2024\/01\/27\/policiais-militares-na-grande-joao-pessoa-recebem-acoes-de-saude-e-cuidados\/#breadcrumb\",\"itemListElement\":[{\"@type\":\"ListItem\",\"position\":1,\"name\":\"In\u00edcio\",\"item\":\"https:\/\/www.pm.pb.gov.br\/portal\/\"},{\"@type\":\"ListItem\",\"position\":2,\"name\":\"Policiais militares na grande Jo\u00e3o Pessoa recebem a\u00e7\u00f5es de sa\u00fade e cuidados\"}]},{\"@type\":\"WebSite\",\"@id\":\"https:\/\/www.pm.pb.gov.br\/portal\/#website\",\"url\":\"https:\/\/www.pm.pb.gov.br\/portal\/\",\"name\":\"Pol\u00edcia Militar da Para\u00edba\",\"description\":\"\",\"publisher\":{\"@id\":\"https:\/\/www.pm.pb.gov.br\/portal\/#organization\"},\"potentialAction\":[{\"@type\":\"SearchAction\",\"target\":{\"@type\":\"EntryPoint\",\"urlTemplate\":\"https:\/\/www.pm.pb.gov.br\/portal\/?s={search_term_string}\"},\"query-input\":\"required name=search_term_string\"}],\"inLanguage\":\"pt-BR\"},{\"@type\":\"Organization\",\"@id\":\"https:\/\/www.pm.pb.gov.br\/portal\/#organization\",\"name\":\"Pol\u00edcia Militar da Para\u00edba\",\"url\":\"https:\/\/www.pm.pb.gov.br\/portal\/\",\"logo\":{\"@type\":\"ImageObject\",\"inLanguage\":\"pt-BR\",\"@id\":\"https:\/\/www.pm.pb.gov.br\/portal\/#\/schema\/logo\/image\/\",\"url\":\"https:\/\/www.pm.pb.gov.br\/portal\/wp-content\/uploads\/2025\/03\/cropped-logo-site-mag2-1.png\",\"contentUrl\":\"https:\/\/www.pm.pb.gov.br\/portal\/wp-content\/uploads\/2025\/03\/cropped-logo-site-mag2-1.png\",\"width\":320,\"height\":90,\"caption\":\"Pol\u00edcia Militar da Para\u00edba\"},\"image\":{\"@id\":\"https:\/\/www.pm.pb.gov.br\/portal\/#\/schema\/logo\/image\/\"}},{\"@type\":\"Person\",\"@id\":\"https:\/\/www.pm.pb.gov.br\/portal\/#\/schema\/person\/f84f56dcc78ce4357054da888b8247fd\",\"name\":\"Tarcisio Oliveira\",\"image\":{\"@type\":\"ImageObject\",\"inLanguage\":\"pt-BR\",\"@id\":\"https:\/\/www.pm.pb.gov.br\/portal\/#\/schema\/person\/image\/\",\"url\":\"https:\/\/secure.gravatar.com\/avatar\/72917b630b69d31cd0297507f34bac97?s=96&d=mm&r=g\",\"contentUrl\":\"https:\/\/secure.gravatar.com\/avatar\/72917b630b69d31cd0297507f34bac97?s=96&d=mm&r=g\",\"caption\":\"Tarcisio Oliveira\"},\"url\":\"https:\/\/www.pm.pb.gov.br\/portal\/author\/tarcisio\/\"}]}<\/script>\n<!-- \/ Yoast SEO plugin. -->","yoast_head_json":{"title":"Policiais militares na grande Jo\u00e3o Pessoa recebem a\u00e7\u00f5es de sa\u00fade e cuidados - Pol\u00edcia Militar da Para\u00edba","description":"A\u00e7\u00e3o aconteceu na \u00faltima sexta-feira (26) realizando testes r\u00e1pidos e aplicando doses de vacina para combater diversas doen\u00e7as","robots":{"index":"index","follow":"follow","max-snippet":"max-snippet:-1","max-image-preview":"max-image-preview:large","max-video-preview":"max-video-preview:-1"},"canonical":"https:\/\/www.pm.pb.gov.br\/portal\/2024\/01\/27\/policiais-militares-na-grande-joao-pessoa-recebem-acoes-de-saude-e-cuidados\/","og_locale":"pt_BR","og_type":"article","og_title":"Policiais militares na grande Jo\u00e3o Pessoa recebem a\u00e7\u00f5es de sa\u00fade e cuidados - Pol\u00edcia Militar da Para\u00edba","og_description":"A\u00e7\u00e3o aconteceu na \u00faltima sexta-feira (26) realizando testes r\u00e1pidos e aplicando doses de vacina para combater diversas doen\u00e7as","og_url":"https:\/\/www.pm.pb.gov.br\/portal\/2024\/01\/27\/policiais-militares-na-grande-joao-pessoa-recebem-acoes-de-saude-e-cuidados\/","og_site_name":"Pol\u00edcia Militar da Para\u00edba","article_published_time":"2024-01-27T09:11:00+00:00","article_modified_time":"2024-01-27T18:23:03+00:00","og_image":[{"width":800,"height":445,"url":"http:\/\/www.pm.pb.gov.br\/portal\/wp-content\/uploads\/2024\/01\/WhatsApp-Image-2024-01-26-at-18.33.33.jpeg","type":"image\/jpeg"}],"author":"Tarcisio Oliveira","twitter_card":"summary_large_image","twitter_misc":{"Escrito por":"Tarcisio Oliveira","Est. tempo de leitura":"2 minutos"},"schema":{"@context":"https:\/\/schema.org","@graph":[{"@type":"Article","@id":"https:\/\/www.pm.pb.gov.br\/portal\/2024\/01\/27\/policiais-militares-na-grande-joao-pessoa-recebem-acoes-de-saude-e-cuidados\/#article","isPartOf":{"@id":"https:\/\/www.pm.pb.gov.br\/portal\/2024\/01\/27\/policiais-militares-na-grande-joao-pessoa-recebem-acoes-de-saude-e-cuidados\/"},"author":{"name":"Tarcisio Oliveira","@id":"https:\/\/www.pm.pb.gov.br\/portal\/#\/schema\/person\/f84f56dcc78ce4357054da888b8247fd"},"headline":"Policiais militares na grande Jo\u00e3o Pessoa recebem a\u00e7\u00f5es de sa\u00fade e cuidados","datePublished":"2024-01-27T09:11:00+00:00","dateModified":"2024-01-27T18:23:03+00:00","mainEntityOfPage":{"@id":"https:\/\/www.pm.pb.gov.br\/portal\/2024\/01\/27\/policiais-militares-na-grande-joao-pessoa-recebem-acoes-de-saude-e-cuidados\/"},"wordCount":191,"publisher":{"@id":"https:\/\/www.pm.pb.gov.br\/portal\/#organization"},"articleSection":["A\u00e7\u00f5es de Sa\u00fade"],"inLanguage":"pt-BR"},{"@type":"WebPage","@id":"https:\/\/www.pm.pb.gov.br\/portal\/2024\/01\/27\/policiais-militares-na-grande-joao-pessoa-recebem-acoes-de-saude-e-cuidados\/","url":"https:\/\/www.pm.pb.gov.br\/portal\/2024\/01\/27\/policiais-militares-na-grande-joao-pessoa-recebem-acoes-de-saude-e-cuidados\/","name":"Policiais militares na grande Jo\u00e3o Pessoa recebem a\u00e7\u00f5es de sa\u00fade e cuidados - Pol\u00edcia Militar da Para\u00edba","isPartOf":{"@id":"https:\/\/www.pm.pb.gov.br\/portal\/#website"},"datePublished":"2024-01-27T09:11:00+00:00","dateModified":"2024-01-27T18:23:03+00:00","description":"A\u00e7\u00e3o aconteceu na \u00faltima sexta-feira (26) realizando testes r\u00e1pidos e aplicando doses de vacina para combater diversas doen\u00e7as","breadcrumb":{"@id":"https:\/\/www.pm.pb.gov.br\/portal\/2024\/01\/27\/policiais-militares-na-grande-joao-pessoa-recebem-acoes-de-saude-e-cuidados\/#breadcrumb"},"inLanguage":"pt-BR","potentialAction":[{"@type":"ReadAction","target":["https:\/\/www.pm.pb.gov.br\/portal\/2024\/01\/27\/policiais-militares-na-grande-joao-pessoa-recebem-acoes-de-saude-e-cuidados\/"]}]},{"@type":"BreadcrumbList","@id":"https:\/\/www.pm.pb.gov.br\/portal\/2024\/01\/27\/policiais-militares-na-grande-joao-pessoa-recebem-acoes-de-saude-e-cuidados\/#breadcrumb","itemListElement":[{"@type":"ListItem","position":1,"name":"In\u00edcio","item":"https:\/\/www.pm.pb.gov.br\/portal\/"},{"@type":"ListItem","position":2,"name":"Policiais militares na grande Jo\u00e3o Pessoa recebem a\u00e7\u00f5es de sa\u00fade e cuidados"}]},{"@type":"WebSite","@id":"https:\/\/www.pm.pb.gov.br\/portal\/#website","url":"https:\/\/www.pm.pb.gov.br\/portal\/","name":"Pol\u00edcia Militar da Para\u00edba","description":"","publisher":{"@id":"https:\/\/www.pm.pb.gov.br\/portal\/#organization"},"potentialAction":[{"@type":"SearchAction","target":{"@type":"EntryPoint","urlTemplate":"https:\/\/www.pm.pb.gov.br\/portal\/?s={search_term_string}"},"query-input":"required name=search_term_string"}],"inLanguage":"pt-BR"},{"@type":"Organization","@id":"https:\/\/www.pm.pb.gov.br\/portal\/#organization","name":"Pol\u00edcia Militar da Para\u00edba","url":"https:\/\/www.pm.pb.gov.br\/portal\/","logo":{"@type":"ImageObject","inLanguage":"pt-BR","@id":"https:\/\/www.pm.pb.gov.br\/portal\/#\/schema\/logo\/image\/","url":"https:\/\/www.pm.pb.gov.br\/portal\/wp-content\/uploads\/2025\/03\/cropped-logo-site-mag2-1.png","contentUrl":"https:\/\/www.pm.pb.gov.br\/portal\/wp-content\/uploads\/2025\/03\/cropped-logo-site-mag2-1.png","width":320,"height":90,"caption":"Pol\u00edcia Militar da Para\u00edba"},"image":{"@id":"https:\/\/www.pm.pb.gov.br\/portal\/#\/schema\/logo\/image\/"}},{"@type":"Person","@id":"https:\/\/www.pm.pb.gov.br\/portal\/#\/schema\/person\/f84f56dcc78ce4357054da888b8247fd","name":"Tarcisio Oliveira","image":{"@type":"ImageObject","inLanguage":"pt-BR","@id":"https:\/\/www.pm.pb.gov.br\/portal\/#\/schema\/person\/image\/","url":"https:\/\/secure.gravatar.com\/avatar\/72917b630b69d31cd0297507f34bac97?s=96&d=mm&r=g","contentUrl":"https:\/\/secure.gravatar.com\/avatar\/72917b630b69d31cd0297507f34bac97?s=96&d=mm&r=g","caption":"Tarcisio Oliveira"},"url":"https:\/\/www.pm.pb.gov.br\/portal\/author\/tarcisio\/"}]}},"_links":{"self":[{"href":"https:\/\/www.pm.pb.gov.br\/portal\/wp-json\/wp\/v2\/posts\/920692"}],"collection":[{"href":"https:\/\/www.pm.pb.gov.br\/portal\/wp-json\/wp\/v2\/posts"}],"about":[{"href":"https:\/\/www.pm.pb.gov.br\/portal\/wp-json\/wp\/v2\/types\/post"}],"author":[{"embeddable":true,"href":"https:\/\/www.pm.pb.gov.br\/portal\/wp-json\/wp\/v2\/users\/12"}],"replies":[{"embeddable":true,"href":"https:\/\/www.pm.pb.gov.br\/portal\/wp-json\/wp\/v2\/comments?post=920692"}],"version-history":[{"count":1,"href":"https:\/\/www.pm.pb.gov.br\/portal\/wp-json\/wp\/v2\/posts\/920692\/revisions"}],"predecessor-version":[{"id":920698,"href":"https:\/\/www.pm.pb.gov.br\/portal\/wp-json\/wp\/v2\/posts\/920692\/revisions\/920698"}],"wp:featuredmedia":[{"embeddable":true,"href":"https:\/\/www.pm.pb.gov.br\/portal\/wp-json\/wp\/v2\/media\/920693"}],"wp:attachment":[{"href":"https:\/\/www.pm.pb.gov.br\/portal\/wp-json\/wp\/v2\/media?parent=920692"}],"wp:term":[{"taxonomy":"category","embeddable":true,"href":"https:\/\/www.pm.pb.gov.br\/portal\/wp-json\/wp\/v2\/categories?post=920692"},{"taxonomy":"post_tag","embeddable":true,"href":"https:\/\/www.pm.pb.gov.br\/portal\/wp-json\/wp\/v2\/tags?post=920692"}],"curies":[{"name":"wp","href":"https:\/\/api.w.org\/{rel}","templated":true}]}}