{"id":920682,"date":"2024-01-27T14:27:06","date_gmt":"2024-01-27T17:27:06","guid":{"rendered":"https:\/\/www.pm.pb.gov.br\/portal\/?p=920682"},"modified":"2024-01-27T15:04:22","modified_gmt":"2024-01-27T18:04:22","slug":"operacao-verao-policia-militar-cumpre-seis-mandados-de-prisao-em-acoes-por-todo-estado","status":"publish","type":"post","link":"https:\/\/www.pm.pb.gov.br\/portal\/2024\/01\/27\/operacao-verao-policia-militar-cumpre-seis-mandados-de-prisao-em-acoes-por-todo-estado\/","title":{"rendered":"Opera\u00e7\u00e3o Ver\u00e3o: Pol\u00edcia Militar cumpre seis mandados de pris\u00e3o em a\u00e7\u00f5es pelo estado"},"content":{"rendered":"\n<p>A Pol\u00edcia Militar, cumpriu entre as \u00faltimas horas de sexta-feira (26) e primeiras horas deste s\u00e1bado (27), 06 mandados de pris\u00e3o em a\u00e7\u00f5es realizadas nos munic\u00edpios de Jo\u00e3o Pessoa, Sap\u00e9 e Campina Grande. As pris\u00f5es integram a Opera\u00e7\u00e3o Ver\u00e3o, que acontece por todo o estado com policiamento intensificado.<\/p>\n<p>Nesta sexta-feira (26), policiais militares do Regimento de Opera\u00e7\u00f5es T\u00e1ticas com Apoio de Motocicletas (ROTAM), capturaram um foragido no bairro do Cabo Branco. Os militares abordaram o suspeito e, ap\u00f3s consulta, foi constatado que contra ele havia um mandado de pris\u00e3o expedido pela pr\u00e1tica do crime de tr\u00e1fico de entorpecentes. O homem cumpria pena na cidade de Recife, Pernambuco, e estava foragido daquela comarca. Na mesma noite, no centro da cidade, um segundo foragido foi capturado tamb\u00e9m pelo ROTAM. Ambos foram conduzidos para a penitenci\u00e1ria de seguran\u00e7a m\u00e9dia.<\/p>\n<p>Em Sap\u00e9, militares da 9\u00aa Companhia Independente tamb\u00e9m capturaram um foragido que possu\u00eda em seu desfavor mandado de pris\u00e3o pelos crimes de furto e les\u00e3o corporal. J\u00e1 em Campina Grande, outros dois mandados foram cumpridos, sendo um realizado por policiais do ROTAM no bairro da Prata, e o segundo por militares do 2\u00ba Batalh\u00e3o, no bairro Ac\u00e1cio Figueiredo, sendo este \u00faltimo contra um homem de 25 anos pelo crime de roubo. Os indiv\u00edduos foram entregues na Delegacia de Pol\u00edcia Civil para os devidos procedimentos.<\/p>\n<p>Na a\u00e7\u00e3o mais recente, durante a tarde desse s\u00e1bado (27), no bairro de Tamba\u00fa, em Jo\u00e3o Pessoa, militares do Batalh\u00e3o Especializado em Policiamento Tur\u00edstico (BEPTur), prenderam um homem, de 27 anos, contra quem havia um mandado de pris\u00e3o em aberto pelo crime de roubo e falsidade ideol\u00f3gica. O foragido capturado foi entregue na Cidade da Pol\u00edcia Civil, no bairro do Geisel.<\/p>\n","protected":false},"excerpt":{"rendered":"<p>A Pol\u00edcia Militar, cumpriu entre as \u00faltimas horas de sexta-feira (26) e primeiras horas deste s\u00e1bado (27), 06 mandados de<\/p>\n","protected":false},"author":5,"featured_media":920683,"comment_status":"closed","ping_status":"closed","sticky":false,"template":"","format":"standard","meta":{"_exactmetrics_skip_tracking":false,"_exactmetrics_sitenote_active":false,"_exactmetrics_sitenote_note":"","_exactmetrics_sitenote_category":0,"footnotes":""},"categories":[4],"tags":[],"yoast_head":"<!-- This site is optimized with the Yoast SEO plugin v22.0 - https:\/\/yoast.com\/wordpress\/plugins\/seo\/ -->\n<title>Opera\u00e7\u00e3o Ver\u00e3o: Pol\u00edcia Militar cumpre seis mandados de pris\u00e3o em a\u00e7\u00f5es pelo estado - Pol\u00edcia Militar da Para\u00edba<\/title>\n<meta name=\"robots\" content=\"index, follow, max-snippet:-1, max-image-preview:large, max-video-preview:-1\" \/>\n<link rel=\"canonical\" href=\"https:\/\/www.pm.pb.gov.br\/portal\/2024\/01\/27\/operacao-verao-policia-militar-cumpre-seis-mandados-de-prisao-em-acoes-por-todo-estado\/\" \/>\n<meta property=\"og:locale\" content=\"pt_BR\" \/>\n<meta property=\"og:type\" content=\"article\" \/>\n<meta property=\"og:title\" content=\"Opera\u00e7\u00e3o Ver\u00e3o: Pol\u00edcia Militar cumpre seis mandados de pris\u00e3o em a\u00e7\u00f5es pelo estado - Pol\u00edcia Militar da Para\u00edba\" \/>\n<meta property=\"og:description\" content=\"A Pol\u00edcia Militar, cumpriu entre as \u00faltimas horas de sexta-feira (26) e primeiras horas deste s\u00e1bado (27), 06 mandados de\" \/>\n<meta property=\"og:url\" content=\"https:\/\/www.pm.pb.gov.br\/portal\/2024\/01\/27\/operacao-verao-policia-militar-cumpre-seis-mandados-de-prisao-em-acoes-por-todo-estado\/\" \/>\n<meta property=\"og:site_name\" content=\"Pol\u00edcia Militar da Para\u00edba\" \/>\n<meta property=\"article:published_time\" content=\"2024-01-27T17:27:06+00:00\" \/>\n<meta property=\"article:modified_time\" content=\"2024-01-27T18:04:22+00:00\" \/>\n<meta property=\"og:image\" content=\"http:\/\/www.pm.pb.gov.br\/portal\/wp-content\/uploads\/2024\/01\/WhatsApp-Image-2024-01-27-at-14.41.47-scaled.jpeg\" \/>\n\t<meta property=\"og:image:width\" content=\"2560\" \/>\n\t<meta property=\"og:image:height\" content=\"1440\" \/>\n\t<meta property=\"og:image:type\" content=\"image\/jpeg\" \/>\n<meta name=\"author\" content=\"Assessoria de Imprensa da PMPB\" \/>\n<meta name=\"twitter:card\" content=\"summary_large_image\" \/>\n<meta name=\"twitter:label1\" content=\"Escrito por\" \/>\n\t<meta name=\"twitter:data1\" content=\"Assessoria de Imprensa da PMPB\" \/>\n\t<meta name=\"twitter:label2\" content=\"Est. tempo de leitura\" \/>\n\t<meta name=\"twitter:data2\" content=\"2 minutos\" \/>\n<script type=\"application\/ld+json\" class=\"yoast-schema-graph\">{\"@context\":\"https:\/\/schema.org\",\"@graph\":[{\"@type\":\"Article\",\"@id\":\"https:\/\/www.pm.pb.gov.br\/portal\/2024\/01\/27\/operacao-verao-policia-militar-cumpre-seis-mandados-de-prisao-em-acoes-por-todo-estado\/#article\",\"isPartOf\":{\"@id\":\"https:\/\/www.pm.pb.gov.br\/portal\/2024\/01\/27\/operacao-verao-policia-militar-cumpre-seis-mandados-de-prisao-em-acoes-por-todo-estado\/\"},\"author\":{\"name\":\"Assessoria de Imprensa da PMPB\",\"@id\":\"https:\/\/www.pm.pb.gov.br\/portal\/#\/schema\/person\/e8454f46651c3ecf0e1ba3c1666d9947\"},\"headline\":\"Opera\u00e7\u00e3o Ver\u00e3o: Pol\u00edcia Militar cumpre seis mandados de pris\u00e3o em a\u00e7\u00f5es pelo estado\",\"datePublished\":\"2024-01-27T17:27:06+00:00\",\"dateModified\":\"2024-01-27T18:04:22+00:00\",\"mainEntityOfPage\":{\"@id\":\"https:\/\/www.pm.pb.gov.br\/portal\/2024\/01\/27\/operacao-verao-policia-militar-cumpre-seis-mandados-de-prisao-em-acoes-por-todo-estado\/\"},\"wordCount\":325,\"publisher\":{\"@id\":\"https:\/\/www.pm.pb.gov.br\/portal\/#organization\"},\"articleSection\":[\"A\u00e7\u00f5es Policiais\"],\"inLanguage\":\"pt-BR\"},{\"@type\":\"WebPage\",\"@id\":\"https:\/\/www.pm.pb.gov.br\/portal\/2024\/01\/27\/operacao-verao-policia-militar-cumpre-seis-mandados-de-prisao-em-acoes-por-todo-estado\/\",\"url\":\"https:\/\/www.pm.pb.gov.br\/portal\/2024\/01\/27\/operacao-verao-policia-militar-cumpre-seis-mandados-de-prisao-em-acoes-por-todo-estado\/\",\"name\":\"Opera\u00e7\u00e3o Ver\u00e3o: Pol\u00edcia Militar cumpre seis mandados de pris\u00e3o em a\u00e7\u00f5es pelo estado - Pol\u00edcia Militar da Para\u00edba\",\"isPartOf\":{\"@id\":\"https:\/\/www.pm.pb.gov.br\/portal\/#website\"},\"datePublished\":\"2024-01-27T17:27:06+00:00\",\"dateModified\":\"2024-01-27T18:04:22+00:00\",\"breadcrumb\":{\"@id\":\"https:\/\/www.pm.pb.gov.br\/portal\/2024\/01\/27\/operacao-verao-policia-militar-cumpre-seis-mandados-de-prisao-em-acoes-por-todo-estado\/#breadcrumb\"},\"inLanguage\":\"pt-BR\",\"potentialAction\":[{\"@type\":\"ReadAction\",\"target\":[\"https:\/\/www.pm.pb.gov.br\/portal\/2024\/01\/27\/operacao-verao-policia-militar-cumpre-seis-mandados-de-prisao-em-acoes-por-todo-estado\/\"]}]},{\"@type\":\"BreadcrumbList\",\"@id\":\"https:\/\/www.pm.pb.gov.br\/portal\/2024\/01\/27\/operacao-verao-policia-militar-cumpre-seis-mandados-de-prisao-em-acoes-por-todo-estado\/#breadcrumb\",\"itemListElement\":[{\"@type\":\"ListItem\",\"position\":1,\"name\":\"In\u00edcio\",\"item\":\"https:\/\/www.pm.pb.gov.br\/portal\/\"},{\"@type\":\"ListItem\",\"position\":2,\"name\":\"Opera\u00e7\u00e3o Ver\u00e3o: Pol\u00edcia Militar cumpre seis mandados de pris\u00e3o em a\u00e7\u00f5es pelo estado\"}]},{\"@type\":\"WebSite\",\"@id\":\"https:\/\/www.pm.pb.gov.br\/portal\/#website\",\"url\":\"https:\/\/www.pm.pb.gov.br\/portal\/\",\"name\":\"Pol\u00edcia Militar da Para\u00edba\",\"description\":\"\",\"publisher\":{\"@id\":\"https:\/\/www.pm.pb.gov.br\/portal\/#organization\"},\"potentialAction\":[{\"@type\":\"SearchAction\",\"target\":{\"@type\":\"EntryPoint\",\"urlTemplate\":\"https:\/\/www.pm.pb.gov.br\/portal\/?s={search_term_string}\"},\"query-input\":\"required name=search_term_string\"}],\"inLanguage\":\"pt-BR\"},{\"@type\":\"Organization\",\"@id\":\"https:\/\/www.pm.pb.gov.br\/portal\/#organization\",\"name\":\"Pol\u00edcia Militar da Para\u00edba\",\"url\":\"https:\/\/www.pm.pb.gov.br\/portal\/\",\"logo\":{\"@type\":\"ImageObject\",\"inLanguage\":\"pt-BR\",\"@id\":\"https:\/\/www.pm.pb.gov.br\/portal\/#\/schema\/logo\/image\/\",\"url\":\"https:\/\/www.pm.pb.gov.br\/portal\/wp-content\/uploads\/2025\/03\/cropped-logo-site-mag2-1.png\",\"contentUrl\":\"https:\/\/www.pm.pb.gov.br\/portal\/wp-content\/uploads\/2025\/03\/cropped-logo-site-mag2-1.png\",\"width\":320,\"height\":90,\"caption\":\"Pol\u00edcia Militar da Para\u00edba\"},\"image\":{\"@id\":\"https:\/\/www.pm.pb.gov.br\/portal\/#\/schema\/logo\/image\/\"}},{\"@type\":\"Person\",\"@id\":\"https:\/\/www.pm.pb.gov.br\/portal\/#\/schema\/person\/e8454f46651c3ecf0e1ba3c1666d9947\",\"name\":\"Assessoria de Imprensa da PMPB\",\"image\":{\"@type\":\"ImageObject\",\"inLanguage\":\"pt-BR\",\"@id\":\"https:\/\/www.pm.pb.gov.br\/portal\/#\/schema\/person\/image\/\",\"url\":\"https:\/\/secure.gravatar.com\/avatar\/2efe197438265d1e90bd98c4c8e1acf8?s=96&d=mm&r=g\",\"contentUrl\":\"https:\/\/secure.gravatar.com\/avatar\/2efe197438265d1e90bd98c4c8e1acf8?s=96&d=mm&r=g\",\"caption\":\"Assessoria de Imprensa da PMPB\"},\"url\":\"https:\/\/www.pm.pb.gov.br\/portal\/author\/assessoria\/\"}]}<\/script>\n<!-- \/ Yoast SEO plugin. -->","yoast_head_json":{"title":"Opera\u00e7\u00e3o Ver\u00e3o: Pol\u00edcia Militar cumpre seis mandados de pris\u00e3o em a\u00e7\u00f5es pelo estado - Pol\u00edcia Militar da Para\u00edba","robots":{"index":"index","follow":"follow","max-snippet":"max-snippet:-1","max-image-preview":"max-image-preview:large","max-video-preview":"max-video-preview:-1"},"canonical":"https:\/\/www.pm.pb.gov.br\/portal\/2024\/01\/27\/operacao-verao-policia-militar-cumpre-seis-mandados-de-prisao-em-acoes-por-todo-estado\/","og_locale":"pt_BR","og_type":"article","og_title":"Opera\u00e7\u00e3o Ver\u00e3o: Pol\u00edcia Militar cumpre seis mandados de pris\u00e3o em a\u00e7\u00f5es pelo estado - Pol\u00edcia Militar da Para\u00edba","og_description":"A Pol\u00edcia Militar, cumpriu entre as \u00faltimas horas de sexta-feira (26) e primeiras horas deste s\u00e1bado (27), 06 mandados de","og_url":"https:\/\/www.pm.pb.gov.br\/portal\/2024\/01\/27\/operacao-verao-policia-militar-cumpre-seis-mandados-de-prisao-em-acoes-por-todo-estado\/","og_site_name":"Pol\u00edcia Militar da Para\u00edba","article_published_time":"2024-01-27T17:27:06+00:00","article_modified_time":"2024-01-27T18:04:22+00:00","og_image":[{"width":2560,"height":1440,"url":"http:\/\/www.pm.pb.gov.br\/portal\/wp-content\/uploads\/2024\/01\/WhatsApp-Image-2024-01-27-at-14.41.47-scaled.jpeg","type":"image\/jpeg"}],"author":"Assessoria de Imprensa da PMPB","twitter_card":"summary_large_image","twitter_misc":{"Escrito por":"Assessoria de Imprensa da PMPB","Est. tempo de leitura":"2 minutos"},"schema":{"@context":"https:\/\/schema.org","@graph":[{"@type":"Article","@id":"https:\/\/www.pm.pb.gov.br\/portal\/2024\/01\/27\/operacao-verao-policia-militar-cumpre-seis-mandados-de-prisao-em-acoes-por-todo-estado\/#article","isPartOf":{"@id":"https:\/\/www.pm.pb.gov.br\/portal\/2024\/01\/27\/operacao-verao-policia-militar-cumpre-seis-mandados-de-prisao-em-acoes-por-todo-estado\/"},"author":{"name":"Assessoria de Imprensa da PMPB","@id":"https:\/\/www.pm.pb.gov.br\/portal\/#\/schema\/person\/e8454f46651c3ecf0e1ba3c1666d9947"},"headline":"Opera\u00e7\u00e3o Ver\u00e3o: Pol\u00edcia Militar cumpre seis mandados de pris\u00e3o em a\u00e7\u00f5es pelo estado","datePublished":"2024-01-27T17:27:06+00:00","dateModified":"2024-01-27T18:04:22+00:00","mainEntityOfPage":{"@id":"https:\/\/www.pm.pb.gov.br\/portal\/2024\/01\/27\/operacao-verao-policia-militar-cumpre-seis-mandados-de-prisao-em-acoes-por-todo-estado\/"},"wordCount":325,"publisher":{"@id":"https:\/\/www.pm.pb.gov.br\/portal\/#organization"},"articleSection":["A\u00e7\u00f5es Policiais"],"inLanguage":"pt-BR"},{"@type":"WebPage","@id":"https:\/\/www.pm.pb.gov.br\/portal\/2024\/01\/27\/operacao-verao-policia-militar-cumpre-seis-mandados-de-prisao-em-acoes-por-todo-estado\/","url":"https:\/\/www.pm.pb.gov.br\/portal\/2024\/01\/27\/operacao-verao-policia-militar-cumpre-seis-mandados-de-prisao-em-acoes-por-todo-estado\/","name":"Opera\u00e7\u00e3o Ver\u00e3o: Pol\u00edcia Militar cumpre seis mandados de pris\u00e3o em a\u00e7\u00f5es pelo estado - Pol\u00edcia Militar da Para\u00edba","isPartOf":{"@id":"https:\/\/www.pm.pb.gov.br\/portal\/#website"},"datePublished":"2024-01-27T17:27:06+00:00","dateModified":"2024-01-27T18:04:22+00:00","breadcrumb":{"@id":"https:\/\/www.pm.pb.gov.br\/portal\/2024\/01\/27\/operacao-verao-policia-militar-cumpre-seis-mandados-de-prisao-em-acoes-por-todo-estado\/#breadcrumb"},"inLanguage":"pt-BR","potentialAction":[{"@type":"ReadAction","target":["https:\/\/www.pm.pb.gov.br\/portal\/2024\/01\/27\/operacao-verao-policia-militar-cumpre-seis-mandados-de-prisao-em-acoes-por-todo-estado\/"]}]},{"@type":"BreadcrumbList","@id":"https:\/\/www.pm.pb.gov.br\/portal\/2024\/01\/27\/operacao-verao-policia-militar-cumpre-seis-mandados-de-prisao-em-acoes-por-todo-estado\/#breadcrumb","itemListElement":[{"@type":"ListItem","position":1,"name":"In\u00edcio","item":"https:\/\/www.pm.pb.gov.br\/portal\/"},{"@type":"ListItem","position":2,"name":"Opera\u00e7\u00e3o Ver\u00e3o: Pol\u00edcia Militar cumpre seis mandados de pris\u00e3o em a\u00e7\u00f5es pelo estado"}]},{"@type":"WebSite","@id":"https:\/\/www.pm.pb.gov.br\/portal\/#website","url":"https:\/\/www.pm.pb.gov.br\/portal\/","name":"Pol\u00edcia Militar da Para\u00edba","description":"","publisher":{"@id":"https:\/\/www.pm.pb.gov.br\/portal\/#organization"},"potentialAction":[{"@type":"SearchAction","target":{"@type":"EntryPoint","urlTemplate":"https:\/\/www.pm.pb.gov.br\/portal\/?s={search_term_string}"},"query-input":"required name=search_term_string"}],"inLanguage":"pt-BR"},{"@type":"Organization","@id":"https:\/\/www.pm.pb.gov.br\/portal\/#organization","name":"Pol\u00edcia Militar da Para\u00edba","url":"https:\/\/www.pm.pb.gov.br\/portal\/","logo":{"@type":"ImageObject","inLanguage":"pt-BR","@id":"https:\/\/www.pm.pb.gov.br\/portal\/#\/schema\/logo\/image\/","url":"https:\/\/www.pm.pb.gov.br\/portal\/wp-content\/uploads\/2025\/03\/cropped-logo-site-mag2-1.png","contentUrl":"https:\/\/www.pm.pb.gov.br\/portal\/wp-content\/uploads\/2025\/03\/cropped-logo-site-mag2-1.png","width":320,"height":90,"caption":"Pol\u00edcia Militar da Para\u00edba"},"image":{"@id":"https:\/\/www.pm.pb.gov.br\/portal\/#\/schema\/logo\/image\/"}},{"@type":"Person","@id":"https:\/\/www.pm.pb.gov.br\/portal\/#\/schema\/person\/e8454f46651c3ecf0e1ba3c1666d9947","name":"Assessoria de Imprensa da PMPB","image":{"@type":"ImageObject","inLanguage":"pt-BR","@id":"https:\/\/www.pm.pb.gov.br\/portal\/#\/schema\/person\/image\/","url":"https:\/\/secure.gravatar.com\/avatar\/2efe197438265d1e90bd98c4c8e1acf8?s=96&d=mm&r=g","contentUrl":"https:\/\/secure.gravatar.com\/avatar\/2efe197438265d1e90bd98c4c8e1acf8?s=96&d=mm&r=g","caption":"Assessoria de Imprensa da PMPB"},"url":"https:\/\/www.pm.pb.gov.br\/portal\/author\/assessoria\/"}]}},"_links":{"self":[{"href":"https:\/\/www.pm.pb.gov.br\/portal\/wp-json\/wp\/v2\/posts\/920682"}],"collection":[{"href":"https:\/\/www.pm.pb.gov.br\/portal\/wp-json\/wp\/v2\/posts"}],"about":[{"href":"https:\/\/www.pm.pb.gov.br\/portal\/wp-json\/wp\/v2\/types\/post"}],"author":[{"embeddable":true,"href":"https:\/\/www.pm.pb.gov.br\/portal\/wp-json\/wp\/v2\/users\/5"}],"replies":[{"embeddable":true,"href":"https:\/\/www.pm.pb.gov.br\/portal\/wp-json\/wp\/v2\/comments?post=920682"}],"version-history":[{"count":3,"href":"https:\/\/www.pm.pb.gov.br\/portal\/wp-json\/wp\/v2\/posts\/920682\/revisions"}],"predecessor-version":[{"id":920691,"href":"https:\/\/www.pm.pb.gov.br\/portal\/wp-json\/wp\/v2\/posts\/920682\/revisions\/920691"}],"wp:featuredmedia":[{"embeddable":true,"href":"https:\/\/www.pm.pb.gov.br\/portal\/wp-json\/wp\/v2\/media\/920683"}],"wp:attachment":[{"href":"https:\/\/www.pm.pb.gov.br\/portal\/wp-json\/wp\/v2\/media?parent=920682"}],"wp:term":[{"taxonomy":"category","embeddable":true,"href":"https:\/\/www.pm.pb.gov.br\/portal\/wp-json\/wp\/v2\/categories?post=920682"},{"taxonomy":"post_tag","embeddable":true,"href":"https:\/\/www.pm.pb.gov.br\/portal\/wp-json\/wp\/v2\/tags?post=920682"}],"curies":[{"name":"wp","href":"https:\/\/api.w.org\/{rel}","templated":true}]}}