{"id":920668,"date":"2024-01-26T13:24:00","date_gmt":"2024-01-26T16:24:00","guid":{"rendered":"https:\/\/www.pm.pb.gov.br\/portal\/?p=920668"},"modified":"2024-01-26T17:27:01","modified_gmt":"2024-01-26T20:27:01","slug":"em-nova-acao-de-combate-ao-trafico-policia-militar-apreende-mais-de-200-porcoes-de-drogas-com-acusado-em-campina-grande","status":"publish","type":"post","link":"https:\/\/www.pm.pb.gov.br\/portal\/2024\/01\/26\/em-nova-acao-de-combate-ao-trafico-policia-militar-apreende-mais-de-200-porcoes-de-drogas-com-acusado-em-campina-grande\/","title":{"rendered":"Em nova a\u00e7\u00e3o de combate ao tr\u00e1fico, Pol\u00edcia Militar apreende mais de 200 por\u00e7\u00f5es de drogas com acusado, em Campina Grande"},"content":{"rendered":"\n\n\n<p>O combate ao tr\u00e1fico de drogas continua intensificado em Campina Grande. Na manh\u00e3 desta sexta-feira, mais de 200 por\u00e7\u00f5es de diversas drogas foram apreendidas pela Pol\u00edcia Militar com um homem acusado de tr\u00e1fico (foto acima ilustrativa). A a\u00e7\u00e3o aconteceu no bairro da Ramadinha.<\/p>\n<p>De acordo com o 2\u00ba Esquadr\u00e3o do Regimento de Opera\u00e7\u00f5es T\u00e1ticas com Apoio de Motocicletas (Rotam), a situa\u00e7\u00e3o de tr\u00e1fico foi descoberta pelos policiais durante o motopatrulhamento t\u00e1tico na localidade. O acusado teria tentado fugir da abordagem dos policiais, mas foi alcan\u00e7ado. Segundo a unidade, durante a abordagem ao suspeito e averigua\u00e7\u00e3o, os policiais localizaram 210 por\u00e7\u00f5es de subst\u00e2ncia semelhante \u00e0 maconha, um saco com coca\u00edna, cinco litros de lol\u00f3, 14 pedras de crack, al\u00e9m de balan\u00e7a de precis\u00e3o, tr\u00eas aves silvestres, e a quantia de R$59,05 em dinheiro (foto abaixo).<\/p>\n<p><img loading=\"lazy\" decoding=\"async\" class=\"size-full wp-image-920669 aligncenter\" src=\"http:\/\/www.pm.pb.gov.br\/portal\/wp-content\/uploads\/2024\/01\/WhatsApp-Image-2024-01-26-at-17.18.56.jpeg\" alt=\"\" width=\"480\" height=\"294\" \/><\/p>\n<p>Toda a ocorr\u00eancia foi apresentada na Delegacia da Pol\u00edcia Civil para os procedimentos cab\u00edveis. Novas a\u00e7\u00f5es preventivas e refor\u00e7o em localidades e regi\u00f5es estrat\u00e9gicas devem acontecer com a chegada do final de semana.<\/p>\n","protected":false},"excerpt":{"rendered":"<p>O combate ao tr\u00e1fico de drogas continua intensificado em Campina Grande. Na manh\u00e3 desta sexta-feira, mais de 200 por\u00e7\u00f5es de<\/p>\n","protected":false},"author":12,"featured_media":920357,"comment_status":"closed","ping_status":"closed","sticky":false,"template":"","format":"standard","meta":{"_exactmetrics_skip_tracking":false,"_exactmetrics_sitenote_active":false,"_exactmetrics_sitenote_note":"","_exactmetrics_sitenote_category":0,"footnotes":""},"categories":[4],"tags":[],"yoast_head":"<!-- This site is optimized with the Yoast SEO plugin v22.0 - https:\/\/yoast.com\/wordpress\/plugins\/seo\/ -->\n<title>Em nova a\u00e7\u00e3o de combate ao tr\u00e1fico, Pol\u00edcia Militar apreende mais de 200 por\u00e7\u00f5es de drogas com acusado, em Campina Grande - Pol\u00edcia Militar da Para\u00edba<\/title>\n<meta name=\"description\" content=\"A\u00e7\u00f5es preventivas e refor\u00e7o em localidades e regi\u00f5es estrat\u00e9gicas devem acontecer com a chegada do final de semana.\" \/>\n<meta name=\"robots\" content=\"index, follow, max-snippet:-1, max-image-preview:large, max-video-preview:-1\" \/>\n<link rel=\"canonical\" href=\"https:\/\/www.pm.pb.gov.br\/portal\/2024\/01\/26\/em-nova-acao-de-combate-ao-trafico-policia-militar-apreende-mais-de-200-porcoes-de-drogas-com-acusado-em-campina-grande\/\" \/>\n<meta property=\"og:locale\" content=\"pt_BR\" \/>\n<meta property=\"og:type\" content=\"article\" \/>\n<meta property=\"og:title\" content=\"Em nova a\u00e7\u00e3o de combate ao tr\u00e1fico, Pol\u00edcia Militar apreende mais de 200 por\u00e7\u00f5es de drogas com acusado, em Campina Grande - Pol\u00edcia Militar da Para\u00edba\" \/>\n<meta property=\"og:description\" content=\"A\u00e7\u00f5es preventivas e refor\u00e7o em localidades e regi\u00f5es estrat\u00e9gicas devem acontecer com a chegada do final de semana.\" \/>\n<meta property=\"og:url\" content=\"https:\/\/www.pm.pb.gov.br\/portal\/2024\/01\/26\/em-nova-acao-de-combate-ao-trafico-policia-militar-apreende-mais-de-200-porcoes-de-drogas-com-acusado-em-campina-grande\/\" \/>\n<meta property=\"og:site_name\" content=\"Pol\u00edcia Militar da Para\u00edba\" \/>\n<meta property=\"article:published_time\" content=\"2024-01-26T16:24:00+00:00\" \/>\n<meta property=\"article:modified_time\" content=\"2024-01-26T20:27:01+00:00\" \/>\n<meta property=\"og:image\" content=\"http:\/\/www.pm.pb.gov.br\/portal\/wp-content\/uploads\/2024\/01\/eotamcg-3.jpeg\" \/>\n\t<meta property=\"og:image:width\" content=\"800\" \/>\n\t<meta property=\"og:image:height\" content=\"445\" \/>\n\t<meta property=\"og:image:type\" content=\"image\/jpeg\" \/>\n<meta name=\"author\" content=\"Tarcisio Oliveira\" \/>\n<meta name=\"twitter:card\" content=\"summary_large_image\" \/>\n<meta name=\"twitter:label1\" content=\"Escrito por\" \/>\n\t<meta name=\"twitter:data1\" content=\"Tarcisio Oliveira\" \/>\n\t<meta name=\"twitter:label2\" content=\"Est. tempo de leitura\" \/>\n\t<meta name=\"twitter:data2\" content=\"2 minutos\" \/>\n<script type=\"application\/ld+json\" class=\"yoast-schema-graph\">{\"@context\":\"https:\/\/schema.org\",\"@graph\":[{\"@type\":\"Article\",\"@id\":\"https:\/\/www.pm.pb.gov.br\/portal\/2024\/01\/26\/em-nova-acao-de-combate-ao-trafico-policia-militar-apreende-mais-de-200-porcoes-de-drogas-com-acusado-em-campina-grande\/#article\",\"isPartOf\":{\"@id\":\"https:\/\/www.pm.pb.gov.br\/portal\/2024\/01\/26\/em-nova-acao-de-combate-ao-trafico-policia-militar-apreende-mais-de-200-porcoes-de-drogas-com-acusado-em-campina-grande\/\"},\"author\":{\"name\":\"Tarcisio Oliveira\",\"@id\":\"https:\/\/www.pm.pb.gov.br\/portal\/#\/schema\/person\/f84f56dcc78ce4357054da888b8247fd\"},\"headline\":\"Em nova a\u00e7\u00e3o de combate ao tr\u00e1fico, Pol\u00edcia Militar apreende mais de 200 por\u00e7\u00f5es de drogas com acusado, em Campina Grande\",\"datePublished\":\"2024-01-26T16:24:00+00:00\",\"dateModified\":\"2024-01-26T20:27:01+00:00\",\"mainEntityOfPage\":{\"@id\":\"https:\/\/www.pm.pb.gov.br\/portal\/2024\/01\/26\/em-nova-acao-de-combate-ao-trafico-policia-militar-apreende-mais-de-200-porcoes-de-drogas-com-acusado-em-campina-grande\/\"},\"wordCount\":213,\"publisher\":{\"@id\":\"https:\/\/www.pm.pb.gov.br\/portal\/#organization\"},\"articleSection\":[\"A\u00e7\u00f5es Policiais\"],\"inLanguage\":\"pt-BR\"},{\"@type\":\"WebPage\",\"@id\":\"https:\/\/www.pm.pb.gov.br\/portal\/2024\/01\/26\/em-nova-acao-de-combate-ao-trafico-policia-militar-apreende-mais-de-200-porcoes-de-drogas-com-acusado-em-campina-grande\/\",\"url\":\"https:\/\/www.pm.pb.gov.br\/portal\/2024\/01\/26\/em-nova-acao-de-combate-ao-trafico-policia-militar-apreende-mais-de-200-porcoes-de-drogas-com-acusado-em-campina-grande\/\",\"name\":\"Em nova a\u00e7\u00e3o de combate ao tr\u00e1fico, Pol\u00edcia Militar apreende mais de 200 por\u00e7\u00f5es de drogas com acusado, em Campina Grande - Pol\u00edcia Militar da Para\u00edba\",\"isPartOf\":{\"@id\":\"https:\/\/www.pm.pb.gov.br\/portal\/#website\"},\"datePublished\":\"2024-01-26T16:24:00+00:00\",\"dateModified\":\"2024-01-26T20:27:01+00:00\",\"description\":\"A\u00e7\u00f5es preventivas e refor\u00e7o em localidades e regi\u00f5es estrat\u00e9gicas devem acontecer com a chegada do final de semana.\",\"breadcrumb\":{\"@id\":\"https:\/\/www.pm.pb.gov.br\/portal\/2024\/01\/26\/em-nova-acao-de-combate-ao-trafico-policia-militar-apreende-mais-de-200-porcoes-de-drogas-com-acusado-em-campina-grande\/#breadcrumb\"},\"inLanguage\":\"pt-BR\",\"potentialAction\":[{\"@type\":\"ReadAction\",\"target\":[\"https:\/\/www.pm.pb.gov.br\/portal\/2024\/01\/26\/em-nova-acao-de-combate-ao-trafico-policia-militar-apreende-mais-de-200-porcoes-de-drogas-com-acusado-em-campina-grande\/\"]}]},{\"@type\":\"BreadcrumbList\",\"@id\":\"https:\/\/www.pm.pb.gov.br\/portal\/2024\/01\/26\/em-nova-acao-de-combate-ao-trafico-policia-militar-apreende-mais-de-200-porcoes-de-drogas-com-acusado-em-campina-grande\/#breadcrumb\",\"itemListElement\":[{\"@type\":\"ListItem\",\"position\":1,\"name\":\"In\u00edcio\",\"item\":\"https:\/\/www.pm.pb.gov.br\/portal\/\"},{\"@type\":\"ListItem\",\"position\":2,\"name\":\"Em nova a\u00e7\u00e3o de combate ao tr\u00e1fico, Pol\u00edcia Militar apreende mais de 200 por\u00e7\u00f5es de drogas com acusado, em Campina Grande\"}]},{\"@type\":\"WebSite\",\"@id\":\"https:\/\/www.pm.pb.gov.br\/portal\/#website\",\"url\":\"https:\/\/www.pm.pb.gov.br\/portal\/\",\"name\":\"Pol\u00edcia Militar da Para\u00edba\",\"description\":\"\",\"publisher\":{\"@id\":\"https:\/\/www.pm.pb.gov.br\/portal\/#organization\"},\"potentialAction\":[{\"@type\":\"SearchAction\",\"target\":{\"@type\":\"EntryPoint\",\"urlTemplate\":\"https:\/\/www.pm.pb.gov.br\/portal\/?s={search_term_string}\"},\"query-input\":\"required name=search_term_string\"}],\"inLanguage\":\"pt-BR\"},{\"@type\":\"Organization\",\"@id\":\"https:\/\/www.pm.pb.gov.br\/portal\/#organization\",\"name\":\"Pol\u00edcia Militar da Para\u00edba\",\"url\":\"https:\/\/www.pm.pb.gov.br\/portal\/\",\"logo\":{\"@type\":\"ImageObject\",\"inLanguage\":\"pt-BR\",\"@id\":\"https:\/\/www.pm.pb.gov.br\/portal\/#\/schema\/logo\/image\/\",\"url\":\"https:\/\/www.pm.pb.gov.br\/portal\/wp-content\/uploads\/2025\/03\/cropped-logo-site-mag2-1.png\",\"contentUrl\":\"https:\/\/www.pm.pb.gov.br\/portal\/wp-content\/uploads\/2025\/03\/cropped-logo-site-mag2-1.png\",\"width\":320,\"height\":90,\"caption\":\"Pol\u00edcia Militar da Para\u00edba\"},\"image\":{\"@id\":\"https:\/\/www.pm.pb.gov.br\/portal\/#\/schema\/logo\/image\/\"}},{\"@type\":\"Person\",\"@id\":\"https:\/\/www.pm.pb.gov.br\/portal\/#\/schema\/person\/f84f56dcc78ce4357054da888b8247fd\",\"name\":\"Tarcisio Oliveira\",\"image\":{\"@type\":\"ImageObject\",\"inLanguage\":\"pt-BR\",\"@id\":\"https:\/\/www.pm.pb.gov.br\/portal\/#\/schema\/person\/image\/\",\"url\":\"https:\/\/secure.gravatar.com\/avatar\/72917b630b69d31cd0297507f34bac97?s=96&d=mm&r=g\",\"contentUrl\":\"https:\/\/secure.gravatar.com\/avatar\/72917b630b69d31cd0297507f34bac97?s=96&d=mm&r=g\",\"caption\":\"Tarcisio Oliveira\"},\"url\":\"https:\/\/www.pm.pb.gov.br\/portal\/author\/tarcisio\/\"}]}<\/script>\n<!-- \/ Yoast SEO plugin. -->","yoast_head_json":{"title":"Em nova a\u00e7\u00e3o de combate ao tr\u00e1fico, Pol\u00edcia Militar apreende mais de 200 por\u00e7\u00f5es de drogas com acusado, em Campina Grande - Pol\u00edcia Militar da Para\u00edba","description":"A\u00e7\u00f5es preventivas e refor\u00e7o em localidades e regi\u00f5es estrat\u00e9gicas devem acontecer com a chegada do final de semana.","robots":{"index":"index","follow":"follow","max-snippet":"max-snippet:-1","max-image-preview":"max-image-preview:large","max-video-preview":"max-video-preview:-1"},"canonical":"https:\/\/www.pm.pb.gov.br\/portal\/2024\/01\/26\/em-nova-acao-de-combate-ao-trafico-policia-militar-apreende-mais-de-200-porcoes-de-drogas-com-acusado-em-campina-grande\/","og_locale":"pt_BR","og_type":"article","og_title":"Em nova a\u00e7\u00e3o de combate ao tr\u00e1fico, Pol\u00edcia Militar apreende mais de 200 por\u00e7\u00f5es de drogas com acusado, em Campina Grande - Pol\u00edcia Militar da Para\u00edba","og_description":"A\u00e7\u00f5es preventivas e refor\u00e7o em localidades e regi\u00f5es estrat\u00e9gicas devem acontecer com a chegada do final de semana.","og_url":"https:\/\/www.pm.pb.gov.br\/portal\/2024\/01\/26\/em-nova-acao-de-combate-ao-trafico-policia-militar-apreende-mais-de-200-porcoes-de-drogas-com-acusado-em-campina-grande\/","og_site_name":"Pol\u00edcia Militar da Para\u00edba","article_published_time":"2024-01-26T16:24:00+00:00","article_modified_time":"2024-01-26T20:27:01+00:00","og_image":[{"width":800,"height":445,"url":"http:\/\/www.pm.pb.gov.br\/portal\/wp-content\/uploads\/2024\/01\/eotamcg-3.jpeg","type":"image\/jpeg"}],"author":"Tarcisio Oliveira","twitter_card":"summary_large_image","twitter_misc":{"Escrito por":"Tarcisio Oliveira","Est. tempo de leitura":"2 minutos"},"schema":{"@context":"https:\/\/schema.org","@graph":[{"@type":"Article","@id":"https:\/\/www.pm.pb.gov.br\/portal\/2024\/01\/26\/em-nova-acao-de-combate-ao-trafico-policia-militar-apreende-mais-de-200-porcoes-de-drogas-com-acusado-em-campina-grande\/#article","isPartOf":{"@id":"https:\/\/www.pm.pb.gov.br\/portal\/2024\/01\/26\/em-nova-acao-de-combate-ao-trafico-policia-militar-apreende-mais-de-200-porcoes-de-drogas-com-acusado-em-campina-grande\/"},"author":{"name":"Tarcisio Oliveira","@id":"https:\/\/www.pm.pb.gov.br\/portal\/#\/schema\/person\/f84f56dcc78ce4357054da888b8247fd"},"headline":"Em nova a\u00e7\u00e3o de combate ao tr\u00e1fico, Pol\u00edcia Militar apreende mais de 200 por\u00e7\u00f5es de drogas com acusado, em Campina Grande","datePublished":"2024-01-26T16:24:00+00:00","dateModified":"2024-01-26T20:27:01+00:00","mainEntityOfPage":{"@id":"https:\/\/www.pm.pb.gov.br\/portal\/2024\/01\/26\/em-nova-acao-de-combate-ao-trafico-policia-militar-apreende-mais-de-200-porcoes-de-drogas-com-acusado-em-campina-grande\/"},"wordCount":213,"publisher":{"@id":"https:\/\/www.pm.pb.gov.br\/portal\/#organization"},"articleSection":["A\u00e7\u00f5es Policiais"],"inLanguage":"pt-BR"},{"@type":"WebPage","@id":"https:\/\/www.pm.pb.gov.br\/portal\/2024\/01\/26\/em-nova-acao-de-combate-ao-trafico-policia-militar-apreende-mais-de-200-porcoes-de-drogas-com-acusado-em-campina-grande\/","url":"https:\/\/www.pm.pb.gov.br\/portal\/2024\/01\/26\/em-nova-acao-de-combate-ao-trafico-policia-militar-apreende-mais-de-200-porcoes-de-drogas-com-acusado-em-campina-grande\/","name":"Em nova a\u00e7\u00e3o de combate ao tr\u00e1fico, Pol\u00edcia Militar apreende mais de 200 por\u00e7\u00f5es de drogas com acusado, em Campina Grande - Pol\u00edcia Militar da Para\u00edba","isPartOf":{"@id":"https:\/\/www.pm.pb.gov.br\/portal\/#website"},"datePublished":"2024-01-26T16:24:00+00:00","dateModified":"2024-01-26T20:27:01+00:00","description":"A\u00e7\u00f5es preventivas e refor\u00e7o em localidades e regi\u00f5es estrat\u00e9gicas devem acontecer com a chegada do final de semana.","breadcrumb":{"@id":"https:\/\/www.pm.pb.gov.br\/portal\/2024\/01\/26\/em-nova-acao-de-combate-ao-trafico-policia-militar-apreende-mais-de-200-porcoes-de-drogas-com-acusado-em-campina-grande\/#breadcrumb"},"inLanguage":"pt-BR","potentialAction":[{"@type":"ReadAction","target":["https:\/\/www.pm.pb.gov.br\/portal\/2024\/01\/26\/em-nova-acao-de-combate-ao-trafico-policia-militar-apreende-mais-de-200-porcoes-de-drogas-com-acusado-em-campina-grande\/"]}]},{"@type":"BreadcrumbList","@id":"https:\/\/www.pm.pb.gov.br\/portal\/2024\/01\/26\/em-nova-acao-de-combate-ao-trafico-policia-militar-apreende-mais-de-200-porcoes-de-drogas-com-acusado-em-campina-grande\/#breadcrumb","itemListElement":[{"@type":"ListItem","position":1,"name":"In\u00edcio","item":"https:\/\/www.pm.pb.gov.br\/portal\/"},{"@type":"ListItem","position":2,"name":"Em nova a\u00e7\u00e3o de combate ao tr\u00e1fico, Pol\u00edcia Militar apreende mais de 200 por\u00e7\u00f5es de drogas com acusado, em Campina Grande"}]},{"@type":"WebSite","@id":"https:\/\/www.pm.pb.gov.br\/portal\/#website","url":"https:\/\/www.pm.pb.gov.br\/portal\/","name":"Pol\u00edcia Militar da Para\u00edba","description":"","publisher":{"@id":"https:\/\/www.pm.pb.gov.br\/portal\/#organization"},"potentialAction":[{"@type":"SearchAction","target":{"@type":"EntryPoint","urlTemplate":"https:\/\/www.pm.pb.gov.br\/portal\/?s={search_term_string}"},"query-input":"required name=search_term_string"}],"inLanguage":"pt-BR"},{"@type":"Organization","@id":"https:\/\/www.pm.pb.gov.br\/portal\/#organization","name":"Pol\u00edcia Militar da Para\u00edba","url":"https:\/\/www.pm.pb.gov.br\/portal\/","logo":{"@type":"ImageObject","inLanguage":"pt-BR","@id":"https:\/\/www.pm.pb.gov.br\/portal\/#\/schema\/logo\/image\/","url":"https:\/\/www.pm.pb.gov.br\/portal\/wp-content\/uploads\/2025\/03\/cropped-logo-site-mag2-1.png","contentUrl":"https:\/\/www.pm.pb.gov.br\/portal\/wp-content\/uploads\/2025\/03\/cropped-logo-site-mag2-1.png","width":320,"height":90,"caption":"Pol\u00edcia Militar da Para\u00edba"},"image":{"@id":"https:\/\/www.pm.pb.gov.br\/portal\/#\/schema\/logo\/image\/"}},{"@type":"Person","@id":"https:\/\/www.pm.pb.gov.br\/portal\/#\/schema\/person\/f84f56dcc78ce4357054da888b8247fd","name":"Tarcisio Oliveira","image":{"@type":"ImageObject","inLanguage":"pt-BR","@id":"https:\/\/www.pm.pb.gov.br\/portal\/#\/schema\/person\/image\/","url":"https:\/\/secure.gravatar.com\/avatar\/72917b630b69d31cd0297507f34bac97?s=96&d=mm&r=g","contentUrl":"https:\/\/secure.gravatar.com\/avatar\/72917b630b69d31cd0297507f34bac97?s=96&d=mm&r=g","caption":"Tarcisio Oliveira"},"url":"https:\/\/www.pm.pb.gov.br\/portal\/author\/tarcisio\/"}]}},"_links":{"self":[{"href":"https:\/\/www.pm.pb.gov.br\/portal\/wp-json\/wp\/v2\/posts\/920668"}],"collection":[{"href":"https:\/\/www.pm.pb.gov.br\/portal\/wp-json\/wp\/v2\/posts"}],"about":[{"href":"https:\/\/www.pm.pb.gov.br\/portal\/wp-json\/wp\/v2\/types\/post"}],"author":[{"embeddable":true,"href":"https:\/\/www.pm.pb.gov.br\/portal\/wp-json\/wp\/v2\/users\/12"}],"replies":[{"embeddable":true,"href":"https:\/\/www.pm.pb.gov.br\/portal\/wp-json\/wp\/v2\/comments?post=920668"}],"version-history":[{"count":1,"href":"https:\/\/www.pm.pb.gov.br\/portal\/wp-json\/wp\/v2\/posts\/920668\/revisions"}],"predecessor-version":[{"id":920670,"href":"https:\/\/www.pm.pb.gov.br\/portal\/wp-json\/wp\/v2\/posts\/920668\/revisions\/920670"}],"wp:featuredmedia":[{"embeddable":true,"href":"https:\/\/www.pm.pb.gov.br\/portal\/wp-json\/wp\/v2\/media\/920357"}],"wp:attachment":[{"href":"https:\/\/www.pm.pb.gov.br\/portal\/wp-json\/wp\/v2\/media?parent=920668"}],"wp:term":[{"taxonomy":"category","embeddable":true,"href":"https:\/\/www.pm.pb.gov.br\/portal\/wp-json\/wp\/v2\/categories?post=920668"},{"taxonomy":"post_tag","embeddable":true,"href":"https:\/\/www.pm.pb.gov.br\/portal\/wp-json\/wp\/v2\/tags?post=920668"}],"curies":[{"name":"wp","href":"https:\/\/api.w.org\/{rel}","templated":true}]}}