{"id":920661,"date":"2024-01-26T07:17:00","date_gmt":"2024-01-26T10:17:00","guid":{"rendered":"https:\/\/www.pm.pb.gov.br\/portal\/?p=920661"},"modified":"2024-01-26T16:21:23","modified_gmt":"2024-01-26T19:21:23","slug":"policia-militar-prende-acusados-de-trafico-que-estavam-com-mais-de-r-1-600-em-dinheiro","status":"publish","type":"post","link":"https:\/\/www.pm.pb.gov.br\/portal\/2024\/01\/26\/policia-militar-prende-acusados-de-trafico-que-estavam-com-mais-de-r-1-600-em-dinheiro\/","title":{"rendered":"Pol\u00edcia Militar prende acusados de tr\u00e1fico que estavam com mais de R$ 1.600 em dinheiro"},"content":{"rendered":"\n<p>A Pol\u00edcia Militar prendeu dois homens acusados do crime de tr\u00e1fico de drogas, e que estavam com entorpecentes e mais de R$ 1.600,00 em dinheiro. A a\u00e7\u00e3o aconteceu na noite da \u00faltima quinta-feira (25) no bairro do Roger, em Jo\u00e3o Pessoa.<\/p>\n<p>A pris\u00e3o dos acusados foi realizada pelos policiais da Radiopatrulha do 1\u00ba Batalh\u00e3o, que receberam den\u00fancias sobre atividades criminosas em uma localidade do bairro. Durante um cerco na regi\u00e3o, dois acusados foram presos com tr\u00eas por\u00e7\u00f5es de subst\u00e2ncia an\u00e1loga ao crack e com R$ 1.638,00 em dinheiro.<\/p>\n<p>A ocorr\u00eancia foi encaminhada para a Cidade da Pol\u00edcia Civil para os procedimentos cab\u00edveis e devida apura\u00e7\u00e3o.<\/p>\n\n\n","protected":false},"excerpt":{"rendered":"<p>A Pol\u00edcia Militar prendeu dois homens acusados do crime de tr\u00e1fico de drogas, e que estavam com entorpecentes e mais<\/p>\n","protected":false},"author":12,"featured_media":920662,"comment_status":"closed","ping_status":"closed","sticky":false,"template":"","format":"standard","meta":{"_exactmetrics_skip_tracking":false,"_exactmetrics_sitenote_active":false,"_exactmetrics_sitenote_note":"","_exactmetrics_sitenote_category":0,"footnotes":""},"categories":[4],"tags":[],"yoast_head":"<!-- This site is optimized with the Yoast SEO plugin v22.0 - https:\/\/yoast.com\/wordpress\/plugins\/seo\/ -->\n<title>Pol\u00edcia Militar prende acusados de tr\u00e1fico que estavam com mais de R$ 1.600 em dinheiro - Pol\u00edcia Militar da Para\u00edba<\/title>\n<meta name=\"description\" content=\"A\u00e7\u00e3o aconteceu na noite da \u00faltima quinta-feira (26) no bairro do Roger, em Jo\u00e3o Pessoa.\" \/>\n<meta name=\"robots\" content=\"index, follow, max-snippet:-1, max-image-preview:large, max-video-preview:-1\" \/>\n<link rel=\"canonical\" href=\"https:\/\/www.pm.pb.gov.br\/portal\/2024\/01\/26\/policia-militar-prende-acusados-de-trafico-que-estavam-com-mais-de-r-1-600-em-dinheiro\/\" \/>\n<meta property=\"og:locale\" content=\"pt_BR\" \/>\n<meta property=\"og:type\" content=\"article\" \/>\n<meta property=\"og:title\" content=\"Pol\u00edcia Militar prende acusados de tr\u00e1fico que estavam com mais de R$ 1.600 em dinheiro - Pol\u00edcia Militar da Para\u00edba\" \/>\n<meta property=\"og:description\" content=\"A\u00e7\u00e3o aconteceu na noite da \u00faltima quinta-feira (26) no bairro do Roger, em Jo\u00e3o Pessoa.\" \/>\n<meta property=\"og:url\" content=\"https:\/\/www.pm.pb.gov.br\/portal\/2024\/01\/26\/policia-militar-prende-acusados-de-trafico-que-estavam-com-mais-de-r-1-600-em-dinheiro\/\" \/>\n<meta property=\"og:site_name\" content=\"Pol\u00edcia Militar da Para\u00edba\" \/>\n<meta property=\"article:published_time\" content=\"2024-01-26T10:17:00+00:00\" \/>\n<meta property=\"article:modified_time\" content=\"2024-01-26T19:21:23+00:00\" \/>\n<meta property=\"og:image\" content=\"http:\/\/www.pm.pb.gov.br\/portal\/wp-content\/uploads\/2024\/01\/WhatsApp-Image-2024-01-26-at-15.19.05.jpeg\" \/>\n\t<meta property=\"og:image:width\" content=\"800\" \/>\n\t<meta property=\"og:image:height\" content=\"445\" \/>\n\t<meta property=\"og:image:type\" content=\"image\/jpeg\" \/>\n<meta name=\"author\" content=\"Tarcisio Oliveira\" \/>\n<meta name=\"twitter:card\" content=\"summary_large_image\" \/>\n<meta name=\"twitter:label1\" content=\"Escrito por\" \/>\n\t<meta name=\"twitter:data1\" content=\"Tarcisio Oliveira\" \/>\n\t<meta name=\"twitter:label2\" content=\"Est. tempo de leitura\" \/>\n\t<meta name=\"twitter:data2\" content=\"1 minuto\" \/>\n<script type=\"application\/ld+json\" class=\"yoast-schema-graph\">{\"@context\":\"https:\/\/schema.org\",\"@graph\":[{\"@type\":\"Article\",\"@id\":\"https:\/\/www.pm.pb.gov.br\/portal\/2024\/01\/26\/policia-militar-prende-acusados-de-trafico-que-estavam-com-mais-de-r-1-600-em-dinheiro\/#article\",\"isPartOf\":{\"@id\":\"https:\/\/www.pm.pb.gov.br\/portal\/2024\/01\/26\/policia-militar-prende-acusados-de-trafico-que-estavam-com-mais-de-r-1-600-em-dinheiro\/\"},\"author\":{\"name\":\"Tarcisio Oliveira\",\"@id\":\"https:\/\/www.pm.pb.gov.br\/portal\/#\/schema\/person\/f84f56dcc78ce4357054da888b8247fd\"},\"headline\":\"Pol\u00edcia Militar prende acusados de tr\u00e1fico que estavam com mais de R$ 1.600 em dinheiro\",\"datePublished\":\"2024-01-26T10:17:00+00:00\",\"dateModified\":\"2024-01-26T19:21:23+00:00\",\"mainEntityOfPage\":{\"@id\":\"https:\/\/www.pm.pb.gov.br\/portal\/2024\/01\/26\/policia-militar-prende-acusados-de-trafico-que-estavam-com-mais-de-r-1-600-em-dinheiro\/\"},\"wordCount\":133,\"publisher\":{\"@id\":\"https:\/\/www.pm.pb.gov.br\/portal\/#organization\"},\"articleSection\":[\"A\u00e7\u00f5es Policiais\"],\"inLanguage\":\"pt-BR\"},{\"@type\":\"WebPage\",\"@id\":\"https:\/\/www.pm.pb.gov.br\/portal\/2024\/01\/26\/policia-militar-prende-acusados-de-trafico-que-estavam-com-mais-de-r-1-600-em-dinheiro\/\",\"url\":\"https:\/\/www.pm.pb.gov.br\/portal\/2024\/01\/26\/policia-militar-prende-acusados-de-trafico-que-estavam-com-mais-de-r-1-600-em-dinheiro\/\",\"name\":\"Pol\u00edcia Militar prende acusados de tr\u00e1fico que estavam com mais de R$ 1.600 em dinheiro - Pol\u00edcia Militar da Para\u00edba\",\"isPartOf\":{\"@id\":\"https:\/\/www.pm.pb.gov.br\/portal\/#website\"},\"datePublished\":\"2024-01-26T10:17:00+00:00\",\"dateModified\":\"2024-01-26T19:21:23+00:00\",\"description\":\"A\u00e7\u00e3o aconteceu na noite da \u00faltima quinta-feira (26) no bairro do Roger, em Jo\u00e3o Pessoa.\",\"breadcrumb\":{\"@id\":\"https:\/\/www.pm.pb.gov.br\/portal\/2024\/01\/26\/policia-militar-prende-acusados-de-trafico-que-estavam-com-mais-de-r-1-600-em-dinheiro\/#breadcrumb\"},\"inLanguage\":\"pt-BR\",\"potentialAction\":[{\"@type\":\"ReadAction\",\"target\":[\"https:\/\/www.pm.pb.gov.br\/portal\/2024\/01\/26\/policia-militar-prende-acusados-de-trafico-que-estavam-com-mais-de-r-1-600-em-dinheiro\/\"]}]},{\"@type\":\"BreadcrumbList\",\"@id\":\"https:\/\/www.pm.pb.gov.br\/portal\/2024\/01\/26\/policia-militar-prende-acusados-de-trafico-que-estavam-com-mais-de-r-1-600-em-dinheiro\/#breadcrumb\",\"itemListElement\":[{\"@type\":\"ListItem\",\"position\":1,\"name\":\"In\u00edcio\",\"item\":\"https:\/\/www.pm.pb.gov.br\/portal\/\"},{\"@type\":\"ListItem\",\"position\":2,\"name\":\"Pol\u00edcia Militar prende acusados de tr\u00e1fico que estavam com mais de R$ 1.600 em dinheiro\"}]},{\"@type\":\"WebSite\",\"@id\":\"https:\/\/www.pm.pb.gov.br\/portal\/#website\",\"url\":\"https:\/\/www.pm.pb.gov.br\/portal\/\",\"name\":\"Pol\u00edcia Militar da Para\u00edba\",\"description\":\"\",\"publisher\":{\"@id\":\"https:\/\/www.pm.pb.gov.br\/portal\/#organization\"},\"potentialAction\":[{\"@type\":\"SearchAction\",\"target\":{\"@type\":\"EntryPoint\",\"urlTemplate\":\"https:\/\/www.pm.pb.gov.br\/portal\/?s={search_term_string}\"},\"query-input\":\"required name=search_term_string\"}],\"inLanguage\":\"pt-BR\"},{\"@type\":\"Organization\",\"@id\":\"https:\/\/www.pm.pb.gov.br\/portal\/#organization\",\"name\":\"Pol\u00edcia Militar da Para\u00edba\",\"url\":\"https:\/\/www.pm.pb.gov.br\/portal\/\",\"logo\":{\"@type\":\"ImageObject\",\"inLanguage\":\"pt-BR\",\"@id\":\"https:\/\/www.pm.pb.gov.br\/portal\/#\/schema\/logo\/image\/\",\"url\":\"https:\/\/www.pm.pb.gov.br\/portal\/wp-content\/uploads\/2025\/03\/cropped-logo-site-mag2-1.png\",\"contentUrl\":\"https:\/\/www.pm.pb.gov.br\/portal\/wp-content\/uploads\/2025\/03\/cropped-logo-site-mag2-1.png\",\"width\":320,\"height\":90,\"caption\":\"Pol\u00edcia Militar da Para\u00edba\"},\"image\":{\"@id\":\"https:\/\/www.pm.pb.gov.br\/portal\/#\/schema\/logo\/image\/\"}},{\"@type\":\"Person\",\"@id\":\"https:\/\/www.pm.pb.gov.br\/portal\/#\/schema\/person\/f84f56dcc78ce4357054da888b8247fd\",\"name\":\"Tarcisio Oliveira\",\"image\":{\"@type\":\"ImageObject\",\"inLanguage\":\"pt-BR\",\"@id\":\"https:\/\/www.pm.pb.gov.br\/portal\/#\/schema\/person\/image\/\",\"url\":\"https:\/\/secure.gravatar.com\/avatar\/72917b630b69d31cd0297507f34bac97?s=96&d=mm&r=g\",\"contentUrl\":\"https:\/\/secure.gravatar.com\/avatar\/72917b630b69d31cd0297507f34bac97?s=96&d=mm&r=g\",\"caption\":\"Tarcisio Oliveira\"},\"url\":\"https:\/\/www.pm.pb.gov.br\/portal\/author\/tarcisio\/\"}]}<\/script>\n<!-- \/ Yoast SEO plugin. -->","yoast_head_json":{"title":"Pol\u00edcia Militar prende acusados de tr\u00e1fico que estavam com mais de R$ 1.600 em dinheiro - Pol\u00edcia Militar da Para\u00edba","description":"A\u00e7\u00e3o aconteceu na noite da \u00faltima quinta-feira (26) no bairro do Roger, em Jo\u00e3o Pessoa.","robots":{"index":"index","follow":"follow","max-snippet":"max-snippet:-1","max-image-preview":"max-image-preview:large","max-video-preview":"max-video-preview:-1"},"canonical":"https:\/\/www.pm.pb.gov.br\/portal\/2024\/01\/26\/policia-militar-prende-acusados-de-trafico-que-estavam-com-mais-de-r-1-600-em-dinheiro\/","og_locale":"pt_BR","og_type":"article","og_title":"Pol\u00edcia Militar prende acusados de tr\u00e1fico que estavam com mais de R$ 1.600 em dinheiro - Pol\u00edcia Militar da Para\u00edba","og_description":"A\u00e7\u00e3o aconteceu na noite da \u00faltima quinta-feira (26) no bairro do Roger, em Jo\u00e3o Pessoa.","og_url":"https:\/\/www.pm.pb.gov.br\/portal\/2024\/01\/26\/policia-militar-prende-acusados-de-trafico-que-estavam-com-mais-de-r-1-600-em-dinheiro\/","og_site_name":"Pol\u00edcia Militar da Para\u00edba","article_published_time":"2024-01-26T10:17:00+00:00","article_modified_time":"2024-01-26T19:21:23+00:00","og_image":[{"width":800,"height":445,"url":"http:\/\/www.pm.pb.gov.br\/portal\/wp-content\/uploads\/2024\/01\/WhatsApp-Image-2024-01-26-at-15.19.05.jpeg","type":"image\/jpeg"}],"author":"Tarcisio Oliveira","twitter_card":"summary_large_image","twitter_misc":{"Escrito por":"Tarcisio Oliveira","Est. tempo de leitura":"1 minuto"},"schema":{"@context":"https:\/\/schema.org","@graph":[{"@type":"Article","@id":"https:\/\/www.pm.pb.gov.br\/portal\/2024\/01\/26\/policia-militar-prende-acusados-de-trafico-que-estavam-com-mais-de-r-1-600-em-dinheiro\/#article","isPartOf":{"@id":"https:\/\/www.pm.pb.gov.br\/portal\/2024\/01\/26\/policia-militar-prende-acusados-de-trafico-que-estavam-com-mais-de-r-1-600-em-dinheiro\/"},"author":{"name":"Tarcisio Oliveira","@id":"https:\/\/www.pm.pb.gov.br\/portal\/#\/schema\/person\/f84f56dcc78ce4357054da888b8247fd"},"headline":"Pol\u00edcia Militar prende acusados de tr\u00e1fico que estavam com mais de R$ 1.600 em dinheiro","datePublished":"2024-01-26T10:17:00+00:00","dateModified":"2024-01-26T19:21:23+00:00","mainEntityOfPage":{"@id":"https:\/\/www.pm.pb.gov.br\/portal\/2024\/01\/26\/policia-militar-prende-acusados-de-trafico-que-estavam-com-mais-de-r-1-600-em-dinheiro\/"},"wordCount":133,"publisher":{"@id":"https:\/\/www.pm.pb.gov.br\/portal\/#organization"},"articleSection":["A\u00e7\u00f5es Policiais"],"inLanguage":"pt-BR"},{"@type":"WebPage","@id":"https:\/\/www.pm.pb.gov.br\/portal\/2024\/01\/26\/policia-militar-prende-acusados-de-trafico-que-estavam-com-mais-de-r-1-600-em-dinheiro\/","url":"https:\/\/www.pm.pb.gov.br\/portal\/2024\/01\/26\/policia-militar-prende-acusados-de-trafico-que-estavam-com-mais-de-r-1-600-em-dinheiro\/","name":"Pol\u00edcia Militar prende acusados de tr\u00e1fico que estavam com mais de R$ 1.600 em dinheiro - Pol\u00edcia Militar da Para\u00edba","isPartOf":{"@id":"https:\/\/www.pm.pb.gov.br\/portal\/#website"},"datePublished":"2024-01-26T10:17:00+00:00","dateModified":"2024-01-26T19:21:23+00:00","description":"A\u00e7\u00e3o aconteceu na noite da \u00faltima quinta-feira (26) no bairro do Roger, em Jo\u00e3o Pessoa.","breadcrumb":{"@id":"https:\/\/www.pm.pb.gov.br\/portal\/2024\/01\/26\/policia-militar-prende-acusados-de-trafico-que-estavam-com-mais-de-r-1-600-em-dinheiro\/#breadcrumb"},"inLanguage":"pt-BR","potentialAction":[{"@type":"ReadAction","target":["https:\/\/www.pm.pb.gov.br\/portal\/2024\/01\/26\/policia-militar-prende-acusados-de-trafico-que-estavam-com-mais-de-r-1-600-em-dinheiro\/"]}]},{"@type":"BreadcrumbList","@id":"https:\/\/www.pm.pb.gov.br\/portal\/2024\/01\/26\/policia-militar-prende-acusados-de-trafico-que-estavam-com-mais-de-r-1-600-em-dinheiro\/#breadcrumb","itemListElement":[{"@type":"ListItem","position":1,"name":"In\u00edcio","item":"https:\/\/www.pm.pb.gov.br\/portal\/"},{"@type":"ListItem","position":2,"name":"Pol\u00edcia Militar prende acusados de tr\u00e1fico que estavam com mais de R$ 1.600 em dinheiro"}]},{"@type":"WebSite","@id":"https:\/\/www.pm.pb.gov.br\/portal\/#website","url":"https:\/\/www.pm.pb.gov.br\/portal\/","name":"Pol\u00edcia Militar da Para\u00edba","description":"","publisher":{"@id":"https:\/\/www.pm.pb.gov.br\/portal\/#organization"},"potentialAction":[{"@type":"SearchAction","target":{"@type":"EntryPoint","urlTemplate":"https:\/\/www.pm.pb.gov.br\/portal\/?s={search_term_string}"},"query-input":"required name=search_term_string"}],"inLanguage":"pt-BR"},{"@type":"Organization","@id":"https:\/\/www.pm.pb.gov.br\/portal\/#organization","name":"Pol\u00edcia Militar da Para\u00edba","url":"https:\/\/www.pm.pb.gov.br\/portal\/","logo":{"@type":"ImageObject","inLanguage":"pt-BR","@id":"https:\/\/www.pm.pb.gov.br\/portal\/#\/schema\/logo\/image\/","url":"https:\/\/www.pm.pb.gov.br\/portal\/wp-content\/uploads\/2025\/03\/cropped-logo-site-mag2-1.png","contentUrl":"https:\/\/www.pm.pb.gov.br\/portal\/wp-content\/uploads\/2025\/03\/cropped-logo-site-mag2-1.png","width":320,"height":90,"caption":"Pol\u00edcia Militar da Para\u00edba"},"image":{"@id":"https:\/\/www.pm.pb.gov.br\/portal\/#\/schema\/logo\/image\/"}},{"@type":"Person","@id":"https:\/\/www.pm.pb.gov.br\/portal\/#\/schema\/person\/f84f56dcc78ce4357054da888b8247fd","name":"Tarcisio Oliveira","image":{"@type":"ImageObject","inLanguage":"pt-BR","@id":"https:\/\/www.pm.pb.gov.br\/portal\/#\/schema\/person\/image\/","url":"https:\/\/secure.gravatar.com\/avatar\/72917b630b69d31cd0297507f34bac97?s=96&d=mm&r=g","contentUrl":"https:\/\/secure.gravatar.com\/avatar\/72917b630b69d31cd0297507f34bac97?s=96&d=mm&r=g","caption":"Tarcisio Oliveira"},"url":"https:\/\/www.pm.pb.gov.br\/portal\/author\/tarcisio\/"}]}},"_links":{"self":[{"href":"https:\/\/www.pm.pb.gov.br\/portal\/wp-json\/wp\/v2\/posts\/920661"}],"collection":[{"href":"https:\/\/www.pm.pb.gov.br\/portal\/wp-json\/wp\/v2\/posts"}],"about":[{"href":"https:\/\/www.pm.pb.gov.br\/portal\/wp-json\/wp\/v2\/types\/post"}],"author":[{"embeddable":true,"href":"https:\/\/www.pm.pb.gov.br\/portal\/wp-json\/wp\/v2\/users\/12"}],"replies":[{"embeddable":true,"href":"https:\/\/www.pm.pb.gov.br\/portal\/wp-json\/wp\/v2\/comments?post=920661"}],"version-history":[{"count":1,"href":"https:\/\/www.pm.pb.gov.br\/portal\/wp-json\/wp\/v2\/posts\/920661\/revisions"}],"predecessor-version":[{"id":920663,"href":"https:\/\/www.pm.pb.gov.br\/portal\/wp-json\/wp\/v2\/posts\/920661\/revisions\/920663"}],"wp:featuredmedia":[{"embeddable":true,"href":"https:\/\/www.pm.pb.gov.br\/portal\/wp-json\/wp\/v2\/media\/920662"}],"wp:attachment":[{"href":"https:\/\/www.pm.pb.gov.br\/portal\/wp-json\/wp\/v2\/media?parent=920661"}],"wp:term":[{"taxonomy":"category","embeddable":true,"href":"https:\/\/www.pm.pb.gov.br\/portal\/wp-json\/wp\/v2\/categories?post=920661"},{"taxonomy":"post_tag","embeddable":true,"href":"https:\/\/www.pm.pb.gov.br\/portal\/wp-json\/wp\/v2\/tags?post=920661"}],"curies":[{"name":"wp","href":"https:\/\/api.w.org\/{rel}","templated":true}]}}