{"id":920650,"date":"2024-01-31T09:22:08","date_gmt":"2024-01-31T12:22:08","guid":{"rendered":"https:\/\/www.pm.pb.gov.br\/portal\/?p=920650"},"modified":"2024-01-31T09:22:11","modified_gmt":"2024-01-31T12:22:11","slug":"policia-militar-intensifica-acoes-no-sertao-e-apreende-armas-municoes-e-drogas-nas-ultimas-72h","status":"publish","type":"post","link":"https:\/\/www.pm.pb.gov.br\/portal\/2024\/01\/31\/policia-militar-intensifica-acoes-no-sertao-e-apreende-armas-municoes-e-drogas-nas-ultimas-72h\/","title":{"rendered":"Pol\u00edcia Militar intensifica a\u00e7\u00f5es no Sert\u00e3o e apreende armas, muni\u00e7\u00f5es e drogas nas \u00faltimas 72h"},"content":{"rendered":"\n<p>A Pol\u00edcia Militar apreendeu tr\u00eas armas de fogo, mais de 40 muni\u00e7\u00f5es, drogas dos tipos maconha, crack e coca\u00edna, al\u00e9m de um simulacro e uma balan\u00e7a de precis\u00e3o, de domingo (28) at\u00e9 esta ter\u00e7a-feira (30), nas cidades de Coremas, Vista Serrana e Cajazeiras.<br><br>As a\u00e7\u00f5es fazem parte da Opera\u00e7\u00e3o Ver\u00e3o e devem continuar nos pr\u00f3ximos dias. Nas a\u00e7\u00f5es das \u00faltimas 72h, foram detidas sete pessoas e levadas para as delegacias.<\/p>\n\n\n\n<p><img loading=\"lazy\" decoding=\"async\" width=\"960\" height=\"1280\" class=\"wp-image-920757\" style=\"width: 800px;\" src=\"http:\/\/www.pm.pb.gov.br\/portal\/wp-content\/uploads\/2024\/01\/WhatsApp-Image-2024-01-30-at-6.28.06-PM.jpeg\" alt=\"\" srcset=\"https:\/\/www.pm.pb.gov.br\/portal\/wp-content\/uploads\/2024\/01\/WhatsApp-Image-2024-01-30-at-6.28.06-PM.jpeg 960w, https:\/\/www.pm.pb.gov.br\/portal\/wp-content\/uploads\/2024\/01\/WhatsApp-Image-2024-01-30-at-6.28.06-PM-334x445.jpeg 334w, https:\/\/www.pm.pb.gov.br\/portal\/wp-content\/uploads\/2024\/01\/WhatsApp-Image-2024-01-30-at-6.28.06-PM-428x570.jpeg 428w, https:\/\/www.pm.pb.gov.br\/portal\/wp-content\/uploads\/2024\/01\/WhatsApp-Image-2024-01-30-at-6.28.06-PM-768x1024.jpeg 768w\" sizes=\"(max-width: 960px) 100vw, 960px\" \/><\/p>\n\n\n\n<p><img loading=\"lazy\" decoding=\"async\" width=\"576\" height=\"1280\" class=\"wp-image-920758\" style=\"width: 800px;\" src=\"http:\/\/www.pm.pb.gov.br\/portal\/wp-content\/uploads\/2024\/01\/WhatsApp-Image-2024-01-30-at-6.25.59-PM.jpeg\" alt=\"\" srcset=\"https:\/\/www.pm.pb.gov.br\/portal\/wp-content\/uploads\/2024\/01\/WhatsApp-Image-2024-01-30-at-6.25.59-PM.jpeg 576w, https:\/\/www.pm.pb.gov.br\/portal\/wp-content\/uploads\/2024\/01\/WhatsApp-Image-2024-01-30-at-6.25.59-PM-200x445.jpeg 200w, https:\/\/www.pm.pb.gov.br\/portal\/wp-content\/uploads\/2024\/01\/WhatsApp-Image-2024-01-30-at-6.25.59-PM-257x570.jpeg 257w\" sizes=\"(max-width: 576px) 100vw, 576px\" \/><br> <br><\/p>\n","protected":false},"excerpt":{"rendered":"<p>A Pol\u00edcia Militar apreendeu tr\u00eas armas de fogo, mais de 40 muni\u00e7\u00f5es, drogas dos tipos maconha, crack e coca\u00edna, al\u00e9m<\/p>\n","protected":false},"author":5,"featured_media":920756,"comment_status":"closed","ping_status":"closed","sticky":false,"template":"","format":"standard","meta":{"_exactmetrics_skip_tracking":false,"_exactmetrics_sitenote_active":false,"_exactmetrics_sitenote_note":"","_exactmetrics_sitenote_category":0,"footnotes":""},"categories":[4],"tags":[],"yoast_head":"<!-- This site is optimized with the Yoast SEO plugin v22.0 - https:\/\/yoast.com\/wordpress\/plugins\/seo\/ -->\n<title>Pol\u00edcia Militar intensifica a\u00e7\u00f5es no Sert\u00e3o e apreende armas, muni\u00e7\u00f5es e drogas nas \u00faltimas 72h - Pol\u00edcia Militar da Para\u00edba<\/title>\n<meta name=\"robots\" content=\"index, follow, max-snippet:-1, max-image-preview:large, max-video-preview:-1\" \/>\n<link rel=\"canonical\" href=\"https:\/\/www.pm.pb.gov.br\/portal\/2024\/01\/31\/policia-militar-intensifica-acoes-no-sertao-e-apreende-armas-municoes-e-drogas-nas-ultimas-72h\/\" \/>\n<meta property=\"og:locale\" content=\"pt_BR\" \/>\n<meta property=\"og:type\" content=\"article\" \/>\n<meta property=\"og:title\" content=\"Pol\u00edcia Militar intensifica a\u00e7\u00f5es no Sert\u00e3o e apreende armas, muni\u00e7\u00f5es e drogas nas \u00faltimas 72h - Pol\u00edcia Militar da Para\u00edba\" \/>\n<meta property=\"og:description\" content=\"A Pol\u00edcia Militar apreendeu tr\u00eas armas de fogo, mais de 40 muni\u00e7\u00f5es, drogas dos tipos maconha, crack e coca\u00edna, al\u00e9m\" \/>\n<meta property=\"og:url\" content=\"https:\/\/www.pm.pb.gov.br\/portal\/2024\/01\/31\/policia-militar-intensifica-acoes-no-sertao-e-apreende-armas-municoes-e-drogas-nas-ultimas-72h\/\" \/>\n<meta property=\"og:site_name\" content=\"Pol\u00edcia Militar da Para\u00edba\" \/>\n<meta property=\"article:published_time\" content=\"2024-01-31T12:22:08+00:00\" \/>\n<meta property=\"article:modified_time\" content=\"2024-01-31T12:22:11+00:00\" \/>\n<meta property=\"og:image\" content=\"http:\/\/www.pm.pb.gov.br\/portal\/wp-content\/uploads\/2024\/01\/WhatsApp-Image-2024-01-31-at-9.40.16-AM.jpeg\" \/>\n\t<meta property=\"og:image:width\" content=\"887\" \/>\n\t<meta property=\"og:image:height\" content=\"519\" \/>\n\t<meta property=\"og:image:type\" content=\"image\/jpeg\" \/>\n<meta name=\"author\" content=\"Assessoria de Imprensa da PMPB\" \/>\n<meta name=\"twitter:card\" content=\"summary_large_image\" \/>\n<meta name=\"twitter:label1\" content=\"Escrito por\" \/>\n\t<meta name=\"twitter:data1\" content=\"Assessoria de Imprensa da PMPB\" \/>\n\t<meta name=\"twitter:label2\" content=\"Est. tempo de leitura\" \/>\n\t<meta name=\"twitter:data2\" content=\"1 minuto\" \/>\n<script type=\"application\/ld+json\" class=\"yoast-schema-graph\">{\"@context\":\"https:\/\/schema.org\",\"@graph\":[{\"@type\":\"Article\",\"@id\":\"https:\/\/www.pm.pb.gov.br\/portal\/2024\/01\/31\/policia-militar-intensifica-acoes-no-sertao-e-apreende-armas-municoes-e-drogas-nas-ultimas-72h\/#article\",\"isPartOf\":{\"@id\":\"https:\/\/www.pm.pb.gov.br\/portal\/2024\/01\/31\/policia-militar-intensifica-acoes-no-sertao-e-apreende-armas-municoes-e-drogas-nas-ultimas-72h\/\"},\"author\":{\"name\":\"Assessoria de Imprensa da PMPB\",\"@id\":\"https:\/\/www.pm.pb.gov.br\/portal\/#\/schema\/person\/e8454f46651c3ecf0e1ba3c1666d9947\"},\"headline\":\"Pol\u00edcia Militar intensifica a\u00e7\u00f5es no Sert\u00e3o e apreende armas, muni\u00e7\u00f5es e drogas nas \u00faltimas 72h\",\"datePublished\":\"2024-01-31T12:22:08+00:00\",\"dateModified\":\"2024-01-31T12:22:11+00:00\",\"mainEntityOfPage\":{\"@id\":\"https:\/\/www.pm.pb.gov.br\/portal\/2024\/01\/31\/policia-militar-intensifica-acoes-no-sertao-e-apreende-armas-municoes-e-drogas-nas-ultimas-72h\/\"},\"wordCount\":99,\"publisher\":{\"@id\":\"https:\/\/www.pm.pb.gov.br\/portal\/#organization\"},\"articleSection\":[\"A\u00e7\u00f5es Policiais\"],\"inLanguage\":\"pt-BR\"},{\"@type\":\"WebPage\",\"@id\":\"https:\/\/www.pm.pb.gov.br\/portal\/2024\/01\/31\/policia-militar-intensifica-acoes-no-sertao-e-apreende-armas-municoes-e-drogas-nas-ultimas-72h\/\",\"url\":\"https:\/\/www.pm.pb.gov.br\/portal\/2024\/01\/31\/policia-militar-intensifica-acoes-no-sertao-e-apreende-armas-municoes-e-drogas-nas-ultimas-72h\/\",\"name\":\"Pol\u00edcia Militar intensifica a\u00e7\u00f5es no Sert\u00e3o e apreende armas, muni\u00e7\u00f5es e drogas nas \u00faltimas 72h - Pol\u00edcia Militar da Para\u00edba\",\"isPartOf\":{\"@id\":\"https:\/\/www.pm.pb.gov.br\/portal\/#website\"},\"datePublished\":\"2024-01-31T12:22:08+00:00\",\"dateModified\":\"2024-01-31T12:22:11+00:00\",\"breadcrumb\":{\"@id\":\"https:\/\/www.pm.pb.gov.br\/portal\/2024\/01\/31\/policia-militar-intensifica-acoes-no-sertao-e-apreende-armas-municoes-e-drogas-nas-ultimas-72h\/#breadcrumb\"},\"inLanguage\":\"pt-BR\",\"potentialAction\":[{\"@type\":\"ReadAction\",\"target\":[\"https:\/\/www.pm.pb.gov.br\/portal\/2024\/01\/31\/policia-militar-intensifica-acoes-no-sertao-e-apreende-armas-municoes-e-drogas-nas-ultimas-72h\/\"]}]},{\"@type\":\"BreadcrumbList\",\"@id\":\"https:\/\/www.pm.pb.gov.br\/portal\/2024\/01\/31\/policia-militar-intensifica-acoes-no-sertao-e-apreende-armas-municoes-e-drogas-nas-ultimas-72h\/#breadcrumb\",\"itemListElement\":[{\"@type\":\"ListItem\",\"position\":1,\"name\":\"In\u00edcio\",\"item\":\"https:\/\/www.pm.pb.gov.br\/portal\/\"},{\"@type\":\"ListItem\",\"position\":2,\"name\":\"Pol\u00edcia Militar intensifica a\u00e7\u00f5es no Sert\u00e3o e apreende armas, muni\u00e7\u00f5es e drogas nas \u00faltimas 72h\"}]},{\"@type\":\"WebSite\",\"@id\":\"https:\/\/www.pm.pb.gov.br\/portal\/#website\",\"url\":\"https:\/\/www.pm.pb.gov.br\/portal\/\",\"name\":\"Pol\u00edcia Militar da Para\u00edba\",\"description\":\"\",\"publisher\":{\"@id\":\"https:\/\/www.pm.pb.gov.br\/portal\/#organization\"},\"potentialAction\":[{\"@type\":\"SearchAction\",\"target\":{\"@type\":\"EntryPoint\",\"urlTemplate\":\"https:\/\/www.pm.pb.gov.br\/portal\/?s={search_term_string}\"},\"query-input\":\"required name=search_term_string\"}],\"inLanguage\":\"pt-BR\"},{\"@type\":\"Organization\",\"@id\":\"https:\/\/www.pm.pb.gov.br\/portal\/#organization\",\"name\":\"Pol\u00edcia Militar da Para\u00edba\",\"url\":\"https:\/\/www.pm.pb.gov.br\/portal\/\",\"logo\":{\"@type\":\"ImageObject\",\"inLanguage\":\"pt-BR\",\"@id\":\"https:\/\/www.pm.pb.gov.br\/portal\/#\/schema\/logo\/image\/\",\"url\":\"https:\/\/www.pm.pb.gov.br\/portal\/wp-content\/uploads\/2025\/03\/cropped-logo-site-mag2-1.png\",\"contentUrl\":\"https:\/\/www.pm.pb.gov.br\/portal\/wp-content\/uploads\/2025\/03\/cropped-logo-site-mag2-1.png\",\"width\":320,\"height\":90,\"caption\":\"Pol\u00edcia Militar da Para\u00edba\"},\"image\":{\"@id\":\"https:\/\/www.pm.pb.gov.br\/portal\/#\/schema\/logo\/image\/\"}},{\"@type\":\"Person\",\"@id\":\"https:\/\/www.pm.pb.gov.br\/portal\/#\/schema\/person\/e8454f46651c3ecf0e1ba3c1666d9947\",\"name\":\"Assessoria de Imprensa da PMPB\",\"image\":{\"@type\":\"ImageObject\",\"inLanguage\":\"pt-BR\",\"@id\":\"https:\/\/www.pm.pb.gov.br\/portal\/#\/schema\/person\/image\/\",\"url\":\"https:\/\/secure.gravatar.com\/avatar\/2efe197438265d1e90bd98c4c8e1acf8?s=96&d=mm&r=g\",\"contentUrl\":\"https:\/\/secure.gravatar.com\/avatar\/2efe197438265d1e90bd98c4c8e1acf8?s=96&d=mm&r=g\",\"caption\":\"Assessoria de Imprensa da PMPB\"},\"url\":\"https:\/\/www.pm.pb.gov.br\/portal\/author\/assessoria\/\"}]}<\/script>\n<!-- \/ Yoast SEO plugin. -->","yoast_head_json":{"title":"Pol\u00edcia Militar intensifica a\u00e7\u00f5es no Sert\u00e3o e apreende armas, muni\u00e7\u00f5es e drogas nas \u00faltimas 72h - Pol\u00edcia Militar da Para\u00edba","robots":{"index":"index","follow":"follow","max-snippet":"max-snippet:-1","max-image-preview":"max-image-preview:large","max-video-preview":"max-video-preview:-1"},"canonical":"https:\/\/www.pm.pb.gov.br\/portal\/2024\/01\/31\/policia-militar-intensifica-acoes-no-sertao-e-apreende-armas-municoes-e-drogas-nas-ultimas-72h\/","og_locale":"pt_BR","og_type":"article","og_title":"Pol\u00edcia Militar intensifica a\u00e7\u00f5es no Sert\u00e3o e apreende armas, muni\u00e7\u00f5es e drogas nas \u00faltimas 72h - Pol\u00edcia Militar da Para\u00edba","og_description":"A Pol\u00edcia Militar apreendeu tr\u00eas armas de fogo, mais de 40 muni\u00e7\u00f5es, drogas dos tipos maconha, crack e coca\u00edna, al\u00e9m","og_url":"https:\/\/www.pm.pb.gov.br\/portal\/2024\/01\/31\/policia-militar-intensifica-acoes-no-sertao-e-apreende-armas-municoes-e-drogas-nas-ultimas-72h\/","og_site_name":"Pol\u00edcia Militar da Para\u00edba","article_published_time":"2024-01-31T12:22:08+00:00","article_modified_time":"2024-01-31T12:22:11+00:00","og_image":[{"width":887,"height":519,"url":"http:\/\/www.pm.pb.gov.br\/portal\/wp-content\/uploads\/2024\/01\/WhatsApp-Image-2024-01-31-at-9.40.16-AM.jpeg","type":"image\/jpeg"}],"author":"Assessoria de Imprensa da PMPB","twitter_card":"summary_large_image","twitter_misc":{"Escrito por":"Assessoria de Imprensa da PMPB","Est. tempo de leitura":"1 minuto"},"schema":{"@context":"https:\/\/schema.org","@graph":[{"@type":"Article","@id":"https:\/\/www.pm.pb.gov.br\/portal\/2024\/01\/31\/policia-militar-intensifica-acoes-no-sertao-e-apreende-armas-municoes-e-drogas-nas-ultimas-72h\/#article","isPartOf":{"@id":"https:\/\/www.pm.pb.gov.br\/portal\/2024\/01\/31\/policia-militar-intensifica-acoes-no-sertao-e-apreende-armas-municoes-e-drogas-nas-ultimas-72h\/"},"author":{"name":"Assessoria de Imprensa da PMPB","@id":"https:\/\/www.pm.pb.gov.br\/portal\/#\/schema\/person\/e8454f46651c3ecf0e1ba3c1666d9947"},"headline":"Pol\u00edcia Militar intensifica a\u00e7\u00f5es no Sert\u00e3o e apreende armas, muni\u00e7\u00f5es e drogas nas \u00faltimas 72h","datePublished":"2024-01-31T12:22:08+00:00","dateModified":"2024-01-31T12:22:11+00:00","mainEntityOfPage":{"@id":"https:\/\/www.pm.pb.gov.br\/portal\/2024\/01\/31\/policia-militar-intensifica-acoes-no-sertao-e-apreende-armas-municoes-e-drogas-nas-ultimas-72h\/"},"wordCount":99,"publisher":{"@id":"https:\/\/www.pm.pb.gov.br\/portal\/#organization"},"articleSection":["A\u00e7\u00f5es Policiais"],"inLanguage":"pt-BR"},{"@type":"WebPage","@id":"https:\/\/www.pm.pb.gov.br\/portal\/2024\/01\/31\/policia-militar-intensifica-acoes-no-sertao-e-apreende-armas-municoes-e-drogas-nas-ultimas-72h\/","url":"https:\/\/www.pm.pb.gov.br\/portal\/2024\/01\/31\/policia-militar-intensifica-acoes-no-sertao-e-apreende-armas-municoes-e-drogas-nas-ultimas-72h\/","name":"Pol\u00edcia Militar intensifica a\u00e7\u00f5es no Sert\u00e3o e apreende armas, muni\u00e7\u00f5es e drogas nas \u00faltimas 72h - Pol\u00edcia Militar da Para\u00edba","isPartOf":{"@id":"https:\/\/www.pm.pb.gov.br\/portal\/#website"},"datePublished":"2024-01-31T12:22:08+00:00","dateModified":"2024-01-31T12:22:11+00:00","breadcrumb":{"@id":"https:\/\/www.pm.pb.gov.br\/portal\/2024\/01\/31\/policia-militar-intensifica-acoes-no-sertao-e-apreende-armas-municoes-e-drogas-nas-ultimas-72h\/#breadcrumb"},"inLanguage":"pt-BR","potentialAction":[{"@type":"ReadAction","target":["https:\/\/www.pm.pb.gov.br\/portal\/2024\/01\/31\/policia-militar-intensifica-acoes-no-sertao-e-apreende-armas-municoes-e-drogas-nas-ultimas-72h\/"]}]},{"@type":"BreadcrumbList","@id":"https:\/\/www.pm.pb.gov.br\/portal\/2024\/01\/31\/policia-militar-intensifica-acoes-no-sertao-e-apreende-armas-municoes-e-drogas-nas-ultimas-72h\/#breadcrumb","itemListElement":[{"@type":"ListItem","position":1,"name":"In\u00edcio","item":"https:\/\/www.pm.pb.gov.br\/portal\/"},{"@type":"ListItem","position":2,"name":"Pol\u00edcia Militar intensifica a\u00e7\u00f5es no Sert\u00e3o e apreende armas, muni\u00e7\u00f5es e drogas nas \u00faltimas 72h"}]},{"@type":"WebSite","@id":"https:\/\/www.pm.pb.gov.br\/portal\/#website","url":"https:\/\/www.pm.pb.gov.br\/portal\/","name":"Pol\u00edcia Militar da Para\u00edba","description":"","publisher":{"@id":"https:\/\/www.pm.pb.gov.br\/portal\/#organization"},"potentialAction":[{"@type":"SearchAction","target":{"@type":"EntryPoint","urlTemplate":"https:\/\/www.pm.pb.gov.br\/portal\/?s={search_term_string}"},"query-input":"required name=search_term_string"}],"inLanguage":"pt-BR"},{"@type":"Organization","@id":"https:\/\/www.pm.pb.gov.br\/portal\/#organization","name":"Pol\u00edcia Militar da Para\u00edba","url":"https:\/\/www.pm.pb.gov.br\/portal\/","logo":{"@type":"ImageObject","inLanguage":"pt-BR","@id":"https:\/\/www.pm.pb.gov.br\/portal\/#\/schema\/logo\/image\/","url":"https:\/\/www.pm.pb.gov.br\/portal\/wp-content\/uploads\/2025\/03\/cropped-logo-site-mag2-1.png","contentUrl":"https:\/\/www.pm.pb.gov.br\/portal\/wp-content\/uploads\/2025\/03\/cropped-logo-site-mag2-1.png","width":320,"height":90,"caption":"Pol\u00edcia Militar da Para\u00edba"},"image":{"@id":"https:\/\/www.pm.pb.gov.br\/portal\/#\/schema\/logo\/image\/"}},{"@type":"Person","@id":"https:\/\/www.pm.pb.gov.br\/portal\/#\/schema\/person\/e8454f46651c3ecf0e1ba3c1666d9947","name":"Assessoria de Imprensa da PMPB","image":{"@type":"ImageObject","inLanguage":"pt-BR","@id":"https:\/\/www.pm.pb.gov.br\/portal\/#\/schema\/person\/image\/","url":"https:\/\/secure.gravatar.com\/avatar\/2efe197438265d1e90bd98c4c8e1acf8?s=96&d=mm&r=g","contentUrl":"https:\/\/secure.gravatar.com\/avatar\/2efe197438265d1e90bd98c4c8e1acf8?s=96&d=mm&r=g","caption":"Assessoria de Imprensa da PMPB"},"url":"https:\/\/www.pm.pb.gov.br\/portal\/author\/assessoria\/"}]}},"_links":{"self":[{"href":"https:\/\/www.pm.pb.gov.br\/portal\/wp-json\/wp\/v2\/posts\/920650"}],"collection":[{"href":"https:\/\/www.pm.pb.gov.br\/portal\/wp-json\/wp\/v2\/posts"}],"about":[{"href":"https:\/\/www.pm.pb.gov.br\/portal\/wp-json\/wp\/v2\/types\/post"}],"author":[{"embeddable":true,"href":"https:\/\/www.pm.pb.gov.br\/portal\/wp-json\/wp\/v2\/users\/5"}],"replies":[{"embeddable":true,"href":"https:\/\/www.pm.pb.gov.br\/portal\/wp-json\/wp\/v2\/comments?post=920650"}],"version-history":[{"count":2,"href":"https:\/\/www.pm.pb.gov.br\/portal\/wp-json\/wp\/v2\/posts\/920650\/revisions"}],"predecessor-version":[{"id":920759,"href":"https:\/\/www.pm.pb.gov.br\/portal\/wp-json\/wp\/v2\/posts\/920650\/revisions\/920759"}],"wp:featuredmedia":[{"embeddable":true,"href":"https:\/\/www.pm.pb.gov.br\/portal\/wp-json\/wp\/v2\/media\/920756"}],"wp:attachment":[{"href":"https:\/\/www.pm.pb.gov.br\/portal\/wp-json\/wp\/v2\/media?parent=920650"}],"wp:term":[{"taxonomy":"category","embeddable":true,"href":"https:\/\/www.pm.pb.gov.br\/portal\/wp-json\/wp\/v2\/categories?post=920650"},{"taxonomy":"post_tag","embeddable":true,"href":"https:\/\/www.pm.pb.gov.br\/portal\/wp-json\/wp\/v2\/tags?post=920650"}],"curies":[{"name":"wp","href":"https:\/\/api.w.org\/{rel}","templated":true}]}}