{"id":920613,"date":"2024-01-26T09:51:53","date_gmt":"2024-01-26T12:51:53","guid":{"rendered":"https:\/\/www.pm.pb.gov.br\/portal\/?p=920613"},"modified":"2024-01-26T10:08:45","modified_gmt":"2024-01-26T13:08:45","slug":"policiais-de-tres-unidades-da-pmpb-e-da-pcpe-concluem-estagio-de-patrulha-rural-no-geosac","status":"publish","type":"post","link":"https:\/\/www.pm.pb.gov.br\/portal\/2024\/01\/26\/policiais-de-tres-unidades-da-pmpb-e-da-pcpe-concluem-estagio-de-patrulha-rural-no-geosac\/","title":{"rendered":"Policiais de tr\u00eas unidades da PMPB e da PCPE concluem Est\u00e1gio de Patrulha Rural no GEOsAC"},"content":{"rendered":"\n<p>Policiais militares do Batalh\u00e3o de Pol\u00edcia Ambiental, 15\u00ba Batalh\u00e3o, 7\u00aa Companhia Independente e da Pol\u00edcia Civil de Pernambuco foram capacitados no VII Est\u00e1gio de Patrulha Rural &#8211; N\u00edvel II (EPaR), com 60 horas\/aulas de conhecimentos, divididas em oito disciplinas. As atividades foram realizadas pelo Grupamento Especial de Opera\u00e7\u00f5es em \u00c1rea de Caatinga (GEOsAC), no m\u00eas de dezembro, na cidade de Pocinhos.<br><br>Nessa quinta-feira (25), os policiais que conclu\u00edram o est\u00e1gio participaram de uma formatura, na sede do GEOsAC, em Pocinhos, que contou com a presen\u00e7a de v\u00e1rias autoridades da Pol\u00edcia Militar da Para\u00edba, Ex\u00e9rcito Brasileiro, Corpo de Bombeiros Militar da Para\u00edba, Pol\u00edcia Civil da Para\u00edba, Pol\u00edcia Civil de Pernambuco, entre outros. <br><br>O est\u00e1gio faz parte da programa\u00e7\u00e3o de capacita\u00e7\u00f5es continuadas da Pol\u00edcia Militar da Para\u00edba e este, especificamente, capacitou os policiais com a doutrina de Patrulha Rural que est\u00e1 em vigor na PMPB. A pr\u00f3xima edi\u00e7\u00e3o do Est\u00e1gio de Patrulha Rural ser\u00e1 realizada em Cajazeiras, conforme adiantou o comandante da COpEsP, Tenente-Coronel Wherick Fel\u00edcio.<br><br>\u201cReafirmamos o compromisso das tropas especiais no que diz respeito ao compartilhamento de conhecimentos com as demais Unidades da PMPB, para multiplicar for\u00e7as e atender cada vez melhor a popula\u00e7\u00e3o em \u00e1reas rurais e urbanas\u201d, destacou Tenente-Coronel Wherick.<\/p>\n\n\n\n<p><img loading=\"lazy\" decoding=\"async\" width=\"1600\" height=\"1200\" class=\"wp-image-920639\" style=\"width: 800px;\" src=\"http:\/\/www.pm.pb.gov.br\/portal\/wp-content\/uploads\/2024\/01\/WhatsApp-Image-2024-01-26-at-8.59.16-AM-1.jpeg\" alt=\"\" srcset=\"https:\/\/www.pm.pb.gov.br\/portal\/wp-content\/uploads\/2024\/01\/WhatsApp-Image-2024-01-26-at-8.59.16-AM-1.jpeg 1600w, https:\/\/www.pm.pb.gov.br\/portal\/wp-content\/uploads\/2024\/01\/WhatsApp-Image-2024-01-26-at-8.59.16-AM-1-593x445.jpeg 593w, https:\/\/www.pm.pb.gov.br\/portal\/wp-content\/uploads\/2024\/01\/WhatsApp-Image-2024-01-26-at-8.59.16-AM-1-760x570.jpeg 760w, https:\/\/www.pm.pb.gov.br\/portal\/wp-content\/uploads\/2024\/01\/WhatsApp-Image-2024-01-26-at-8.59.16-AM-1-768x576.jpeg 768w, https:\/\/www.pm.pb.gov.br\/portal\/wp-content\/uploads\/2024\/01\/WhatsApp-Image-2024-01-26-at-8.59.16-AM-1-1536x1152.jpeg 1536w\" sizes=\"(max-width: 1600px) 100vw, 1600px\" \/><\/p>\n\n\n\n<p><\/p>\n\n\n\n<p><img loading=\"lazy\" decoding=\"async\" width=\"1600\" height=\"1200\" class=\"wp-image-920640\" style=\"width: 800px;\" src=\"http:\/\/www.pm.pb.gov.br\/portal\/wp-content\/uploads\/2024\/01\/WhatsApp-Image-2024-01-26-at-8.59.15-AM-1.jpeg\" alt=\"\" srcset=\"https:\/\/www.pm.pb.gov.br\/portal\/wp-content\/uploads\/2024\/01\/WhatsApp-Image-2024-01-26-at-8.59.15-AM-1.jpeg 1600w, https:\/\/www.pm.pb.gov.br\/portal\/wp-content\/uploads\/2024\/01\/WhatsApp-Image-2024-01-26-at-8.59.15-AM-1-593x445.jpeg 593w, https:\/\/www.pm.pb.gov.br\/portal\/wp-content\/uploads\/2024\/01\/WhatsApp-Image-2024-01-26-at-8.59.15-AM-1-760x570.jpeg 760w, https:\/\/www.pm.pb.gov.br\/portal\/wp-content\/uploads\/2024\/01\/WhatsApp-Image-2024-01-26-at-8.59.15-AM-1-768x576.jpeg 768w, https:\/\/www.pm.pb.gov.br\/portal\/wp-content\/uploads\/2024\/01\/WhatsApp-Image-2024-01-26-at-8.59.15-AM-1-1536x1152.jpeg 1536w\" sizes=\"(max-width: 1600px) 100vw, 1600px\" \/><\/p>\n\n\n\n<p><img loading=\"lazy\" decoding=\"async\" width=\"1200\" height=\"1600\" class=\"wp-image-920642\" style=\"width: 800px;\" src=\"http:\/\/www.pm.pb.gov.br\/portal\/wp-content\/uploads\/2024\/01\/WhatsApp-Image-2024-01-26-at-8.59.16-AM-2.jpeg\" alt=\"\" srcset=\"https:\/\/www.pm.pb.gov.br\/portal\/wp-content\/uploads\/2024\/01\/WhatsApp-Image-2024-01-26-at-8.59.16-AM-2.jpeg 1200w, https:\/\/www.pm.pb.gov.br\/portal\/wp-content\/uploads\/2024\/01\/WhatsApp-Image-2024-01-26-at-8.59.16-AM-2-334x445.jpeg 334w, https:\/\/www.pm.pb.gov.br\/portal\/wp-content\/uploads\/2024\/01\/WhatsApp-Image-2024-01-26-at-8.59.16-AM-2-428x570.jpeg 428w, https:\/\/www.pm.pb.gov.br\/portal\/wp-content\/uploads\/2024\/01\/WhatsApp-Image-2024-01-26-at-8.59.16-AM-2-768x1024.jpeg 768w, https:\/\/www.pm.pb.gov.br\/portal\/wp-content\/uploads\/2024\/01\/WhatsApp-Image-2024-01-26-at-8.59.16-AM-2-1152x1536.jpeg 1152w\" sizes=\"(max-width: 1200px) 100vw, 1200px\" \/><br><\/p>\n","protected":false},"excerpt":{"rendered":"<p>Policiais militares do Batalh\u00e3o de Pol\u00edcia Ambiental, 15\u00ba Batalh\u00e3o, 7\u00aa Companhia Independente e da Pol\u00edcia Civil de Pernambuco foram capacitados<\/p>\n","protected":false},"author":5,"featured_media":920638,"comment_status":"closed","ping_status":"closed","sticky":false,"template":"","format":"standard","meta":{"_exactmetrics_skip_tracking":false,"_exactmetrics_sitenote_active":false,"_exactmetrics_sitenote_note":"","_exactmetrics_sitenote_category":0,"footnotes":""},"categories":[4],"tags":[],"yoast_head":"<!-- This site is optimized with the Yoast SEO plugin v22.0 - https:\/\/yoast.com\/wordpress\/plugins\/seo\/ -->\n<title>Policiais de tr\u00eas unidades da PMPB e da PCPE concluem Est\u00e1gio de Patrulha Rural no GEOsAC - Pol\u00edcia Militar da Para\u00edba<\/title>\n<meta name=\"robots\" content=\"index, follow, max-snippet:-1, max-image-preview:large, max-video-preview:-1\" \/>\n<link rel=\"canonical\" href=\"https:\/\/www.pm.pb.gov.br\/portal\/2024\/01\/26\/policiais-de-tres-unidades-da-pmpb-e-da-pcpe-concluem-estagio-de-patrulha-rural-no-geosac\/\" \/>\n<meta property=\"og:locale\" content=\"pt_BR\" \/>\n<meta property=\"og:type\" content=\"article\" \/>\n<meta property=\"og:title\" content=\"Policiais de tr\u00eas unidades da PMPB e da PCPE concluem Est\u00e1gio de Patrulha Rural no GEOsAC - Pol\u00edcia Militar da Para\u00edba\" \/>\n<meta property=\"og:description\" content=\"Policiais militares do Batalh\u00e3o de Pol\u00edcia Ambiental, 15\u00ba Batalh\u00e3o, 7\u00aa Companhia Independente e da Pol\u00edcia Civil de Pernambuco foram capacitados\" \/>\n<meta property=\"og:url\" content=\"https:\/\/www.pm.pb.gov.br\/portal\/2024\/01\/26\/policiais-de-tres-unidades-da-pmpb-e-da-pcpe-concluem-estagio-de-patrulha-rural-no-geosac\/\" \/>\n<meta property=\"og:site_name\" content=\"Pol\u00edcia Militar da Para\u00edba\" \/>\n<meta property=\"article:published_time\" content=\"2024-01-26T12:51:53+00:00\" \/>\n<meta property=\"article:modified_time\" content=\"2024-01-26T13:08:45+00:00\" \/>\n<meta property=\"og:image\" content=\"http:\/\/www.pm.pb.gov.br\/portal\/wp-content\/uploads\/2024\/01\/WhatsApp-Image-2024-01-26-at-8.59.16-AM.jpeg\" \/>\n\t<meta property=\"og:image:width\" content=\"1600\" \/>\n\t<meta property=\"og:image:height\" content=\"1200\" \/>\n\t<meta property=\"og:image:type\" content=\"image\/jpeg\" \/>\n<meta name=\"author\" content=\"Assessoria de Imprensa da PMPB\" \/>\n<meta name=\"twitter:card\" content=\"summary_large_image\" \/>\n<meta name=\"twitter:label1\" content=\"Escrito por\" \/>\n\t<meta name=\"twitter:data1\" content=\"Assessoria de Imprensa da PMPB\" \/>\n\t<meta name=\"twitter:label2\" content=\"Est. tempo de leitura\" \/>\n\t<meta name=\"twitter:data2\" content=\"2 minutos\" \/>\n<script type=\"application\/ld+json\" class=\"yoast-schema-graph\">{\"@context\":\"https:\/\/schema.org\",\"@graph\":[{\"@type\":\"Article\",\"@id\":\"https:\/\/www.pm.pb.gov.br\/portal\/2024\/01\/26\/policiais-de-tres-unidades-da-pmpb-e-da-pcpe-concluem-estagio-de-patrulha-rural-no-geosac\/#article\",\"isPartOf\":{\"@id\":\"https:\/\/www.pm.pb.gov.br\/portal\/2024\/01\/26\/policiais-de-tres-unidades-da-pmpb-e-da-pcpe-concluem-estagio-de-patrulha-rural-no-geosac\/\"},\"author\":{\"name\":\"Assessoria de Imprensa da PMPB\",\"@id\":\"https:\/\/www.pm.pb.gov.br\/portal\/#\/schema\/person\/e8454f46651c3ecf0e1ba3c1666d9947\"},\"headline\":\"Policiais de tr\u00eas unidades da PMPB e da PCPE concluem Est\u00e1gio de Patrulha Rural no GEOsAC\",\"datePublished\":\"2024-01-26T12:51:53+00:00\",\"dateModified\":\"2024-01-26T13:08:45+00:00\",\"mainEntityOfPage\":{\"@id\":\"https:\/\/www.pm.pb.gov.br\/portal\/2024\/01\/26\/policiais-de-tres-unidades-da-pmpb-e-da-pcpe-concluem-estagio-de-patrulha-rural-no-geosac\/\"},\"wordCount\":247,\"publisher\":{\"@id\":\"https:\/\/www.pm.pb.gov.br\/portal\/#organization\"},\"articleSection\":[\"A\u00e7\u00f5es Policiais\"],\"inLanguage\":\"pt-BR\"},{\"@type\":\"WebPage\",\"@id\":\"https:\/\/www.pm.pb.gov.br\/portal\/2024\/01\/26\/policiais-de-tres-unidades-da-pmpb-e-da-pcpe-concluem-estagio-de-patrulha-rural-no-geosac\/\",\"url\":\"https:\/\/www.pm.pb.gov.br\/portal\/2024\/01\/26\/policiais-de-tres-unidades-da-pmpb-e-da-pcpe-concluem-estagio-de-patrulha-rural-no-geosac\/\",\"name\":\"Policiais de tr\u00eas unidades da PMPB e da PCPE concluem Est\u00e1gio de Patrulha Rural no GEOsAC - Pol\u00edcia Militar da Para\u00edba\",\"isPartOf\":{\"@id\":\"https:\/\/www.pm.pb.gov.br\/portal\/#website\"},\"datePublished\":\"2024-01-26T12:51:53+00:00\",\"dateModified\":\"2024-01-26T13:08:45+00:00\",\"breadcrumb\":{\"@id\":\"https:\/\/www.pm.pb.gov.br\/portal\/2024\/01\/26\/policiais-de-tres-unidades-da-pmpb-e-da-pcpe-concluem-estagio-de-patrulha-rural-no-geosac\/#breadcrumb\"},\"inLanguage\":\"pt-BR\",\"potentialAction\":[{\"@type\":\"ReadAction\",\"target\":[\"https:\/\/www.pm.pb.gov.br\/portal\/2024\/01\/26\/policiais-de-tres-unidades-da-pmpb-e-da-pcpe-concluem-estagio-de-patrulha-rural-no-geosac\/\"]}]},{\"@type\":\"BreadcrumbList\",\"@id\":\"https:\/\/www.pm.pb.gov.br\/portal\/2024\/01\/26\/policiais-de-tres-unidades-da-pmpb-e-da-pcpe-concluem-estagio-de-patrulha-rural-no-geosac\/#breadcrumb\",\"itemListElement\":[{\"@type\":\"ListItem\",\"position\":1,\"name\":\"In\u00edcio\",\"item\":\"https:\/\/www.pm.pb.gov.br\/portal\/\"},{\"@type\":\"ListItem\",\"position\":2,\"name\":\"Policiais de tr\u00eas unidades da PMPB e da PCPE concluem Est\u00e1gio de Patrulha Rural no GEOsAC\"}]},{\"@type\":\"WebSite\",\"@id\":\"https:\/\/www.pm.pb.gov.br\/portal\/#website\",\"url\":\"https:\/\/www.pm.pb.gov.br\/portal\/\",\"name\":\"Pol\u00edcia Militar da Para\u00edba\",\"description\":\"\",\"publisher\":{\"@id\":\"https:\/\/www.pm.pb.gov.br\/portal\/#organization\"},\"potentialAction\":[{\"@type\":\"SearchAction\",\"target\":{\"@type\":\"EntryPoint\",\"urlTemplate\":\"https:\/\/www.pm.pb.gov.br\/portal\/?s={search_term_string}\"},\"query-input\":\"required name=search_term_string\"}],\"inLanguage\":\"pt-BR\"},{\"@type\":\"Organization\",\"@id\":\"https:\/\/www.pm.pb.gov.br\/portal\/#organization\",\"name\":\"Pol\u00edcia Militar da Para\u00edba\",\"url\":\"https:\/\/www.pm.pb.gov.br\/portal\/\",\"logo\":{\"@type\":\"ImageObject\",\"inLanguage\":\"pt-BR\",\"@id\":\"https:\/\/www.pm.pb.gov.br\/portal\/#\/schema\/logo\/image\/\",\"url\":\"https:\/\/www.pm.pb.gov.br\/portal\/wp-content\/uploads\/2025\/03\/cropped-logo-site-mag2-1.png\",\"contentUrl\":\"https:\/\/www.pm.pb.gov.br\/portal\/wp-content\/uploads\/2025\/03\/cropped-logo-site-mag2-1.png\",\"width\":320,\"height\":90,\"caption\":\"Pol\u00edcia Militar da Para\u00edba\"},\"image\":{\"@id\":\"https:\/\/www.pm.pb.gov.br\/portal\/#\/schema\/logo\/image\/\"}},{\"@type\":\"Person\",\"@id\":\"https:\/\/www.pm.pb.gov.br\/portal\/#\/schema\/person\/e8454f46651c3ecf0e1ba3c1666d9947\",\"name\":\"Assessoria de Imprensa da PMPB\",\"image\":{\"@type\":\"ImageObject\",\"inLanguage\":\"pt-BR\",\"@id\":\"https:\/\/www.pm.pb.gov.br\/portal\/#\/schema\/person\/image\/\",\"url\":\"https:\/\/secure.gravatar.com\/avatar\/2efe197438265d1e90bd98c4c8e1acf8?s=96&d=mm&r=g\",\"contentUrl\":\"https:\/\/secure.gravatar.com\/avatar\/2efe197438265d1e90bd98c4c8e1acf8?s=96&d=mm&r=g\",\"caption\":\"Assessoria de Imprensa da PMPB\"},\"url\":\"https:\/\/www.pm.pb.gov.br\/portal\/author\/assessoria\/\"}]}<\/script>\n<!-- \/ Yoast SEO plugin. -->","yoast_head_json":{"title":"Policiais de tr\u00eas unidades da PMPB e da PCPE concluem Est\u00e1gio de Patrulha Rural no GEOsAC - Pol\u00edcia Militar da Para\u00edba","robots":{"index":"index","follow":"follow","max-snippet":"max-snippet:-1","max-image-preview":"max-image-preview:large","max-video-preview":"max-video-preview:-1"},"canonical":"https:\/\/www.pm.pb.gov.br\/portal\/2024\/01\/26\/policiais-de-tres-unidades-da-pmpb-e-da-pcpe-concluem-estagio-de-patrulha-rural-no-geosac\/","og_locale":"pt_BR","og_type":"article","og_title":"Policiais de tr\u00eas unidades da PMPB e da PCPE concluem Est\u00e1gio de Patrulha Rural no GEOsAC - Pol\u00edcia Militar da Para\u00edba","og_description":"Policiais militares do Batalh\u00e3o de Pol\u00edcia Ambiental, 15\u00ba Batalh\u00e3o, 7\u00aa Companhia Independente e da Pol\u00edcia Civil de Pernambuco foram capacitados","og_url":"https:\/\/www.pm.pb.gov.br\/portal\/2024\/01\/26\/policiais-de-tres-unidades-da-pmpb-e-da-pcpe-concluem-estagio-de-patrulha-rural-no-geosac\/","og_site_name":"Pol\u00edcia Militar da Para\u00edba","article_published_time":"2024-01-26T12:51:53+00:00","article_modified_time":"2024-01-26T13:08:45+00:00","og_image":[{"width":1600,"height":1200,"url":"http:\/\/www.pm.pb.gov.br\/portal\/wp-content\/uploads\/2024\/01\/WhatsApp-Image-2024-01-26-at-8.59.16-AM.jpeg","type":"image\/jpeg"}],"author":"Assessoria de Imprensa da PMPB","twitter_card":"summary_large_image","twitter_misc":{"Escrito por":"Assessoria de Imprensa da PMPB","Est. tempo de leitura":"2 minutos"},"schema":{"@context":"https:\/\/schema.org","@graph":[{"@type":"Article","@id":"https:\/\/www.pm.pb.gov.br\/portal\/2024\/01\/26\/policiais-de-tres-unidades-da-pmpb-e-da-pcpe-concluem-estagio-de-patrulha-rural-no-geosac\/#article","isPartOf":{"@id":"https:\/\/www.pm.pb.gov.br\/portal\/2024\/01\/26\/policiais-de-tres-unidades-da-pmpb-e-da-pcpe-concluem-estagio-de-patrulha-rural-no-geosac\/"},"author":{"name":"Assessoria de Imprensa da PMPB","@id":"https:\/\/www.pm.pb.gov.br\/portal\/#\/schema\/person\/e8454f46651c3ecf0e1ba3c1666d9947"},"headline":"Policiais de tr\u00eas unidades da PMPB e da PCPE concluem Est\u00e1gio de Patrulha Rural no GEOsAC","datePublished":"2024-01-26T12:51:53+00:00","dateModified":"2024-01-26T13:08:45+00:00","mainEntityOfPage":{"@id":"https:\/\/www.pm.pb.gov.br\/portal\/2024\/01\/26\/policiais-de-tres-unidades-da-pmpb-e-da-pcpe-concluem-estagio-de-patrulha-rural-no-geosac\/"},"wordCount":247,"publisher":{"@id":"https:\/\/www.pm.pb.gov.br\/portal\/#organization"},"articleSection":["A\u00e7\u00f5es Policiais"],"inLanguage":"pt-BR"},{"@type":"WebPage","@id":"https:\/\/www.pm.pb.gov.br\/portal\/2024\/01\/26\/policiais-de-tres-unidades-da-pmpb-e-da-pcpe-concluem-estagio-de-patrulha-rural-no-geosac\/","url":"https:\/\/www.pm.pb.gov.br\/portal\/2024\/01\/26\/policiais-de-tres-unidades-da-pmpb-e-da-pcpe-concluem-estagio-de-patrulha-rural-no-geosac\/","name":"Policiais de tr\u00eas unidades da PMPB e da PCPE concluem Est\u00e1gio de Patrulha Rural no GEOsAC - Pol\u00edcia Militar da Para\u00edba","isPartOf":{"@id":"https:\/\/www.pm.pb.gov.br\/portal\/#website"},"datePublished":"2024-01-26T12:51:53+00:00","dateModified":"2024-01-26T13:08:45+00:00","breadcrumb":{"@id":"https:\/\/www.pm.pb.gov.br\/portal\/2024\/01\/26\/policiais-de-tres-unidades-da-pmpb-e-da-pcpe-concluem-estagio-de-patrulha-rural-no-geosac\/#breadcrumb"},"inLanguage":"pt-BR","potentialAction":[{"@type":"ReadAction","target":["https:\/\/www.pm.pb.gov.br\/portal\/2024\/01\/26\/policiais-de-tres-unidades-da-pmpb-e-da-pcpe-concluem-estagio-de-patrulha-rural-no-geosac\/"]}]},{"@type":"BreadcrumbList","@id":"https:\/\/www.pm.pb.gov.br\/portal\/2024\/01\/26\/policiais-de-tres-unidades-da-pmpb-e-da-pcpe-concluem-estagio-de-patrulha-rural-no-geosac\/#breadcrumb","itemListElement":[{"@type":"ListItem","position":1,"name":"In\u00edcio","item":"https:\/\/www.pm.pb.gov.br\/portal\/"},{"@type":"ListItem","position":2,"name":"Policiais de tr\u00eas unidades da PMPB e da PCPE concluem Est\u00e1gio de Patrulha Rural no GEOsAC"}]},{"@type":"WebSite","@id":"https:\/\/www.pm.pb.gov.br\/portal\/#website","url":"https:\/\/www.pm.pb.gov.br\/portal\/","name":"Pol\u00edcia Militar da Para\u00edba","description":"","publisher":{"@id":"https:\/\/www.pm.pb.gov.br\/portal\/#organization"},"potentialAction":[{"@type":"SearchAction","target":{"@type":"EntryPoint","urlTemplate":"https:\/\/www.pm.pb.gov.br\/portal\/?s={search_term_string}"},"query-input":"required name=search_term_string"}],"inLanguage":"pt-BR"},{"@type":"Organization","@id":"https:\/\/www.pm.pb.gov.br\/portal\/#organization","name":"Pol\u00edcia Militar da Para\u00edba","url":"https:\/\/www.pm.pb.gov.br\/portal\/","logo":{"@type":"ImageObject","inLanguage":"pt-BR","@id":"https:\/\/www.pm.pb.gov.br\/portal\/#\/schema\/logo\/image\/","url":"https:\/\/www.pm.pb.gov.br\/portal\/wp-content\/uploads\/2025\/03\/cropped-logo-site-mag2-1.png","contentUrl":"https:\/\/www.pm.pb.gov.br\/portal\/wp-content\/uploads\/2025\/03\/cropped-logo-site-mag2-1.png","width":320,"height":90,"caption":"Pol\u00edcia Militar da Para\u00edba"},"image":{"@id":"https:\/\/www.pm.pb.gov.br\/portal\/#\/schema\/logo\/image\/"}},{"@type":"Person","@id":"https:\/\/www.pm.pb.gov.br\/portal\/#\/schema\/person\/e8454f46651c3ecf0e1ba3c1666d9947","name":"Assessoria de Imprensa da PMPB","image":{"@type":"ImageObject","inLanguage":"pt-BR","@id":"https:\/\/www.pm.pb.gov.br\/portal\/#\/schema\/person\/image\/","url":"https:\/\/secure.gravatar.com\/avatar\/2efe197438265d1e90bd98c4c8e1acf8?s=96&d=mm&r=g","contentUrl":"https:\/\/secure.gravatar.com\/avatar\/2efe197438265d1e90bd98c4c8e1acf8?s=96&d=mm&r=g","caption":"Assessoria de Imprensa da PMPB"},"url":"https:\/\/www.pm.pb.gov.br\/portal\/author\/assessoria\/"}]}},"_links":{"self":[{"href":"https:\/\/www.pm.pb.gov.br\/portal\/wp-json\/wp\/v2\/posts\/920613"}],"collection":[{"href":"https:\/\/www.pm.pb.gov.br\/portal\/wp-json\/wp\/v2\/posts"}],"about":[{"href":"https:\/\/www.pm.pb.gov.br\/portal\/wp-json\/wp\/v2\/types\/post"}],"author":[{"embeddable":true,"href":"https:\/\/www.pm.pb.gov.br\/portal\/wp-json\/wp\/v2\/users\/5"}],"replies":[{"embeddable":true,"href":"https:\/\/www.pm.pb.gov.br\/portal\/wp-json\/wp\/v2\/comments?post=920613"}],"version-history":[{"count":3,"href":"https:\/\/www.pm.pb.gov.br\/portal\/wp-json\/wp\/v2\/posts\/920613\/revisions"}],"predecessor-version":[{"id":920644,"href":"https:\/\/www.pm.pb.gov.br\/portal\/wp-json\/wp\/v2\/posts\/920613\/revisions\/920644"}],"wp:featuredmedia":[{"embeddable":true,"href":"https:\/\/www.pm.pb.gov.br\/portal\/wp-json\/wp\/v2\/media\/920638"}],"wp:attachment":[{"href":"https:\/\/www.pm.pb.gov.br\/portal\/wp-json\/wp\/v2\/media?parent=920613"}],"wp:term":[{"taxonomy":"category","embeddable":true,"href":"https:\/\/www.pm.pb.gov.br\/portal\/wp-json\/wp\/v2\/categories?post=920613"},{"taxonomy":"post_tag","embeddable":true,"href":"https:\/\/www.pm.pb.gov.br\/portal\/wp-json\/wp\/v2\/tags?post=920613"}],"curies":[{"name":"wp","href":"https:\/\/api.w.org\/{rel}","templated":true}]}}