{"id":920553,"date":"2024-01-22T23:05:00","date_gmt":"2024-01-23T02:05:00","guid":{"rendered":"https:\/\/www.pm.pb.gov.br\/portal\/?p=920553"},"modified":"2024-01-23T18:10:13","modified_gmt":"2024-01-23T21:10:13","slug":"policia-militar-frustra-acoes-criminosos-e-prende-seis-na-zona-sul-da-capital","status":"publish","type":"post","link":"https:\/\/www.pm.pb.gov.br\/portal\/2024\/01\/22\/policia-militar-frustra-acoes-criminosos-e-prende-seis-na-zona-sul-da-capital\/","title":{"rendered":"Pol\u00edcia Militar frustra a\u00e7\u00f5es criminosos e prende seis na zona sul da Capital"},"content":{"rendered":"\n<p>Seis criminosos foram presos na zona sul de Jo\u00e3o Pessoa entre a tarde e a noite desta \u00faltima segunda-feira (22). As a\u00e7\u00f5es levaram a apreens\u00e3o de tr\u00eas armas de fogo que estavam sendo usadas para pr\u00e1tica de diversos delitos.<\/p>\n<p>As pris\u00f5es foram realizadas pelos policiais do 5\u00ba Batalh\u00e3o durante a\u00e7\u00f5es preventivas e abordagens em locais estrat\u00e9gicos da regi\u00e3o. Na rodovia estadual PB 008, dois criminosos em uma motocicleta tentaram fugir de uma abordagem da PM, trocando tiros com os policiais. Na persegui\u00e7\u00e3o, um dos acusados foi atingido e encaminhado para o atendimento m\u00e9dico.<\/p>\n<p><img loading=\"lazy\" decoding=\"async\" class=\" wp-image-920554 aligncenter\" src=\"http:\/\/www.pm.pb.gov.br\/portal\/wp-content\/uploads\/2024\/01\/WhatsApp-Image-2024-01-22-at-23.09.51-618x445.jpeg\" alt=\"\" width=\"535\" height=\"385\" srcset=\"https:\/\/www.pm.pb.gov.br\/portal\/wp-content\/uploads\/2024\/01\/WhatsApp-Image-2024-01-22-at-23.09.51-618x445.jpeg 618w, https:\/\/www.pm.pb.gov.br\/portal\/wp-content\/uploads\/2024\/01\/WhatsApp-Image-2024-01-22-at-23.09.51-792x570.jpeg 792w, https:\/\/www.pm.pb.gov.br\/portal\/wp-content\/uploads\/2024\/01\/WhatsApp-Image-2024-01-22-at-23.09.51-768x553.jpeg 768w, https:\/\/www.pm.pb.gov.br\/portal\/wp-content\/uploads\/2024\/01\/WhatsApp-Image-2024-01-22-at-23.09.51.jpeg 1196w\" sizes=\"(max-width: 535px) 100vw, 535px\" \/><\/p>\n<p>De acordo com o 5\u00ba BPM, os dois homens j\u00e1 tinham passagem pela pol\u00edcia pelos crimes de porte ilegal de arma de fogo, roubo e dire\u00e7\u00e3o perigosa. Um dos presos estava com tornozeleira eletr\u00f4nica. A arma usada pela dupla, um rev\u00f3lver, tamb\u00e9m foi apreendida (foto acima). Durante a tentativa de fuga, um homem chegou a ser atingido pelos disparos, mas foi socorrido e passa bem.<\/p>\n<p>J\u00e1 no Colinas do Sul, pela noite, a PM desarticulou um grupo com quatro integrantes que estavam com uma espingarda calibre 12, rev\u00f3lver calibre 38, muni\u00e7\u00f5es e dinheiro (foto principal acima). A a\u00e7\u00e3o impediu novos crimes do grupo.<\/p>\n<p>As ocorr\u00eancias foram encaminhadas para a Cidade da Pol\u00edcia Civil para a devida investiga\u00e7\u00e3o dos acusados e materiais apreendidos.<\/p>\n\n\n","protected":false},"excerpt":{"rendered":"<p>Seis criminosos foram presos na zona sul de Jo\u00e3o Pessoa entre a tarde e a noite desta \u00faltima segunda-feira (22).<\/p>\n","protected":false},"author":12,"featured_media":920555,"comment_status":"closed","ping_status":"closed","sticky":false,"template":"","format":"standard","meta":{"_exactmetrics_skip_tracking":false,"_exactmetrics_sitenote_active":false,"_exactmetrics_sitenote_note":"","_exactmetrics_sitenote_category":0,"footnotes":""},"categories":[4],"tags":[],"yoast_head":"<!-- This site is optimized with the Yoast SEO plugin v22.0 - https:\/\/yoast.com\/wordpress\/plugins\/seo\/ -->\n<title>Pol\u00edcia Militar frustra a\u00e7\u00f5es criminosos e prende seis na zona sul da Capital - Pol\u00edcia Militar da Para\u00edba<\/title>\n<meta name=\"description\" content=\"2 acusados j\u00e1 tinham passagem pelos crimes de porte ilegal de arma de fogo, roubo e dire\u00e7\u00e3o perigosa. Um deles estava com tornozeleira eletr\u00f4nica.\" \/>\n<meta name=\"robots\" content=\"index, follow, max-snippet:-1, max-image-preview:large, max-video-preview:-1\" \/>\n<link rel=\"canonical\" href=\"https:\/\/www.pm.pb.gov.br\/portal\/2024\/01\/22\/policia-militar-frustra-acoes-criminosos-e-prende-seis-na-zona-sul-da-capital\/\" \/>\n<meta property=\"og:locale\" content=\"pt_BR\" \/>\n<meta property=\"og:type\" content=\"article\" \/>\n<meta property=\"og:title\" content=\"Pol\u00edcia Militar frustra a\u00e7\u00f5es criminosos e prende seis na zona sul da Capital - Pol\u00edcia Militar da Para\u00edba\" \/>\n<meta property=\"og:description\" content=\"2 acusados j\u00e1 tinham passagem pelos crimes de porte ilegal de arma de fogo, roubo e dire\u00e7\u00e3o perigosa. Um deles estava com tornozeleira eletr\u00f4nica.\" \/>\n<meta property=\"og:url\" content=\"https:\/\/www.pm.pb.gov.br\/portal\/2024\/01\/22\/policia-militar-frustra-acoes-criminosos-e-prende-seis-na-zona-sul-da-capital\/\" \/>\n<meta property=\"og:site_name\" content=\"Pol\u00edcia Militar da Para\u00edba\" \/>\n<meta property=\"article:published_time\" content=\"2024-01-23T02:05:00+00:00\" \/>\n<meta property=\"article:modified_time\" content=\"2024-01-23T21:10:13+00:00\" \/>\n<meta property=\"og:image\" content=\"http:\/\/www.pm.pb.gov.br\/portal\/wp-content\/uploads\/2024\/01\/WhatsApp-Image-2024-01-22-at-23.23.15.jpeg\" \/>\n\t<meta property=\"og:image:width\" content=\"800\" \/>\n\t<meta property=\"og:image:height\" content=\"445\" \/>\n\t<meta property=\"og:image:type\" content=\"image\/jpeg\" \/>\n<meta name=\"author\" content=\"Tarcisio Oliveira\" \/>\n<meta name=\"twitter:card\" content=\"summary_large_image\" \/>\n<meta name=\"twitter:label1\" content=\"Escrito por\" \/>\n\t<meta name=\"twitter:data1\" content=\"Tarcisio Oliveira\" \/>\n\t<meta name=\"twitter:label2\" content=\"Est. tempo de leitura\" \/>\n\t<meta name=\"twitter:data2\" content=\"2 minutos\" \/>\n<script type=\"application\/ld+json\" class=\"yoast-schema-graph\">{\"@context\":\"https:\/\/schema.org\",\"@graph\":[{\"@type\":\"Article\",\"@id\":\"https:\/\/www.pm.pb.gov.br\/portal\/2024\/01\/22\/policia-militar-frustra-acoes-criminosos-e-prende-seis-na-zona-sul-da-capital\/#article\",\"isPartOf\":{\"@id\":\"https:\/\/www.pm.pb.gov.br\/portal\/2024\/01\/22\/policia-militar-frustra-acoes-criminosos-e-prende-seis-na-zona-sul-da-capital\/\"},\"author\":{\"name\":\"Tarcisio Oliveira\",\"@id\":\"https:\/\/www.pm.pb.gov.br\/portal\/#\/schema\/person\/f84f56dcc78ce4357054da888b8247fd\"},\"headline\":\"Pol\u00edcia Militar frustra a\u00e7\u00f5es criminosos e prende seis na zona sul da Capital\",\"datePublished\":\"2024-01-23T02:05:00+00:00\",\"dateModified\":\"2024-01-23T21:10:13+00:00\",\"mainEntityOfPage\":{\"@id\":\"https:\/\/www.pm.pb.gov.br\/portal\/2024\/01\/22\/policia-militar-frustra-acoes-criminosos-e-prende-seis-na-zona-sul-da-capital\/\"},\"wordCount\":247,\"publisher\":{\"@id\":\"https:\/\/www.pm.pb.gov.br\/portal\/#organization\"},\"articleSection\":[\"A\u00e7\u00f5es Policiais\"],\"inLanguage\":\"pt-BR\"},{\"@type\":\"WebPage\",\"@id\":\"https:\/\/www.pm.pb.gov.br\/portal\/2024\/01\/22\/policia-militar-frustra-acoes-criminosos-e-prende-seis-na-zona-sul-da-capital\/\",\"url\":\"https:\/\/www.pm.pb.gov.br\/portal\/2024\/01\/22\/policia-militar-frustra-acoes-criminosos-e-prende-seis-na-zona-sul-da-capital\/\",\"name\":\"Pol\u00edcia Militar frustra a\u00e7\u00f5es criminosos e prende seis na zona sul da Capital - Pol\u00edcia Militar da Para\u00edba\",\"isPartOf\":{\"@id\":\"https:\/\/www.pm.pb.gov.br\/portal\/#website\"},\"datePublished\":\"2024-01-23T02:05:00+00:00\",\"dateModified\":\"2024-01-23T21:10:13+00:00\",\"description\":\"2 acusados j\u00e1 tinham passagem pelos crimes de porte ilegal de arma de fogo, roubo e dire\u00e7\u00e3o perigosa. Um deles estava com tornozeleira eletr\u00f4nica.\",\"breadcrumb\":{\"@id\":\"https:\/\/www.pm.pb.gov.br\/portal\/2024\/01\/22\/policia-militar-frustra-acoes-criminosos-e-prende-seis-na-zona-sul-da-capital\/#breadcrumb\"},\"inLanguage\":\"pt-BR\",\"potentialAction\":[{\"@type\":\"ReadAction\",\"target\":[\"https:\/\/www.pm.pb.gov.br\/portal\/2024\/01\/22\/policia-militar-frustra-acoes-criminosos-e-prende-seis-na-zona-sul-da-capital\/\"]}]},{\"@type\":\"BreadcrumbList\",\"@id\":\"https:\/\/www.pm.pb.gov.br\/portal\/2024\/01\/22\/policia-militar-frustra-acoes-criminosos-e-prende-seis-na-zona-sul-da-capital\/#breadcrumb\",\"itemListElement\":[{\"@type\":\"ListItem\",\"position\":1,\"name\":\"In\u00edcio\",\"item\":\"https:\/\/www.pm.pb.gov.br\/portal\/\"},{\"@type\":\"ListItem\",\"position\":2,\"name\":\"Pol\u00edcia Militar frustra a\u00e7\u00f5es criminosos e prende seis na zona sul da Capital\"}]},{\"@type\":\"WebSite\",\"@id\":\"https:\/\/www.pm.pb.gov.br\/portal\/#website\",\"url\":\"https:\/\/www.pm.pb.gov.br\/portal\/\",\"name\":\"Pol\u00edcia Militar da Para\u00edba\",\"description\":\"\",\"publisher\":{\"@id\":\"https:\/\/www.pm.pb.gov.br\/portal\/#organization\"},\"potentialAction\":[{\"@type\":\"SearchAction\",\"target\":{\"@type\":\"EntryPoint\",\"urlTemplate\":\"https:\/\/www.pm.pb.gov.br\/portal\/?s={search_term_string}\"},\"query-input\":\"required name=search_term_string\"}],\"inLanguage\":\"pt-BR\"},{\"@type\":\"Organization\",\"@id\":\"https:\/\/www.pm.pb.gov.br\/portal\/#organization\",\"name\":\"Pol\u00edcia Militar da Para\u00edba\",\"url\":\"https:\/\/www.pm.pb.gov.br\/portal\/\",\"logo\":{\"@type\":\"ImageObject\",\"inLanguage\":\"pt-BR\",\"@id\":\"https:\/\/www.pm.pb.gov.br\/portal\/#\/schema\/logo\/image\/\",\"url\":\"https:\/\/www.pm.pb.gov.br\/portal\/wp-content\/uploads\/2025\/03\/cropped-logo-site-mag2-1.png\",\"contentUrl\":\"https:\/\/www.pm.pb.gov.br\/portal\/wp-content\/uploads\/2025\/03\/cropped-logo-site-mag2-1.png\",\"width\":320,\"height\":90,\"caption\":\"Pol\u00edcia Militar da Para\u00edba\"},\"image\":{\"@id\":\"https:\/\/www.pm.pb.gov.br\/portal\/#\/schema\/logo\/image\/\"}},{\"@type\":\"Person\",\"@id\":\"https:\/\/www.pm.pb.gov.br\/portal\/#\/schema\/person\/f84f56dcc78ce4357054da888b8247fd\",\"name\":\"Tarcisio Oliveira\",\"image\":{\"@type\":\"ImageObject\",\"inLanguage\":\"pt-BR\",\"@id\":\"https:\/\/www.pm.pb.gov.br\/portal\/#\/schema\/person\/image\/\",\"url\":\"https:\/\/secure.gravatar.com\/avatar\/72917b630b69d31cd0297507f34bac97?s=96&d=mm&r=g\",\"contentUrl\":\"https:\/\/secure.gravatar.com\/avatar\/72917b630b69d31cd0297507f34bac97?s=96&d=mm&r=g\",\"caption\":\"Tarcisio Oliveira\"},\"url\":\"https:\/\/www.pm.pb.gov.br\/portal\/author\/tarcisio\/\"}]}<\/script>\n<!-- \/ Yoast SEO plugin. -->","yoast_head_json":{"title":"Pol\u00edcia Militar frustra a\u00e7\u00f5es criminosos e prende seis na zona sul da Capital - Pol\u00edcia Militar da Para\u00edba","description":"2 acusados j\u00e1 tinham passagem pelos crimes de porte ilegal de arma de fogo, roubo e dire\u00e7\u00e3o perigosa. Um deles estava com tornozeleira eletr\u00f4nica.","robots":{"index":"index","follow":"follow","max-snippet":"max-snippet:-1","max-image-preview":"max-image-preview:large","max-video-preview":"max-video-preview:-1"},"canonical":"https:\/\/www.pm.pb.gov.br\/portal\/2024\/01\/22\/policia-militar-frustra-acoes-criminosos-e-prende-seis-na-zona-sul-da-capital\/","og_locale":"pt_BR","og_type":"article","og_title":"Pol\u00edcia Militar frustra a\u00e7\u00f5es criminosos e prende seis na zona sul da Capital - Pol\u00edcia Militar da Para\u00edba","og_description":"2 acusados j\u00e1 tinham passagem pelos crimes de porte ilegal de arma de fogo, roubo e dire\u00e7\u00e3o perigosa. Um deles estava com tornozeleira eletr\u00f4nica.","og_url":"https:\/\/www.pm.pb.gov.br\/portal\/2024\/01\/22\/policia-militar-frustra-acoes-criminosos-e-prende-seis-na-zona-sul-da-capital\/","og_site_name":"Pol\u00edcia Militar da Para\u00edba","article_published_time":"2024-01-23T02:05:00+00:00","article_modified_time":"2024-01-23T21:10:13+00:00","og_image":[{"width":800,"height":445,"url":"http:\/\/www.pm.pb.gov.br\/portal\/wp-content\/uploads\/2024\/01\/WhatsApp-Image-2024-01-22-at-23.23.15.jpeg","type":"image\/jpeg"}],"author":"Tarcisio Oliveira","twitter_card":"summary_large_image","twitter_misc":{"Escrito por":"Tarcisio Oliveira","Est. tempo de leitura":"2 minutos"},"schema":{"@context":"https:\/\/schema.org","@graph":[{"@type":"Article","@id":"https:\/\/www.pm.pb.gov.br\/portal\/2024\/01\/22\/policia-militar-frustra-acoes-criminosos-e-prende-seis-na-zona-sul-da-capital\/#article","isPartOf":{"@id":"https:\/\/www.pm.pb.gov.br\/portal\/2024\/01\/22\/policia-militar-frustra-acoes-criminosos-e-prende-seis-na-zona-sul-da-capital\/"},"author":{"name":"Tarcisio Oliveira","@id":"https:\/\/www.pm.pb.gov.br\/portal\/#\/schema\/person\/f84f56dcc78ce4357054da888b8247fd"},"headline":"Pol\u00edcia Militar frustra a\u00e7\u00f5es criminosos e prende seis na zona sul da Capital","datePublished":"2024-01-23T02:05:00+00:00","dateModified":"2024-01-23T21:10:13+00:00","mainEntityOfPage":{"@id":"https:\/\/www.pm.pb.gov.br\/portal\/2024\/01\/22\/policia-militar-frustra-acoes-criminosos-e-prende-seis-na-zona-sul-da-capital\/"},"wordCount":247,"publisher":{"@id":"https:\/\/www.pm.pb.gov.br\/portal\/#organization"},"articleSection":["A\u00e7\u00f5es Policiais"],"inLanguage":"pt-BR"},{"@type":"WebPage","@id":"https:\/\/www.pm.pb.gov.br\/portal\/2024\/01\/22\/policia-militar-frustra-acoes-criminosos-e-prende-seis-na-zona-sul-da-capital\/","url":"https:\/\/www.pm.pb.gov.br\/portal\/2024\/01\/22\/policia-militar-frustra-acoes-criminosos-e-prende-seis-na-zona-sul-da-capital\/","name":"Pol\u00edcia Militar frustra a\u00e7\u00f5es criminosos e prende seis na zona sul da Capital - Pol\u00edcia Militar da Para\u00edba","isPartOf":{"@id":"https:\/\/www.pm.pb.gov.br\/portal\/#website"},"datePublished":"2024-01-23T02:05:00+00:00","dateModified":"2024-01-23T21:10:13+00:00","description":"2 acusados j\u00e1 tinham passagem pelos crimes de porte ilegal de arma de fogo, roubo e dire\u00e7\u00e3o perigosa. Um deles estava com tornozeleira eletr\u00f4nica.","breadcrumb":{"@id":"https:\/\/www.pm.pb.gov.br\/portal\/2024\/01\/22\/policia-militar-frustra-acoes-criminosos-e-prende-seis-na-zona-sul-da-capital\/#breadcrumb"},"inLanguage":"pt-BR","potentialAction":[{"@type":"ReadAction","target":["https:\/\/www.pm.pb.gov.br\/portal\/2024\/01\/22\/policia-militar-frustra-acoes-criminosos-e-prende-seis-na-zona-sul-da-capital\/"]}]},{"@type":"BreadcrumbList","@id":"https:\/\/www.pm.pb.gov.br\/portal\/2024\/01\/22\/policia-militar-frustra-acoes-criminosos-e-prende-seis-na-zona-sul-da-capital\/#breadcrumb","itemListElement":[{"@type":"ListItem","position":1,"name":"In\u00edcio","item":"https:\/\/www.pm.pb.gov.br\/portal\/"},{"@type":"ListItem","position":2,"name":"Pol\u00edcia Militar frustra a\u00e7\u00f5es criminosos e prende seis na zona sul da Capital"}]},{"@type":"WebSite","@id":"https:\/\/www.pm.pb.gov.br\/portal\/#website","url":"https:\/\/www.pm.pb.gov.br\/portal\/","name":"Pol\u00edcia Militar da Para\u00edba","description":"","publisher":{"@id":"https:\/\/www.pm.pb.gov.br\/portal\/#organization"},"potentialAction":[{"@type":"SearchAction","target":{"@type":"EntryPoint","urlTemplate":"https:\/\/www.pm.pb.gov.br\/portal\/?s={search_term_string}"},"query-input":"required name=search_term_string"}],"inLanguage":"pt-BR"},{"@type":"Organization","@id":"https:\/\/www.pm.pb.gov.br\/portal\/#organization","name":"Pol\u00edcia Militar da Para\u00edba","url":"https:\/\/www.pm.pb.gov.br\/portal\/","logo":{"@type":"ImageObject","inLanguage":"pt-BR","@id":"https:\/\/www.pm.pb.gov.br\/portal\/#\/schema\/logo\/image\/","url":"https:\/\/www.pm.pb.gov.br\/portal\/wp-content\/uploads\/2025\/03\/cropped-logo-site-mag2-1.png","contentUrl":"https:\/\/www.pm.pb.gov.br\/portal\/wp-content\/uploads\/2025\/03\/cropped-logo-site-mag2-1.png","width":320,"height":90,"caption":"Pol\u00edcia Militar da Para\u00edba"},"image":{"@id":"https:\/\/www.pm.pb.gov.br\/portal\/#\/schema\/logo\/image\/"}},{"@type":"Person","@id":"https:\/\/www.pm.pb.gov.br\/portal\/#\/schema\/person\/f84f56dcc78ce4357054da888b8247fd","name":"Tarcisio Oliveira","image":{"@type":"ImageObject","inLanguage":"pt-BR","@id":"https:\/\/www.pm.pb.gov.br\/portal\/#\/schema\/person\/image\/","url":"https:\/\/secure.gravatar.com\/avatar\/72917b630b69d31cd0297507f34bac97?s=96&d=mm&r=g","contentUrl":"https:\/\/secure.gravatar.com\/avatar\/72917b630b69d31cd0297507f34bac97?s=96&d=mm&r=g","caption":"Tarcisio Oliveira"},"url":"https:\/\/www.pm.pb.gov.br\/portal\/author\/tarcisio\/"}]}},"_links":{"self":[{"href":"https:\/\/www.pm.pb.gov.br\/portal\/wp-json\/wp\/v2\/posts\/920553"}],"collection":[{"href":"https:\/\/www.pm.pb.gov.br\/portal\/wp-json\/wp\/v2\/posts"}],"about":[{"href":"https:\/\/www.pm.pb.gov.br\/portal\/wp-json\/wp\/v2\/types\/post"}],"author":[{"embeddable":true,"href":"https:\/\/www.pm.pb.gov.br\/portal\/wp-json\/wp\/v2\/users\/12"}],"replies":[{"embeddable":true,"href":"https:\/\/www.pm.pb.gov.br\/portal\/wp-json\/wp\/v2\/comments?post=920553"}],"version-history":[{"count":1,"href":"https:\/\/www.pm.pb.gov.br\/portal\/wp-json\/wp\/v2\/posts\/920553\/revisions"}],"predecessor-version":[{"id":920556,"href":"https:\/\/www.pm.pb.gov.br\/portal\/wp-json\/wp\/v2\/posts\/920553\/revisions\/920556"}],"wp:featuredmedia":[{"embeddable":true,"href":"https:\/\/www.pm.pb.gov.br\/portal\/wp-json\/wp\/v2\/media\/920555"}],"wp:attachment":[{"href":"https:\/\/www.pm.pb.gov.br\/portal\/wp-json\/wp\/v2\/media?parent=920553"}],"wp:term":[{"taxonomy":"category","embeddable":true,"href":"https:\/\/www.pm.pb.gov.br\/portal\/wp-json\/wp\/v2\/categories?post=920553"},{"taxonomy":"post_tag","embeddable":true,"href":"https:\/\/www.pm.pb.gov.br\/portal\/wp-json\/wp\/v2\/tags?post=920553"}],"curies":[{"name":"wp","href":"https:\/\/api.w.org\/{rel}","templated":true}]}}