{"id":920542,"date":"2024-01-23T05:22:00","date_gmt":"2024-01-23T08:22:00","guid":{"rendered":"https:\/\/www.pm.pb.gov.br\/portal\/?p=920542"},"modified":"2024-01-23T17:25:04","modified_gmt":"2024-01-23T20:25:04","slug":"no-brejo-policia-militar-prende-acusados-envolvidos-com-assaltos-e-porte-ilegal-de-arma-de-fogo","status":"publish","type":"post","link":"https:\/\/www.pm.pb.gov.br\/portal\/2024\/01\/23\/no-brejo-policia-militar-prende-acusados-envolvidos-com-assaltos-e-porte-ilegal-de-arma-de-fogo\/","title":{"rendered":"NO BREJO: Pol\u00edcia Militar prende acusados envolvidos com assaltos e porte ilegal de arma de fogo \u00a0"},"content":{"rendered":"\n<p>A Pol\u00edcia Militar prendeu quatro pessoas envolvidas em diversos delitos na regi\u00e3o do brejo da Para\u00edba, nos munic\u00edpios de Araruna e Dona In\u00eas. As pris\u00f5es foram na noite da \u00faltima segunda-feira (22) resultando em uma arma de fogo apreendida e uma motocicleta recuperada (foto acima ilustrativa).<\/p>\n<p>De acordo com o comando da 7\u00aa Companhia Independente (7\u00aa CIPM), um rev\u00f3lver foi encontrado com tr\u00eas acusados que estavam em duas motos, no munic\u00edpio de Araruna. O armamento estava com quatro muni\u00e7\u00f5es (foto abaixo). Segundo a unidade policial, uma das motos tinha registro de roubo\/furto, de um crime ocorrido em Tacima.<\/p>\n<p><img loading=\"lazy\" decoding=\"async\" class=\"size-medium wp-image-920543 aligncenter\" src=\"http:\/\/www.pm.pb.gov.br\/portal\/wp-content\/uploads\/2024\/01\/WhatsApp-Image-2024-01-23-at-17.18.071-312x445.jpeg\" alt=\"\" width=\"312\" height=\"445\" srcset=\"https:\/\/www.pm.pb.gov.br\/portal\/wp-content\/uploads\/2024\/01\/WhatsApp-Image-2024-01-23-at-17.18.071-312x445.jpeg 312w, https:\/\/www.pm.pb.gov.br\/portal\/wp-content\/uploads\/2024\/01\/WhatsApp-Image-2024-01-23-at-17.18.071-399x570.jpeg 399w, https:\/\/www.pm.pb.gov.br\/portal\/wp-content\/uploads\/2024\/01\/WhatsApp-Image-2024-01-23-at-17.18.071.jpeg 720w\" sizes=\"(max-width: 312px) 100vw, 312px\" \/><\/p>\n<p>J\u00e1 na zona rural de Dona In\u00eas, os policiais da 7\u00aa CIPM prenderam um dos homens acusados de comete uma s\u00e9rie de roubos a transeuntes na regi\u00e3o, e de atirar contra uma das v\u00edtimas. O criminoso tamb\u00e9m usava uma motocicleta para cometer os delitos.<\/p>\n<p>As duas ocorr\u00eancias foram encaminhadas para delegacias na regi\u00e3o para os procedimentos cab\u00edveis e devida apura\u00e7\u00e3o.<\/p>\n\n\n","protected":false},"excerpt":{"rendered":"<p>A Pol\u00edcia Militar prendeu quatro pessoas envolvidas em diversos delitos na regi\u00e3o do brejo da Para\u00edba, nos munic\u00edpios de Araruna<\/p>\n","protected":false},"author":12,"featured_media":920333,"comment_status":"closed","ping_status":"closed","sticky":false,"template":"","format":"standard","meta":{"_exactmetrics_skip_tracking":false,"_exactmetrics_sitenote_active":false,"_exactmetrics_sitenote_note":"","_exactmetrics_sitenote_category":0,"footnotes":""},"categories":[4],"tags":[],"yoast_head":"<!-- This site is optimized with the Yoast SEO plugin v22.0 - https:\/\/yoast.com\/wordpress\/plugins\/seo\/ -->\n<title>NO BREJO: Pol\u00edcia Militar prende acusados envolvidos com assaltos e porte ilegal de arma de fogo \u00a0 - Pol\u00edcia Militar da Para\u00edba<\/title>\n<meta name=\"description\" content=\"A\u00e7\u00f5es aconteceu na noite da \u00faltima segunda-feira resultando em pelo menos quatro presos e arma de fogo apreendida.\" \/>\n<meta name=\"robots\" content=\"index, follow, max-snippet:-1, max-image-preview:large, max-video-preview:-1\" \/>\n<link rel=\"canonical\" href=\"https:\/\/www.pm.pb.gov.br\/portal\/2024\/01\/23\/no-brejo-policia-militar-prende-acusados-envolvidos-com-assaltos-e-porte-ilegal-de-arma-de-fogo\/\" \/>\n<meta property=\"og:locale\" content=\"pt_BR\" \/>\n<meta property=\"og:type\" content=\"article\" \/>\n<meta property=\"og:title\" content=\"NO BREJO: Pol\u00edcia Militar prende acusados envolvidos com assaltos e porte ilegal de arma de fogo \u00a0 - Pol\u00edcia Militar da Para\u00edba\" \/>\n<meta property=\"og:description\" content=\"A\u00e7\u00f5es aconteceu na noite da \u00faltima segunda-feira resultando em pelo menos quatro presos e arma de fogo apreendida.\" \/>\n<meta property=\"og:url\" content=\"https:\/\/www.pm.pb.gov.br\/portal\/2024\/01\/23\/no-brejo-policia-militar-prende-acusados-envolvidos-com-assaltos-e-porte-ilegal-de-arma-de-fogo\/\" \/>\n<meta property=\"og:site_name\" content=\"Pol\u00edcia Militar da Para\u00edba\" \/>\n<meta property=\"article:published_time\" content=\"2024-01-23T08:22:00+00:00\" \/>\n<meta property=\"article:modified_time\" content=\"2024-01-23T20:25:04+00:00\" \/>\n<meta property=\"og:image\" content=\"http:\/\/www.pm.pb.gov.br\/portal\/wp-content\/uploads\/2024\/01\/7cipm.jpeg\" \/>\n\t<meta property=\"og:image:width\" content=\"800\" \/>\n\t<meta property=\"og:image:height\" content=\"445\" \/>\n\t<meta property=\"og:image:type\" content=\"image\/jpeg\" \/>\n<meta name=\"author\" content=\"Tarcisio Oliveira\" \/>\n<meta name=\"twitter:card\" content=\"summary_large_image\" \/>\n<meta name=\"twitter:label1\" content=\"Escrito por\" \/>\n\t<meta name=\"twitter:data1\" content=\"Tarcisio Oliveira\" \/>\n\t<meta name=\"twitter:label2\" content=\"Est. tempo de leitura\" \/>\n\t<meta name=\"twitter:data2\" content=\"2 minutos\" \/>\n<script type=\"application\/ld+json\" class=\"yoast-schema-graph\">{\"@context\":\"https:\/\/schema.org\",\"@graph\":[{\"@type\":\"Article\",\"@id\":\"https:\/\/www.pm.pb.gov.br\/portal\/2024\/01\/23\/no-brejo-policia-militar-prende-acusados-envolvidos-com-assaltos-e-porte-ilegal-de-arma-de-fogo\/#article\",\"isPartOf\":{\"@id\":\"https:\/\/www.pm.pb.gov.br\/portal\/2024\/01\/23\/no-brejo-policia-militar-prende-acusados-envolvidos-com-assaltos-e-porte-ilegal-de-arma-de-fogo\/\"},\"author\":{\"name\":\"Tarcisio Oliveira\",\"@id\":\"https:\/\/www.pm.pb.gov.br\/portal\/#\/schema\/person\/f84f56dcc78ce4357054da888b8247fd\"},\"headline\":\"NO BREJO: Pol\u00edcia Militar prende acusados envolvidos com assaltos e porte ilegal de arma de fogo \u00a0\",\"datePublished\":\"2024-01-23T08:22:00+00:00\",\"dateModified\":\"2024-01-23T20:25:04+00:00\",\"mainEntityOfPage\":{\"@id\":\"https:\/\/www.pm.pb.gov.br\/portal\/2024\/01\/23\/no-brejo-policia-militar-prende-acusados-envolvidos-com-assaltos-e-porte-ilegal-de-arma-de-fogo\/\"},\"wordCount\":191,\"publisher\":{\"@id\":\"https:\/\/www.pm.pb.gov.br\/portal\/#organization\"},\"articleSection\":[\"A\u00e7\u00f5es Policiais\"],\"inLanguage\":\"pt-BR\"},{\"@type\":\"WebPage\",\"@id\":\"https:\/\/www.pm.pb.gov.br\/portal\/2024\/01\/23\/no-brejo-policia-militar-prende-acusados-envolvidos-com-assaltos-e-porte-ilegal-de-arma-de-fogo\/\",\"url\":\"https:\/\/www.pm.pb.gov.br\/portal\/2024\/01\/23\/no-brejo-policia-militar-prende-acusados-envolvidos-com-assaltos-e-porte-ilegal-de-arma-de-fogo\/\",\"name\":\"NO BREJO: Pol\u00edcia Militar prende acusados envolvidos com assaltos e porte ilegal de arma de fogo \u00a0 - Pol\u00edcia Militar da Para\u00edba\",\"isPartOf\":{\"@id\":\"https:\/\/www.pm.pb.gov.br\/portal\/#website\"},\"datePublished\":\"2024-01-23T08:22:00+00:00\",\"dateModified\":\"2024-01-23T20:25:04+00:00\",\"description\":\"A\u00e7\u00f5es aconteceu na noite da \u00faltima segunda-feira resultando em pelo menos quatro presos e arma de fogo apreendida.\",\"breadcrumb\":{\"@id\":\"https:\/\/www.pm.pb.gov.br\/portal\/2024\/01\/23\/no-brejo-policia-militar-prende-acusados-envolvidos-com-assaltos-e-porte-ilegal-de-arma-de-fogo\/#breadcrumb\"},\"inLanguage\":\"pt-BR\",\"potentialAction\":[{\"@type\":\"ReadAction\",\"target\":[\"https:\/\/www.pm.pb.gov.br\/portal\/2024\/01\/23\/no-brejo-policia-militar-prende-acusados-envolvidos-com-assaltos-e-porte-ilegal-de-arma-de-fogo\/\"]}]},{\"@type\":\"BreadcrumbList\",\"@id\":\"https:\/\/www.pm.pb.gov.br\/portal\/2024\/01\/23\/no-brejo-policia-militar-prende-acusados-envolvidos-com-assaltos-e-porte-ilegal-de-arma-de-fogo\/#breadcrumb\",\"itemListElement\":[{\"@type\":\"ListItem\",\"position\":1,\"name\":\"In\u00edcio\",\"item\":\"https:\/\/www.pm.pb.gov.br\/portal\/\"},{\"@type\":\"ListItem\",\"position\":2,\"name\":\"NO BREJO: Pol\u00edcia Militar prende acusados envolvidos com assaltos e porte ilegal de arma de fogo \u00a0\"}]},{\"@type\":\"WebSite\",\"@id\":\"https:\/\/www.pm.pb.gov.br\/portal\/#website\",\"url\":\"https:\/\/www.pm.pb.gov.br\/portal\/\",\"name\":\"Pol\u00edcia Militar da Para\u00edba\",\"description\":\"\",\"publisher\":{\"@id\":\"https:\/\/www.pm.pb.gov.br\/portal\/#organization\"},\"potentialAction\":[{\"@type\":\"SearchAction\",\"target\":{\"@type\":\"EntryPoint\",\"urlTemplate\":\"https:\/\/www.pm.pb.gov.br\/portal\/?s={search_term_string}\"},\"query-input\":\"required name=search_term_string\"}],\"inLanguage\":\"pt-BR\"},{\"@type\":\"Organization\",\"@id\":\"https:\/\/www.pm.pb.gov.br\/portal\/#organization\",\"name\":\"Pol\u00edcia Militar da Para\u00edba\",\"url\":\"https:\/\/www.pm.pb.gov.br\/portal\/\",\"logo\":{\"@type\":\"ImageObject\",\"inLanguage\":\"pt-BR\",\"@id\":\"https:\/\/www.pm.pb.gov.br\/portal\/#\/schema\/logo\/image\/\",\"url\":\"https:\/\/www.pm.pb.gov.br\/portal\/wp-content\/uploads\/2025\/03\/cropped-logo-site-mag2-1.png\",\"contentUrl\":\"https:\/\/www.pm.pb.gov.br\/portal\/wp-content\/uploads\/2025\/03\/cropped-logo-site-mag2-1.png\",\"width\":320,\"height\":90,\"caption\":\"Pol\u00edcia Militar da Para\u00edba\"},\"image\":{\"@id\":\"https:\/\/www.pm.pb.gov.br\/portal\/#\/schema\/logo\/image\/\"}},{\"@type\":\"Person\",\"@id\":\"https:\/\/www.pm.pb.gov.br\/portal\/#\/schema\/person\/f84f56dcc78ce4357054da888b8247fd\",\"name\":\"Tarcisio Oliveira\",\"image\":{\"@type\":\"ImageObject\",\"inLanguage\":\"pt-BR\",\"@id\":\"https:\/\/www.pm.pb.gov.br\/portal\/#\/schema\/person\/image\/\",\"url\":\"https:\/\/secure.gravatar.com\/avatar\/72917b630b69d31cd0297507f34bac97?s=96&d=mm&r=g\",\"contentUrl\":\"https:\/\/secure.gravatar.com\/avatar\/72917b630b69d31cd0297507f34bac97?s=96&d=mm&r=g\",\"caption\":\"Tarcisio Oliveira\"},\"url\":\"https:\/\/www.pm.pb.gov.br\/portal\/author\/tarcisio\/\"}]}<\/script>\n<!-- \/ Yoast SEO plugin. -->","yoast_head_json":{"title":"NO BREJO: Pol\u00edcia Militar prende acusados envolvidos com assaltos e porte ilegal de arma de fogo \u00a0 - Pol\u00edcia Militar da Para\u00edba","description":"A\u00e7\u00f5es aconteceu na noite da \u00faltima segunda-feira resultando em pelo menos quatro presos e arma de fogo apreendida.","robots":{"index":"index","follow":"follow","max-snippet":"max-snippet:-1","max-image-preview":"max-image-preview:large","max-video-preview":"max-video-preview:-1"},"canonical":"https:\/\/www.pm.pb.gov.br\/portal\/2024\/01\/23\/no-brejo-policia-militar-prende-acusados-envolvidos-com-assaltos-e-porte-ilegal-de-arma-de-fogo\/","og_locale":"pt_BR","og_type":"article","og_title":"NO BREJO: Pol\u00edcia Militar prende acusados envolvidos com assaltos e porte ilegal de arma de fogo \u00a0 - Pol\u00edcia Militar da Para\u00edba","og_description":"A\u00e7\u00f5es aconteceu na noite da \u00faltima segunda-feira resultando em pelo menos quatro presos e arma de fogo apreendida.","og_url":"https:\/\/www.pm.pb.gov.br\/portal\/2024\/01\/23\/no-brejo-policia-militar-prende-acusados-envolvidos-com-assaltos-e-porte-ilegal-de-arma-de-fogo\/","og_site_name":"Pol\u00edcia Militar da Para\u00edba","article_published_time":"2024-01-23T08:22:00+00:00","article_modified_time":"2024-01-23T20:25:04+00:00","og_image":[{"width":800,"height":445,"url":"http:\/\/www.pm.pb.gov.br\/portal\/wp-content\/uploads\/2024\/01\/7cipm.jpeg","type":"image\/jpeg"}],"author":"Tarcisio Oliveira","twitter_card":"summary_large_image","twitter_misc":{"Escrito por":"Tarcisio Oliveira","Est. tempo de leitura":"2 minutos"},"schema":{"@context":"https:\/\/schema.org","@graph":[{"@type":"Article","@id":"https:\/\/www.pm.pb.gov.br\/portal\/2024\/01\/23\/no-brejo-policia-militar-prende-acusados-envolvidos-com-assaltos-e-porte-ilegal-de-arma-de-fogo\/#article","isPartOf":{"@id":"https:\/\/www.pm.pb.gov.br\/portal\/2024\/01\/23\/no-brejo-policia-militar-prende-acusados-envolvidos-com-assaltos-e-porte-ilegal-de-arma-de-fogo\/"},"author":{"name":"Tarcisio Oliveira","@id":"https:\/\/www.pm.pb.gov.br\/portal\/#\/schema\/person\/f84f56dcc78ce4357054da888b8247fd"},"headline":"NO BREJO: Pol\u00edcia Militar prende acusados envolvidos com assaltos e porte ilegal de arma de fogo \u00a0","datePublished":"2024-01-23T08:22:00+00:00","dateModified":"2024-01-23T20:25:04+00:00","mainEntityOfPage":{"@id":"https:\/\/www.pm.pb.gov.br\/portal\/2024\/01\/23\/no-brejo-policia-militar-prende-acusados-envolvidos-com-assaltos-e-porte-ilegal-de-arma-de-fogo\/"},"wordCount":191,"publisher":{"@id":"https:\/\/www.pm.pb.gov.br\/portal\/#organization"},"articleSection":["A\u00e7\u00f5es Policiais"],"inLanguage":"pt-BR"},{"@type":"WebPage","@id":"https:\/\/www.pm.pb.gov.br\/portal\/2024\/01\/23\/no-brejo-policia-militar-prende-acusados-envolvidos-com-assaltos-e-porte-ilegal-de-arma-de-fogo\/","url":"https:\/\/www.pm.pb.gov.br\/portal\/2024\/01\/23\/no-brejo-policia-militar-prende-acusados-envolvidos-com-assaltos-e-porte-ilegal-de-arma-de-fogo\/","name":"NO BREJO: Pol\u00edcia Militar prende acusados envolvidos com assaltos e porte ilegal de arma de fogo \u00a0 - Pol\u00edcia Militar da Para\u00edba","isPartOf":{"@id":"https:\/\/www.pm.pb.gov.br\/portal\/#website"},"datePublished":"2024-01-23T08:22:00+00:00","dateModified":"2024-01-23T20:25:04+00:00","description":"A\u00e7\u00f5es aconteceu na noite da \u00faltima segunda-feira resultando em pelo menos quatro presos e arma de fogo apreendida.","breadcrumb":{"@id":"https:\/\/www.pm.pb.gov.br\/portal\/2024\/01\/23\/no-brejo-policia-militar-prende-acusados-envolvidos-com-assaltos-e-porte-ilegal-de-arma-de-fogo\/#breadcrumb"},"inLanguage":"pt-BR","potentialAction":[{"@type":"ReadAction","target":["https:\/\/www.pm.pb.gov.br\/portal\/2024\/01\/23\/no-brejo-policia-militar-prende-acusados-envolvidos-com-assaltos-e-porte-ilegal-de-arma-de-fogo\/"]}]},{"@type":"BreadcrumbList","@id":"https:\/\/www.pm.pb.gov.br\/portal\/2024\/01\/23\/no-brejo-policia-militar-prende-acusados-envolvidos-com-assaltos-e-porte-ilegal-de-arma-de-fogo\/#breadcrumb","itemListElement":[{"@type":"ListItem","position":1,"name":"In\u00edcio","item":"https:\/\/www.pm.pb.gov.br\/portal\/"},{"@type":"ListItem","position":2,"name":"NO BREJO: Pol\u00edcia Militar prende acusados envolvidos com assaltos e porte ilegal de arma de fogo \u00a0"}]},{"@type":"WebSite","@id":"https:\/\/www.pm.pb.gov.br\/portal\/#website","url":"https:\/\/www.pm.pb.gov.br\/portal\/","name":"Pol\u00edcia Militar da Para\u00edba","description":"","publisher":{"@id":"https:\/\/www.pm.pb.gov.br\/portal\/#organization"},"potentialAction":[{"@type":"SearchAction","target":{"@type":"EntryPoint","urlTemplate":"https:\/\/www.pm.pb.gov.br\/portal\/?s={search_term_string}"},"query-input":"required name=search_term_string"}],"inLanguage":"pt-BR"},{"@type":"Organization","@id":"https:\/\/www.pm.pb.gov.br\/portal\/#organization","name":"Pol\u00edcia Militar da Para\u00edba","url":"https:\/\/www.pm.pb.gov.br\/portal\/","logo":{"@type":"ImageObject","inLanguage":"pt-BR","@id":"https:\/\/www.pm.pb.gov.br\/portal\/#\/schema\/logo\/image\/","url":"https:\/\/www.pm.pb.gov.br\/portal\/wp-content\/uploads\/2025\/03\/cropped-logo-site-mag2-1.png","contentUrl":"https:\/\/www.pm.pb.gov.br\/portal\/wp-content\/uploads\/2025\/03\/cropped-logo-site-mag2-1.png","width":320,"height":90,"caption":"Pol\u00edcia Militar da Para\u00edba"},"image":{"@id":"https:\/\/www.pm.pb.gov.br\/portal\/#\/schema\/logo\/image\/"}},{"@type":"Person","@id":"https:\/\/www.pm.pb.gov.br\/portal\/#\/schema\/person\/f84f56dcc78ce4357054da888b8247fd","name":"Tarcisio Oliveira","image":{"@type":"ImageObject","inLanguage":"pt-BR","@id":"https:\/\/www.pm.pb.gov.br\/portal\/#\/schema\/person\/image\/","url":"https:\/\/secure.gravatar.com\/avatar\/72917b630b69d31cd0297507f34bac97?s=96&d=mm&r=g","contentUrl":"https:\/\/secure.gravatar.com\/avatar\/72917b630b69d31cd0297507f34bac97?s=96&d=mm&r=g","caption":"Tarcisio Oliveira"},"url":"https:\/\/www.pm.pb.gov.br\/portal\/author\/tarcisio\/"}]}},"_links":{"self":[{"href":"https:\/\/www.pm.pb.gov.br\/portal\/wp-json\/wp\/v2\/posts\/920542"}],"collection":[{"href":"https:\/\/www.pm.pb.gov.br\/portal\/wp-json\/wp\/v2\/posts"}],"about":[{"href":"https:\/\/www.pm.pb.gov.br\/portal\/wp-json\/wp\/v2\/types\/post"}],"author":[{"embeddable":true,"href":"https:\/\/www.pm.pb.gov.br\/portal\/wp-json\/wp\/v2\/users\/12"}],"replies":[{"embeddable":true,"href":"https:\/\/www.pm.pb.gov.br\/portal\/wp-json\/wp\/v2\/comments?post=920542"}],"version-history":[{"count":1,"href":"https:\/\/www.pm.pb.gov.br\/portal\/wp-json\/wp\/v2\/posts\/920542\/revisions"}],"predecessor-version":[{"id":920544,"href":"https:\/\/www.pm.pb.gov.br\/portal\/wp-json\/wp\/v2\/posts\/920542\/revisions\/920544"}],"wp:featuredmedia":[{"embeddable":true,"href":"https:\/\/www.pm.pb.gov.br\/portal\/wp-json\/wp\/v2\/media\/920333"}],"wp:attachment":[{"href":"https:\/\/www.pm.pb.gov.br\/portal\/wp-json\/wp\/v2\/media?parent=920542"}],"wp:term":[{"taxonomy":"category","embeddable":true,"href":"https:\/\/www.pm.pb.gov.br\/portal\/wp-json\/wp\/v2\/categories?post=920542"},{"taxonomy":"post_tag","embeddable":true,"href":"https:\/\/www.pm.pb.gov.br\/portal\/wp-json\/wp\/v2\/tags?post=920542"}],"curies":[{"name":"wp","href":"https:\/\/api.w.org\/{rel}","templated":true}]}}