{"id":920533,"date":"2024-01-23T15:55:49","date_gmt":"2024-01-23T18:55:49","guid":{"rendered":"https:\/\/www.pm.pb.gov.br\/portal\/?p=920533"},"modified":"2024-01-23T15:55:51","modified_gmt":"2024-01-23T18:55:51","slug":"em-menos-de-24-horas-acao-conjunta-prende-acusados-de-latrocinio-no-sertao","status":"publish","type":"post","link":"https:\/\/www.pm.pb.gov.br\/portal\/2024\/01\/23\/em-menos-de-24-horas-acao-conjunta-prende-acusados-de-latrocinio-no-sertao\/","title":{"rendered":"Em menos de 24 horas, a\u00e7\u00e3o conjunta prende acusados de latroc\u00ednio no Sert\u00e3o"},"content":{"rendered":"\n<p>Uma a\u00e7\u00e3o conjunta realizada pelas Pol\u00edcias Militar e Civil desarticulou e prendeu um grupo acusado de latroc\u00ednio que agiu no Sert\u00e3o do estado, no \u00faltimo final de semana. A a\u00e7\u00e3o das For\u00e7as de Seguran\u00e7a resultou ainda em arma apreendida, ve\u00edculos recuperados, entre outros objetos (foto acima).<\/p>\n<p>De acordo com o comando da 3\u00aa Companhia do 14\u00ba Batalh\u00e3o, quatro pessoas foram presas no fim do domingo (21), em menos de 24 horas ap\u00f3s cometerem um latroc\u00ednio na zona rural de Pombal. Os criminosos usaram uma roupa similar ao fardamento da Pol\u00edcia Civil para enganar as v\u00edtimas durante um roubo, atingindo fatalmente uma delas com disparo de arma de fogo.<\/p>\n<p><img loading=\"lazy\" decoding=\"async\" class=\" wp-image-920535 aligncenter\" src=\"http:\/\/www.pm.pb.gov.br\/portal\/wp-content\/uploads\/2024\/01\/WhatsApp-Image-2024-01-23-at-15.42.43-593x445.jpeg\" alt=\"\" width=\"540\" height=\"405\" srcset=\"https:\/\/www.pm.pb.gov.br\/portal\/wp-content\/uploads\/2024\/01\/WhatsApp-Image-2024-01-23-at-15.42.43-593x445.jpeg 593w, https:\/\/www.pm.pb.gov.br\/portal\/wp-content\/uploads\/2024\/01\/WhatsApp-Image-2024-01-23-at-15.42.43-760x570.jpeg 760w, https:\/\/www.pm.pb.gov.br\/portal\/wp-content\/uploads\/2024\/01\/WhatsApp-Image-2024-01-23-at-15.42.43-768x576.jpeg 768w, https:\/\/www.pm.pb.gov.br\/portal\/wp-content\/uploads\/2024\/01\/WhatsApp-Image-2024-01-23-at-15.42.43-1536x1152.jpeg 1536w, https:\/\/www.pm.pb.gov.br\/portal\/wp-content\/uploads\/2024\/01\/WhatsApp-Image-2024-01-23-at-15.42.43.jpeg 1600w\" sizes=\"(max-width: 540px) 100vw, 540px\" \/><\/p>\n<p>\u201cDos quatro acusados presos, dois homens j\u00e1 tinham passagem pela pol\u00edcia. Um deles que \u00e9 usu\u00e1rio do tornozeleira eletr\u00f4nica j\u00e1 havia sido preso com mais de uma tonelada de droga, e o outro j\u00e1 responde a v\u00e1rios processos. Duas mulheres tamb\u00e9m foram presas\u201d, disse o capit\u00e3o Fernando, que comandou as a\u00e7\u00f5es da PM na regi\u00e3o. Segundo o oficial, os acusados tentavam fugir de carro para Catingueira quando foram capturados.<\/p>\n<p><img loading=\"lazy\" decoding=\"async\" class=\" wp-image-920536 aligncenter\" src=\"http:\/\/www.pm.pb.gov.br\/portal\/wp-content\/uploads\/2024\/01\/WhatsApp-Image-2024-01-23-at-15.42.42-593x445.jpeg\" alt=\"\" width=\"544\" height=\"408\" srcset=\"https:\/\/www.pm.pb.gov.br\/portal\/wp-content\/uploads\/2024\/01\/WhatsApp-Image-2024-01-23-at-15.42.42-593x445.jpeg 593w, https:\/\/www.pm.pb.gov.br\/portal\/wp-content\/uploads\/2024\/01\/WhatsApp-Image-2024-01-23-at-15.42.42-760x570.jpeg 760w, https:\/\/www.pm.pb.gov.br\/portal\/wp-content\/uploads\/2024\/01\/WhatsApp-Image-2024-01-23-at-15.42.42-768x576.jpeg 768w, https:\/\/www.pm.pb.gov.br\/portal\/wp-content\/uploads\/2024\/01\/WhatsApp-Image-2024-01-23-at-15.42.42-1536x1152.jpeg 1536w, https:\/\/www.pm.pb.gov.br\/portal\/wp-content\/uploads\/2024\/01\/WhatsApp-Image-2024-01-23-at-15.42.42.jpeg 1600w\" sizes=\"(max-width: 544px) 100vw, 544px\" \/><\/p>\n<p>O grupo foi preso com uma pistola calibre 9 mil\u00edmetros, dois radiocomunicadores, balaclava (touca) e celulares. \u201cDe forma geral o grupo \u00e9 ligado a v\u00e1rios crimes na regi\u00e3o como tr\u00e1fico de drogas, roubos e homic\u00eddio, e a pris\u00e3o deles ir\u00e1 esclarecer diversos delitos na regi\u00e3o\u201d, esclareceu o capit\u00e3o Fernando.<\/p>\n<p><img loading=\"lazy\" decoding=\"async\" class=\" wp-image-920538 aligncenter\" src=\"http:\/\/www.pm.pb.gov.br\/portal\/wp-content\/uploads\/2024\/01\/WhatsApp-Image-2024-01-23-at-15.42.41-593x445.jpeg\" alt=\"\" width=\"545\" height=\"409\" srcset=\"https:\/\/www.pm.pb.gov.br\/portal\/wp-content\/uploads\/2024\/01\/WhatsApp-Image-2024-01-23-at-15.42.41-593x445.jpeg 593w, https:\/\/www.pm.pb.gov.br\/portal\/wp-content\/uploads\/2024\/01\/WhatsApp-Image-2024-01-23-at-15.42.41-760x570.jpeg 760w, https:\/\/www.pm.pb.gov.br\/portal\/wp-content\/uploads\/2024\/01\/WhatsApp-Image-2024-01-23-at-15.42.41-768x576.jpeg 768w, https:\/\/www.pm.pb.gov.br\/portal\/wp-content\/uploads\/2024\/01\/WhatsApp-Image-2024-01-23-at-15.42.41.jpeg 1024w\" sizes=\"(max-width: 545px) 100vw, 545px\" \/><\/p>\n<p>Toda a ocorr\u00eancia foi encaminhada para Delegacia da Pol\u00edcia Civil em Pombal para os procedimentos cab\u00edveis e devido apura\u00e7\u00e3o.<\/p>\n<p><img loading=\"lazy\" decoding=\"async\" class=\"size-medium wp-image-920537 aligncenter\" src=\"http:\/\/www.pm.pb.gov.br\/portal\/wp-content\/uploads\/2024\/01\/WhatsApp-Image-2024-01-23-at-13.02.48-593x445.jpeg\" alt=\"\" width=\"593\" height=\"445\" srcset=\"https:\/\/www.pm.pb.gov.br\/portal\/wp-content\/uploads\/2024\/01\/WhatsApp-Image-2024-01-23-at-13.02.48-593x445.jpeg 593w, https:\/\/www.pm.pb.gov.br\/portal\/wp-content\/uploads\/2024\/01\/WhatsApp-Image-2024-01-23-at-13.02.48-760x570.jpeg 760w, https:\/\/www.pm.pb.gov.br\/portal\/wp-content\/uploads\/2024\/01\/WhatsApp-Image-2024-01-23-at-13.02.48-768x576.jpeg 768w, https:\/\/www.pm.pb.gov.br\/portal\/wp-content\/uploads\/2024\/01\/WhatsApp-Image-2024-01-23-at-13.02.48-1536x1152.jpeg 1536w, https:\/\/www.pm.pb.gov.br\/portal\/wp-content\/uploads\/2024\/01\/WhatsApp-Image-2024-01-23-at-13.02.48.jpeg 1600w\" sizes=\"(max-width: 593px) 100vw, 593px\" \/><\/p>\n\n\n\n\n","protected":false},"excerpt":{"rendered":"<p>Uma a\u00e7\u00e3o conjunta realizada pelas Pol\u00edcias Militar e Civil desarticulou e prendeu um grupo acusado de latroc\u00ednio que agiu no<\/p>\n","protected":false},"author":12,"featured_media":920534,"comment_status":"closed","ping_status":"closed","sticky":false,"template":"","format":"standard","meta":{"_exactmetrics_skip_tracking":false,"_exactmetrics_sitenote_active":false,"_exactmetrics_sitenote_note":"","_exactmetrics_sitenote_category":0,"footnotes":""},"categories":[4],"tags":[],"yoast_head":"<!-- This site is optimized with the Yoast SEO plugin v22.0 - https:\/\/yoast.com\/wordpress\/plugins\/seo\/ -->\n<title>Em menos de 24 horas, a\u00e7\u00e3o conjunta prende acusados de latroc\u00ednio no Sert\u00e3o - Pol\u00edcia Militar da Para\u00edba<\/title>\n<meta name=\"description\" content=\"Entre os acusados, um j\u00e1 usava tornozeleira eletr\u00f4nica e havia sido preso com mais de uma tonelada de droga.\" \/>\n<meta name=\"robots\" content=\"index, follow, max-snippet:-1, max-image-preview:large, max-video-preview:-1\" \/>\n<link rel=\"canonical\" href=\"https:\/\/www.pm.pb.gov.br\/portal\/2024\/01\/23\/em-menos-de-24-horas-acao-conjunta-prende-acusados-de-latrocinio-no-sertao\/\" \/>\n<meta property=\"og:locale\" content=\"pt_BR\" \/>\n<meta property=\"og:type\" content=\"article\" \/>\n<meta property=\"og:title\" content=\"Em menos de 24 horas, a\u00e7\u00e3o conjunta prende acusados de latroc\u00ednio no Sert\u00e3o - Pol\u00edcia Militar da Para\u00edba\" \/>\n<meta property=\"og:description\" content=\"Entre os acusados, um j\u00e1 usava tornozeleira eletr\u00f4nica e havia sido preso com mais de uma tonelada de droga.\" \/>\n<meta property=\"og:url\" content=\"https:\/\/www.pm.pb.gov.br\/portal\/2024\/01\/23\/em-menos-de-24-horas-acao-conjunta-prende-acusados-de-latrocinio-no-sertao\/\" \/>\n<meta property=\"og:site_name\" content=\"Pol\u00edcia Militar da Para\u00edba\" \/>\n<meta property=\"article:published_time\" content=\"2024-01-23T18:55:49+00:00\" \/>\n<meta property=\"article:modified_time\" content=\"2024-01-23T18:55:51+00:00\" \/>\n<meta property=\"og:image\" content=\"http:\/\/www.pm.pb.gov.br\/portal\/wp-content\/uploads\/2024\/01\/WhatsApp-Image-2024-01-23-at-15.42.41-1.jpeg\" \/>\n\t<meta property=\"og:image:width\" content=\"800\" \/>\n\t<meta property=\"og:image:height\" content=\"445\" \/>\n\t<meta property=\"og:image:type\" content=\"image\/jpeg\" \/>\n<meta name=\"author\" content=\"Tarcisio Oliveira\" \/>\n<meta name=\"twitter:card\" content=\"summary_large_image\" \/>\n<meta name=\"twitter:label1\" content=\"Escrito por\" \/>\n\t<meta name=\"twitter:data1\" content=\"Tarcisio Oliveira\" \/>\n\t<meta name=\"twitter:label2\" content=\"Est. tempo de leitura\" \/>\n\t<meta name=\"twitter:data2\" content=\"3 minutos\" \/>\n<script type=\"application\/ld+json\" class=\"yoast-schema-graph\">{\"@context\":\"https:\/\/schema.org\",\"@graph\":[{\"@type\":\"Article\",\"@id\":\"https:\/\/www.pm.pb.gov.br\/portal\/2024\/01\/23\/em-menos-de-24-horas-acao-conjunta-prende-acusados-de-latrocinio-no-sertao\/#article\",\"isPartOf\":{\"@id\":\"https:\/\/www.pm.pb.gov.br\/portal\/2024\/01\/23\/em-menos-de-24-horas-acao-conjunta-prende-acusados-de-latrocinio-no-sertao\/\"},\"author\":{\"name\":\"Tarcisio Oliveira\",\"@id\":\"https:\/\/www.pm.pb.gov.br\/portal\/#\/schema\/person\/f84f56dcc78ce4357054da888b8247fd\"},\"headline\":\"Em menos de 24 horas, a\u00e7\u00e3o conjunta prende acusados de latroc\u00ednio no Sert\u00e3o\",\"datePublished\":\"2024-01-23T18:55:49+00:00\",\"dateModified\":\"2024-01-23T18:55:51+00:00\",\"mainEntityOfPage\":{\"@id\":\"https:\/\/www.pm.pb.gov.br\/portal\/2024\/01\/23\/em-menos-de-24-horas-acao-conjunta-prende-acusados-de-latrocinio-no-sertao\/\"},\"wordCount\":286,\"publisher\":{\"@id\":\"https:\/\/www.pm.pb.gov.br\/portal\/#organization\"},\"articleSection\":[\"A\u00e7\u00f5es Policiais\"],\"inLanguage\":\"pt-BR\"},{\"@type\":\"WebPage\",\"@id\":\"https:\/\/www.pm.pb.gov.br\/portal\/2024\/01\/23\/em-menos-de-24-horas-acao-conjunta-prende-acusados-de-latrocinio-no-sertao\/\",\"url\":\"https:\/\/www.pm.pb.gov.br\/portal\/2024\/01\/23\/em-menos-de-24-horas-acao-conjunta-prende-acusados-de-latrocinio-no-sertao\/\",\"name\":\"Em menos de 24 horas, a\u00e7\u00e3o conjunta prende acusados de latroc\u00ednio no Sert\u00e3o - Pol\u00edcia Militar da Para\u00edba\",\"isPartOf\":{\"@id\":\"https:\/\/www.pm.pb.gov.br\/portal\/#website\"},\"datePublished\":\"2024-01-23T18:55:49+00:00\",\"dateModified\":\"2024-01-23T18:55:51+00:00\",\"description\":\"Entre os acusados, um j\u00e1 usava tornozeleira eletr\u00f4nica e havia sido preso com mais de uma tonelada de droga.\",\"breadcrumb\":{\"@id\":\"https:\/\/www.pm.pb.gov.br\/portal\/2024\/01\/23\/em-menos-de-24-horas-acao-conjunta-prende-acusados-de-latrocinio-no-sertao\/#breadcrumb\"},\"inLanguage\":\"pt-BR\",\"potentialAction\":[{\"@type\":\"ReadAction\",\"target\":[\"https:\/\/www.pm.pb.gov.br\/portal\/2024\/01\/23\/em-menos-de-24-horas-acao-conjunta-prende-acusados-de-latrocinio-no-sertao\/\"]}]},{\"@type\":\"BreadcrumbList\",\"@id\":\"https:\/\/www.pm.pb.gov.br\/portal\/2024\/01\/23\/em-menos-de-24-horas-acao-conjunta-prende-acusados-de-latrocinio-no-sertao\/#breadcrumb\",\"itemListElement\":[{\"@type\":\"ListItem\",\"position\":1,\"name\":\"In\u00edcio\",\"item\":\"https:\/\/www.pm.pb.gov.br\/portal\/\"},{\"@type\":\"ListItem\",\"position\":2,\"name\":\"Em menos de 24 horas, a\u00e7\u00e3o conjunta prende acusados de latroc\u00ednio no Sert\u00e3o\"}]},{\"@type\":\"WebSite\",\"@id\":\"https:\/\/www.pm.pb.gov.br\/portal\/#website\",\"url\":\"https:\/\/www.pm.pb.gov.br\/portal\/\",\"name\":\"Pol\u00edcia Militar da Para\u00edba\",\"description\":\"\",\"publisher\":{\"@id\":\"https:\/\/www.pm.pb.gov.br\/portal\/#organization\"},\"potentialAction\":[{\"@type\":\"SearchAction\",\"target\":{\"@type\":\"EntryPoint\",\"urlTemplate\":\"https:\/\/www.pm.pb.gov.br\/portal\/?s={search_term_string}\"},\"query-input\":\"required name=search_term_string\"}],\"inLanguage\":\"pt-BR\"},{\"@type\":\"Organization\",\"@id\":\"https:\/\/www.pm.pb.gov.br\/portal\/#organization\",\"name\":\"Pol\u00edcia Militar da Para\u00edba\",\"url\":\"https:\/\/www.pm.pb.gov.br\/portal\/\",\"logo\":{\"@type\":\"ImageObject\",\"inLanguage\":\"pt-BR\",\"@id\":\"https:\/\/www.pm.pb.gov.br\/portal\/#\/schema\/logo\/image\/\",\"url\":\"https:\/\/www.pm.pb.gov.br\/portal\/wp-content\/uploads\/2025\/03\/cropped-logo-site-mag2-1.png\",\"contentUrl\":\"https:\/\/www.pm.pb.gov.br\/portal\/wp-content\/uploads\/2025\/03\/cropped-logo-site-mag2-1.png\",\"width\":320,\"height\":90,\"caption\":\"Pol\u00edcia Militar da Para\u00edba\"},\"image\":{\"@id\":\"https:\/\/www.pm.pb.gov.br\/portal\/#\/schema\/logo\/image\/\"}},{\"@type\":\"Person\",\"@id\":\"https:\/\/www.pm.pb.gov.br\/portal\/#\/schema\/person\/f84f56dcc78ce4357054da888b8247fd\",\"name\":\"Tarcisio Oliveira\",\"image\":{\"@type\":\"ImageObject\",\"inLanguage\":\"pt-BR\",\"@id\":\"https:\/\/www.pm.pb.gov.br\/portal\/#\/schema\/person\/image\/\",\"url\":\"https:\/\/secure.gravatar.com\/avatar\/72917b630b69d31cd0297507f34bac97?s=96&d=mm&r=g\",\"contentUrl\":\"https:\/\/secure.gravatar.com\/avatar\/72917b630b69d31cd0297507f34bac97?s=96&d=mm&r=g\",\"caption\":\"Tarcisio Oliveira\"},\"url\":\"https:\/\/www.pm.pb.gov.br\/portal\/author\/tarcisio\/\"}]}<\/script>\n<!-- \/ Yoast SEO plugin. -->","yoast_head_json":{"title":"Em menos de 24 horas, a\u00e7\u00e3o conjunta prende acusados de latroc\u00ednio no Sert\u00e3o - Pol\u00edcia Militar da Para\u00edba","description":"Entre os acusados, um j\u00e1 usava tornozeleira eletr\u00f4nica e havia sido preso com mais de uma tonelada de droga.","robots":{"index":"index","follow":"follow","max-snippet":"max-snippet:-1","max-image-preview":"max-image-preview:large","max-video-preview":"max-video-preview:-1"},"canonical":"https:\/\/www.pm.pb.gov.br\/portal\/2024\/01\/23\/em-menos-de-24-horas-acao-conjunta-prende-acusados-de-latrocinio-no-sertao\/","og_locale":"pt_BR","og_type":"article","og_title":"Em menos de 24 horas, a\u00e7\u00e3o conjunta prende acusados de latroc\u00ednio no Sert\u00e3o - Pol\u00edcia Militar da Para\u00edba","og_description":"Entre os acusados, um j\u00e1 usava tornozeleira eletr\u00f4nica e havia sido preso com mais de uma tonelada de droga.","og_url":"https:\/\/www.pm.pb.gov.br\/portal\/2024\/01\/23\/em-menos-de-24-horas-acao-conjunta-prende-acusados-de-latrocinio-no-sertao\/","og_site_name":"Pol\u00edcia Militar da Para\u00edba","article_published_time":"2024-01-23T18:55:49+00:00","article_modified_time":"2024-01-23T18:55:51+00:00","og_image":[{"width":800,"height":445,"url":"http:\/\/www.pm.pb.gov.br\/portal\/wp-content\/uploads\/2024\/01\/WhatsApp-Image-2024-01-23-at-15.42.41-1.jpeg","type":"image\/jpeg"}],"author":"Tarcisio Oliveira","twitter_card":"summary_large_image","twitter_misc":{"Escrito por":"Tarcisio Oliveira","Est. tempo de leitura":"3 minutos"},"schema":{"@context":"https:\/\/schema.org","@graph":[{"@type":"Article","@id":"https:\/\/www.pm.pb.gov.br\/portal\/2024\/01\/23\/em-menos-de-24-horas-acao-conjunta-prende-acusados-de-latrocinio-no-sertao\/#article","isPartOf":{"@id":"https:\/\/www.pm.pb.gov.br\/portal\/2024\/01\/23\/em-menos-de-24-horas-acao-conjunta-prende-acusados-de-latrocinio-no-sertao\/"},"author":{"name":"Tarcisio Oliveira","@id":"https:\/\/www.pm.pb.gov.br\/portal\/#\/schema\/person\/f84f56dcc78ce4357054da888b8247fd"},"headline":"Em menos de 24 horas, a\u00e7\u00e3o conjunta prende acusados de latroc\u00ednio no Sert\u00e3o","datePublished":"2024-01-23T18:55:49+00:00","dateModified":"2024-01-23T18:55:51+00:00","mainEntityOfPage":{"@id":"https:\/\/www.pm.pb.gov.br\/portal\/2024\/01\/23\/em-menos-de-24-horas-acao-conjunta-prende-acusados-de-latrocinio-no-sertao\/"},"wordCount":286,"publisher":{"@id":"https:\/\/www.pm.pb.gov.br\/portal\/#organization"},"articleSection":["A\u00e7\u00f5es Policiais"],"inLanguage":"pt-BR"},{"@type":"WebPage","@id":"https:\/\/www.pm.pb.gov.br\/portal\/2024\/01\/23\/em-menos-de-24-horas-acao-conjunta-prende-acusados-de-latrocinio-no-sertao\/","url":"https:\/\/www.pm.pb.gov.br\/portal\/2024\/01\/23\/em-menos-de-24-horas-acao-conjunta-prende-acusados-de-latrocinio-no-sertao\/","name":"Em menos de 24 horas, a\u00e7\u00e3o conjunta prende acusados de latroc\u00ednio no Sert\u00e3o - Pol\u00edcia Militar da Para\u00edba","isPartOf":{"@id":"https:\/\/www.pm.pb.gov.br\/portal\/#website"},"datePublished":"2024-01-23T18:55:49+00:00","dateModified":"2024-01-23T18:55:51+00:00","description":"Entre os acusados, um j\u00e1 usava tornozeleira eletr\u00f4nica e havia sido preso com mais de uma tonelada de droga.","breadcrumb":{"@id":"https:\/\/www.pm.pb.gov.br\/portal\/2024\/01\/23\/em-menos-de-24-horas-acao-conjunta-prende-acusados-de-latrocinio-no-sertao\/#breadcrumb"},"inLanguage":"pt-BR","potentialAction":[{"@type":"ReadAction","target":["https:\/\/www.pm.pb.gov.br\/portal\/2024\/01\/23\/em-menos-de-24-horas-acao-conjunta-prende-acusados-de-latrocinio-no-sertao\/"]}]},{"@type":"BreadcrumbList","@id":"https:\/\/www.pm.pb.gov.br\/portal\/2024\/01\/23\/em-menos-de-24-horas-acao-conjunta-prende-acusados-de-latrocinio-no-sertao\/#breadcrumb","itemListElement":[{"@type":"ListItem","position":1,"name":"In\u00edcio","item":"https:\/\/www.pm.pb.gov.br\/portal\/"},{"@type":"ListItem","position":2,"name":"Em menos de 24 horas, a\u00e7\u00e3o conjunta prende acusados de latroc\u00ednio no Sert\u00e3o"}]},{"@type":"WebSite","@id":"https:\/\/www.pm.pb.gov.br\/portal\/#website","url":"https:\/\/www.pm.pb.gov.br\/portal\/","name":"Pol\u00edcia Militar da Para\u00edba","description":"","publisher":{"@id":"https:\/\/www.pm.pb.gov.br\/portal\/#organization"},"potentialAction":[{"@type":"SearchAction","target":{"@type":"EntryPoint","urlTemplate":"https:\/\/www.pm.pb.gov.br\/portal\/?s={search_term_string}"},"query-input":"required name=search_term_string"}],"inLanguage":"pt-BR"},{"@type":"Organization","@id":"https:\/\/www.pm.pb.gov.br\/portal\/#organization","name":"Pol\u00edcia Militar da Para\u00edba","url":"https:\/\/www.pm.pb.gov.br\/portal\/","logo":{"@type":"ImageObject","inLanguage":"pt-BR","@id":"https:\/\/www.pm.pb.gov.br\/portal\/#\/schema\/logo\/image\/","url":"https:\/\/www.pm.pb.gov.br\/portal\/wp-content\/uploads\/2025\/03\/cropped-logo-site-mag2-1.png","contentUrl":"https:\/\/www.pm.pb.gov.br\/portal\/wp-content\/uploads\/2025\/03\/cropped-logo-site-mag2-1.png","width":320,"height":90,"caption":"Pol\u00edcia Militar da Para\u00edba"},"image":{"@id":"https:\/\/www.pm.pb.gov.br\/portal\/#\/schema\/logo\/image\/"}},{"@type":"Person","@id":"https:\/\/www.pm.pb.gov.br\/portal\/#\/schema\/person\/f84f56dcc78ce4357054da888b8247fd","name":"Tarcisio Oliveira","image":{"@type":"ImageObject","inLanguage":"pt-BR","@id":"https:\/\/www.pm.pb.gov.br\/portal\/#\/schema\/person\/image\/","url":"https:\/\/secure.gravatar.com\/avatar\/72917b630b69d31cd0297507f34bac97?s=96&d=mm&r=g","contentUrl":"https:\/\/secure.gravatar.com\/avatar\/72917b630b69d31cd0297507f34bac97?s=96&d=mm&r=g","caption":"Tarcisio Oliveira"},"url":"https:\/\/www.pm.pb.gov.br\/portal\/author\/tarcisio\/"}]}},"_links":{"self":[{"href":"https:\/\/www.pm.pb.gov.br\/portal\/wp-json\/wp\/v2\/posts\/920533"}],"collection":[{"href":"https:\/\/www.pm.pb.gov.br\/portal\/wp-json\/wp\/v2\/posts"}],"about":[{"href":"https:\/\/www.pm.pb.gov.br\/portal\/wp-json\/wp\/v2\/types\/post"}],"author":[{"embeddable":true,"href":"https:\/\/www.pm.pb.gov.br\/portal\/wp-json\/wp\/v2\/users\/12"}],"replies":[{"embeddable":true,"href":"https:\/\/www.pm.pb.gov.br\/portal\/wp-json\/wp\/v2\/comments?post=920533"}],"version-history":[{"count":1,"href":"https:\/\/www.pm.pb.gov.br\/portal\/wp-json\/wp\/v2\/posts\/920533\/revisions"}],"predecessor-version":[{"id":920539,"href":"https:\/\/www.pm.pb.gov.br\/portal\/wp-json\/wp\/v2\/posts\/920533\/revisions\/920539"}],"wp:featuredmedia":[{"embeddable":true,"href":"https:\/\/www.pm.pb.gov.br\/portal\/wp-json\/wp\/v2\/media\/920534"}],"wp:attachment":[{"href":"https:\/\/www.pm.pb.gov.br\/portal\/wp-json\/wp\/v2\/media?parent=920533"}],"wp:term":[{"taxonomy":"category","embeddable":true,"href":"https:\/\/www.pm.pb.gov.br\/portal\/wp-json\/wp\/v2\/categories?post=920533"},{"taxonomy":"post_tag","embeddable":true,"href":"https:\/\/www.pm.pb.gov.br\/portal\/wp-json\/wp\/v2\/tags?post=920533"}],"curies":[{"name":"wp","href":"https:\/\/api.w.org\/{rel}","templated":true}]}}