{"id":920531,"date":"2024-01-22T16:17:42","date_gmt":"2024-01-22T19:17:42","guid":{"rendered":"https:\/\/www.pm.pb.gov.br\/portal\/?p=920531"},"modified":"2024-01-22T16:17:44","modified_gmt":"2024-01-22T19:17:44","slug":"acao-conjunta-desarticula-grupo-que-atuava-no-trafico-na-zona-sul-de-joao-pessoa","status":"publish","type":"post","link":"https:\/\/www.pm.pb.gov.br\/portal\/2024\/01\/22\/acao-conjunta-desarticula-grupo-que-atuava-no-trafico-na-zona-sul-de-joao-pessoa\/","title":{"rendered":"A\u00e7\u00e3o conjunta desarticula grupo que atuava no tr\u00e1fico na zona sul de Jo\u00e3o Pessoa"},"content":{"rendered":"\n<p>A semana come\u00e7a com a\u00e7\u00f5es de repress\u00e3o ao tr\u00e1fico de drogas em Jo\u00e3o Pessoa. A Pol\u00edcia Militar prendeu cinco acusados por tr\u00e1fico e apreendeu entorpecentes nesta segunda-feira (22) no bairro de Valentina de Figueiredo, no fim da manh\u00e3. Dos presos, dois deles j\u00e1 tinham passagem por outros delitos.<\/p>\n<p>A a\u00e7\u00e3o da PM foi realizada de forma conjunta pela For\u00e7a Regional e pela Companhia de Policiamento com C\u00e3es (CPC\u00e3es), do Batalh\u00e3o de Opera\u00e7\u00f5es Policiais Especiais (Bope). Os acusados foram flagrados em um terreno em uma localidade conhecida como Rua do Fogo. Eles estavam com v\u00e1rias por\u00e7\u00f5es de drogas, entre maconha, coca\u00edna e crack, al\u00e9m de balan\u00e7a de precis\u00e3o, dinheiro e materiais do tr\u00e1fico (foto acima).<\/p>\n<p>De acordo com a For\u00e7a Regional, dois dos acusados presos j\u00e1 tinham passagem pelo crime de roubo e tr\u00e1fico. Um dos presos tamb\u00e9m \u00e9 apontado por ser o mandante de diversos delitos na regi\u00e3o.<\/p>\n<p>A ocorr\u00eancia foi apresentada na Cidade da Pol\u00edcia Civil para os procedimentos cab\u00edveis.<\/p>\n","protected":false},"excerpt":{"rendered":"<p>A semana come\u00e7a com a\u00e7\u00f5es de repress\u00e3o ao tr\u00e1fico de drogas em Jo\u00e3o Pessoa. A Pol\u00edcia Militar prendeu cinco acusados<\/p>\n","protected":false},"author":12,"featured_media":920530,"comment_status":"closed","ping_status":"closed","sticky":false,"template":"","format":"standard","meta":{"_exactmetrics_skip_tracking":false,"_exactmetrics_sitenote_active":false,"_exactmetrics_sitenote_note":"","_exactmetrics_sitenote_category":0,"footnotes":""},"categories":[4],"tags":[],"yoast_head":"<!-- This site is optimized with the Yoast SEO plugin v22.0 - https:\/\/yoast.com\/wordpress\/plugins\/seo\/ -->\n<title>A\u00e7\u00e3o conjunta desarticula grupo que atuava no tr\u00e1fico na zona sul de Jo\u00e3o Pessoa - Pol\u00edcia Militar da Para\u00edba<\/title>\n<meta name=\"description\" content=\"A semana come\u00e7a com a\u00e7\u00f5es de repress\u00e3o ao tr\u00e1fico de drogas em Jo\u00e3o Pessoa. Dos 5 presos, dois deles j\u00e1 tinham passagem por outros delitos.\" \/>\n<meta name=\"robots\" content=\"index, follow, max-snippet:-1, max-image-preview:large, max-video-preview:-1\" \/>\n<link rel=\"canonical\" href=\"https:\/\/www.pm.pb.gov.br\/portal\/2024\/01\/22\/acao-conjunta-desarticula-grupo-que-atuava-no-trafico-na-zona-sul-de-joao-pessoa\/\" \/>\n<meta property=\"og:locale\" content=\"pt_BR\" \/>\n<meta property=\"og:type\" content=\"article\" \/>\n<meta property=\"og:title\" content=\"A\u00e7\u00e3o conjunta desarticula grupo que atuava no tr\u00e1fico na zona sul de Jo\u00e3o Pessoa - Pol\u00edcia Militar da Para\u00edba\" \/>\n<meta property=\"og:description\" content=\"A semana come\u00e7a com a\u00e7\u00f5es de repress\u00e3o ao tr\u00e1fico de drogas em Jo\u00e3o Pessoa. Dos 5 presos, dois deles j\u00e1 tinham passagem por outros delitos.\" \/>\n<meta property=\"og:url\" content=\"https:\/\/www.pm.pb.gov.br\/portal\/2024\/01\/22\/acao-conjunta-desarticula-grupo-que-atuava-no-trafico-na-zona-sul-de-joao-pessoa\/\" \/>\n<meta property=\"og:site_name\" content=\"Pol\u00edcia Militar da Para\u00edba\" \/>\n<meta property=\"article:published_time\" content=\"2024-01-22T19:17:42+00:00\" \/>\n<meta property=\"article:modified_time\" content=\"2024-01-22T19:17:44+00:00\" \/>\n<meta property=\"og:image\" content=\"http:\/\/www.pm.pb.gov.br\/portal\/wp-content\/uploads\/2024\/01\/WhatsApp-Image-2024-01-22-at-15.32.28.jpeg\" \/>\n\t<meta property=\"og:image:width\" content=\"800\" \/>\n\t<meta property=\"og:image:height\" content=\"445\" \/>\n\t<meta property=\"og:image:type\" content=\"image\/jpeg\" \/>\n<meta name=\"author\" content=\"Tarcisio Oliveira\" \/>\n<meta name=\"twitter:card\" content=\"summary_large_image\" \/>\n<meta name=\"twitter:label1\" content=\"Escrito por\" \/>\n\t<meta name=\"twitter:data1\" content=\"Tarcisio Oliveira\" \/>\n\t<meta name=\"twitter:label2\" content=\"Est. tempo de leitura\" \/>\n\t<meta name=\"twitter:data2\" content=\"2 minutos\" \/>\n<script type=\"application\/ld+json\" class=\"yoast-schema-graph\">{\"@context\":\"https:\/\/schema.org\",\"@graph\":[{\"@type\":\"Article\",\"@id\":\"https:\/\/www.pm.pb.gov.br\/portal\/2024\/01\/22\/acao-conjunta-desarticula-grupo-que-atuava-no-trafico-na-zona-sul-de-joao-pessoa\/#article\",\"isPartOf\":{\"@id\":\"https:\/\/www.pm.pb.gov.br\/portal\/2024\/01\/22\/acao-conjunta-desarticula-grupo-que-atuava-no-trafico-na-zona-sul-de-joao-pessoa\/\"},\"author\":{\"name\":\"Tarcisio Oliveira\",\"@id\":\"https:\/\/www.pm.pb.gov.br\/portal\/#\/schema\/person\/f84f56dcc78ce4357054da888b8247fd\"},\"headline\":\"A\u00e7\u00e3o conjunta desarticula grupo que atuava no tr\u00e1fico na zona sul de Jo\u00e3o Pessoa\",\"datePublished\":\"2024-01-22T19:17:42+00:00\",\"dateModified\":\"2024-01-22T19:17:44+00:00\",\"mainEntityOfPage\":{\"@id\":\"https:\/\/www.pm.pb.gov.br\/portal\/2024\/01\/22\/acao-conjunta-desarticula-grupo-que-atuava-no-trafico-na-zona-sul-de-joao-pessoa\/\"},\"wordCount\":203,\"publisher\":{\"@id\":\"https:\/\/www.pm.pb.gov.br\/portal\/#organization\"},\"articleSection\":[\"A\u00e7\u00f5es Policiais\"],\"inLanguage\":\"pt-BR\"},{\"@type\":\"WebPage\",\"@id\":\"https:\/\/www.pm.pb.gov.br\/portal\/2024\/01\/22\/acao-conjunta-desarticula-grupo-que-atuava-no-trafico-na-zona-sul-de-joao-pessoa\/\",\"url\":\"https:\/\/www.pm.pb.gov.br\/portal\/2024\/01\/22\/acao-conjunta-desarticula-grupo-que-atuava-no-trafico-na-zona-sul-de-joao-pessoa\/\",\"name\":\"A\u00e7\u00e3o conjunta desarticula grupo que atuava no tr\u00e1fico na zona sul de Jo\u00e3o Pessoa - Pol\u00edcia Militar da Para\u00edba\",\"isPartOf\":{\"@id\":\"https:\/\/www.pm.pb.gov.br\/portal\/#website\"},\"datePublished\":\"2024-01-22T19:17:42+00:00\",\"dateModified\":\"2024-01-22T19:17:44+00:00\",\"description\":\"A semana come\u00e7a com a\u00e7\u00f5es de repress\u00e3o ao tr\u00e1fico de drogas em Jo\u00e3o Pessoa. Dos 5 presos, dois deles j\u00e1 tinham passagem por outros delitos.\",\"breadcrumb\":{\"@id\":\"https:\/\/www.pm.pb.gov.br\/portal\/2024\/01\/22\/acao-conjunta-desarticula-grupo-que-atuava-no-trafico-na-zona-sul-de-joao-pessoa\/#breadcrumb\"},\"inLanguage\":\"pt-BR\",\"potentialAction\":[{\"@type\":\"ReadAction\",\"target\":[\"https:\/\/www.pm.pb.gov.br\/portal\/2024\/01\/22\/acao-conjunta-desarticula-grupo-que-atuava-no-trafico-na-zona-sul-de-joao-pessoa\/\"]}]},{\"@type\":\"BreadcrumbList\",\"@id\":\"https:\/\/www.pm.pb.gov.br\/portal\/2024\/01\/22\/acao-conjunta-desarticula-grupo-que-atuava-no-trafico-na-zona-sul-de-joao-pessoa\/#breadcrumb\",\"itemListElement\":[{\"@type\":\"ListItem\",\"position\":1,\"name\":\"In\u00edcio\",\"item\":\"https:\/\/www.pm.pb.gov.br\/portal\/\"},{\"@type\":\"ListItem\",\"position\":2,\"name\":\"A\u00e7\u00e3o conjunta desarticula grupo que atuava no tr\u00e1fico na zona sul de Jo\u00e3o Pessoa\"}]},{\"@type\":\"WebSite\",\"@id\":\"https:\/\/www.pm.pb.gov.br\/portal\/#website\",\"url\":\"https:\/\/www.pm.pb.gov.br\/portal\/\",\"name\":\"Pol\u00edcia Militar da Para\u00edba\",\"description\":\"\",\"publisher\":{\"@id\":\"https:\/\/www.pm.pb.gov.br\/portal\/#organization\"},\"potentialAction\":[{\"@type\":\"SearchAction\",\"target\":{\"@type\":\"EntryPoint\",\"urlTemplate\":\"https:\/\/www.pm.pb.gov.br\/portal\/?s={search_term_string}\"},\"query-input\":\"required name=search_term_string\"}],\"inLanguage\":\"pt-BR\"},{\"@type\":\"Organization\",\"@id\":\"https:\/\/www.pm.pb.gov.br\/portal\/#organization\",\"name\":\"Pol\u00edcia Militar da Para\u00edba\",\"url\":\"https:\/\/www.pm.pb.gov.br\/portal\/\",\"logo\":{\"@type\":\"ImageObject\",\"inLanguage\":\"pt-BR\",\"@id\":\"https:\/\/www.pm.pb.gov.br\/portal\/#\/schema\/logo\/image\/\",\"url\":\"https:\/\/www.pm.pb.gov.br\/portal\/wp-content\/uploads\/2025\/03\/cropped-logo-site-mag2-1.png\",\"contentUrl\":\"https:\/\/www.pm.pb.gov.br\/portal\/wp-content\/uploads\/2025\/03\/cropped-logo-site-mag2-1.png\",\"width\":320,\"height\":90,\"caption\":\"Pol\u00edcia Militar da Para\u00edba\"},\"image\":{\"@id\":\"https:\/\/www.pm.pb.gov.br\/portal\/#\/schema\/logo\/image\/\"}},{\"@type\":\"Person\",\"@id\":\"https:\/\/www.pm.pb.gov.br\/portal\/#\/schema\/person\/f84f56dcc78ce4357054da888b8247fd\",\"name\":\"Tarcisio Oliveira\",\"image\":{\"@type\":\"ImageObject\",\"inLanguage\":\"pt-BR\",\"@id\":\"https:\/\/www.pm.pb.gov.br\/portal\/#\/schema\/person\/image\/\",\"url\":\"https:\/\/secure.gravatar.com\/avatar\/72917b630b69d31cd0297507f34bac97?s=96&d=mm&r=g\",\"contentUrl\":\"https:\/\/secure.gravatar.com\/avatar\/72917b630b69d31cd0297507f34bac97?s=96&d=mm&r=g\",\"caption\":\"Tarcisio Oliveira\"},\"url\":\"https:\/\/www.pm.pb.gov.br\/portal\/author\/tarcisio\/\"}]}<\/script>\n<!-- \/ Yoast SEO plugin. -->","yoast_head_json":{"title":"A\u00e7\u00e3o conjunta desarticula grupo que atuava no tr\u00e1fico na zona sul de Jo\u00e3o Pessoa - Pol\u00edcia Militar da Para\u00edba","description":"A semana come\u00e7a com a\u00e7\u00f5es de repress\u00e3o ao tr\u00e1fico de drogas em Jo\u00e3o Pessoa. Dos 5 presos, dois deles j\u00e1 tinham passagem por outros delitos.","robots":{"index":"index","follow":"follow","max-snippet":"max-snippet:-1","max-image-preview":"max-image-preview:large","max-video-preview":"max-video-preview:-1"},"canonical":"https:\/\/www.pm.pb.gov.br\/portal\/2024\/01\/22\/acao-conjunta-desarticula-grupo-que-atuava-no-trafico-na-zona-sul-de-joao-pessoa\/","og_locale":"pt_BR","og_type":"article","og_title":"A\u00e7\u00e3o conjunta desarticula grupo que atuava no tr\u00e1fico na zona sul de Jo\u00e3o Pessoa - Pol\u00edcia Militar da Para\u00edba","og_description":"A semana come\u00e7a com a\u00e7\u00f5es de repress\u00e3o ao tr\u00e1fico de drogas em Jo\u00e3o Pessoa. Dos 5 presos, dois deles j\u00e1 tinham passagem por outros delitos.","og_url":"https:\/\/www.pm.pb.gov.br\/portal\/2024\/01\/22\/acao-conjunta-desarticula-grupo-que-atuava-no-trafico-na-zona-sul-de-joao-pessoa\/","og_site_name":"Pol\u00edcia Militar da Para\u00edba","article_published_time":"2024-01-22T19:17:42+00:00","article_modified_time":"2024-01-22T19:17:44+00:00","og_image":[{"width":800,"height":445,"url":"http:\/\/www.pm.pb.gov.br\/portal\/wp-content\/uploads\/2024\/01\/WhatsApp-Image-2024-01-22-at-15.32.28.jpeg","type":"image\/jpeg"}],"author":"Tarcisio Oliveira","twitter_card":"summary_large_image","twitter_misc":{"Escrito por":"Tarcisio Oliveira","Est. tempo de leitura":"2 minutos"},"schema":{"@context":"https:\/\/schema.org","@graph":[{"@type":"Article","@id":"https:\/\/www.pm.pb.gov.br\/portal\/2024\/01\/22\/acao-conjunta-desarticula-grupo-que-atuava-no-trafico-na-zona-sul-de-joao-pessoa\/#article","isPartOf":{"@id":"https:\/\/www.pm.pb.gov.br\/portal\/2024\/01\/22\/acao-conjunta-desarticula-grupo-que-atuava-no-trafico-na-zona-sul-de-joao-pessoa\/"},"author":{"name":"Tarcisio Oliveira","@id":"https:\/\/www.pm.pb.gov.br\/portal\/#\/schema\/person\/f84f56dcc78ce4357054da888b8247fd"},"headline":"A\u00e7\u00e3o conjunta desarticula grupo que atuava no tr\u00e1fico na zona sul de Jo\u00e3o Pessoa","datePublished":"2024-01-22T19:17:42+00:00","dateModified":"2024-01-22T19:17:44+00:00","mainEntityOfPage":{"@id":"https:\/\/www.pm.pb.gov.br\/portal\/2024\/01\/22\/acao-conjunta-desarticula-grupo-que-atuava-no-trafico-na-zona-sul-de-joao-pessoa\/"},"wordCount":203,"publisher":{"@id":"https:\/\/www.pm.pb.gov.br\/portal\/#organization"},"articleSection":["A\u00e7\u00f5es Policiais"],"inLanguage":"pt-BR"},{"@type":"WebPage","@id":"https:\/\/www.pm.pb.gov.br\/portal\/2024\/01\/22\/acao-conjunta-desarticula-grupo-que-atuava-no-trafico-na-zona-sul-de-joao-pessoa\/","url":"https:\/\/www.pm.pb.gov.br\/portal\/2024\/01\/22\/acao-conjunta-desarticula-grupo-que-atuava-no-trafico-na-zona-sul-de-joao-pessoa\/","name":"A\u00e7\u00e3o conjunta desarticula grupo que atuava no tr\u00e1fico na zona sul de Jo\u00e3o Pessoa - Pol\u00edcia Militar da Para\u00edba","isPartOf":{"@id":"https:\/\/www.pm.pb.gov.br\/portal\/#website"},"datePublished":"2024-01-22T19:17:42+00:00","dateModified":"2024-01-22T19:17:44+00:00","description":"A semana come\u00e7a com a\u00e7\u00f5es de repress\u00e3o ao tr\u00e1fico de drogas em Jo\u00e3o Pessoa. Dos 5 presos, dois deles j\u00e1 tinham passagem por outros delitos.","breadcrumb":{"@id":"https:\/\/www.pm.pb.gov.br\/portal\/2024\/01\/22\/acao-conjunta-desarticula-grupo-que-atuava-no-trafico-na-zona-sul-de-joao-pessoa\/#breadcrumb"},"inLanguage":"pt-BR","potentialAction":[{"@type":"ReadAction","target":["https:\/\/www.pm.pb.gov.br\/portal\/2024\/01\/22\/acao-conjunta-desarticula-grupo-que-atuava-no-trafico-na-zona-sul-de-joao-pessoa\/"]}]},{"@type":"BreadcrumbList","@id":"https:\/\/www.pm.pb.gov.br\/portal\/2024\/01\/22\/acao-conjunta-desarticula-grupo-que-atuava-no-trafico-na-zona-sul-de-joao-pessoa\/#breadcrumb","itemListElement":[{"@type":"ListItem","position":1,"name":"In\u00edcio","item":"https:\/\/www.pm.pb.gov.br\/portal\/"},{"@type":"ListItem","position":2,"name":"A\u00e7\u00e3o conjunta desarticula grupo que atuava no tr\u00e1fico na zona sul de Jo\u00e3o Pessoa"}]},{"@type":"WebSite","@id":"https:\/\/www.pm.pb.gov.br\/portal\/#website","url":"https:\/\/www.pm.pb.gov.br\/portal\/","name":"Pol\u00edcia Militar da Para\u00edba","description":"","publisher":{"@id":"https:\/\/www.pm.pb.gov.br\/portal\/#organization"},"potentialAction":[{"@type":"SearchAction","target":{"@type":"EntryPoint","urlTemplate":"https:\/\/www.pm.pb.gov.br\/portal\/?s={search_term_string}"},"query-input":"required name=search_term_string"}],"inLanguage":"pt-BR"},{"@type":"Organization","@id":"https:\/\/www.pm.pb.gov.br\/portal\/#organization","name":"Pol\u00edcia Militar da Para\u00edba","url":"https:\/\/www.pm.pb.gov.br\/portal\/","logo":{"@type":"ImageObject","inLanguage":"pt-BR","@id":"https:\/\/www.pm.pb.gov.br\/portal\/#\/schema\/logo\/image\/","url":"https:\/\/www.pm.pb.gov.br\/portal\/wp-content\/uploads\/2025\/03\/cropped-logo-site-mag2-1.png","contentUrl":"https:\/\/www.pm.pb.gov.br\/portal\/wp-content\/uploads\/2025\/03\/cropped-logo-site-mag2-1.png","width":320,"height":90,"caption":"Pol\u00edcia Militar da Para\u00edba"},"image":{"@id":"https:\/\/www.pm.pb.gov.br\/portal\/#\/schema\/logo\/image\/"}},{"@type":"Person","@id":"https:\/\/www.pm.pb.gov.br\/portal\/#\/schema\/person\/f84f56dcc78ce4357054da888b8247fd","name":"Tarcisio Oliveira","image":{"@type":"ImageObject","inLanguage":"pt-BR","@id":"https:\/\/www.pm.pb.gov.br\/portal\/#\/schema\/person\/image\/","url":"https:\/\/secure.gravatar.com\/avatar\/72917b630b69d31cd0297507f34bac97?s=96&d=mm&r=g","contentUrl":"https:\/\/secure.gravatar.com\/avatar\/72917b630b69d31cd0297507f34bac97?s=96&d=mm&r=g","caption":"Tarcisio Oliveira"},"url":"https:\/\/www.pm.pb.gov.br\/portal\/author\/tarcisio\/"}]}},"_links":{"self":[{"href":"https:\/\/www.pm.pb.gov.br\/portal\/wp-json\/wp\/v2\/posts\/920531"}],"collection":[{"href":"https:\/\/www.pm.pb.gov.br\/portal\/wp-json\/wp\/v2\/posts"}],"about":[{"href":"https:\/\/www.pm.pb.gov.br\/portal\/wp-json\/wp\/v2\/types\/post"}],"author":[{"embeddable":true,"href":"https:\/\/www.pm.pb.gov.br\/portal\/wp-json\/wp\/v2\/users\/12"}],"replies":[{"embeddable":true,"href":"https:\/\/www.pm.pb.gov.br\/portal\/wp-json\/wp\/v2\/comments?post=920531"}],"version-history":[{"count":1,"href":"https:\/\/www.pm.pb.gov.br\/portal\/wp-json\/wp\/v2\/posts\/920531\/revisions"}],"predecessor-version":[{"id":920532,"href":"https:\/\/www.pm.pb.gov.br\/portal\/wp-json\/wp\/v2\/posts\/920531\/revisions\/920532"}],"wp:featuredmedia":[{"embeddable":true,"href":"https:\/\/www.pm.pb.gov.br\/portal\/wp-json\/wp\/v2\/media\/920530"}],"wp:attachment":[{"href":"https:\/\/www.pm.pb.gov.br\/portal\/wp-json\/wp\/v2\/media?parent=920531"}],"wp:term":[{"taxonomy":"category","embeddable":true,"href":"https:\/\/www.pm.pb.gov.br\/portal\/wp-json\/wp\/v2\/categories?post=920531"},{"taxonomy":"post_tag","embeddable":true,"href":"https:\/\/www.pm.pb.gov.br\/portal\/wp-json\/wp\/v2\/tags?post=920531"}],"curies":[{"name":"wp","href":"https:\/\/api.w.org\/{rel}","templated":true}]}}