{"id":920423,"date":"2024-01-19T12:06:00","date_gmt":"2024-01-19T15:06:00","guid":{"rendered":"https:\/\/www.pm.pb.gov.br\/portal\/?p=920423"},"modified":"2024-01-20T12:52:20","modified_gmt":"2024-01-20T15:52:20","slug":"integracao-policia-militar-participa-de-solenidade-na-forca-aerea-e-oficial-e-homenageado-pela-fab","status":"publish","type":"post","link":"https:\/\/www.pm.pb.gov.br\/portal\/2024\/01\/19\/integracao-policia-militar-participa-de-solenidade-na-forca-aerea-e-oficial-e-homenageado-pela-fab\/","title":{"rendered":"INTEGRA\u00c7\u00c3O: Pol\u00edcia Militar participa de solenidade na For\u00e7a A\u00e9rea e oficial \u00e9 homenageado pela FAB"},"content":{"rendered":"\n\n\n<p>A Pol\u00edcia Militar da Para\u00edba participou, no \u00faltimo dia 17, da solenidade de 39\u00b0 anivers\u00e1rio do 3\u00b0 Esquadr\u00e3o do 1\u00b0 Grupo de Comunica\u00e7\u00f5es e Controle (3\u00b0\/1\u00b0GCC), unidade do Departamento de Controle do Espa\u00e7o A\u00e9reo (DECEA) da For\u00e7a A\u00e9rea Brasileira (FAB). A solenidade aconteceu em Parnamirim, na Base A\u00e9rea de Natal, no Rio Grande do Norte (foto abaixo).<\/p>\n<p><img loading=\"lazy\" decoding=\"async\" class=\" wp-image-920425 aligncenter\" src=\"http:\/\/www.pm.pb.gov.br\/portal\/wp-content\/uploads\/2024\/01\/WhatsApp-Image-2024-01-19-at-15.14.12-672x445.jpeg\" alt=\"\" width=\"580\" height=\"384\" srcset=\"https:\/\/www.pm.pb.gov.br\/portal\/wp-content\/uploads\/2024\/01\/WhatsApp-Image-2024-01-19-at-15.14.12-672x445.jpeg 672w, https:\/\/www.pm.pb.gov.br\/portal\/wp-content\/uploads\/2024\/01\/WhatsApp-Image-2024-01-19-at-15.14.12-861x570.jpeg 861w, https:\/\/www.pm.pb.gov.br\/portal\/wp-content\/uploads\/2024\/01\/WhatsApp-Image-2024-01-19-at-15.14.12-768x508.jpeg 768w, https:\/\/www.pm.pb.gov.br\/portal\/wp-content\/uploads\/2024\/01\/WhatsApp-Image-2024-01-19-at-15.14.12-1536x1017.jpeg 1536w, https:\/\/www.pm.pb.gov.br\/portal\/wp-content\/uploads\/2024\/01\/WhatsApp-Image-2024-01-19-at-15.14.12.jpeg 1600w\" sizes=\"(max-width: 580px) 100vw, 580px\" \/><\/p>\n<p>Na ocasi\u00e3o, o comandante-geral da PM, o coronel Sergio Fonseca foi representando pelo comando e subcomando da Coordenadoria de Opera\u00e7\u00f5es Especiais Policiais (COpEsP). Durante a solenidade, o comandante interino do Grupamento Especial de Opera\u00e7\u00f5es em \u00c1rea de Caatinga (GEOsAC), capit\u00e3o Floristan, recebeu a comenda &#8220;M\u00e9rito Morcego Honor\u00e1rio&#8221; de n\u00famero 19 (foto abaixo e principal acima). O Morcego Honor\u00e1rio \u00e9 destinado a agraciar e destacar as personalidades, civis e militares, que tenham colaborado diretamente para miss\u00e3o da FAB junto ao 3\u00b0\/1\u00b0 GCC.<\/p>\n<p><img loading=\"lazy\" decoding=\"async\" class=\" wp-image-920426 aligncenter\" src=\"http:\/\/www.pm.pb.gov.br\/portal\/wp-content\/uploads\/2024\/01\/WhatsApp-Image-2024-01-19-at-15.14.50-1-672x445.jpeg\" alt=\"\" width=\"621\" height=\"411\" srcset=\"https:\/\/www.pm.pb.gov.br\/portal\/wp-content\/uploads\/2024\/01\/WhatsApp-Image-2024-01-19-at-15.14.50-1-672x445.jpeg 672w, https:\/\/www.pm.pb.gov.br\/portal\/wp-content\/uploads\/2024\/01\/WhatsApp-Image-2024-01-19-at-15.14.50-1-861x570.jpeg 861w, https:\/\/www.pm.pb.gov.br\/portal\/wp-content\/uploads\/2024\/01\/WhatsApp-Image-2024-01-19-at-15.14.50-1-768x508.jpeg 768w, https:\/\/www.pm.pb.gov.br\/portal\/wp-content\/uploads\/2024\/01\/WhatsApp-Image-2024-01-19-at-15.14.50-1-1536x1017.jpeg 1536w, https:\/\/www.pm.pb.gov.br\/portal\/wp-content\/uploads\/2024\/01\/WhatsApp-Image-2024-01-19-at-15.14.50-1.jpeg 1600w\" sizes=\"(max-width: 621px) 100vw, 621px\" \/><\/p>\n\n\n\n<p>Fotos: Assessoria de Comunica\u00e7\u00e3o FAB<\/p>\n<p><em>Atualizado em 20\/01 \u00e0s 13h10<\/em>.<\/p>\n","protected":false},"excerpt":{"rendered":"<p>A Pol\u00edcia Militar da Para\u00edba participou, no \u00faltimo dia 17, da solenidade de 39\u00b0 anivers\u00e1rio do 3\u00b0 Esquadr\u00e3o do 1\u00b0<\/p>\n","protected":false},"author":12,"featured_media":920424,"comment_status":"closed","ping_status":"closed","sticky":false,"template":"","format":"standard","meta":{"_exactmetrics_skip_tracking":false,"_exactmetrics_sitenote_active":false,"_exactmetrics_sitenote_note":"","_exactmetrics_sitenote_category":0,"footnotes":""},"categories":[5],"tags":[],"yoast_head":"<!-- This site is optimized with the Yoast SEO plugin v22.0 - https:\/\/yoast.com\/wordpress\/plugins\/seo\/ -->\n<title>INTEGRA\u00c7\u00c3O: Pol\u00edcia Militar participa de solenidade na For\u00e7a A\u00e9rea e oficial \u00e9 homenageado pela FAB - Pol\u00edcia Militar da Para\u00edba<\/title>\n<meta name=\"description\" content=\"O Morcego Honor\u00e1rio \u00e9 destinado a agraciar e destacar as personalidades, civis e militares, que tenham colaborado diretamente para miss\u00e3o da FAB.\" \/>\n<meta name=\"robots\" content=\"index, follow, max-snippet:-1, max-image-preview:large, max-video-preview:-1\" \/>\n<link rel=\"canonical\" href=\"https:\/\/www.pm.pb.gov.br\/portal\/2024\/01\/19\/integracao-policia-militar-participa-de-solenidade-na-forca-aerea-e-oficial-e-homenageado-pela-fab\/\" \/>\n<meta property=\"og:locale\" content=\"pt_BR\" \/>\n<meta property=\"og:type\" content=\"article\" \/>\n<meta property=\"og:title\" content=\"INTEGRA\u00c7\u00c3O: Pol\u00edcia Militar participa de solenidade na For\u00e7a A\u00e9rea e oficial \u00e9 homenageado pela FAB - Pol\u00edcia Militar da Para\u00edba\" \/>\n<meta property=\"og:description\" content=\"O Morcego Honor\u00e1rio \u00e9 destinado a agraciar e destacar as personalidades, civis e militares, que tenham colaborado diretamente para miss\u00e3o da FAB.\" \/>\n<meta property=\"og:url\" content=\"https:\/\/www.pm.pb.gov.br\/portal\/2024\/01\/19\/integracao-policia-militar-participa-de-solenidade-na-forca-aerea-e-oficial-e-homenageado-pela-fab\/\" \/>\n<meta property=\"og:site_name\" content=\"Pol\u00edcia Militar da Para\u00edba\" \/>\n<meta property=\"article:published_time\" content=\"2024-01-19T15:06:00+00:00\" \/>\n<meta property=\"article:modified_time\" content=\"2024-01-20T15:52:20+00:00\" \/>\n<meta property=\"og:image\" content=\"http:\/\/www.pm.pb.gov.br\/portal\/wp-content\/uploads\/2024\/01\/WhatsApp-Image-2024-01-19-at-15.20.27.jpeg\" \/>\n\t<meta property=\"og:image:width\" content=\"1600\" \/>\n\t<meta property=\"og:image:height\" content=\"1059\" \/>\n\t<meta property=\"og:image:type\" content=\"image\/jpeg\" \/>\n<meta name=\"author\" content=\"Tarcisio Oliveira\" \/>\n<meta name=\"twitter:card\" content=\"summary_large_image\" \/>\n<meta name=\"twitter:label1\" content=\"Escrito por\" \/>\n\t<meta name=\"twitter:data1\" content=\"Tarcisio Oliveira\" \/>\n\t<meta name=\"twitter:label2\" content=\"Est. tempo de leitura\" \/>\n\t<meta name=\"twitter:data2\" content=\"2 minutos\" \/>\n<script type=\"application\/ld+json\" class=\"yoast-schema-graph\">{\"@context\":\"https:\/\/schema.org\",\"@graph\":[{\"@type\":\"Article\",\"@id\":\"https:\/\/www.pm.pb.gov.br\/portal\/2024\/01\/19\/integracao-policia-militar-participa-de-solenidade-na-forca-aerea-e-oficial-e-homenageado-pela-fab\/#article\",\"isPartOf\":{\"@id\":\"https:\/\/www.pm.pb.gov.br\/portal\/2024\/01\/19\/integracao-policia-militar-participa-de-solenidade-na-forca-aerea-e-oficial-e-homenageado-pela-fab\/\"},\"author\":{\"name\":\"Tarcisio Oliveira\",\"@id\":\"https:\/\/www.pm.pb.gov.br\/portal\/#\/schema\/person\/f84f56dcc78ce4357054da888b8247fd\"},\"headline\":\"INTEGRA\u00c7\u00c3O: Pol\u00edcia Militar participa de solenidade na For\u00e7a A\u00e9rea e oficial \u00e9 homenageado pela FAB\",\"datePublished\":\"2024-01-19T15:06:00+00:00\",\"dateModified\":\"2024-01-20T15:52:20+00:00\",\"mainEntityOfPage\":{\"@id\":\"https:\/\/www.pm.pb.gov.br\/portal\/2024\/01\/19\/integracao-policia-militar-participa-de-solenidade-na-forca-aerea-e-oficial-e-homenageado-pela-fab\/\"},\"wordCount\":178,\"publisher\":{\"@id\":\"https:\/\/www.pm.pb.gov.br\/portal\/#organization\"},\"articleSection\":[\"Homenagens\"],\"inLanguage\":\"pt-BR\"},{\"@type\":\"WebPage\",\"@id\":\"https:\/\/www.pm.pb.gov.br\/portal\/2024\/01\/19\/integracao-policia-militar-participa-de-solenidade-na-forca-aerea-e-oficial-e-homenageado-pela-fab\/\",\"url\":\"https:\/\/www.pm.pb.gov.br\/portal\/2024\/01\/19\/integracao-policia-militar-participa-de-solenidade-na-forca-aerea-e-oficial-e-homenageado-pela-fab\/\",\"name\":\"INTEGRA\u00c7\u00c3O: Pol\u00edcia Militar participa de solenidade na For\u00e7a A\u00e9rea e oficial \u00e9 homenageado pela FAB - Pol\u00edcia Militar da Para\u00edba\",\"isPartOf\":{\"@id\":\"https:\/\/www.pm.pb.gov.br\/portal\/#website\"},\"datePublished\":\"2024-01-19T15:06:00+00:00\",\"dateModified\":\"2024-01-20T15:52:20+00:00\",\"description\":\"O Morcego Honor\u00e1rio \u00e9 destinado a agraciar e destacar as personalidades, civis e militares, que tenham colaborado diretamente para miss\u00e3o da FAB.\",\"breadcrumb\":{\"@id\":\"https:\/\/www.pm.pb.gov.br\/portal\/2024\/01\/19\/integracao-policia-militar-participa-de-solenidade-na-forca-aerea-e-oficial-e-homenageado-pela-fab\/#breadcrumb\"},\"inLanguage\":\"pt-BR\",\"potentialAction\":[{\"@type\":\"ReadAction\",\"target\":[\"https:\/\/www.pm.pb.gov.br\/portal\/2024\/01\/19\/integracao-policia-militar-participa-de-solenidade-na-forca-aerea-e-oficial-e-homenageado-pela-fab\/\"]}]},{\"@type\":\"BreadcrumbList\",\"@id\":\"https:\/\/www.pm.pb.gov.br\/portal\/2024\/01\/19\/integracao-policia-militar-participa-de-solenidade-na-forca-aerea-e-oficial-e-homenageado-pela-fab\/#breadcrumb\",\"itemListElement\":[{\"@type\":\"ListItem\",\"position\":1,\"name\":\"In\u00edcio\",\"item\":\"https:\/\/www.pm.pb.gov.br\/portal\/\"},{\"@type\":\"ListItem\",\"position\":2,\"name\":\"INTEGRA\u00c7\u00c3O: Pol\u00edcia Militar participa de solenidade na For\u00e7a A\u00e9rea e oficial \u00e9 homenageado pela FAB\"}]},{\"@type\":\"WebSite\",\"@id\":\"https:\/\/www.pm.pb.gov.br\/portal\/#website\",\"url\":\"https:\/\/www.pm.pb.gov.br\/portal\/\",\"name\":\"Pol\u00edcia Militar da Para\u00edba\",\"description\":\"\",\"publisher\":{\"@id\":\"https:\/\/www.pm.pb.gov.br\/portal\/#organization\"},\"potentialAction\":[{\"@type\":\"SearchAction\",\"target\":{\"@type\":\"EntryPoint\",\"urlTemplate\":\"https:\/\/www.pm.pb.gov.br\/portal\/?s={search_term_string}\"},\"query-input\":\"required name=search_term_string\"}],\"inLanguage\":\"pt-BR\"},{\"@type\":\"Organization\",\"@id\":\"https:\/\/www.pm.pb.gov.br\/portal\/#organization\",\"name\":\"Pol\u00edcia Militar da Para\u00edba\",\"url\":\"https:\/\/www.pm.pb.gov.br\/portal\/\",\"logo\":{\"@type\":\"ImageObject\",\"inLanguage\":\"pt-BR\",\"@id\":\"https:\/\/www.pm.pb.gov.br\/portal\/#\/schema\/logo\/image\/\",\"url\":\"https:\/\/www.pm.pb.gov.br\/portal\/wp-content\/uploads\/2025\/03\/cropped-logo-site-mag2-1.png\",\"contentUrl\":\"https:\/\/www.pm.pb.gov.br\/portal\/wp-content\/uploads\/2025\/03\/cropped-logo-site-mag2-1.png\",\"width\":320,\"height\":90,\"caption\":\"Pol\u00edcia Militar da Para\u00edba\"},\"image\":{\"@id\":\"https:\/\/www.pm.pb.gov.br\/portal\/#\/schema\/logo\/image\/\"}},{\"@type\":\"Person\",\"@id\":\"https:\/\/www.pm.pb.gov.br\/portal\/#\/schema\/person\/f84f56dcc78ce4357054da888b8247fd\",\"name\":\"Tarcisio Oliveira\",\"image\":{\"@type\":\"ImageObject\",\"inLanguage\":\"pt-BR\",\"@id\":\"https:\/\/www.pm.pb.gov.br\/portal\/#\/schema\/person\/image\/\",\"url\":\"https:\/\/secure.gravatar.com\/avatar\/72917b630b69d31cd0297507f34bac97?s=96&d=mm&r=g\",\"contentUrl\":\"https:\/\/secure.gravatar.com\/avatar\/72917b630b69d31cd0297507f34bac97?s=96&d=mm&r=g\",\"caption\":\"Tarcisio Oliveira\"},\"url\":\"https:\/\/www.pm.pb.gov.br\/portal\/author\/tarcisio\/\"}]}<\/script>\n<!-- \/ Yoast SEO plugin. -->","yoast_head_json":{"title":"INTEGRA\u00c7\u00c3O: Pol\u00edcia Militar participa de solenidade na For\u00e7a A\u00e9rea e oficial \u00e9 homenageado pela FAB - Pol\u00edcia Militar da Para\u00edba","description":"O Morcego Honor\u00e1rio \u00e9 destinado a agraciar e destacar as personalidades, civis e militares, que tenham colaborado diretamente para miss\u00e3o da FAB.","robots":{"index":"index","follow":"follow","max-snippet":"max-snippet:-1","max-image-preview":"max-image-preview:large","max-video-preview":"max-video-preview:-1"},"canonical":"https:\/\/www.pm.pb.gov.br\/portal\/2024\/01\/19\/integracao-policia-militar-participa-de-solenidade-na-forca-aerea-e-oficial-e-homenageado-pela-fab\/","og_locale":"pt_BR","og_type":"article","og_title":"INTEGRA\u00c7\u00c3O: Pol\u00edcia Militar participa de solenidade na For\u00e7a A\u00e9rea e oficial \u00e9 homenageado pela FAB - Pol\u00edcia Militar da Para\u00edba","og_description":"O Morcego Honor\u00e1rio \u00e9 destinado a agraciar e destacar as personalidades, civis e militares, que tenham colaborado diretamente para miss\u00e3o da FAB.","og_url":"https:\/\/www.pm.pb.gov.br\/portal\/2024\/01\/19\/integracao-policia-militar-participa-de-solenidade-na-forca-aerea-e-oficial-e-homenageado-pela-fab\/","og_site_name":"Pol\u00edcia Militar da Para\u00edba","article_published_time":"2024-01-19T15:06:00+00:00","article_modified_time":"2024-01-20T15:52:20+00:00","og_image":[{"width":1600,"height":1059,"url":"http:\/\/www.pm.pb.gov.br\/portal\/wp-content\/uploads\/2024\/01\/WhatsApp-Image-2024-01-19-at-15.20.27.jpeg","type":"image\/jpeg"}],"author":"Tarcisio Oliveira","twitter_card":"summary_large_image","twitter_misc":{"Escrito por":"Tarcisio Oliveira","Est. tempo de leitura":"2 minutos"},"schema":{"@context":"https:\/\/schema.org","@graph":[{"@type":"Article","@id":"https:\/\/www.pm.pb.gov.br\/portal\/2024\/01\/19\/integracao-policia-militar-participa-de-solenidade-na-forca-aerea-e-oficial-e-homenageado-pela-fab\/#article","isPartOf":{"@id":"https:\/\/www.pm.pb.gov.br\/portal\/2024\/01\/19\/integracao-policia-militar-participa-de-solenidade-na-forca-aerea-e-oficial-e-homenageado-pela-fab\/"},"author":{"name":"Tarcisio Oliveira","@id":"https:\/\/www.pm.pb.gov.br\/portal\/#\/schema\/person\/f84f56dcc78ce4357054da888b8247fd"},"headline":"INTEGRA\u00c7\u00c3O: Pol\u00edcia Militar participa de solenidade na For\u00e7a A\u00e9rea e oficial \u00e9 homenageado pela FAB","datePublished":"2024-01-19T15:06:00+00:00","dateModified":"2024-01-20T15:52:20+00:00","mainEntityOfPage":{"@id":"https:\/\/www.pm.pb.gov.br\/portal\/2024\/01\/19\/integracao-policia-militar-participa-de-solenidade-na-forca-aerea-e-oficial-e-homenageado-pela-fab\/"},"wordCount":178,"publisher":{"@id":"https:\/\/www.pm.pb.gov.br\/portal\/#organization"},"articleSection":["Homenagens"],"inLanguage":"pt-BR"},{"@type":"WebPage","@id":"https:\/\/www.pm.pb.gov.br\/portal\/2024\/01\/19\/integracao-policia-militar-participa-de-solenidade-na-forca-aerea-e-oficial-e-homenageado-pela-fab\/","url":"https:\/\/www.pm.pb.gov.br\/portal\/2024\/01\/19\/integracao-policia-militar-participa-de-solenidade-na-forca-aerea-e-oficial-e-homenageado-pela-fab\/","name":"INTEGRA\u00c7\u00c3O: Pol\u00edcia Militar participa de solenidade na For\u00e7a A\u00e9rea e oficial \u00e9 homenageado pela FAB - Pol\u00edcia Militar da Para\u00edba","isPartOf":{"@id":"https:\/\/www.pm.pb.gov.br\/portal\/#website"},"datePublished":"2024-01-19T15:06:00+00:00","dateModified":"2024-01-20T15:52:20+00:00","description":"O Morcego Honor\u00e1rio \u00e9 destinado a agraciar e destacar as personalidades, civis e militares, que tenham colaborado diretamente para miss\u00e3o da FAB.","breadcrumb":{"@id":"https:\/\/www.pm.pb.gov.br\/portal\/2024\/01\/19\/integracao-policia-militar-participa-de-solenidade-na-forca-aerea-e-oficial-e-homenageado-pela-fab\/#breadcrumb"},"inLanguage":"pt-BR","potentialAction":[{"@type":"ReadAction","target":["https:\/\/www.pm.pb.gov.br\/portal\/2024\/01\/19\/integracao-policia-militar-participa-de-solenidade-na-forca-aerea-e-oficial-e-homenageado-pela-fab\/"]}]},{"@type":"BreadcrumbList","@id":"https:\/\/www.pm.pb.gov.br\/portal\/2024\/01\/19\/integracao-policia-militar-participa-de-solenidade-na-forca-aerea-e-oficial-e-homenageado-pela-fab\/#breadcrumb","itemListElement":[{"@type":"ListItem","position":1,"name":"In\u00edcio","item":"https:\/\/www.pm.pb.gov.br\/portal\/"},{"@type":"ListItem","position":2,"name":"INTEGRA\u00c7\u00c3O: Pol\u00edcia Militar participa de solenidade na For\u00e7a A\u00e9rea e oficial \u00e9 homenageado pela FAB"}]},{"@type":"WebSite","@id":"https:\/\/www.pm.pb.gov.br\/portal\/#website","url":"https:\/\/www.pm.pb.gov.br\/portal\/","name":"Pol\u00edcia Militar da Para\u00edba","description":"","publisher":{"@id":"https:\/\/www.pm.pb.gov.br\/portal\/#organization"},"potentialAction":[{"@type":"SearchAction","target":{"@type":"EntryPoint","urlTemplate":"https:\/\/www.pm.pb.gov.br\/portal\/?s={search_term_string}"},"query-input":"required name=search_term_string"}],"inLanguage":"pt-BR"},{"@type":"Organization","@id":"https:\/\/www.pm.pb.gov.br\/portal\/#organization","name":"Pol\u00edcia Militar da Para\u00edba","url":"https:\/\/www.pm.pb.gov.br\/portal\/","logo":{"@type":"ImageObject","inLanguage":"pt-BR","@id":"https:\/\/www.pm.pb.gov.br\/portal\/#\/schema\/logo\/image\/","url":"https:\/\/www.pm.pb.gov.br\/portal\/wp-content\/uploads\/2025\/03\/cropped-logo-site-mag2-1.png","contentUrl":"https:\/\/www.pm.pb.gov.br\/portal\/wp-content\/uploads\/2025\/03\/cropped-logo-site-mag2-1.png","width":320,"height":90,"caption":"Pol\u00edcia Militar da Para\u00edba"},"image":{"@id":"https:\/\/www.pm.pb.gov.br\/portal\/#\/schema\/logo\/image\/"}},{"@type":"Person","@id":"https:\/\/www.pm.pb.gov.br\/portal\/#\/schema\/person\/f84f56dcc78ce4357054da888b8247fd","name":"Tarcisio Oliveira","image":{"@type":"ImageObject","inLanguage":"pt-BR","@id":"https:\/\/www.pm.pb.gov.br\/portal\/#\/schema\/person\/image\/","url":"https:\/\/secure.gravatar.com\/avatar\/72917b630b69d31cd0297507f34bac97?s=96&d=mm&r=g","contentUrl":"https:\/\/secure.gravatar.com\/avatar\/72917b630b69d31cd0297507f34bac97?s=96&d=mm&r=g","caption":"Tarcisio Oliveira"},"url":"https:\/\/www.pm.pb.gov.br\/portal\/author\/tarcisio\/"}]}},"_links":{"self":[{"href":"https:\/\/www.pm.pb.gov.br\/portal\/wp-json\/wp\/v2\/posts\/920423"}],"collection":[{"href":"https:\/\/www.pm.pb.gov.br\/portal\/wp-json\/wp\/v2\/posts"}],"about":[{"href":"https:\/\/www.pm.pb.gov.br\/portal\/wp-json\/wp\/v2\/types\/post"}],"author":[{"embeddable":true,"href":"https:\/\/www.pm.pb.gov.br\/portal\/wp-json\/wp\/v2\/users\/12"}],"replies":[{"embeddable":true,"href":"https:\/\/www.pm.pb.gov.br\/portal\/wp-json\/wp\/v2\/comments?post=920423"}],"version-history":[{"count":3,"href":"https:\/\/www.pm.pb.gov.br\/portal\/wp-json\/wp\/v2\/posts\/920423\/revisions"}],"predecessor-version":[{"id":920462,"href":"https:\/\/www.pm.pb.gov.br\/portal\/wp-json\/wp\/v2\/posts\/920423\/revisions\/920462"}],"wp:featuredmedia":[{"embeddable":true,"href":"https:\/\/www.pm.pb.gov.br\/portal\/wp-json\/wp\/v2\/media\/920424"}],"wp:attachment":[{"href":"https:\/\/www.pm.pb.gov.br\/portal\/wp-json\/wp\/v2\/media?parent=920423"}],"wp:term":[{"taxonomy":"category","embeddable":true,"href":"https:\/\/www.pm.pb.gov.br\/portal\/wp-json\/wp\/v2\/categories?post=920423"},{"taxonomy":"post_tag","embeddable":true,"href":"https:\/\/www.pm.pb.gov.br\/portal\/wp-json\/wp\/v2\/tags?post=920423"}],"curies":[{"name":"wp","href":"https:\/\/api.w.org\/{rel}","templated":true}]}}