{"id":920410,"date":"2024-01-19T14:40:21","date_gmt":"2024-01-19T17:40:21","guid":{"rendered":"https:\/\/www.pm.pb.gov.br\/portal\/?p=920410"},"modified":"2024-01-19T15:23:29","modified_gmt":"2024-01-19T18:23:29","slug":"reincidencia-pela-3a-vez-em-dois-dias-adolescentes-sao-apreendidas-apos-atos-infracionais-na-orla-da-capital","status":"publish","type":"post","link":"https:\/\/www.pm.pb.gov.br\/portal\/2024\/01\/19\/reincidencia-pela-3a-vez-em-dois-dias-adolescentes-sao-apreendidas-apos-atos-infracionais-na-orla-da-capital\/","title":{"rendered":"REINCID\u00caNCIA: Pela 3\u00aa vez em dois dias, adolescentes s\u00e3o apreendidas ap\u00f3s atos infracionais na orla da Capital"},"content":{"rendered":"\n<p>A Pol\u00edcia Militar apreendeu, pela terceira vez em dois dias, duas adolescentes ap\u00f3s o cometimento de atos infracionais na regi\u00e3o da orla de Jo\u00e3o Pessoa. Esta \u00faltima apreens\u00e3o ocorreu nesta sexta-feira (19), junto com um comparsa adulto, ap\u00f3s o trio realizar um roubo e um furto em Tamba\u00fa (foto acima ilustrativa).<\/p>\n<p>De acordo com o Batalh\u00e3o Especializado em Policiamento Tur\u00edstico (BEPTur) as menores t\u00eam 15 e 16 anos de idade, e o adulto tem 31. Eles foram capturados no bairro de Mana\u00edra, ap\u00f3s cometerem um roubo nas proximidades do Centro Tur\u00edstico de Tamba\u00fa nas primeiras horas da manh\u00e3, e tentarem furtar uma motocicleta.<\/p>\n<p><img loading=\"lazy\" decoding=\"async\" class=\"wp-image-920411 aligncenter\" src=\"http:\/\/www.pm.pb.gov.br\/portal\/wp-content\/uploads\/2024\/01\/WhatsApp-Image-2024-01-19-at-10.00.10-791x445.jpeg\" alt=\"\" width=\"618\" height=\"348\" srcset=\"https:\/\/www.pm.pb.gov.br\/portal\/wp-content\/uploads\/2024\/01\/WhatsApp-Image-2024-01-19-at-10.00.10-791x445.jpeg 791w, https:\/\/www.pm.pb.gov.br\/portal\/wp-content\/uploads\/2024\/01\/WhatsApp-Image-2024-01-19-at-10.00.10-1013x570.jpeg 1013w, https:\/\/www.pm.pb.gov.br\/portal\/wp-content\/uploads\/2024\/01\/WhatsApp-Image-2024-01-19-at-10.00.10-768x432.jpeg 768w, https:\/\/www.pm.pb.gov.br\/portal\/wp-content\/uploads\/2024\/01\/WhatsApp-Image-2024-01-19-at-10.00.10.jpeg 1024w\" sizes=\"(max-width: 618px) 100vw, 618px\" \/><\/p>\n<p>Segundo os policiais, o trio estava com um simulacro de arma de fogo, usado para intimidar as v\u00edtimas, al\u00e9m dos pertences levados no ato delituoso e a moto (foto acima). \u201cEstas mesmas adolescentes j\u00e1 foram apreendidas outras duas vezes somente nestes dois dias, em atos infracionais an\u00e1logos ao tr\u00e1fico de drogas e delitos patrimoniais como furtos e roubos. Com esta apreens\u00e3o chegamos \u00e0 terceira. No final do ano passado elas tamb\u00e9m foram apreendidas por outros atos infracionais. O adulto preso tamb\u00e9m tem diversas passagens pela Pol\u00edcia\u201d, explicou o major Bruno, comandante do BEPTur.<\/p>\n<p>A ocorr\u00eancia foi apresentada na Delegacia da Inf\u00e2ncia e Juventude, onde as v\u00edtimas tiveram seus pertences devolvidos.<\/p>\n<p><em>Atualizado \u00e0s 15h42.<\/em><\/p>\n","protected":false},"excerpt":{"rendered":"<p>A Pol\u00edcia Militar apreendeu, pela terceira vez em dois dias, duas adolescentes ap\u00f3s o cometimento de atos infracionais na regi\u00e3o<\/p>\n","protected":false},"author":12,"featured_media":917100,"comment_status":"closed","ping_status":"closed","sticky":false,"template":"","format":"standard","meta":{"_exactmetrics_skip_tracking":false,"_exactmetrics_sitenote_active":false,"_exactmetrics_sitenote_note":"","_exactmetrics_sitenote_category":0,"footnotes":""},"categories":[4],"tags":[],"yoast_head":"<!-- This site is optimized with the Yoast SEO plugin v22.0 - https:\/\/yoast.com\/wordpress\/plugins\/seo\/ -->\n<title>REINCID\u00caNCIA: Pela 3\u00aa vez em dois dias, adolescentes s\u00e3o apreendidas ap\u00f3s atos infracionais na orla da Capital - Pol\u00edcia Militar da Para\u00edba<\/title>\n<meta name=\"description\" content=\"Eles foram capturados no bairro de Mana\u00edra, ap\u00f3s cometerem um roubo nas proximidades do Centro Tur\u00edstico de Tamba\u00fa, e de tentarem furtar uma motocicleta.\" \/>\n<meta name=\"robots\" content=\"index, follow, max-snippet:-1, max-image-preview:large, max-video-preview:-1\" \/>\n<link rel=\"canonical\" href=\"https:\/\/www.pm.pb.gov.br\/portal\/2024\/01\/19\/reincidencia-pela-3a-vez-em-dois-dias-adolescentes-sao-apreendidas-apos-atos-infracionais-na-orla-da-capital\/\" \/>\n<meta property=\"og:locale\" content=\"pt_BR\" \/>\n<meta property=\"og:type\" content=\"article\" \/>\n<meta property=\"og:title\" content=\"REINCID\u00caNCIA: Pela 3\u00aa vez em dois dias, adolescentes s\u00e3o apreendidas ap\u00f3s atos infracionais na orla da Capital - Pol\u00edcia Militar da Para\u00edba\" \/>\n<meta property=\"og:description\" content=\"Eles foram capturados no bairro de Mana\u00edra, ap\u00f3s cometerem um roubo nas proximidades do Centro Tur\u00edstico de Tamba\u00fa, e de tentarem furtar uma motocicleta.\" \/>\n<meta property=\"og:url\" content=\"https:\/\/www.pm.pb.gov.br\/portal\/2024\/01\/19\/reincidencia-pela-3a-vez-em-dois-dias-adolescentes-sao-apreendidas-apos-atos-infracionais-na-orla-da-capital\/\" \/>\n<meta property=\"og:site_name\" content=\"Pol\u00edcia Militar da Para\u00edba\" \/>\n<meta property=\"article:published_time\" content=\"2024-01-19T17:40:21+00:00\" \/>\n<meta property=\"article:modified_time\" content=\"2024-01-19T18:23:29+00:00\" \/>\n<meta property=\"og:image\" content=\"http:\/\/www.pm.pb.gov.br\/portal\/wp-content\/uploads\/2023\/06\/beptur-1.jpeg\" \/>\n\t<meta property=\"og:image:width\" content=\"800\" \/>\n\t<meta property=\"og:image:height\" content=\"445\" \/>\n\t<meta property=\"og:image:type\" content=\"image\/jpeg\" \/>\n<meta name=\"author\" content=\"Tarcisio Oliveira\" \/>\n<meta name=\"twitter:card\" content=\"summary_large_image\" \/>\n<meta name=\"twitter:label1\" content=\"Escrito por\" \/>\n\t<meta name=\"twitter:data1\" content=\"Tarcisio Oliveira\" \/>\n\t<meta name=\"twitter:label2\" content=\"Est. tempo de leitura\" \/>\n\t<meta name=\"twitter:data2\" content=\"2 minutos\" \/>\n<script type=\"application\/ld+json\" class=\"yoast-schema-graph\">{\"@context\":\"https:\/\/schema.org\",\"@graph\":[{\"@type\":\"Article\",\"@id\":\"https:\/\/www.pm.pb.gov.br\/portal\/2024\/01\/19\/reincidencia-pela-3a-vez-em-dois-dias-adolescentes-sao-apreendidas-apos-atos-infracionais-na-orla-da-capital\/#article\",\"isPartOf\":{\"@id\":\"https:\/\/www.pm.pb.gov.br\/portal\/2024\/01\/19\/reincidencia-pela-3a-vez-em-dois-dias-adolescentes-sao-apreendidas-apos-atos-infracionais-na-orla-da-capital\/\"},\"author\":{\"name\":\"Tarcisio Oliveira\",\"@id\":\"https:\/\/www.pm.pb.gov.br\/portal\/#\/schema\/person\/f84f56dcc78ce4357054da888b8247fd\"},\"headline\":\"REINCID\u00caNCIA: Pela 3\u00aa vez em dois dias, adolescentes s\u00e3o apreendidas ap\u00f3s atos infracionais na orla da Capital\",\"datePublished\":\"2024-01-19T17:40:21+00:00\",\"dateModified\":\"2024-01-19T18:23:29+00:00\",\"mainEntityOfPage\":{\"@id\":\"https:\/\/www.pm.pb.gov.br\/portal\/2024\/01\/19\/reincidencia-pela-3a-vez-em-dois-dias-adolescentes-sao-apreendidas-apos-atos-infracionais-na-orla-da-capital\/\"},\"wordCount\":253,\"publisher\":{\"@id\":\"https:\/\/www.pm.pb.gov.br\/portal\/#organization\"},\"articleSection\":[\"A\u00e7\u00f5es Policiais\"],\"inLanguage\":\"pt-BR\"},{\"@type\":\"WebPage\",\"@id\":\"https:\/\/www.pm.pb.gov.br\/portal\/2024\/01\/19\/reincidencia-pela-3a-vez-em-dois-dias-adolescentes-sao-apreendidas-apos-atos-infracionais-na-orla-da-capital\/\",\"url\":\"https:\/\/www.pm.pb.gov.br\/portal\/2024\/01\/19\/reincidencia-pela-3a-vez-em-dois-dias-adolescentes-sao-apreendidas-apos-atos-infracionais-na-orla-da-capital\/\",\"name\":\"REINCID\u00caNCIA: Pela 3\u00aa vez em dois dias, adolescentes s\u00e3o apreendidas ap\u00f3s atos infracionais na orla da Capital - Pol\u00edcia Militar da Para\u00edba\",\"isPartOf\":{\"@id\":\"https:\/\/www.pm.pb.gov.br\/portal\/#website\"},\"datePublished\":\"2024-01-19T17:40:21+00:00\",\"dateModified\":\"2024-01-19T18:23:29+00:00\",\"description\":\"Eles foram capturados no bairro de Mana\u00edra, ap\u00f3s cometerem um roubo nas proximidades do Centro Tur\u00edstico de Tamba\u00fa, e de tentarem furtar uma motocicleta.\",\"breadcrumb\":{\"@id\":\"https:\/\/www.pm.pb.gov.br\/portal\/2024\/01\/19\/reincidencia-pela-3a-vez-em-dois-dias-adolescentes-sao-apreendidas-apos-atos-infracionais-na-orla-da-capital\/#breadcrumb\"},\"inLanguage\":\"pt-BR\",\"potentialAction\":[{\"@type\":\"ReadAction\",\"target\":[\"https:\/\/www.pm.pb.gov.br\/portal\/2024\/01\/19\/reincidencia-pela-3a-vez-em-dois-dias-adolescentes-sao-apreendidas-apos-atos-infracionais-na-orla-da-capital\/\"]}]},{\"@type\":\"BreadcrumbList\",\"@id\":\"https:\/\/www.pm.pb.gov.br\/portal\/2024\/01\/19\/reincidencia-pela-3a-vez-em-dois-dias-adolescentes-sao-apreendidas-apos-atos-infracionais-na-orla-da-capital\/#breadcrumb\",\"itemListElement\":[{\"@type\":\"ListItem\",\"position\":1,\"name\":\"In\u00edcio\",\"item\":\"https:\/\/www.pm.pb.gov.br\/portal\/\"},{\"@type\":\"ListItem\",\"position\":2,\"name\":\"REINCID\u00caNCIA: Pela 3\u00aa vez em dois dias, adolescentes s\u00e3o apreendidas ap\u00f3s atos infracionais na orla da Capital\"}]},{\"@type\":\"WebSite\",\"@id\":\"https:\/\/www.pm.pb.gov.br\/portal\/#website\",\"url\":\"https:\/\/www.pm.pb.gov.br\/portal\/\",\"name\":\"Pol\u00edcia Militar da Para\u00edba\",\"description\":\"\",\"publisher\":{\"@id\":\"https:\/\/www.pm.pb.gov.br\/portal\/#organization\"},\"potentialAction\":[{\"@type\":\"SearchAction\",\"target\":{\"@type\":\"EntryPoint\",\"urlTemplate\":\"https:\/\/www.pm.pb.gov.br\/portal\/?s={search_term_string}\"},\"query-input\":\"required name=search_term_string\"}],\"inLanguage\":\"pt-BR\"},{\"@type\":\"Organization\",\"@id\":\"https:\/\/www.pm.pb.gov.br\/portal\/#organization\",\"name\":\"Pol\u00edcia Militar da Para\u00edba\",\"url\":\"https:\/\/www.pm.pb.gov.br\/portal\/\",\"logo\":{\"@type\":\"ImageObject\",\"inLanguage\":\"pt-BR\",\"@id\":\"https:\/\/www.pm.pb.gov.br\/portal\/#\/schema\/logo\/image\/\",\"url\":\"https:\/\/www.pm.pb.gov.br\/portal\/wp-content\/uploads\/2025\/03\/cropped-logo-site-mag2-1.png\",\"contentUrl\":\"https:\/\/www.pm.pb.gov.br\/portal\/wp-content\/uploads\/2025\/03\/cropped-logo-site-mag2-1.png\",\"width\":320,\"height\":90,\"caption\":\"Pol\u00edcia Militar da Para\u00edba\"},\"image\":{\"@id\":\"https:\/\/www.pm.pb.gov.br\/portal\/#\/schema\/logo\/image\/\"}},{\"@type\":\"Person\",\"@id\":\"https:\/\/www.pm.pb.gov.br\/portal\/#\/schema\/person\/f84f56dcc78ce4357054da888b8247fd\",\"name\":\"Tarcisio Oliveira\",\"image\":{\"@type\":\"ImageObject\",\"inLanguage\":\"pt-BR\",\"@id\":\"https:\/\/www.pm.pb.gov.br\/portal\/#\/schema\/person\/image\/\",\"url\":\"https:\/\/secure.gravatar.com\/avatar\/72917b630b69d31cd0297507f34bac97?s=96&d=mm&r=g\",\"contentUrl\":\"https:\/\/secure.gravatar.com\/avatar\/72917b630b69d31cd0297507f34bac97?s=96&d=mm&r=g\",\"caption\":\"Tarcisio Oliveira\"},\"url\":\"https:\/\/www.pm.pb.gov.br\/portal\/author\/tarcisio\/\"}]}<\/script>\n<!-- \/ Yoast SEO plugin. -->","yoast_head_json":{"title":"REINCID\u00caNCIA: Pela 3\u00aa vez em dois dias, adolescentes s\u00e3o apreendidas ap\u00f3s atos infracionais na orla da Capital - Pol\u00edcia Militar da Para\u00edba","description":"Eles foram capturados no bairro de Mana\u00edra, ap\u00f3s cometerem um roubo nas proximidades do Centro Tur\u00edstico de Tamba\u00fa, e de tentarem furtar uma motocicleta.","robots":{"index":"index","follow":"follow","max-snippet":"max-snippet:-1","max-image-preview":"max-image-preview:large","max-video-preview":"max-video-preview:-1"},"canonical":"https:\/\/www.pm.pb.gov.br\/portal\/2024\/01\/19\/reincidencia-pela-3a-vez-em-dois-dias-adolescentes-sao-apreendidas-apos-atos-infracionais-na-orla-da-capital\/","og_locale":"pt_BR","og_type":"article","og_title":"REINCID\u00caNCIA: Pela 3\u00aa vez em dois dias, adolescentes s\u00e3o apreendidas ap\u00f3s atos infracionais na orla da Capital - Pol\u00edcia Militar da Para\u00edba","og_description":"Eles foram capturados no bairro de Mana\u00edra, ap\u00f3s cometerem um roubo nas proximidades do Centro Tur\u00edstico de Tamba\u00fa, e de tentarem furtar uma motocicleta.","og_url":"https:\/\/www.pm.pb.gov.br\/portal\/2024\/01\/19\/reincidencia-pela-3a-vez-em-dois-dias-adolescentes-sao-apreendidas-apos-atos-infracionais-na-orla-da-capital\/","og_site_name":"Pol\u00edcia Militar da Para\u00edba","article_published_time":"2024-01-19T17:40:21+00:00","article_modified_time":"2024-01-19T18:23:29+00:00","og_image":[{"width":800,"height":445,"url":"http:\/\/www.pm.pb.gov.br\/portal\/wp-content\/uploads\/2023\/06\/beptur-1.jpeg","type":"image\/jpeg"}],"author":"Tarcisio Oliveira","twitter_card":"summary_large_image","twitter_misc":{"Escrito por":"Tarcisio Oliveira","Est. tempo de leitura":"2 minutos"},"schema":{"@context":"https:\/\/schema.org","@graph":[{"@type":"Article","@id":"https:\/\/www.pm.pb.gov.br\/portal\/2024\/01\/19\/reincidencia-pela-3a-vez-em-dois-dias-adolescentes-sao-apreendidas-apos-atos-infracionais-na-orla-da-capital\/#article","isPartOf":{"@id":"https:\/\/www.pm.pb.gov.br\/portal\/2024\/01\/19\/reincidencia-pela-3a-vez-em-dois-dias-adolescentes-sao-apreendidas-apos-atos-infracionais-na-orla-da-capital\/"},"author":{"name":"Tarcisio Oliveira","@id":"https:\/\/www.pm.pb.gov.br\/portal\/#\/schema\/person\/f84f56dcc78ce4357054da888b8247fd"},"headline":"REINCID\u00caNCIA: Pela 3\u00aa vez em dois dias, adolescentes s\u00e3o apreendidas ap\u00f3s atos infracionais na orla da Capital","datePublished":"2024-01-19T17:40:21+00:00","dateModified":"2024-01-19T18:23:29+00:00","mainEntityOfPage":{"@id":"https:\/\/www.pm.pb.gov.br\/portal\/2024\/01\/19\/reincidencia-pela-3a-vez-em-dois-dias-adolescentes-sao-apreendidas-apos-atos-infracionais-na-orla-da-capital\/"},"wordCount":253,"publisher":{"@id":"https:\/\/www.pm.pb.gov.br\/portal\/#organization"},"articleSection":["A\u00e7\u00f5es Policiais"],"inLanguage":"pt-BR"},{"@type":"WebPage","@id":"https:\/\/www.pm.pb.gov.br\/portal\/2024\/01\/19\/reincidencia-pela-3a-vez-em-dois-dias-adolescentes-sao-apreendidas-apos-atos-infracionais-na-orla-da-capital\/","url":"https:\/\/www.pm.pb.gov.br\/portal\/2024\/01\/19\/reincidencia-pela-3a-vez-em-dois-dias-adolescentes-sao-apreendidas-apos-atos-infracionais-na-orla-da-capital\/","name":"REINCID\u00caNCIA: Pela 3\u00aa vez em dois dias, adolescentes s\u00e3o apreendidas ap\u00f3s atos infracionais na orla da Capital - Pol\u00edcia Militar da Para\u00edba","isPartOf":{"@id":"https:\/\/www.pm.pb.gov.br\/portal\/#website"},"datePublished":"2024-01-19T17:40:21+00:00","dateModified":"2024-01-19T18:23:29+00:00","description":"Eles foram capturados no bairro de Mana\u00edra, ap\u00f3s cometerem um roubo nas proximidades do Centro Tur\u00edstico de Tamba\u00fa, e de tentarem furtar uma motocicleta.","breadcrumb":{"@id":"https:\/\/www.pm.pb.gov.br\/portal\/2024\/01\/19\/reincidencia-pela-3a-vez-em-dois-dias-adolescentes-sao-apreendidas-apos-atos-infracionais-na-orla-da-capital\/#breadcrumb"},"inLanguage":"pt-BR","potentialAction":[{"@type":"ReadAction","target":["https:\/\/www.pm.pb.gov.br\/portal\/2024\/01\/19\/reincidencia-pela-3a-vez-em-dois-dias-adolescentes-sao-apreendidas-apos-atos-infracionais-na-orla-da-capital\/"]}]},{"@type":"BreadcrumbList","@id":"https:\/\/www.pm.pb.gov.br\/portal\/2024\/01\/19\/reincidencia-pela-3a-vez-em-dois-dias-adolescentes-sao-apreendidas-apos-atos-infracionais-na-orla-da-capital\/#breadcrumb","itemListElement":[{"@type":"ListItem","position":1,"name":"In\u00edcio","item":"https:\/\/www.pm.pb.gov.br\/portal\/"},{"@type":"ListItem","position":2,"name":"REINCID\u00caNCIA: Pela 3\u00aa vez em dois dias, adolescentes s\u00e3o apreendidas ap\u00f3s atos infracionais na orla da Capital"}]},{"@type":"WebSite","@id":"https:\/\/www.pm.pb.gov.br\/portal\/#website","url":"https:\/\/www.pm.pb.gov.br\/portal\/","name":"Pol\u00edcia Militar da Para\u00edba","description":"","publisher":{"@id":"https:\/\/www.pm.pb.gov.br\/portal\/#organization"},"potentialAction":[{"@type":"SearchAction","target":{"@type":"EntryPoint","urlTemplate":"https:\/\/www.pm.pb.gov.br\/portal\/?s={search_term_string}"},"query-input":"required name=search_term_string"}],"inLanguage":"pt-BR"},{"@type":"Organization","@id":"https:\/\/www.pm.pb.gov.br\/portal\/#organization","name":"Pol\u00edcia Militar da Para\u00edba","url":"https:\/\/www.pm.pb.gov.br\/portal\/","logo":{"@type":"ImageObject","inLanguage":"pt-BR","@id":"https:\/\/www.pm.pb.gov.br\/portal\/#\/schema\/logo\/image\/","url":"https:\/\/www.pm.pb.gov.br\/portal\/wp-content\/uploads\/2025\/03\/cropped-logo-site-mag2-1.png","contentUrl":"https:\/\/www.pm.pb.gov.br\/portal\/wp-content\/uploads\/2025\/03\/cropped-logo-site-mag2-1.png","width":320,"height":90,"caption":"Pol\u00edcia Militar da Para\u00edba"},"image":{"@id":"https:\/\/www.pm.pb.gov.br\/portal\/#\/schema\/logo\/image\/"}},{"@type":"Person","@id":"https:\/\/www.pm.pb.gov.br\/portal\/#\/schema\/person\/f84f56dcc78ce4357054da888b8247fd","name":"Tarcisio Oliveira","image":{"@type":"ImageObject","inLanguage":"pt-BR","@id":"https:\/\/www.pm.pb.gov.br\/portal\/#\/schema\/person\/image\/","url":"https:\/\/secure.gravatar.com\/avatar\/72917b630b69d31cd0297507f34bac97?s=96&d=mm&r=g","contentUrl":"https:\/\/secure.gravatar.com\/avatar\/72917b630b69d31cd0297507f34bac97?s=96&d=mm&r=g","caption":"Tarcisio Oliveira"},"url":"https:\/\/www.pm.pb.gov.br\/portal\/author\/tarcisio\/"}]}},"_links":{"self":[{"href":"https:\/\/www.pm.pb.gov.br\/portal\/wp-json\/wp\/v2\/posts\/920410"}],"collection":[{"href":"https:\/\/www.pm.pb.gov.br\/portal\/wp-json\/wp\/v2\/posts"}],"about":[{"href":"https:\/\/www.pm.pb.gov.br\/portal\/wp-json\/wp\/v2\/types\/post"}],"author":[{"embeddable":true,"href":"https:\/\/www.pm.pb.gov.br\/portal\/wp-json\/wp\/v2\/users\/12"}],"replies":[{"embeddable":true,"href":"https:\/\/www.pm.pb.gov.br\/portal\/wp-json\/wp\/v2\/comments?post=920410"}],"version-history":[{"count":3,"href":"https:\/\/www.pm.pb.gov.br\/portal\/wp-json\/wp\/v2\/posts\/920410\/revisions"}],"predecessor-version":[{"id":920419,"href":"https:\/\/www.pm.pb.gov.br\/portal\/wp-json\/wp\/v2\/posts\/920410\/revisions\/920419"}],"wp:featuredmedia":[{"embeddable":true,"href":"https:\/\/www.pm.pb.gov.br\/portal\/wp-json\/wp\/v2\/media\/917100"}],"wp:attachment":[{"href":"https:\/\/www.pm.pb.gov.br\/portal\/wp-json\/wp\/v2\/media?parent=920410"}],"wp:term":[{"taxonomy":"category","embeddable":true,"href":"https:\/\/www.pm.pb.gov.br\/portal\/wp-json\/wp\/v2\/categories?post=920410"},{"taxonomy":"post_tag","embeddable":true,"href":"https:\/\/www.pm.pb.gov.br\/portal\/wp-json\/wp\/v2\/tags?post=920410"}],"curies":[{"name":"wp","href":"https:\/\/api.w.org\/{rel}","templated":true}]}}