{"id":920396,"date":"2024-01-19T11:27:57","date_gmt":"2024-01-19T14:27:57","guid":{"rendered":"https:\/\/www.pm.pb.gov.br\/portal\/?p=920396"},"modified":"2024-01-19T13:31:27","modified_gmt":"2024-01-19T16:31:27","slug":"divulgado-o-resultado-preliminar-do-exame-psicologico-do-concurso-para-soldado","status":"publish","type":"post","link":"https:\/\/www.pm.pb.gov.br\/portal\/2024\/01\/19\/divulgado-o-resultado-preliminar-do-exame-psicologico-do-concurso-para-soldado\/","title":{"rendered":"Divulgado o resultado preliminar do exame psicol\u00f3gico do concurso para soldado"},"content":{"rendered":"O resultado preliminar do exame psicol\u00f3gico do concurso para soldado da Pol\u00edcia Militar e Corpo de Bombeiros Militar foi divulgado na manh\u00e3 desta sexta-feira (19), no site do IBFC (wwww.ibfc.org.br), onde o candidato pode conferir se foi apto ou inapto nesta etapa do certame.<br \/><br \/>Quem foi considerado apto, avan\u00e7a para a pr\u00f3xima fase, que \u00e9 o exame de sa\u00fade. A data da pr\u00f3xima etapa ainda ser\u00e1 divulgada. Os considerados inaptos &#8211; que quer dizer que o avaliado n\u00e3o atende aos par\u00e2metros exigidos para o exerc\u00edcio das fun\u00e7\u00f5es inerentes ao cargo \u2013 t\u00eam direito a uma entrevista devolutiva, cujos detalhes est\u00e3o no item 11.17 do edital do concurso.<br \/><br \/>O exame psicol\u00f3gico, que foi a segunda etapa do concurso, foi realizado nos dias 16 e 17 de dezembro, onde mais de 90% dos convocados estiveram presentes. Foram utilizadas t\u00e9cnicas e testes psicol\u00f3gicos em conformidade com a legisla\u00e7\u00e3o do Conselho Federal de Psicologia, possibilitando avaliar mais de dez caracter\u00edsticas que apontaram se a personalidade do candidato \u00e9 compat\u00edvel com o exerc\u00edcio das atividades de policial militar ou bombeiro militar.<br \/>","protected":false},"excerpt":{"rendered":"<p>O resultado preliminar do exame psicol\u00f3gico do concurso para soldado da Pol\u00edcia Militar e Corpo de Bombeiros Militar foi divulgado<\/p>\n","protected":false},"author":5,"featured_media":903239,"comment_status":"closed","ping_status":"closed","sticky":false,"template":"","format":"standard","meta":{"_exactmetrics_skip_tracking":false,"_exactmetrics_sitenote_active":false,"_exactmetrics_sitenote_note":"","_exactmetrics_sitenote_category":0,"footnotes":""},"categories":[33],"tags":[],"yoast_head":"<!-- This site is optimized with the Yoast SEO plugin v22.0 - https:\/\/yoast.com\/wordpress\/plugins\/seo\/ -->\n<title>Divulgado o resultado preliminar do exame psicol\u00f3gico do concurso para soldado - Pol\u00edcia Militar da Para\u00edba<\/title>\n<meta name=\"robots\" content=\"index, follow, max-snippet:-1, max-image-preview:large, max-video-preview:-1\" \/>\n<link rel=\"canonical\" href=\"https:\/\/www.pm.pb.gov.br\/portal\/2024\/01\/19\/divulgado-o-resultado-preliminar-do-exame-psicologico-do-concurso-para-soldado\/\" \/>\n<meta property=\"og:locale\" content=\"pt_BR\" \/>\n<meta property=\"og:type\" content=\"article\" \/>\n<meta property=\"og:title\" content=\"Divulgado o resultado preliminar do exame psicol\u00f3gico do concurso para soldado - Pol\u00edcia Militar da Para\u00edba\" \/>\n<meta property=\"og:description\" content=\"O resultado preliminar do exame psicol\u00f3gico do concurso para soldado da Pol\u00edcia Militar e Corpo de Bombeiros Militar foi divulgado\" \/>\n<meta property=\"og:url\" content=\"https:\/\/www.pm.pb.gov.br\/portal\/2024\/01\/19\/divulgado-o-resultado-preliminar-do-exame-psicologico-do-concurso-para-soldado\/\" \/>\n<meta property=\"og:site_name\" content=\"Pol\u00edcia Militar da Para\u00edba\" \/>\n<meta property=\"article:published_time\" content=\"2024-01-19T14:27:57+00:00\" \/>\n<meta property=\"article:modified_time\" content=\"2024-01-19T16:31:27+00:00\" \/>\n<meta property=\"og:image\" content=\"http:\/\/www.pm.pb.gov.br\/portal\/wp-content\/uploads\/2019\/12\/cfsd.jpeg\" \/>\n\t<meta property=\"og:image:width\" content=\"800\" \/>\n\t<meta property=\"og:image:height\" content=\"445\" \/>\n\t<meta property=\"og:image:type\" content=\"image\/jpeg\" \/>\n<meta name=\"author\" content=\"Assessoria de Imprensa da PMPB\" \/>\n<meta name=\"twitter:card\" content=\"summary_large_image\" \/>\n<meta name=\"twitter:label1\" content=\"Escrito por\" \/>\n\t<meta name=\"twitter:data1\" content=\"Assessoria de Imprensa da PMPB\" \/>\n\t<meta name=\"twitter:label2\" content=\"Est. tempo de leitura\" \/>\n\t<meta name=\"twitter:data2\" content=\"2 minutos\" \/>\n<script type=\"application\/ld+json\" class=\"yoast-schema-graph\">{\"@context\":\"https:\/\/schema.org\",\"@graph\":[{\"@type\":\"Article\",\"@id\":\"https:\/\/www.pm.pb.gov.br\/portal\/2024\/01\/19\/divulgado-o-resultado-preliminar-do-exame-psicologico-do-concurso-para-soldado\/#article\",\"isPartOf\":{\"@id\":\"https:\/\/www.pm.pb.gov.br\/portal\/2024\/01\/19\/divulgado-o-resultado-preliminar-do-exame-psicologico-do-concurso-para-soldado\/\"},\"author\":{\"name\":\"Assessoria de Imprensa da PMPB\",\"@id\":\"https:\/\/www.pm.pb.gov.br\/portal\/#\/schema\/person\/e8454f46651c3ecf0e1ba3c1666d9947\"},\"headline\":\"Divulgado o resultado preliminar do exame psicol\u00f3gico do concurso para soldado\",\"datePublished\":\"2024-01-19T14:27:57+00:00\",\"dateModified\":\"2024-01-19T16:31:27+00:00\",\"mainEntityOfPage\":{\"@id\":\"https:\/\/www.pm.pb.gov.br\/portal\/2024\/01\/19\/divulgado-o-resultado-preliminar-do-exame-psicologico-do-concurso-para-soldado\/\"},\"wordCount\":202,\"publisher\":{\"@id\":\"https:\/\/www.pm.pb.gov.br\/portal\/#organization\"},\"articleSection\":[\"Concurso CFSd 2023\"],\"inLanguage\":\"pt-BR\"},{\"@type\":\"WebPage\",\"@id\":\"https:\/\/www.pm.pb.gov.br\/portal\/2024\/01\/19\/divulgado-o-resultado-preliminar-do-exame-psicologico-do-concurso-para-soldado\/\",\"url\":\"https:\/\/www.pm.pb.gov.br\/portal\/2024\/01\/19\/divulgado-o-resultado-preliminar-do-exame-psicologico-do-concurso-para-soldado\/\",\"name\":\"Divulgado o resultado preliminar do exame psicol\u00f3gico do concurso para soldado - Pol\u00edcia Militar da Para\u00edba\",\"isPartOf\":{\"@id\":\"https:\/\/www.pm.pb.gov.br\/portal\/#website\"},\"datePublished\":\"2024-01-19T14:27:57+00:00\",\"dateModified\":\"2024-01-19T16:31:27+00:00\",\"breadcrumb\":{\"@id\":\"https:\/\/www.pm.pb.gov.br\/portal\/2024\/01\/19\/divulgado-o-resultado-preliminar-do-exame-psicologico-do-concurso-para-soldado\/#breadcrumb\"},\"inLanguage\":\"pt-BR\",\"potentialAction\":[{\"@type\":\"ReadAction\",\"target\":[\"https:\/\/www.pm.pb.gov.br\/portal\/2024\/01\/19\/divulgado-o-resultado-preliminar-do-exame-psicologico-do-concurso-para-soldado\/\"]}]},{\"@type\":\"BreadcrumbList\",\"@id\":\"https:\/\/www.pm.pb.gov.br\/portal\/2024\/01\/19\/divulgado-o-resultado-preliminar-do-exame-psicologico-do-concurso-para-soldado\/#breadcrumb\",\"itemListElement\":[{\"@type\":\"ListItem\",\"position\":1,\"name\":\"In\u00edcio\",\"item\":\"https:\/\/www.pm.pb.gov.br\/portal\/\"},{\"@type\":\"ListItem\",\"position\":2,\"name\":\"Divulgado o resultado preliminar do exame psicol\u00f3gico do concurso para soldado\"}]},{\"@type\":\"WebSite\",\"@id\":\"https:\/\/www.pm.pb.gov.br\/portal\/#website\",\"url\":\"https:\/\/www.pm.pb.gov.br\/portal\/\",\"name\":\"Pol\u00edcia Militar da Para\u00edba\",\"description\":\"\",\"publisher\":{\"@id\":\"https:\/\/www.pm.pb.gov.br\/portal\/#organization\"},\"potentialAction\":[{\"@type\":\"SearchAction\",\"target\":{\"@type\":\"EntryPoint\",\"urlTemplate\":\"https:\/\/www.pm.pb.gov.br\/portal\/?s={search_term_string}\"},\"query-input\":\"required name=search_term_string\"}],\"inLanguage\":\"pt-BR\"},{\"@type\":\"Organization\",\"@id\":\"https:\/\/www.pm.pb.gov.br\/portal\/#organization\",\"name\":\"Pol\u00edcia Militar da Para\u00edba\",\"url\":\"https:\/\/www.pm.pb.gov.br\/portal\/\",\"logo\":{\"@type\":\"ImageObject\",\"inLanguage\":\"pt-BR\",\"@id\":\"https:\/\/www.pm.pb.gov.br\/portal\/#\/schema\/logo\/image\/\",\"url\":\"https:\/\/www.pm.pb.gov.br\/portal\/wp-content\/uploads\/2025\/03\/cropped-logo-site-mag2-1.png\",\"contentUrl\":\"https:\/\/www.pm.pb.gov.br\/portal\/wp-content\/uploads\/2025\/03\/cropped-logo-site-mag2-1.png\",\"width\":320,\"height\":90,\"caption\":\"Pol\u00edcia Militar da Para\u00edba\"},\"image\":{\"@id\":\"https:\/\/www.pm.pb.gov.br\/portal\/#\/schema\/logo\/image\/\"}},{\"@type\":\"Person\",\"@id\":\"https:\/\/www.pm.pb.gov.br\/portal\/#\/schema\/person\/e8454f46651c3ecf0e1ba3c1666d9947\",\"name\":\"Assessoria de Imprensa da PMPB\",\"image\":{\"@type\":\"ImageObject\",\"inLanguage\":\"pt-BR\",\"@id\":\"https:\/\/www.pm.pb.gov.br\/portal\/#\/schema\/person\/image\/\",\"url\":\"https:\/\/secure.gravatar.com\/avatar\/2efe197438265d1e90bd98c4c8e1acf8?s=96&d=mm&r=g\",\"contentUrl\":\"https:\/\/secure.gravatar.com\/avatar\/2efe197438265d1e90bd98c4c8e1acf8?s=96&d=mm&r=g\",\"caption\":\"Assessoria de Imprensa da PMPB\"},\"url\":\"https:\/\/www.pm.pb.gov.br\/portal\/author\/assessoria\/\"}]}<\/script>\n<!-- \/ Yoast SEO plugin. -->","yoast_head_json":{"title":"Divulgado o resultado preliminar do exame psicol\u00f3gico do concurso para soldado - Pol\u00edcia Militar da Para\u00edba","robots":{"index":"index","follow":"follow","max-snippet":"max-snippet:-1","max-image-preview":"max-image-preview:large","max-video-preview":"max-video-preview:-1"},"canonical":"https:\/\/www.pm.pb.gov.br\/portal\/2024\/01\/19\/divulgado-o-resultado-preliminar-do-exame-psicologico-do-concurso-para-soldado\/","og_locale":"pt_BR","og_type":"article","og_title":"Divulgado o resultado preliminar do exame psicol\u00f3gico do concurso para soldado - Pol\u00edcia Militar da Para\u00edba","og_description":"O resultado preliminar do exame psicol\u00f3gico do concurso para soldado da Pol\u00edcia Militar e Corpo de Bombeiros Militar foi divulgado","og_url":"https:\/\/www.pm.pb.gov.br\/portal\/2024\/01\/19\/divulgado-o-resultado-preliminar-do-exame-psicologico-do-concurso-para-soldado\/","og_site_name":"Pol\u00edcia Militar da Para\u00edba","article_published_time":"2024-01-19T14:27:57+00:00","article_modified_time":"2024-01-19T16:31:27+00:00","og_image":[{"width":800,"height":445,"url":"http:\/\/www.pm.pb.gov.br\/portal\/wp-content\/uploads\/2019\/12\/cfsd.jpeg","type":"image\/jpeg"}],"author":"Assessoria de Imprensa da PMPB","twitter_card":"summary_large_image","twitter_misc":{"Escrito por":"Assessoria de Imprensa da PMPB","Est. tempo de leitura":"2 minutos"},"schema":{"@context":"https:\/\/schema.org","@graph":[{"@type":"Article","@id":"https:\/\/www.pm.pb.gov.br\/portal\/2024\/01\/19\/divulgado-o-resultado-preliminar-do-exame-psicologico-do-concurso-para-soldado\/#article","isPartOf":{"@id":"https:\/\/www.pm.pb.gov.br\/portal\/2024\/01\/19\/divulgado-o-resultado-preliminar-do-exame-psicologico-do-concurso-para-soldado\/"},"author":{"name":"Assessoria de Imprensa da PMPB","@id":"https:\/\/www.pm.pb.gov.br\/portal\/#\/schema\/person\/e8454f46651c3ecf0e1ba3c1666d9947"},"headline":"Divulgado o resultado preliminar do exame psicol\u00f3gico do concurso para soldado","datePublished":"2024-01-19T14:27:57+00:00","dateModified":"2024-01-19T16:31:27+00:00","mainEntityOfPage":{"@id":"https:\/\/www.pm.pb.gov.br\/portal\/2024\/01\/19\/divulgado-o-resultado-preliminar-do-exame-psicologico-do-concurso-para-soldado\/"},"wordCount":202,"publisher":{"@id":"https:\/\/www.pm.pb.gov.br\/portal\/#organization"},"articleSection":["Concurso CFSd 2023"],"inLanguage":"pt-BR"},{"@type":"WebPage","@id":"https:\/\/www.pm.pb.gov.br\/portal\/2024\/01\/19\/divulgado-o-resultado-preliminar-do-exame-psicologico-do-concurso-para-soldado\/","url":"https:\/\/www.pm.pb.gov.br\/portal\/2024\/01\/19\/divulgado-o-resultado-preliminar-do-exame-psicologico-do-concurso-para-soldado\/","name":"Divulgado o resultado preliminar do exame psicol\u00f3gico do concurso para soldado - Pol\u00edcia Militar da Para\u00edba","isPartOf":{"@id":"https:\/\/www.pm.pb.gov.br\/portal\/#website"},"datePublished":"2024-01-19T14:27:57+00:00","dateModified":"2024-01-19T16:31:27+00:00","breadcrumb":{"@id":"https:\/\/www.pm.pb.gov.br\/portal\/2024\/01\/19\/divulgado-o-resultado-preliminar-do-exame-psicologico-do-concurso-para-soldado\/#breadcrumb"},"inLanguage":"pt-BR","potentialAction":[{"@type":"ReadAction","target":["https:\/\/www.pm.pb.gov.br\/portal\/2024\/01\/19\/divulgado-o-resultado-preliminar-do-exame-psicologico-do-concurso-para-soldado\/"]}]},{"@type":"BreadcrumbList","@id":"https:\/\/www.pm.pb.gov.br\/portal\/2024\/01\/19\/divulgado-o-resultado-preliminar-do-exame-psicologico-do-concurso-para-soldado\/#breadcrumb","itemListElement":[{"@type":"ListItem","position":1,"name":"In\u00edcio","item":"https:\/\/www.pm.pb.gov.br\/portal\/"},{"@type":"ListItem","position":2,"name":"Divulgado o resultado preliminar do exame psicol\u00f3gico do concurso para soldado"}]},{"@type":"WebSite","@id":"https:\/\/www.pm.pb.gov.br\/portal\/#website","url":"https:\/\/www.pm.pb.gov.br\/portal\/","name":"Pol\u00edcia Militar da Para\u00edba","description":"","publisher":{"@id":"https:\/\/www.pm.pb.gov.br\/portal\/#organization"},"potentialAction":[{"@type":"SearchAction","target":{"@type":"EntryPoint","urlTemplate":"https:\/\/www.pm.pb.gov.br\/portal\/?s={search_term_string}"},"query-input":"required name=search_term_string"}],"inLanguage":"pt-BR"},{"@type":"Organization","@id":"https:\/\/www.pm.pb.gov.br\/portal\/#organization","name":"Pol\u00edcia Militar da Para\u00edba","url":"https:\/\/www.pm.pb.gov.br\/portal\/","logo":{"@type":"ImageObject","inLanguage":"pt-BR","@id":"https:\/\/www.pm.pb.gov.br\/portal\/#\/schema\/logo\/image\/","url":"https:\/\/www.pm.pb.gov.br\/portal\/wp-content\/uploads\/2025\/03\/cropped-logo-site-mag2-1.png","contentUrl":"https:\/\/www.pm.pb.gov.br\/portal\/wp-content\/uploads\/2025\/03\/cropped-logo-site-mag2-1.png","width":320,"height":90,"caption":"Pol\u00edcia Militar da Para\u00edba"},"image":{"@id":"https:\/\/www.pm.pb.gov.br\/portal\/#\/schema\/logo\/image\/"}},{"@type":"Person","@id":"https:\/\/www.pm.pb.gov.br\/portal\/#\/schema\/person\/e8454f46651c3ecf0e1ba3c1666d9947","name":"Assessoria de Imprensa da PMPB","image":{"@type":"ImageObject","inLanguage":"pt-BR","@id":"https:\/\/www.pm.pb.gov.br\/portal\/#\/schema\/person\/image\/","url":"https:\/\/secure.gravatar.com\/avatar\/2efe197438265d1e90bd98c4c8e1acf8?s=96&d=mm&r=g","contentUrl":"https:\/\/secure.gravatar.com\/avatar\/2efe197438265d1e90bd98c4c8e1acf8?s=96&d=mm&r=g","caption":"Assessoria de Imprensa da PMPB"},"url":"https:\/\/www.pm.pb.gov.br\/portal\/author\/assessoria\/"}]}},"_links":{"self":[{"href":"https:\/\/www.pm.pb.gov.br\/portal\/wp-json\/wp\/v2\/posts\/920396"}],"collection":[{"href":"https:\/\/www.pm.pb.gov.br\/portal\/wp-json\/wp\/v2\/posts"}],"about":[{"href":"https:\/\/www.pm.pb.gov.br\/portal\/wp-json\/wp\/v2\/types\/post"}],"author":[{"embeddable":true,"href":"https:\/\/www.pm.pb.gov.br\/portal\/wp-json\/wp\/v2\/users\/5"}],"replies":[{"embeddable":true,"href":"https:\/\/www.pm.pb.gov.br\/portal\/wp-json\/wp\/v2\/comments?post=920396"}],"version-history":[{"count":1,"href":"https:\/\/www.pm.pb.gov.br\/portal\/wp-json\/wp\/v2\/posts\/920396\/revisions"}],"predecessor-version":[{"id":920408,"href":"https:\/\/www.pm.pb.gov.br\/portal\/wp-json\/wp\/v2\/posts\/920396\/revisions\/920408"}],"wp:featuredmedia":[{"embeddable":true,"href":"https:\/\/www.pm.pb.gov.br\/portal\/wp-json\/wp\/v2\/media\/903239"}],"wp:attachment":[{"href":"https:\/\/www.pm.pb.gov.br\/portal\/wp-json\/wp\/v2\/media?parent=920396"}],"wp:term":[{"taxonomy":"category","embeddable":true,"href":"https:\/\/www.pm.pb.gov.br\/portal\/wp-json\/wp\/v2\/categories?post=920396"},{"taxonomy":"post_tag","embeddable":true,"href":"https:\/\/www.pm.pb.gov.br\/portal\/wp-json\/wp\/v2\/tags?post=920396"}],"curies":[{"name":"wp","href":"https:\/\/api.w.org\/{rel}","templated":true}]}}