{"id":920359,"date":"2024-01-16T01:43:00","date_gmt":"2024-01-16T04:43:00","guid":{"rendered":"https:\/\/www.pm.pb.gov.br\/portal\/?p=920359"},"modified":"2024-01-17T15:46:07","modified_gmt":"2024-01-17T18:46:07","slug":"reincidencia-pela-terceira-vez-policia-militar-apreende-adolescente-com-drogas-em-campina-grande","status":"publish","type":"post","link":"https:\/\/www.pm.pb.gov.br\/portal\/2024\/01\/16\/reincidencia-pela-terceira-vez-policia-militar-apreende-adolescente-com-drogas-em-campina-grande\/","title":{"rendered":"REINCID\u00caNCIA: Pela terceira vez, Pol\u00edcia Militar apreende adolescente com drogas em Campina Grande"},"content":{"rendered":"\n<p>A Pol\u00edcia Militar apreendeu, pela terceira vez, um adolescente que estava com drogas em Campina Grande. A apreens\u00e3o foi realizada na tarde da segunda-feira (15) no bairro de Jos\u00e9 Pinheiro. Um homem que estava com o menor tamb\u00e9m foi preso.<\/p>\n<p>A a\u00e7\u00e3o da PM foi realizada pelos policiais do 2\u00ba Esquadr\u00e3o de Opera\u00e7\u00f5es T\u00e1ticas com Apoio de Motocicletas (2\u00aa Eotam), que vinham atuando na zona leste da cidade. Os acusados foram encontrados com diversas por\u00e7\u00f5es de maconha, coca\u00edna e crack. A dupla foi encaminhada para a delegacia.<\/p>\n<p>De acordo com o 2\u00ba Eotam, esta j\u00e1 \u00e9 a terceira apreens\u00e3o do adolescente pelo ato infracional an\u00e1loga ao tr\u00e1fico de drogas. \u00a0<\/p>\n\n\n","protected":false},"excerpt":{"rendered":"<p>A Pol\u00edcia Militar apreendeu, pela terceira vez, um adolescente que estava com drogas em Campina Grande. A apreens\u00e3o foi realizada<\/p>\n","protected":false},"author":12,"featured_media":920358,"comment_status":"closed","ping_status":"closed","sticky":false,"template":"","format":"standard","meta":{"_exactmetrics_skip_tracking":false,"_exactmetrics_sitenote_active":false,"_exactmetrics_sitenote_note":"","_exactmetrics_sitenote_category":0,"footnotes":""},"categories":[4],"tags":[],"yoast_head":"<!-- This site is optimized with the Yoast SEO plugin v22.0 - https:\/\/yoast.com\/wordpress\/plugins\/seo\/ -->\n<title>REINCID\u00caNCIA: Pela terceira vez, Pol\u00edcia Militar apreende adolescente com drogas em Campina Grande - Pol\u00edcia Militar da Para\u00edba<\/title>\n<meta name=\"description\" content=\"A\u00e7\u00e3o da PM ocorreu na zona leste de Campina Grande, resultando tamb\u00e9m em um homem preso. Drogas foram apreendidas.\" \/>\n<meta name=\"robots\" content=\"index, follow, max-snippet:-1, max-image-preview:large, max-video-preview:-1\" \/>\n<link rel=\"canonical\" href=\"https:\/\/www.pm.pb.gov.br\/portal\/2024\/01\/16\/reincidencia-pela-terceira-vez-policia-militar-apreende-adolescente-com-drogas-em-campina-grande\/\" \/>\n<meta property=\"og:locale\" content=\"pt_BR\" \/>\n<meta property=\"og:type\" content=\"article\" \/>\n<meta property=\"og:title\" content=\"REINCID\u00caNCIA: Pela terceira vez, Pol\u00edcia Militar apreende adolescente com drogas em Campina Grande - Pol\u00edcia Militar da Para\u00edba\" \/>\n<meta property=\"og:description\" content=\"A\u00e7\u00e3o da PM ocorreu na zona leste de Campina Grande, resultando tamb\u00e9m em um homem preso. Drogas foram apreendidas.\" \/>\n<meta property=\"og:url\" content=\"https:\/\/www.pm.pb.gov.br\/portal\/2024\/01\/16\/reincidencia-pela-terceira-vez-policia-militar-apreende-adolescente-com-drogas-em-campina-grande\/\" \/>\n<meta property=\"og:site_name\" content=\"Pol\u00edcia Militar da Para\u00edba\" \/>\n<meta property=\"article:published_time\" content=\"2024-01-16T04:43:00+00:00\" \/>\n<meta property=\"article:modified_time\" content=\"2024-01-17T18:46:07+00:00\" \/>\n<meta property=\"og:image\" content=\"http:\/\/www.pm.pb.gov.br\/portal\/wp-content\/uploads\/2024\/01\/eotamcg-1.jpeg\" \/>\n\t<meta property=\"og:image:width\" content=\"800\" \/>\n\t<meta property=\"og:image:height\" content=\"445\" \/>\n\t<meta property=\"og:image:type\" content=\"image\/jpeg\" \/>\n<meta name=\"author\" content=\"Tarcisio Oliveira\" \/>\n<meta name=\"twitter:card\" content=\"summary_large_image\" \/>\n<meta name=\"twitter:label1\" content=\"Escrito por\" \/>\n\t<meta name=\"twitter:data1\" content=\"Tarcisio Oliveira\" \/>\n\t<meta name=\"twitter:label2\" content=\"Est. tempo de leitura\" \/>\n\t<meta name=\"twitter:data2\" content=\"1 minuto\" \/>\n<script type=\"application\/ld+json\" class=\"yoast-schema-graph\">{\"@context\":\"https:\/\/schema.org\",\"@graph\":[{\"@type\":\"Article\",\"@id\":\"https:\/\/www.pm.pb.gov.br\/portal\/2024\/01\/16\/reincidencia-pela-terceira-vez-policia-militar-apreende-adolescente-com-drogas-em-campina-grande\/#article\",\"isPartOf\":{\"@id\":\"https:\/\/www.pm.pb.gov.br\/portal\/2024\/01\/16\/reincidencia-pela-terceira-vez-policia-militar-apreende-adolescente-com-drogas-em-campina-grande\/\"},\"author\":{\"name\":\"Tarcisio Oliveira\",\"@id\":\"https:\/\/www.pm.pb.gov.br\/portal\/#\/schema\/person\/f84f56dcc78ce4357054da888b8247fd\"},\"headline\":\"REINCID\u00caNCIA: Pela terceira vez, Pol\u00edcia Militar apreende adolescente com drogas em Campina Grande\",\"datePublished\":\"2024-01-16T04:43:00+00:00\",\"dateModified\":\"2024-01-17T18:46:07+00:00\",\"mainEntityOfPage\":{\"@id\":\"https:\/\/www.pm.pb.gov.br\/portal\/2024\/01\/16\/reincidencia-pela-terceira-vez-policia-militar-apreende-adolescente-com-drogas-em-campina-grande\/\"},\"wordCount\":131,\"publisher\":{\"@id\":\"https:\/\/www.pm.pb.gov.br\/portal\/#organization\"},\"articleSection\":[\"A\u00e7\u00f5es Policiais\"],\"inLanguage\":\"pt-BR\"},{\"@type\":\"WebPage\",\"@id\":\"https:\/\/www.pm.pb.gov.br\/portal\/2024\/01\/16\/reincidencia-pela-terceira-vez-policia-militar-apreende-adolescente-com-drogas-em-campina-grande\/\",\"url\":\"https:\/\/www.pm.pb.gov.br\/portal\/2024\/01\/16\/reincidencia-pela-terceira-vez-policia-militar-apreende-adolescente-com-drogas-em-campina-grande\/\",\"name\":\"REINCID\u00caNCIA: Pela terceira vez, Pol\u00edcia Militar apreende adolescente com drogas em Campina Grande - Pol\u00edcia Militar da Para\u00edba\",\"isPartOf\":{\"@id\":\"https:\/\/www.pm.pb.gov.br\/portal\/#website\"},\"datePublished\":\"2024-01-16T04:43:00+00:00\",\"dateModified\":\"2024-01-17T18:46:07+00:00\",\"description\":\"A\u00e7\u00e3o da PM ocorreu na zona leste de Campina Grande, resultando tamb\u00e9m em um homem preso. Drogas foram apreendidas.\",\"breadcrumb\":{\"@id\":\"https:\/\/www.pm.pb.gov.br\/portal\/2024\/01\/16\/reincidencia-pela-terceira-vez-policia-militar-apreende-adolescente-com-drogas-em-campina-grande\/#breadcrumb\"},\"inLanguage\":\"pt-BR\",\"potentialAction\":[{\"@type\":\"ReadAction\",\"target\":[\"https:\/\/www.pm.pb.gov.br\/portal\/2024\/01\/16\/reincidencia-pela-terceira-vez-policia-militar-apreende-adolescente-com-drogas-em-campina-grande\/\"]}]},{\"@type\":\"BreadcrumbList\",\"@id\":\"https:\/\/www.pm.pb.gov.br\/portal\/2024\/01\/16\/reincidencia-pela-terceira-vez-policia-militar-apreende-adolescente-com-drogas-em-campina-grande\/#breadcrumb\",\"itemListElement\":[{\"@type\":\"ListItem\",\"position\":1,\"name\":\"In\u00edcio\",\"item\":\"https:\/\/www.pm.pb.gov.br\/portal\/\"},{\"@type\":\"ListItem\",\"position\":2,\"name\":\"REINCID\u00caNCIA: Pela terceira vez, Pol\u00edcia Militar apreende adolescente com drogas em Campina Grande\"}]},{\"@type\":\"WebSite\",\"@id\":\"https:\/\/www.pm.pb.gov.br\/portal\/#website\",\"url\":\"https:\/\/www.pm.pb.gov.br\/portal\/\",\"name\":\"Pol\u00edcia Militar da Para\u00edba\",\"description\":\"\",\"publisher\":{\"@id\":\"https:\/\/www.pm.pb.gov.br\/portal\/#organization\"},\"potentialAction\":[{\"@type\":\"SearchAction\",\"target\":{\"@type\":\"EntryPoint\",\"urlTemplate\":\"https:\/\/www.pm.pb.gov.br\/portal\/?s={search_term_string}\"},\"query-input\":\"required name=search_term_string\"}],\"inLanguage\":\"pt-BR\"},{\"@type\":\"Organization\",\"@id\":\"https:\/\/www.pm.pb.gov.br\/portal\/#organization\",\"name\":\"Pol\u00edcia Militar da Para\u00edba\",\"url\":\"https:\/\/www.pm.pb.gov.br\/portal\/\",\"logo\":{\"@type\":\"ImageObject\",\"inLanguage\":\"pt-BR\",\"@id\":\"https:\/\/www.pm.pb.gov.br\/portal\/#\/schema\/logo\/image\/\",\"url\":\"https:\/\/www.pm.pb.gov.br\/portal\/wp-content\/uploads\/2025\/03\/cropped-logo-site-mag2-1.png\",\"contentUrl\":\"https:\/\/www.pm.pb.gov.br\/portal\/wp-content\/uploads\/2025\/03\/cropped-logo-site-mag2-1.png\",\"width\":320,\"height\":90,\"caption\":\"Pol\u00edcia Militar da Para\u00edba\"},\"image\":{\"@id\":\"https:\/\/www.pm.pb.gov.br\/portal\/#\/schema\/logo\/image\/\"}},{\"@type\":\"Person\",\"@id\":\"https:\/\/www.pm.pb.gov.br\/portal\/#\/schema\/person\/f84f56dcc78ce4357054da888b8247fd\",\"name\":\"Tarcisio Oliveira\",\"image\":{\"@type\":\"ImageObject\",\"inLanguage\":\"pt-BR\",\"@id\":\"https:\/\/www.pm.pb.gov.br\/portal\/#\/schema\/person\/image\/\",\"url\":\"https:\/\/secure.gravatar.com\/avatar\/72917b630b69d31cd0297507f34bac97?s=96&d=mm&r=g\",\"contentUrl\":\"https:\/\/secure.gravatar.com\/avatar\/72917b630b69d31cd0297507f34bac97?s=96&d=mm&r=g\",\"caption\":\"Tarcisio Oliveira\"},\"url\":\"https:\/\/www.pm.pb.gov.br\/portal\/author\/tarcisio\/\"}]}<\/script>\n<!-- \/ Yoast SEO plugin. -->","yoast_head_json":{"title":"REINCID\u00caNCIA: Pela terceira vez, Pol\u00edcia Militar apreende adolescente com drogas em Campina Grande - Pol\u00edcia Militar da Para\u00edba","description":"A\u00e7\u00e3o da PM ocorreu na zona leste de Campina Grande, resultando tamb\u00e9m em um homem preso. Drogas foram apreendidas.","robots":{"index":"index","follow":"follow","max-snippet":"max-snippet:-1","max-image-preview":"max-image-preview:large","max-video-preview":"max-video-preview:-1"},"canonical":"https:\/\/www.pm.pb.gov.br\/portal\/2024\/01\/16\/reincidencia-pela-terceira-vez-policia-militar-apreende-adolescente-com-drogas-em-campina-grande\/","og_locale":"pt_BR","og_type":"article","og_title":"REINCID\u00caNCIA: Pela terceira vez, Pol\u00edcia Militar apreende adolescente com drogas em Campina Grande - Pol\u00edcia Militar da Para\u00edba","og_description":"A\u00e7\u00e3o da PM ocorreu na zona leste de Campina Grande, resultando tamb\u00e9m em um homem preso. Drogas foram apreendidas.","og_url":"https:\/\/www.pm.pb.gov.br\/portal\/2024\/01\/16\/reincidencia-pela-terceira-vez-policia-militar-apreende-adolescente-com-drogas-em-campina-grande\/","og_site_name":"Pol\u00edcia Militar da Para\u00edba","article_published_time":"2024-01-16T04:43:00+00:00","article_modified_time":"2024-01-17T18:46:07+00:00","og_image":[{"width":800,"height":445,"url":"http:\/\/www.pm.pb.gov.br\/portal\/wp-content\/uploads\/2024\/01\/eotamcg-1.jpeg","type":"image\/jpeg"}],"author":"Tarcisio Oliveira","twitter_card":"summary_large_image","twitter_misc":{"Escrito por":"Tarcisio Oliveira","Est. tempo de leitura":"1 minuto"},"schema":{"@context":"https:\/\/schema.org","@graph":[{"@type":"Article","@id":"https:\/\/www.pm.pb.gov.br\/portal\/2024\/01\/16\/reincidencia-pela-terceira-vez-policia-militar-apreende-adolescente-com-drogas-em-campina-grande\/#article","isPartOf":{"@id":"https:\/\/www.pm.pb.gov.br\/portal\/2024\/01\/16\/reincidencia-pela-terceira-vez-policia-militar-apreende-adolescente-com-drogas-em-campina-grande\/"},"author":{"name":"Tarcisio Oliveira","@id":"https:\/\/www.pm.pb.gov.br\/portal\/#\/schema\/person\/f84f56dcc78ce4357054da888b8247fd"},"headline":"REINCID\u00caNCIA: Pela terceira vez, Pol\u00edcia Militar apreende adolescente com drogas em Campina Grande","datePublished":"2024-01-16T04:43:00+00:00","dateModified":"2024-01-17T18:46:07+00:00","mainEntityOfPage":{"@id":"https:\/\/www.pm.pb.gov.br\/portal\/2024\/01\/16\/reincidencia-pela-terceira-vez-policia-militar-apreende-adolescente-com-drogas-em-campina-grande\/"},"wordCount":131,"publisher":{"@id":"https:\/\/www.pm.pb.gov.br\/portal\/#organization"},"articleSection":["A\u00e7\u00f5es Policiais"],"inLanguage":"pt-BR"},{"@type":"WebPage","@id":"https:\/\/www.pm.pb.gov.br\/portal\/2024\/01\/16\/reincidencia-pela-terceira-vez-policia-militar-apreende-adolescente-com-drogas-em-campina-grande\/","url":"https:\/\/www.pm.pb.gov.br\/portal\/2024\/01\/16\/reincidencia-pela-terceira-vez-policia-militar-apreende-adolescente-com-drogas-em-campina-grande\/","name":"REINCID\u00caNCIA: Pela terceira vez, Pol\u00edcia Militar apreende adolescente com drogas em Campina Grande - Pol\u00edcia Militar da Para\u00edba","isPartOf":{"@id":"https:\/\/www.pm.pb.gov.br\/portal\/#website"},"datePublished":"2024-01-16T04:43:00+00:00","dateModified":"2024-01-17T18:46:07+00:00","description":"A\u00e7\u00e3o da PM ocorreu na zona leste de Campina Grande, resultando tamb\u00e9m em um homem preso. Drogas foram apreendidas.","breadcrumb":{"@id":"https:\/\/www.pm.pb.gov.br\/portal\/2024\/01\/16\/reincidencia-pela-terceira-vez-policia-militar-apreende-adolescente-com-drogas-em-campina-grande\/#breadcrumb"},"inLanguage":"pt-BR","potentialAction":[{"@type":"ReadAction","target":["https:\/\/www.pm.pb.gov.br\/portal\/2024\/01\/16\/reincidencia-pela-terceira-vez-policia-militar-apreende-adolescente-com-drogas-em-campina-grande\/"]}]},{"@type":"BreadcrumbList","@id":"https:\/\/www.pm.pb.gov.br\/portal\/2024\/01\/16\/reincidencia-pela-terceira-vez-policia-militar-apreende-adolescente-com-drogas-em-campina-grande\/#breadcrumb","itemListElement":[{"@type":"ListItem","position":1,"name":"In\u00edcio","item":"https:\/\/www.pm.pb.gov.br\/portal\/"},{"@type":"ListItem","position":2,"name":"REINCID\u00caNCIA: Pela terceira vez, Pol\u00edcia Militar apreende adolescente com drogas em Campina Grande"}]},{"@type":"WebSite","@id":"https:\/\/www.pm.pb.gov.br\/portal\/#website","url":"https:\/\/www.pm.pb.gov.br\/portal\/","name":"Pol\u00edcia Militar da Para\u00edba","description":"","publisher":{"@id":"https:\/\/www.pm.pb.gov.br\/portal\/#organization"},"potentialAction":[{"@type":"SearchAction","target":{"@type":"EntryPoint","urlTemplate":"https:\/\/www.pm.pb.gov.br\/portal\/?s={search_term_string}"},"query-input":"required name=search_term_string"}],"inLanguage":"pt-BR"},{"@type":"Organization","@id":"https:\/\/www.pm.pb.gov.br\/portal\/#organization","name":"Pol\u00edcia Militar da Para\u00edba","url":"https:\/\/www.pm.pb.gov.br\/portal\/","logo":{"@type":"ImageObject","inLanguage":"pt-BR","@id":"https:\/\/www.pm.pb.gov.br\/portal\/#\/schema\/logo\/image\/","url":"https:\/\/www.pm.pb.gov.br\/portal\/wp-content\/uploads\/2025\/03\/cropped-logo-site-mag2-1.png","contentUrl":"https:\/\/www.pm.pb.gov.br\/portal\/wp-content\/uploads\/2025\/03\/cropped-logo-site-mag2-1.png","width":320,"height":90,"caption":"Pol\u00edcia Militar da Para\u00edba"},"image":{"@id":"https:\/\/www.pm.pb.gov.br\/portal\/#\/schema\/logo\/image\/"}},{"@type":"Person","@id":"https:\/\/www.pm.pb.gov.br\/portal\/#\/schema\/person\/f84f56dcc78ce4357054da888b8247fd","name":"Tarcisio Oliveira","image":{"@type":"ImageObject","inLanguage":"pt-BR","@id":"https:\/\/www.pm.pb.gov.br\/portal\/#\/schema\/person\/image\/","url":"https:\/\/secure.gravatar.com\/avatar\/72917b630b69d31cd0297507f34bac97?s=96&d=mm&r=g","contentUrl":"https:\/\/secure.gravatar.com\/avatar\/72917b630b69d31cd0297507f34bac97?s=96&d=mm&r=g","caption":"Tarcisio Oliveira"},"url":"https:\/\/www.pm.pb.gov.br\/portal\/author\/tarcisio\/"}]}},"_links":{"self":[{"href":"https:\/\/www.pm.pb.gov.br\/portal\/wp-json\/wp\/v2\/posts\/920359"}],"collection":[{"href":"https:\/\/www.pm.pb.gov.br\/portal\/wp-json\/wp\/v2\/posts"}],"about":[{"href":"https:\/\/www.pm.pb.gov.br\/portal\/wp-json\/wp\/v2\/types\/post"}],"author":[{"embeddable":true,"href":"https:\/\/www.pm.pb.gov.br\/portal\/wp-json\/wp\/v2\/users\/12"}],"replies":[{"embeddable":true,"href":"https:\/\/www.pm.pb.gov.br\/portal\/wp-json\/wp\/v2\/comments?post=920359"}],"version-history":[{"count":1,"href":"https:\/\/www.pm.pb.gov.br\/portal\/wp-json\/wp\/v2\/posts\/920359\/revisions"}],"predecessor-version":[{"id":920360,"href":"https:\/\/www.pm.pb.gov.br\/portal\/wp-json\/wp\/v2\/posts\/920359\/revisions\/920360"}],"wp:featuredmedia":[{"embeddable":true,"href":"https:\/\/www.pm.pb.gov.br\/portal\/wp-json\/wp\/v2\/media\/920358"}],"wp:attachment":[{"href":"https:\/\/www.pm.pb.gov.br\/portal\/wp-json\/wp\/v2\/media?parent=920359"}],"wp:term":[{"taxonomy":"category","embeddable":true,"href":"https:\/\/www.pm.pb.gov.br\/portal\/wp-json\/wp\/v2\/categories?post=920359"},{"taxonomy":"post_tag","embeddable":true,"href":"https:\/\/www.pm.pb.gov.br\/portal\/wp-json\/wp\/v2\/tags?post=920359"}],"curies":[{"name":"wp","href":"https:\/\/api.w.org\/{rel}","templated":true}]}}