{"id":920346,"date":"2024-01-16T22:24:52","date_gmt":"2024-01-17T01:24:52","guid":{"rendered":"https:\/\/www.pm.pb.gov.br\/portal\/?p=920346"},"modified":"2024-01-16T22:24:53","modified_gmt":"2024-01-17T01:24:53","slug":"policia-militar-encerra-3a-edicao-da-operacao-forca-total-com-10-armas-de-fogo-apreendidas-na-paraiba","status":"publish","type":"post","link":"https:\/\/www.pm.pb.gov.br\/portal\/2024\/01\/16\/policia-militar-encerra-3a-edicao-da-operacao-forca-total-com-10-armas-de-fogo-apreendidas-na-paraiba\/","title":{"rendered":"Pol\u00edcia Militar encerra 3\u00aa edi\u00e7\u00e3o da Opera\u00e7\u00e3o For\u00e7a Total com 10 armas de fogo apreendidas na Para\u00edba"},"content":{"rendered":"\n<p>A Pol\u00edcia Militar fechou as a\u00e7\u00f5es da Opera\u00e7\u00e3o For\u00e7a Total com 10 armas de fogo apreendidas em toda a Para\u00edba (foto acima ilustrativa). O dado est\u00e1 em um relat\u00f3rio apresentado pelo Estado-Maior Estrat\u00e9gico (EME) da corpora\u00e7\u00e3o. Ao todo, das 7h at\u00e9 \u00e0s 19h desta ter\u00e7a-feira (16), cerca de 2.500 pessoas e 1.842 ve\u00edculos foram abordados, resultando em foragidos capturados, acusados presos e adolescentes apreendidos.<\/p>\n<p><img loading=\"lazy\" decoding=\"async\" class=\" wp-image-920347 aligncenter\" src=\"http:\/\/www.pm.pb.gov.br\/portal\/wp-content\/uploads\/2024\/01\/WhatsApp-Image-2024-01-16-at-19.18.59-593x445.jpeg\" alt=\"\" width=\"520\" height=\"390\" srcset=\"https:\/\/www.pm.pb.gov.br\/portal\/wp-content\/uploads\/2024\/01\/WhatsApp-Image-2024-01-16-at-19.18.59-593x445.jpeg 593w, https:\/\/www.pm.pb.gov.br\/portal\/wp-content\/uploads\/2024\/01\/WhatsApp-Image-2024-01-16-at-19.18.59-760x570.jpeg 760w, https:\/\/www.pm.pb.gov.br\/portal\/wp-content\/uploads\/2024\/01\/WhatsApp-Image-2024-01-16-at-19.18.59-768x576.jpeg 768w, https:\/\/www.pm.pb.gov.br\/portal\/wp-content\/uploads\/2024\/01\/WhatsApp-Image-2024-01-16-at-19.18.59-1536x1152.jpeg 1536w, https:\/\/www.pm.pb.gov.br\/portal\/wp-content\/uploads\/2024\/01\/WhatsApp-Image-2024-01-16-at-19.18.59-2048x1536.jpeg 2048w\" sizes=\"(max-width: 520px) 100vw, 520px\" \/><\/p>\n<p>Os n\u00fameros foram comemorados pelo comandante-geral da PM, o coronel S\u00e9rgio Fonseca. \u201cO balan\u00e7o das a\u00e7\u00f5es que fazemos desta terceira edi\u00e7\u00e3o da Opera\u00e7\u00e3o For\u00e7a Total na Para\u00edba \u00e9 extremamente positivo. Destacamos as 10 armas de fogo apreendidas em 12 horas de Opera\u00e7\u00e3o, al\u00e9m de drogas retiradas de circula\u00e7\u00e3o e tr\u00eas ve\u00edculos recuperados\u201d, destacou o coronel.<\/p>\n<p>Mais de 900 policiais e de 360 viaturas estiveram intensificando as a\u00e7\u00f5es preventivas de seguran\u00e7a em 120 munic\u00edpios, a partir das orienta\u00e7\u00f5es da estat\u00edstica e da Intelig\u00eancia. A a\u00e7\u00e3o envolveu cerca de 30 unidades operacionais e os quatro Comandos Regionais sediados em Jo\u00e3o Pessoa, Campina Grande, Patos e Guarabira.<\/p>\n<p><img loading=\"lazy\" decoding=\"async\" class=\" wp-image-920348 aligncenter\" src=\"http:\/\/www.pm.pb.gov.br\/portal\/wp-content\/uploads\/2024\/01\/WhatsApp-Image-2024-01-16-at-22.39.20-791x445.jpeg\" alt=\"\" width=\"699\" height=\"393\" srcset=\"https:\/\/www.pm.pb.gov.br\/portal\/wp-content\/uploads\/2024\/01\/WhatsApp-Image-2024-01-16-at-22.39.20-791x445.jpeg 791w, https:\/\/www.pm.pb.gov.br\/portal\/wp-content\/uploads\/2024\/01\/WhatsApp-Image-2024-01-16-at-22.39.20-1013x570.jpeg 1013w, https:\/\/www.pm.pb.gov.br\/portal\/wp-content\/uploads\/2024\/01\/WhatsApp-Image-2024-01-16-at-22.39.20-768x432.jpeg 768w, https:\/\/www.pm.pb.gov.br\/portal\/wp-content\/uploads\/2024\/01\/WhatsApp-Image-2024-01-16-at-22.39.20.jpeg 1280w\" sizes=\"(max-width: 699px) 100vw, 699px\" \/><\/p>\n<p>A 3\u00aa edi\u00e7\u00e3o da Opera\u00e7\u00e3o For\u00e7a Total foi desencadeada pelo Conselho Nacional de Comandantes-Gerais das Pol\u00edcias Militares e Corpos de Bombeiros Militares (CNCG), envolvendo todas as PMs do Brasil, em a\u00e7\u00e3o simult\u00e2nea nesta ter\u00e7a.<\/p>\n<p><strong>Armas e drogas &#8211;<\/strong> As cidades que registram apreens\u00e3o de armas de fogo foram: Jo\u00e3o Pessoa (7), Itaporanga (1), S\u00e3o Bento (2). Os acusados foram presos em abordagens no tr\u00e2nsito ou em pontos estrat\u00e9gicos de atua\u00e7\u00e3o policial. Entre os presos, acusados que j\u00e1 tinham passagens pela Pol\u00edcia.<\/p>\n<p><img loading=\"lazy\" decoding=\"async\" class=\" wp-image-920313 aligncenter\" src=\"http:\/\/www.pm.pb.gov.br\/portal\/wp-content\/uploads\/2024\/01\/20240116_100704-701x445.jpg\" alt=\"\" width=\"545\" height=\"346\" srcset=\"https:\/\/www.pm.pb.gov.br\/portal\/wp-content\/uploads\/2024\/01\/20240116_100704-701x445.jpg 701w, https:\/\/www.pm.pb.gov.br\/portal\/wp-content\/uploads\/2024\/01\/20240116_100704-898x570.jpg 898w, https:\/\/www.pm.pb.gov.br\/portal\/wp-content\/uploads\/2024\/01\/20240116_100704-768x488.jpg 768w, https:\/\/www.pm.pb.gov.br\/portal\/wp-content\/uploads\/2024\/01\/20240116_100704.jpg 956w\" sizes=\"(max-width: 545px) 100vw, 545px\" \/><\/p>\n<p>Mais de 200 por\u00e7\u00f5es de subst\u00e2ncia semelhante \u00e0 maconha e coca\u00edna tamb\u00e9m foram apreendidas com uma das armas e um criminoso na Capital (foto abaixo). Durante toda a Opera\u00e7\u00e3o, cerca de um quilo de entorpecente foi apreendido.<\/p>\n<p><img loading=\"lazy\" decoding=\"async\" class=\" wp-image-920343 aligncenter\" src=\"http:\/\/www.pm.pb.gov.br\/portal\/wp-content\/uploads\/2024\/01\/WhatsApp-Image-2024-01-16-at-16.11.03-1.jpeg\" alt=\"\" width=\"651\" height=\"362\" srcset=\"https:\/\/www.pm.pb.gov.br\/portal\/wp-content\/uploads\/2024\/01\/WhatsApp-Image-2024-01-16-at-16.11.03-1.jpeg 800w, https:\/\/www.pm.pb.gov.br\/portal\/wp-content\/uploads\/2024\/01\/WhatsApp-Image-2024-01-16-at-16.11.03-1-245x136.jpeg 245w, https:\/\/www.pm.pb.gov.br\/portal\/wp-content\/uploads\/2024\/01\/WhatsApp-Image-2024-01-16-at-16.11.03-1-768x427.jpeg 768w\" sizes=\"(max-width: 651px) 100vw, 651px\" \/><\/p>\n<p><strong>Capturados \u2013 <\/strong>Entre os cinco mandados de pris\u00e3o cumpridos, estavam dois foragidos procurados pelos crimes de estupro, em Malta, e estupro de vulner\u00e1vel em Alagoa Grande, este com 18 anos de condena\u00e7\u00e3o.<\/p>\n<p><strong>Ve\u00edculos \u2013 <\/strong>No per\u00edodo da Opera\u00e7\u00e3o, tr\u00eas ve\u00edculos roubados ou furtados foram recuperados, inclusive em barreiras policiais, com acusados que estavam com arma de fogo, como aconteceu em Itaporanga (foto abaixo). A motocicleta usada no roubo a uma joalheria em um shopping em Jo\u00e3o Pessoa tamb\u00e9m foi encontrada no bairro de Portal do Sol.<\/p>\n<p><img loading=\"lazy\" decoding=\"async\" class=\" wp-image-920320 aligncenter\" src=\"http:\/\/www.pm.pb.gov.br\/portal\/wp-content\/uploads\/2024\/01\/IMG-20240116-WA0009-800x360.jpg\" alt=\"\" width=\"691\" height=\"311\" srcset=\"https:\/\/www.pm.pb.gov.br\/portal\/wp-content\/uploads\/2024\/01\/IMG-20240116-WA0009-800x360.jpg 800w, https:\/\/www.pm.pb.gov.br\/portal\/wp-content\/uploads\/2024\/01\/IMG-20240116-WA0009-1024x461.jpg 1024w, https:\/\/www.pm.pb.gov.br\/portal\/wp-content\/uploads\/2024\/01\/IMG-20240116-WA0009-768x346.jpg 768w, https:\/\/www.pm.pb.gov.br\/portal\/wp-content\/uploads\/2024\/01\/IMG-20240116-WA0009.jpg 1280w\" sizes=\"(max-width: 691px) 100vw, 691px\" \/><\/p>\n<p>Outros 108 ve\u00edculos que descumpriam regras de tr\u00e2nsito foram autuados ou removidos.<\/p>\n<p><strong>Saldo \u2013 <\/strong>Ainda de acordo com o relat\u00f3rio do Estado-Maior Estrat\u00e9gico da corpora\u00e7\u00e3o, ao todo, 25 pessoas entre foragidos da Justi\u00e7a, adultos presos em flagrante e adolescentes apreendidos por ato infracional, foram conduzidos para as delegacias.<\/p>\n<p><img loading=\"lazy\" decoding=\"async\" class=\" wp-image-920328 aligncenter\" src=\"http:\/\/www.pm.pb.gov.br\/portal\/wp-content\/uploads\/2024\/01\/12bpm-2.jpeg\" alt=\"\" width=\"674\" height=\"375\" srcset=\"https:\/\/www.pm.pb.gov.br\/portal\/wp-content\/uploads\/2024\/01\/12bpm-2.jpeg 800w, https:\/\/www.pm.pb.gov.br\/portal\/wp-content\/uploads\/2024\/01\/12bpm-2-245x136.jpeg 245w, https:\/\/www.pm.pb.gov.br\/portal\/wp-content\/uploads\/2024\/01\/12bpm-2-768x427.jpeg 768w\" sizes=\"(max-width: 674px) 100vw, 674px\" \/><\/p>\n<p><img loading=\"lazy\" decoding=\"async\" class=\" wp-image-920330 aligncenter\" src=\"http:\/\/www.pm.pb.gov.br\/portal\/wp-content\/uploads\/2024\/01\/2cipm-2-798x445.jpeg\" alt=\"\" width=\"672\" height=\"375\" srcset=\"https:\/\/www.pm.pb.gov.br\/portal\/wp-content\/uploads\/2024\/01\/2cipm-2-798x445.jpeg 798w, https:\/\/www.pm.pb.gov.br\/portal\/wp-content\/uploads\/2024\/01\/2cipm-2-245x136.jpeg 245w, https:\/\/www.pm.pb.gov.br\/portal\/wp-content\/uploads\/2024\/01\/2cipm-2-768x428.jpeg 768w, https:\/\/www.pm.pb.gov.br\/portal\/wp-content\/uploads\/2024\/01\/2cipm-2.jpeg 800w\" sizes=\"(max-width: 672px) 100vw, 672px\" \/><\/p>\n<p><img loading=\"lazy\" decoding=\"async\" class=\" wp-image-920327 aligncenter\" src=\"http:\/\/www.pm.pb.gov.br\/portal\/wp-content\/uploads\/2024\/01\/14bpm.jpeg\" alt=\"\" width=\"687\" height=\"382\" srcset=\"https:\/\/www.pm.pb.gov.br\/portal\/wp-content\/uploads\/2024\/01\/14bpm.jpeg 800w, https:\/\/www.pm.pb.gov.br\/portal\/wp-content\/uploads\/2024\/01\/14bpm-245x136.jpeg 245w, https:\/\/www.pm.pb.gov.br\/portal\/wp-content\/uploads\/2024\/01\/14bpm-768x427.jpeg 768w\" sizes=\"(max-width: 687px) 100vw, 687px\" \/><\/p>\n<p><img loading=\"lazy\" decoding=\"async\" class=\" wp-image-920333 aligncenter\" src=\"http:\/\/www.pm.pb.gov.br\/portal\/wp-content\/uploads\/2024\/01\/7cipm.jpeg\" alt=\"\" width=\"674\" height=\"375\" srcset=\"https:\/\/www.pm.pb.gov.br\/portal\/wp-content\/uploads\/2024\/01\/7cipm.jpeg 800w, https:\/\/www.pm.pb.gov.br\/portal\/wp-content\/uploads\/2024\/01\/7cipm-245x136.jpeg 245w, https:\/\/www.pm.pb.gov.br\/portal\/wp-content\/uploads\/2024\/01\/7cipm-768x427.jpeg 768w\" sizes=\"(max-width: 674px) 100vw, 674px\" \/><\/p>\n<p><img loading=\"lazy\" decoding=\"async\" class=\" wp-image-920325 aligncenter\" src=\"http:\/\/www.pm.pb.gov.br\/portal\/wp-content\/uploads\/2024\/01\/bpamb1.jpeg\" alt=\"\" width=\"659\" height=\"367\" srcset=\"https:\/\/www.pm.pb.gov.br\/portal\/wp-content\/uploads\/2024\/01\/bpamb1.jpeg 800w, https:\/\/www.pm.pb.gov.br\/portal\/wp-content\/uploads\/2024\/01\/bpamb1-245x136.jpeg 245w, https:\/\/www.pm.pb.gov.br\/portal\/wp-content\/uploads\/2024\/01\/bpamb1-768x427.jpeg 768w\" sizes=\"(max-width: 659px) 100vw, 659px\" \/><\/p>\n\n\n\n\n","protected":false},"excerpt":{"rendered":"<p>A Pol\u00edcia Militar fechou as a\u00e7\u00f5es da Opera\u00e7\u00e3o For\u00e7a Total com 10 armas de fogo apreendidas em toda a Para\u00edba<\/p>\n","protected":false},"author":12,"featured_media":915683,"comment_status":"closed","ping_status":"closed","sticky":false,"template":"","format":"standard","meta":{"_exactmetrics_skip_tracking":false,"_exactmetrics_sitenote_active":false,"_exactmetrics_sitenote_note":"","_exactmetrics_sitenote_category":0,"footnotes":""},"categories":[4],"tags":[],"yoast_head":"<!-- This site is optimized with the Yoast SEO plugin v22.0 - https:\/\/yoast.com\/wordpress\/plugins\/seo\/ -->\n<title>Pol\u00edcia Militar encerra 3\u00aa edi\u00e7\u00e3o da Opera\u00e7\u00e3o For\u00e7a Total com 10 armas de fogo apreendidas na Para\u00edba - Pol\u00edcia Militar da Para\u00edba<\/title>\n<meta name=\"description\" content=\"Os n\u00fameros foram comemorados pelo comandante-geral da PM, o coronel S\u00e9rgio Fonseca, que destacou a atua\u00e7\u00e3o da tropa.\" \/>\n<meta name=\"robots\" content=\"index, follow, max-snippet:-1, max-image-preview:large, max-video-preview:-1\" \/>\n<link rel=\"canonical\" href=\"https:\/\/www.pm.pb.gov.br\/portal\/2024\/01\/16\/policia-militar-encerra-3a-edicao-da-operacao-forca-total-com-10-armas-de-fogo-apreendidas-na-paraiba\/\" \/>\n<meta property=\"og:locale\" content=\"pt_BR\" \/>\n<meta property=\"og:type\" content=\"article\" \/>\n<meta property=\"og:title\" content=\"Pol\u00edcia Militar encerra 3\u00aa edi\u00e7\u00e3o da Opera\u00e7\u00e3o For\u00e7a Total com 10 armas de fogo apreendidas na Para\u00edba - Pol\u00edcia Militar da Para\u00edba\" \/>\n<meta property=\"og:description\" content=\"Os n\u00fameros foram comemorados pelo comandante-geral da PM, o coronel S\u00e9rgio Fonseca, que destacou a atua\u00e7\u00e3o da tropa.\" \/>\n<meta property=\"og:url\" content=\"https:\/\/www.pm.pb.gov.br\/portal\/2024\/01\/16\/policia-militar-encerra-3a-edicao-da-operacao-forca-total-com-10-armas-de-fogo-apreendidas-na-paraiba\/\" \/>\n<meta property=\"og:site_name\" content=\"Pol\u00edcia Militar da Para\u00edba\" \/>\n<meta property=\"article:published_time\" content=\"2024-01-17T01:24:52+00:00\" \/>\n<meta property=\"article:modified_time\" content=\"2024-01-17T01:24:53+00:00\" \/>\n<meta property=\"og:image\" content=\"http:\/\/www.pm.pb.gov.br\/portal\/wp-content\/uploads\/2023\/02\/ilustrativa.jpeg\" \/>\n\t<meta property=\"og:image:width\" content=\"800\" \/>\n\t<meta property=\"og:image:height\" content=\"445\" \/>\n\t<meta property=\"og:image:type\" content=\"image\/jpeg\" \/>\n<meta name=\"author\" content=\"Tarcisio Oliveira\" \/>\n<meta name=\"twitter:card\" content=\"summary_large_image\" \/>\n<meta name=\"twitter:label1\" content=\"Escrito por\" \/>\n\t<meta name=\"twitter:data1\" content=\"Tarcisio Oliveira\" \/>\n\t<meta name=\"twitter:label2\" content=\"Est. tempo de leitura\" \/>\n\t<meta name=\"twitter:data2\" content=\"5 minutos\" \/>\n<script type=\"application\/ld+json\" class=\"yoast-schema-graph\">{\"@context\":\"https:\/\/schema.org\",\"@graph\":[{\"@type\":\"Article\",\"@id\":\"https:\/\/www.pm.pb.gov.br\/portal\/2024\/01\/16\/policia-militar-encerra-3a-edicao-da-operacao-forca-total-com-10-armas-de-fogo-apreendidas-na-paraiba\/#article\",\"isPartOf\":{\"@id\":\"https:\/\/www.pm.pb.gov.br\/portal\/2024\/01\/16\/policia-militar-encerra-3a-edicao-da-operacao-forca-total-com-10-armas-de-fogo-apreendidas-na-paraiba\/\"},\"author\":{\"name\":\"Tarcisio Oliveira\",\"@id\":\"https:\/\/www.pm.pb.gov.br\/portal\/#\/schema\/person\/f84f56dcc78ce4357054da888b8247fd\"},\"headline\":\"Pol\u00edcia Militar encerra 3\u00aa edi\u00e7\u00e3o da Opera\u00e7\u00e3o For\u00e7a Total com 10 armas de fogo apreendidas na Para\u00edba\",\"datePublished\":\"2024-01-17T01:24:52+00:00\",\"dateModified\":\"2024-01-17T01:24:53+00:00\",\"mainEntityOfPage\":{\"@id\":\"https:\/\/www.pm.pb.gov.br\/portal\/2024\/01\/16\/policia-militar-encerra-3a-edicao-da-operacao-forca-total-com-10-armas-de-fogo-apreendidas-na-paraiba\/\"},\"wordCount\":483,\"publisher\":{\"@id\":\"https:\/\/www.pm.pb.gov.br\/portal\/#organization\"},\"articleSection\":[\"A\u00e7\u00f5es Policiais\"],\"inLanguage\":\"pt-BR\"},{\"@type\":\"WebPage\",\"@id\":\"https:\/\/www.pm.pb.gov.br\/portal\/2024\/01\/16\/policia-militar-encerra-3a-edicao-da-operacao-forca-total-com-10-armas-de-fogo-apreendidas-na-paraiba\/\",\"url\":\"https:\/\/www.pm.pb.gov.br\/portal\/2024\/01\/16\/policia-militar-encerra-3a-edicao-da-operacao-forca-total-com-10-armas-de-fogo-apreendidas-na-paraiba\/\",\"name\":\"Pol\u00edcia Militar encerra 3\u00aa edi\u00e7\u00e3o da Opera\u00e7\u00e3o For\u00e7a Total com 10 armas de fogo apreendidas na Para\u00edba - Pol\u00edcia Militar da Para\u00edba\",\"isPartOf\":{\"@id\":\"https:\/\/www.pm.pb.gov.br\/portal\/#website\"},\"datePublished\":\"2024-01-17T01:24:52+00:00\",\"dateModified\":\"2024-01-17T01:24:53+00:00\",\"description\":\"Os n\u00fameros foram comemorados pelo comandante-geral da PM, o coronel S\u00e9rgio Fonseca, que destacou a atua\u00e7\u00e3o da tropa.\",\"breadcrumb\":{\"@id\":\"https:\/\/www.pm.pb.gov.br\/portal\/2024\/01\/16\/policia-militar-encerra-3a-edicao-da-operacao-forca-total-com-10-armas-de-fogo-apreendidas-na-paraiba\/#breadcrumb\"},\"inLanguage\":\"pt-BR\",\"potentialAction\":[{\"@type\":\"ReadAction\",\"target\":[\"https:\/\/www.pm.pb.gov.br\/portal\/2024\/01\/16\/policia-militar-encerra-3a-edicao-da-operacao-forca-total-com-10-armas-de-fogo-apreendidas-na-paraiba\/\"]}]},{\"@type\":\"BreadcrumbList\",\"@id\":\"https:\/\/www.pm.pb.gov.br\/portal\/2024\/01\/16\/policia-militar-encerra-3a-edicao-da-operacao-forca-total-com-10-armas-de-fogo-apreendidas-na-paraiba\/#breadcrumb\",\"itemListElement\":[{\"@type\":\"ListItem\",\"position\":1,\"name\":\"In\u00edcio\",\"item\":\"https:\/\/www.pm.pb.gov.br\/portal\/\"},{\"@type\":\"ListItem\",\"position\":2,\"name\":\"Pol\u00edcia Militar encerra 3\u00aa edi\u00e7\u00e3o da Opera\u00e7\u00e3o For\u00e7a Total com 10 armas de fogo apreendidas na Para\u00edba\"}]},{\"@type\":\"WebSite\",\"@id\":\"https:\/\/www.pm.pb.gov.br\/portal\/#website\",\"url\":\"https:\/\/www.pm.pb.gov.br\/portal\/\",\"name\":\"Pol\u00edcia Militar da Para\u00edba\",\"description\":\"\",\"publisher\":{\"@id\":\"https:\/\/www.pm.pb.gov.br\/portal\/#organization\"},\"potentialAction\":[{\"@type\":\"SearchAction\",\"target\":{\"@type\":\"EntryPoint\",\"urlTemplate\":\"https:\/\/www.pm.pb.gov.br\/portal\/?s={search_term_string}\"},\"query-input\":\"required name=search_term_string\"}],\"inLanguage\":\"pt-BR\"},{\"@type\":\"Organization\",\"@id\":\"https:\/\/www.pm.pb.gov.br\/portal\/#organization\",\"name\":\"Pol\u00edcia Militar da Para\u00edba\",\"url\":\"https:\/\/www.pm.pb.gov.br\/portal\/\",\"logo\":{\"@type\":\"ImageObject\",\"inLanguage\":\"pt-BR\",\"@id\":\"https:\/\/www.pm.pb.gov.br\/portal\/#\/schema\/logo\/image\/\",\"url\":\"https:\/\/www.pm.pb.gov.br\/portal\/wp-content\/uploads\/2025\/03\/cropped-logo-site-mag2-1.png\",\"contentUrl\":\"https:\/\/www.pm.pb.gov.br\/portal\/wp-content\/uploads\/2025\/03\/cropped-logo-site-mag2-1.png\",\"width\":320,\"height\":90,\"caption\":\"Pol\u00edcia Militar da Para\u00edba\"},\"image\":{\"@id\":\"https:\/\/www.pm.pb.gov.br\/portal\/#\/schema\/logo\/image\/\"}},{\"@type\":\"Person\",\"@id\":\"https:\/\/www.pm.pb.gov.br\/portal\/#\/schema\/person\/f84f56dcc78ce4357054da888b8247fd\",\"name\":\"Tarcisio Oliveira\",\"image\":{\"@type\":\"ImageObject\",\"inLanguage\":\"pt-BR\",\"@id\":\"https:\/\/www.pm.pb.gov.br\/portal\/#\/schema\/person\/image\/\",\"url\":\"https:\/\/secure.gravatar.com\/avatar\/72917b630b69d31cd0297507f34bac97?s=96&d=mm&r=g\",\"contentUrl\":\"https:\/\/secure.gravatar.com\/avatar\/72917b630b69d31cd0297507f34bac97?s=96&d=mm&r=g\",\"caption\":\"Tarcisio Oliveira\"},\"url\":\"https:\/\/www.pm.pb.gov.br\/portal\/author\/tarcisio\/\"}]}<\/script>\n<!-- \/ Yoast SEO plugin. -->","yoast_head_json":{"title":"Pol\u00edcia Militar encerra 3\u00aa edi\u00e7\u00e3o da Opera\u00e7\u00e3o For\u00e7a Total com 10 armas de fogo apreendidas na Para\u00edba - Pol\u00edcia Militar da Para\u00edba","description":"Os n\u00fameros foram comemorados pelo comandante-geral da PM, o coronel S\u00e9rgio Fonseca, que destacou a atua\u00e7\u00e3o da tropa.","robots":{"index":"index","follow":"follow","max-snippet":"max-snippet:-1","max-image-preview":"max-image-preview:large","max-video-preview":"max-video-preview:-1"},"canonical":"https:\/\/www.pm.pb.gov.br\/portal\/2024\/01\/16\/policia-militar-encerra-3a-edicao-da-operacao-forca-total-com-10-armas-de-fogo-apreendidas-na-paraiba\/","og_locale":"pt_BR","og_type":"article","og_title":"Pol\u00edcia Militar encerra 3\u00aa edi\u00e7\u00e3o da Opera\u00e7\u00e3o For\u00e7a Total com 10 armas de fogo apreendidas na Para\u00edba - Pol\u00edcia Militar da Para\u00edba","og_description":"Os n\u00fameros foram comemorados pelo comandante-geral da PM, o coronel S\u00e9rgio Fonseca, que destacou a atua\u00e7\u00e3o da tropa.","og_url":"https:\/\/www.pm.pb.gov.br\/portal\/2024\/01\/16\/policia-militar-encerra-3a-edicao-da-operacao-forca-total-com-10-armas-de-fogo-apreendidas-na-paraiba\/","og_site_name":"Pol\u00edcia Militar da Para\u00edba","article_published_time":"2024-01-17T01:24:52+00:00","article_modified_time":"2024-01-17T01:24:53+00:00","og_image":[{"width":800,"height":445,"url":"http:\/\/www.pm.pb.gov.br\/portal\/wp-content\/uploads\/2023\/02\/ilustrativa.jpeg","type":"image\/jpeg"}],"author":"Tarcisio Oliveira","twitter_card":"summary_large_image","twitter_misc":{"Escrito por":"Tarcisio Oliveira","Est. tempo de leitura":"5 minutos"},"schema":{"@context":"https:\/\/schema.org","@graph":[{"@type":"Article","@id":"https:\/\/www.pm.pb.gov.br\/portal\/2024\/01\/16\/policia-militar-encerra-3a-edicao-da-operacao-forca-total-com-10-armas-de-fogo-apreendidas-na-paraiba\/#article","isPartOf":{"@id":"https:\/\/www.pm.pb.gov.br\/portal\/2024\/01\/16\/policia-militar-encerra-3a-edicao-da-operacao-forca-total-com-10-armas-de-fogo-apreendidas-na-paraiba\/"},"author":{"name":"Tarcisio Oliveira","@id":"https:\/\/www.pm.pb.gov.br\/portal\/#\/schema\/person\/f84f56dcc78ce4357054da888b8247fd"},"headline":"Pol\u00edcia Militar encerra 3\u00aa edi\u00e7\u00e3o da Opera\u00e7\u00e3o For\u00e7a Total com 10 armas de fogo apreendidas na Para\u00edba","datePublished":"2024-01-17T01:24:52+00:00","dateModified":"2024-01-17T01:24:53+00:00","mainEntityOfPage":{"@id":"https:\/\/www.pm.pb.gov.br\/portal\/2024\/01\/16\/policia-militar-encerra-3a-edicao-da-operacao-forca-total-com-10-armas-de-fogo-apreendidas-na-paraiba\/"},"wordCount":483,"publisher":{"@id":"https:\/\/www.pm.pb.gov.br\/portal\/#organization"},"articleSection":["A\u00e7\u00f5es Policiais"],"inLanguage":"pt-BR"},{"@type":"WebPage","@id":"https:\/\/www.pm.pb.gov.br\/portal\/2024\/01\/16\/policia-militar-encerra-3a-edicao-da-operacao-forca-total-com-10-armas-de-fogo-apreendidas-na-paraiba\/","url":"https:\/\/www.pm.pb.gov.br\/portal\/2024\/01\/16\/policia-militar-encerra-3a-edicao-da-operacao-forca-total-com-10-armas-de-fogo-apreendidas-na-paraiba\/","name":"Pol\u00edcia Militar encerra 3\u00aa edi\u00e7\u00e3o da Opera\u00e7\u00e3o For\u00e7a Total com 10 armas de fogo apreendidas na Para\u00edba - Pol\u00edcia Militar da Para\u00edba","isPartOf":{"@id":"https:\/\/www.pm.pb.gov.br\/portal\/#website"},"datePublished":"2024-01-17T01:24:52+00:00","dateModified":"2024-01-17T01:24:53+00:00","description":"Os n\u00fameros foram comemorados pelo comandante-geral da PM, o coronel S\u00e9rgio Fonseca, que destacou a atua\u00e7\u00e3o da tropa.","breadcrumb":{"@id":"https:\/\/www.pm.pb.gov.br\/portal\/2024\/01\/16\/policia-militar-encerra-3a-edicao-da-operacao-forca-total-com-10-armas-de-fogo-apreendidas-na-paraiba\/#breadcrumb"},"inLanguage":"pt-BR","potentialAction":[{"@type":"ReadAction","target":["https:\/\/www.pm.pb.gov.br\/portal\/2024\/01\/16\/policia-militar-encerra-3a-edicao-da-operacao-forca-total-com-10-armas-de-fogo-apreendidas-na-paraiba\/"]}]},{"@type":"BreadcrumbList","@id":"https:\/\/www.pm.pb.gov.br\/portal\/2024\/01\/16\/policia-militar-encerra-3a-edicao-da-operacao-forca-total-com-10-armas-de-fogo-apreendidas-na-paraiba\/#breadcrumb","itemListElement":[{"@type":"ListItem","position":1,"name":"In\u00edcio","item":"https:\/\/www.pm.pb.gov.br\/portal\/"},{"@type":"ListItem","position":2,"name":"Pol\u00edcia Militar encerra 3\u00aa edi\u00e7\u00e3o da Opera\u00e7\u00e3o For\u00e7a Total com 10 armas de fogo apreendidas na Para\u00edba"}]},{"@type":"WebSite","@id":"https:\/\/www.pm.pb.gov.br\/portal\/#website","url":"https:\/\/www.pm.pb.gov.br\/portal\/","name":"Pol\u00edcia Militar da Para\u00edba","description":"","publisher":{"@id":"https:\/\/www.pm.pb.gov.br\/portal\/#organization"},"potentialAction":[{"@type":"SearchAction","target":{"@type":"EntryPoint","urlTemplate":"https:\/\/www.pm.pb.gov.br\/portal\/?s={search_term_string}"},"query-input":"required name=search_term_string"}],"inLanguage":"pt-BR"},{"@type":"Organization","@id":"https:\/\/www.pm.pb.gov.br\/portal\/#organization","name":"Pol\u00edcia Militar da Para\u00edba","url":"https:\/\/www.pm.pb.gov.br\/portal\/","logo":{"@type":"ImageObject","inLanguage":"pt-BR","@id":"https:\/\/www.pm.pb.gov.br\/portal\/#\/schema\/logo\/image\/","url":"https:\/\/www.pm.pb.gov.br\/portal\/wp-content\/uploads\/2025\/03\/cropped-logo-site-mag2-1.png","contentUrl":"https:\/\/www.pm.pb.gov.br\/portal\/wp-content\/uploads\/2025\/03\/cropped-logo-site-mag2-1.png","width":320,"height":90,"caption":"Pol\u00edcia Militar da Para\u00edba"},"image":{"@id":"https:\/\/www.pm.pb.gov.br\/portal\/#\/schema\/logo\/image\/"}},{"@type":"Person","@id":"https:\/\/www.pm.pb.gov.br\/portal\/#\/schema\/person\/f84f56dcc78ce4357054da888b8247fd","name":"Tarcisio Oliveira","image":{"@type":"ImageObject","inLanguage":"pt-BR","@id":"https:\/\/www.pm.pb.gov.br\/portal\/#\/schema\/person\/image\/","url":"https:\/\/secure.gravatar.com\/avatar\/72917b630b69d31cd0297507f34bac97?s=96&d=mm&r=g","contentUrl":"https:\/\/secure.gravatar.com\/avatar\/72917b630b69d31cd0297507f34bac97?s=96&d=mm&r=g","caption":"Tarcisio Oliveira"},"url":"https:\/\/www.pm.pb.gov.br\/portal\/author\/tarcisio\/"}]}},"_links":{"self":[{"href":"https:\/\/www.pm.pb.gov.br\/portal\/wp-json\/wp\/v2\/posts\/920346"}],"collection":[{"href":"https:\/\/www.pm.pb.gov.br\/portal\/wp-json\/wp\/v2\/posts"}],"about":[{"href":"https:\/\/www.pm.pb.gov.br\/portal\/wp-json\/wp\/v2\/types\/post"}],"author":[{"embeddable":true,"href":"https:\/\/www.pm.pb.gov.br\/portal\/wp-json\/wp\/v2\/users\/12"}],"replies":[{"embeddable":true,"href":"https:\/\/www.pm.pb.gov.br\/portal\/wp-json\/wp\/v2\/comments?post=920346"}],"version-history":[{"count":1,"href":"https:\/\/www.pm.pb.gov.br\/portal\/wp-json\/wp\/v2\/posts\/920346\/revisions"}],"predecessor-version":[{"id":920349,"href":"https:\/\/www.pm.pb.gov.br\/portal\/wp-json\/wp\/v2\/posts\/920346\/revisions\/920349"}],"wp:featuredmedia":[{"embeddable":true,"href":"https:\/\/www.pm.pb.gov.br\/portal\/wp-json\/wp\/v2\/media\/915683"}],"wp:attachment":[{"href":"https:\/\/www.pm.pb.gov.br\/portal\/wp-json\/wp\/v2\/media?parent=920346"}],"wp:term":[{"taxonomy":"category","embeddable":true,"href":"https:\/\/www.pm.pb.gov.br\/portal\/wp-json\/wp\/v2\/categories?post=920346"},{"taxonomy":"post_tag","embeddable":true,"href":"https:\/\/www.pm.pb.gov.br\/portal\/wp-json\/wp\/v2\/tags?post=920346"}],"curies":[{"name":"wp","href":"https:\/\/api.w.org\/{rel}","templated":true}]}}