{"id":920334,"date":"2024-01-16T15:02:40","date_gmt":"2024-01-16T18:02:40","guid":{"rendered":"https:\/\/www.pm.pb.gov.br\/portal\/?p=920334"},"modified":"2024-01-16T15:02:42","modified_gmt":"2024-01-16T18:02:42","slug":"balanco-parcial-operacao-forca-total-na-paraiba-apreende-cinco-armas-de-fogo","status":"publish","type":"post","link":"https:\/\/www.pm.pb.gov.br\/portal\/2024\/01\/16\/balanco-parcial-operacao-forca-total-na-paraiba-apreende-cinco-armas-de-fogo\/","title":{"rendered":"BALAN\u00c7O PARCIAL: Opera\u00e7\u00e3o For\u00e7a Total na Para\u00edba apreende cinco armas de fogo"},"content":{"rendered":"\n<p>Desde o come\u00e7o da manh\u00e3 at\u00e9 o in\u00edcio da tarde desta quinta-feira (16), a Pol\u00edcia Militar da Para\u00edba j\u00e1 retirou de circula\u00e7\u00e3o cinco armas de fogo que estavam ilegalmente nas ruas (foto acima ilustrativa). As a\u00e7\u00f5es da PM fazem parte da Opera\u00e7\u00e3o For\u00e7a Total, realizada de forma simult\u00e2nea em todo o pa\u00eds atrav\u00e9s das Pol\u00edcias Militares.<\/p>\n<p>No per\u00edodo, dois mandados de pris\u00e3o foram cumpridos, 1.055 ve\u00edculos entre carros e motocicletas foram abordados, sendo 56 deles autuados e 10 removidos por irregularidades. Os dados s\u00e3o do relat\u00f3rio do Estado-Maior Estrat\u00e9gico (EME). Entre os foragidos presos est\u00e1 um homem de 68 anos de idade acusado de estupro de vulner\u00e1vel com uma pena de 18 anos a ser cumprida. A captura dele ocorreu na cidade de Alagoa Grande.<\/p>\n<p><strong>Armas \u2013<\/strong> Em Jo\u00e3o Pessoa, quatro armas de fogo j\u00e1 foram apreendidas: dois rev\u00f3lveres no bairro de Mangabeira, na avenida Hilton Souto Maior com dois primos; uma pistola com um acusado de 26 anos que j\u00e1 tinha passagem por tr\u00e1fico de drogas e homic\u00eddio, na Ilha do Bispo. E no come\u00e7o da tarde uma nova arma foi apreendida no bairro do Bessa, ocorr\u00eancia que ainda est\u00e1 em andamento.<\/p>\n<p><img loading=\"lazy\" decoding=\"async\" class=\"size-medium wp-image-920316 aligncenter\" src=\"http:\/\/www.pm.pb.gov.br\/portal\/wp-content\/uploads\/2024\/01\/IMG-20240116-WA0007-297x445.jpg\" alt=\"\" width=\"297\" height=\"445\" srcset=\"https:\/\/www.pm.pb.gov.br\/portal\/wp-content\/uploads\/2024\/01\/IMG-20240116-WA0007-297x445.jpg 297w, https:\/\/www.pm.pb.gov.br\/portal\/wp-content\/uploads\/2024\/01\/IMG-20240116-WA0007-380x570.jpg 380w, https:\/\/www.pm.pb.gov.br\/portal\/wp-content\/uploads\/2024\/01\/IMG-20240116-WA0007-768x1151.jpg 768w, https:\/\/www.pm.pb.gov.br\/portal\/wp-content\/uploads\/2024\/01\/IMG-20240116-WA0007.jpg 854w\" sizes=\"(max-width: 297px) 100vw, 297px\" \/><\/p>\n<p><img loading=\"lazy\" decoding=\"async\" class=\" wp-image-920313 aligncenter\" src=\"http:\/\/www.pm.pb.gov.br\/portal\/wp-content\/uploads\/2024\/01\/20240116_100704-701x445.jpg\" alt=\"\" width=\"592\" height=\"376\" srcset=\"https:\/\/www.pm.pb.gov.br\/portal\/wp-content\/uploads\/2024\/01\/20240116_100704-701x445.jpg 701w, https:\/\/www.pm.pb.gov.br\/portal\/wp-content\/uploads\/2024\/01\/20240116_100704-898x570.jpg 898w, https:\/\/www.pm.pb.gov.br\/portal\/wp-content\/uploads\/2024\/01\/20240116_100704-768x488.jpg 768w, https:\/\/www.pm.pb.gov.br\/portal\/wp-content\/uploads\/2024\/01\/20240116_100704.jpg 956w\" sizes=\"(max-width: 592px) 100vw, 592px\" \/><\/p>\n<p>No Sert\u00e3o, em Itaporanga, uma pistola foi apreendida com um homem que estava com um carro roubado, e que estava com placas clonadas.<\/p>\n<p><strong>Mais dados \u2013<\/strong> O relat\u00f3rio do EME aponta tamb\u00e9m que mais de 900 policiais militares em mais de 360 viaturas est\u00e3o envolvidas na opera\u00e7\u00e3o, intensificando as a\u00e7\u00f5es de seguran\u00e7a p\u00fablica. Cerca de 1600 pessoas j\u00e1 foram abordadas. Oito flagrantes e um termo circunstanciado de ocorr\u00eancia j\u00e1 foram lavrados. Dois ve\u00edculos foram recuperados.<\/p>\n<p><strong>Refor\u00e7o &#8211;<\/strong> Opera\u00e7\u00e3o For\u00e7a Total tem intensificado de forma conjunta as a\u00e7\u00f5es das Pol\u00edcias Militares no pa\u00eds. A Opera\u00e7\u00e3o foi desencadeada pelo Conselho Nacional de Comandantes-Gerais das Pol\u00edcias Militares e Corpos de Bombeiros Militares (CNCG) e deve acontecer at\u00e9 o come\u00e7o da noite desta ter\u00e7a.<\/p>\n<p><img loading=\"lazy\" decoding=\"async\" class=\" wp-image-920327 aligncenter\" src=\"http:\/\/www.pm.pb.gov.br\/portal\/wp-content\/uploads\/2024\/01\/14bpm.jpeg\" alt=\"\" width=\"717\" height=\"399\" srcset=\"https:\/\/www.pm.pb.gov.br\/portal\/wp-content\/uploads\/2024\/01\/14bpm.jpeg 800w, https:\/\/www.pm.pb.gov.br\/portal\/wp-content\/uploads\/2024\/01\/14bpm-245x136.jpeg 245w, https:\/\/www.pm.pb.gov.br\/portal\/wp-content\/uploads\/2024\/01\/14bpm-768x427.jpeg 768w\" sizes=\"(max-width: 717px) 100vw, 717px\" \/><\/p>\n\n\n","protected":false},"excerpt":{"rendered":"<p>Desde o come\u00e7o da manh\u00e3 at\u00e9 o in\u00edcio da tarde desta quinta-feira (16), a Pol\u00edcia Militar da Para\u00edba j\u00e1 retirou<\/p>\n","protected":false},"author":12,"featured_media":920330,"comment_status":"closed","ping_status":"closed","sticky":false,"template":"","format":"standard","meta":{"_exactmetrics_skip_tracking":false,"_exactmetrics_sitenote_active":false,"_exactmetrics_sitenote_note":"","_exactmetrics_sitenote_category":0,"footnotes":""},"categories":[4],"tags":[],"yoast_head":"<!-- This site is optimized with the Yoast SEO plugin v22.0 - https:\/\/yoast.com\/wordpress\/plugins\/seo\/ -->\n<title>BALAN\u00c7O PARCIAL: Opera\u00e7\u00e3o For\u00e7a Total na Para\u00edba apreende cinco armas de fogo - Pol\u00edcia Militar da Para\u00edba<\/title>\n<meta name=\"description\" content=\"Opera\u00e7\u00e3o For\u00e7a Total tem intensificado de forma conjunta as a\u00e7\u00f5es das PMs no pa\u00eds. A Opera\u00e7\u00e3o foi desencadeada pelo CNCG.\" \/>\n<meta name=\"robots\" content=\"index, follow, max-snippet:-1, max-image-preview:large, max-video-preview:-1\" \/>\n<link rel=\"canonical\" href=\"https:\/\/www.pm.pb.gov.br\/portal\/2024\/01\/16\/balanco-parcial-operacao-forca-total-na-paraiba-apreende-cinco-armas-de-fogo\/\" \/>\n<meta property=\"og:locale\" content=\"pt_BR\" \/>\n<meta property=\"og:type\" content=\"article\" \/>\n<meta property=\"og:title\" content=\"BALAN\u00c7O PARCIAL: Opera\u00e7\u00e3o For\u00e7a Total na Para\u00edba apreende cinco armas de fogo - Pol\u00edcia Militar da Para\u00edba\" \/>\n<meta property=\"og:description\" content=\"Opera\u00e7\u00e3o For\u00e7a Total tem intensificado de forma conjunta as a\u00e7\u00f5es das PMs no pa\u00eds. A Opera\u00e7\u00e3o foi desencadeada pelo CNCG.\" \/>\n<meta property=\"og:url\" content=\"https:\/\/www.pm.pb.gov.br\/portal\/2024\/01\/16\/balanco-parcial-operacao-forca-total-na-paraiba-apreende-cinco-armas-de-fogo\/\" \/>\n<meta property=\"og:site_name\" content=\"Pol\u00edcia Militar da Para\u00edba\" \/>\n<meta property=\"article:published_time\" content=\"2024-01-16T18:02:40+00:00\" \/>\n<meta property=\"article:modified_time\" content=\"2024-01-16T18:02:42+00:00\" \/>\n<meta property=\"og:image\" content=\"http:\/\/www.pm.pb.gov.br\/portal\/wp-content\/uploads\/2024\/01\/2cipm-2.jpeg\" \/>\n\t<meta property=\"og:image:width\" content=\"800\" \/>\n\t<meta property=\"og:image:height\" content=\"446\" \/>\n\t<meta property=\"og:image:type\" content=\"image\/jpeg\" \/>\n<meta name=\"author\" content=\"Tarcisio Oliveira\" \/>\n<meta name=\"twitter:card\" content=\"summary_large_image\" \/>\n<meta name=\"twitter:label1\" content=\"Escrito por\" \/>\n\t<meta name=\"twitter:data1\" content=\"Tarcisio Oliveira\" \/>\n\t<meta name=\"twitter:label2\" content=\"Est. tempo de leitura\" \/>\n\t<meta name=\"twitter:data2\" content=\"3 minutos\" \/>\n<script type=\"application\/ld+json\" class=\"yoast-schema-graph\">{\"@context\":\"https:\/\/schema.org\",\"@graph\":[{\"@type\":\"Article\",\"@id\":\"https:\/\/www.pm.pb.gov.br\/portal\/2024\/01\/16\/balanco-parcial-operacao-forca-total-na-paraiba-apreende-cinco-armas-de-fogo\/#article\",\"isPartOf\":{\"@id\":\"https:\/\/www.pm.pb.gov.br\/portal\/2024\/01\/16\/balanco-parcial-operacao-forca-total-na-paraiba-apreende-cinco-armas-de-fogo\/\"},\"author\":{\"name\":\"Tarcisio Oliveira\",\"@id\":\"https:\/\/www.pm.pb.gov.br\/portal\/#\/schema\/person\/f84f56dcc78ce4357054da888b8247fd\"},\"headline\":\"BALAN\u00c7O PARCIAL: Opera\u00e7\u00e3o For\u00e7a Total na Para\u00edba apreende cinco armas de fogo\",\"datePublished\":\"2024-01-16T18:02:40+00:00\",\"dateModified\":\"2024-01-16T18:02:42+00:00\",\"mainEntityOfPage\":{\"@id\":\"https:\/\/www.pm.pb.gov.br\/portal\/2024\/01\/16\/balanco-parcial-operacao-forca-total-na-paraiba-apreende-cinco-armas-de-fogo\/\"},\"wordCount\":362,\"publisher\":{\"@id\":\"https:\/\/www.pm.pb.gov.br\/portal\/#organization\"},\"articleSection\":[\"A\u00e7\u00f5es Policiais\"],\"inLanguage\":\"pt-BR\"},{\"@type\":\"WebPage\",\"@id\":\"https:\/\/www.pm.pb.gov.br\/portal\/2024\/01\/16\/balanco-parcial-operacao-forca-total-na-paraiba-apreende-cinco-armas-de-fogo\/\",\"url\":\"https:\/\/www.pm.pb.gov.br\/portal\/2024\/01\/16\/balanco-parcial-operacao-forca-total-na-paraiba-apreende-cinco-armas-de-fogo\/\",\"name\":\"BALAN\u00c7O PARCIAL: Opera\u00e7\u00e3o For\u00e7a Total na Para\u00edba apreende cinco armas de fogo - Pol\u00edcia Militar da Para\u00edba\",\"isPartOf\":{\"@id\":\"https:\/\/www.pm.pb.gov.br\/portal\/#website\"},\"datePublished\":\"2024-01-16T18:02:40+00:00\",\"dateModified\":\"2024-01-16T18:02:42+00:00\",\"description\":\"Opera\u00e7\u00e3o For\u00e7a Total tem intensificado de forma conjunta as a\u00e7\u00f5es das PMs no pa\u00eds. A Opera\u00e7\u00e3o foi desencadeada pelo CNCG.\",\"breadcrumb\":{\"@id\":\"https:\/\/www.pm.pb.gov.br\/portal\/2024\/01\/16\/balanco-parcial-operacao-forca-total-na-paraiba-apreende-cinco-armas-de-fogo\/#breadcrumb\"},\"inLanguage\":\"pt-BR\",\"potentialAction\":[{\"@type\":\"ReadAction\",\"target\":[\"https:\/\/www.pm.pb.gov.br\/portal\/2024\/01\/16\/balanco-parcial-operacao-forca-total-na-paraiba-apreende-cinco-armas-de-fogo\/\"]}]},{\"@type\":\"BreadcrumbList\",\"@id\":\"https:\/\/www.pm.pb.gov.br\/portal\/2024\/01\/16\/balanco-parcial-operacao-forca-total-na-paraiba-apreende-cinco-armas-de-fogo\/#breadcrumb\",\"itemListElement\":[{\"@type\":\"ListItem\",\"position\":1,\"name\":\"In\u00edcio\",\"item\":\"https:\/\/www.pm.pb.gov.br\/portal\/\"},{\"@type\":\"ListItem\",\"position\":2,\"name\":\"BALAN\u00c7O PARCIAL: Opera\u00e7\u00e3o For\u00e7a Total na Para\u00edba apreende cinco armas de fogo\"}]},{\"@type\":\"WebSite\",\"@id\":\"https:\/\/www.pm.pb.gov.br\/portal\/#website\",\"url\":\"https:\/\/www.pm.pb.gov.br\/portal\/\",\"name\":\"Pol\u00edcia Militar da Para\u00edba\",\"description\":\"\",\"publisher\":{\"@id\":\"https:\/\/www.pm.pb.gov.br\/portal\/#organization\"},\"potentialAction\":[{\"@type\":\"SearchAction\",\"target\":{\"@type\":\"EntryPoint\",\"urlTemplate\":\"https:\/\/www.pm.pb.gov.br\/portal\/?s={search_term_string}\"},\"query-input\":\"required name=search_term_string\"}],\"inLanguage\":\"pt-BR\"},{\"@type\":\"Organization\",\"@id\":\"https:\/\/www.pm.pb.gov.br\/portal\/#organization\",\"name\":\"Pol\u00edcia Militar da Para\u00edba\",\"url\":\"https:\/\/www.pm.pb.gov.br\/portal\/\",\"logo\":{\"@type\":\"ImageObject\",\"inLanguage\":\"pt-BR\",\"@id\":\"https:\/\/www.pm.pb.gov.br\/portal\/#\/schema\/logo\/image\/\",\"url\":\"https:\/\/www.pm.pb.gov.br\/portal\/wp-content\/uploads\/2025\/03\/cropped-logo-site-mag2-1.png\",\"contentUrl\":\"https:\/\/www.pm.pb.gov.br\/portal\/wp-content\/uploads\/2025\/03\/cropped-logo-site-mag2-1.png\",\"width\":320,\"height\":90,\"caption\":\"Pol\u00edcia Militar da Para\u00edba\"},\"image\":{\"@id\":\"https:\/\/www.pm.pb.gov.br\/portal\/#\/schema\/logo\/image\/\"}},{\"@type\":\"Person\",\"@id\":\"https:\/\/www.pm.pb.gov.br\/portal\/#\/schema\/person\/f84f56dcc78ce4357054da888b8247fd\",\"name\":\"Tarcisio Oliveira\",\"image\":{\"@type\":\"ImageObject\",\"inLanguage\":\"pt-BR\",\"@id\":\"https:\/\/www.pm.pb.gov.br\/portal\/#\/schema\/person\/image\/\",\"url\":\"https:\/\/secure.gravatar.com\/avatar\/72917b630b69d31cd0297507f34bac97?s=96&d=mm&r=g\",\"contentUrl\":\"https:\/\/secure.gravatar.com\/avatar\/72917b630b69d31cd0297507f34bac97?s=96&d=mm&r=g\",\"caption\":\"Tarcisio Oliveira\"},\"url\":\"https:\/\/www.pm.pb.gov.br\/portal\/author\/tarcisio\/\"}]}<\/script>\n<!-- \/ Yoast SEO plugin. -->","yoast_head_json":{"title":"BALAN\u00c7O PARCIAL: Opera\u00e7\u00e3o For\u00e7a Total na Para\u00edba apreende cinco armas de fogo - Pol\u00edcia Militar da Para\u00edba","description":"Opera\u00e7\u00e3o For\u00e7a Total tem intensificado de forma conjunta as a\u00e7\u00f5es das PMs no pa\u00eds. A Opera\u00e7\u00e3o foi desencadeada pelo CNCG.","robots":{"index":"index","follow":"follow","max-snippet":"max-snippet:-1","max-image-preview":"max-image-preview:large","max-video-preview":"max-video-preview:-1"},"canonical":"https:\/\/www.pm.pb.gov.br\/portal\/2024\/01\/16\/balanco-parcial-operacao-forca-total-na-paraiba-apreende-cinco-armas-de-fogo\/","og_locale":"pt_BR","og_type":"article","og_title":"BALAN\u00c7O PARCIAL: Opera\u00e7\u00e3o For\u00e7a Total na Para\u00edba apreende cinco armas de fogo - Pol\u00edcia Militar da Para\u00edba","og_description":"Opera\u00e7\u00e3o For\u00e7a Total tem intensificado de forma conjunta as a\u00e7\u00f5es das PMs no pa\u00eds. A Opera\u00e7\u00e3o foi desencadeada pelo CNCG.","og_url":"https:\/\/www.pm.pb.gov.br\/portal\/2024\/01\/16\/balanco-parcial-operacao-forca-total-na-paraiba-apreende-cinco-armas-de-fogo\/","og_site_name":"Pol\u00edcia Militar da Para\u00edba","article_published_time":"2024-01-16T18:02:40+00:00","article_modified_time":"2024-01-16T18:02:42+00:00","og_image":[{"width":800,"height":446,"url":"http:\/\/www.pm.pb.gov.br\/portal\/wp-content\/uploads\/2024\/01\/2cipm-2.jpeg","type":"image\/jpeg"}],"author":"Tarcisio Oliveira","twitter_card":"summary_large_image","twitter_misc":{"Escrito por":"Tarcisio Oliveira","Est. tempo de leitura":"3 minutos"},"schema":{"@context":"https:\/\/schema.org","@graph":[{"@type":"Article","@id":"https:\/\/www.pm.pb.gov.br\/portal\/2024\/01\/16\/balanco-parcial-operacao-forca-total-na-paraiba-apreende-cinco-armas-de-fogo\/#article","isPartOf":{"@id":"https:\/\/www.pm.pb.gov.br\/portal\/2024\/01\/16\/balanco-parcial-operacao-forca-total-na-paraiba-apreende-cinco-armas-de-fogo\/"},"author":{"name":"Tarcisio Oliveira","@id":"https:\/\/www.pm.pb.gov.br\/portal\/#\/schema\/person\/f84f56dcc78ce4357054da888b8247fd"},"headline":"BALAN\u00c7O PARCIAL: Opera\u00e7\u00e3o For\u00e7a Total na Para\u00edba apreende cinco armas de fogo","datePublished":"2024-01-16T18:02:40+00:00","dateModified":"2024-01-16T18:02:42+00:00","mainEntityOfPage":{"@id":"https:\/\/www.pm.pb.gov.br\/portal\/2024\/01\/16\/balanco-parcial-operacao-forca-total-na-paraiba-apreende-cinco-armas-de-fogo\/"},"wordCount":362,"publisher":{"@id":"https:\/\/www.pm.pb.gov.br\/portal\/#organization"},"articleSection":["A\u00e7\u00f5es Policiais"],"inLanguage":"pt-BR"},{"@type":"WebPage","@id":"https:\/\/www.pm.pb.gov.br\/portal\/2024\/01\/16\/balanco-parcial-operacao-forca-total-na-paraiba-apreende-cinco-armas-de-fogo\/","url":"https:\/\/www.pm.pb.gov.br\/portal\/2024\/01\/16\/balanco-parcial-operacao-forca-total-na-paraiba-apreende-cinco-armas-de-fogo\/","name":"BALAN\u00c7O PARCIAL: Opera\u00e7\u00e3o For\u00e7a Total na Para\u00edba apreende cinco armas de fogo - Pol\u00edcia Militar da Para\u00edba","isPartOf":{"@id":"https:\/\/www.pm.pb.gov.br\/portal\/#website"},"datePublished":"2024-01-16T18:02:40+00:00","dateModified":"2024-01-16T18:02:42+00:00","description":"Opera\u00e7\u00e3o For\u00e7a Total tem intensificado de forma conjunta as a\u00e7\u00f5es das PMs no pa\u00eds. A Opera\u00e7\u00e3o foi desencadeada pelo CNCG.","breadcrumb":{"@id":"https:\/\/www.pm.pb.gov.br\/portal\/2024\/01\/16\/balanco-parcial-operacao-forca-total-na-paraiba-apreende-cinco-armas-de-fogo\/#breadcrumb"},"inLanguage":"pt-BR","potentialAction":[{"@type":"ReadAction","target":["https:\/\/www.pm.pb.gov.br\/portal\/2024\/01\/16\/balanco-parcial-operacao-forca-total-na-paraiba-apreende-cinco-armas-de-fogo\/"]}]},{"@type":"BreadcrumbList","@id":"https:\/\/www.pm.pb.gov.br\/portal\/2024\/01\/16\/balanco-parcial-operacao-forca-total-na-paraiba-apreende-cinco-armas-de-fogo\/#breadcrumb","itemListElement":[{"@type":"ListItem","position":1,"name":"In\u00edcio","item":"https:\/\/www.pm.pb.gov.br\/portal\/"},{"@type":"ListItem","position":2,"name":"BALAN\u00c7O PARCIAL: Opera\u00e7\u00e3o For\u00e7a Total na Para\u00edba apreende cinco armas de fogo"}]},{"@type":"WebSite","@id":"https:\/\/www.pm.pb.gov.br\/portal\/#website","url":"https:\/\/www.pm.pb.gov.br\/portal\/","name":"Pol\u00edcia Militar da Para\u00edba","description":"","publisher":{"@id":"https:\/\/www.pm.pb.gov.br\/portal\/#organization"},"potentialAction":[{"@type":"SearchAction","target":{"@type":"EntryPoint","urlTemplate":"https:\/\/www.pm.pb.gov.br\/portal\/?s={search_term_string}"},"query-input":"required name=search_term_string"}],"inLanguage":"pt-BR"},{"@type":"Organization","@id":"https:\/\/www.pm.pb.gov.br\/portal\/#organization","name":"Pol\u00edcia Militar da Para\u00edba","url":"https:\/\/www.pm.pb.gov.br\/portal\/","logo":{"@type":"ImageObject","inLanguage":"pt-BR","@id":"https:\/\/www.pm.pb.gov.br\/portal\/#\/schema\/logo\/image\/","url":"https:\/\/www.pm.pb.gov.br\/portal\/wp-content\/uploads\/2025\/03\/cropped-logo-site-mag2-1.png","contentUrl":"https:\/\/www.pm.pb.gov.br\/portal\/wp-content\/uploads\/2025\/03\/cropped-logo-site-mag2-1.png","width":320,"height":90,"caption":"Pol\u00edcia Militar da Para\u00edba"},"image":{"@id":"https:\/\/www.pm.pb.gov.br\/portal\/#\/schema\/logo\/image\/"}},{"@type":"Person","@id":"https:\/\/www.pm.pb.gov.br\/portal\/#\/schema\/person\/f84f56dcc78ce4357054da888b8247fd","name":"Tarcisio Oliveira","image":{"@type":"ImageObject","inLanguage":"pt-BR","@id":"https:\/\/www.pm.pb.gov.br\/portal\/#\/schema\/person\/image\/","url":"https:\/\/secure.gravatar.com\/avatar\/72917b630b69d31cd0297507f34bac97?s=96&d=mm&r=g","contentUrl":"https:\/\/secure.gravatar.com\/avatar\/72917b630b69d31cd0297507f34bac97?s=96&d=mm&r=g","caption":"Tarcisio Oliveira"},"url":"https:\/\/www.pm.pb.gov.br\/portal\/author\/tarcisio\/"}]}},"_links":{"self":[{"href":"https:\/\/www.pm.pb.gov.br\/portal\/wp-json\/wp\/v2\/posts\/920334"}],"collection":[{"href":"https:\/\/www.pm.pb.gov.br\/portal\/wp-json\/wp\/v2\/posts"}],"about":[{"href":"https:\/\/www.pm.pb.gov.br\/portal\/wp-json\/wp\/v2\/types\/post"}],"author":[{"embeddable":true,"href":"https:\/\/www.pm.pb.gov.br\/portal\/wp-json\/wp\/v2\/users\/12"}],"replies":[{"embeddable":true,"href":"https:\/\/www.pm.pb.gov.br\/portal\/wp-json\/wp\/v2\/comments?post=920334"}],"version-history":[{"count":1,"href":"https:\/\/www.pm.pb.gov.br\/portal\/wp-json\/wp\/v2\/posts\/920334\/revisions"}],"predecessor-version":[{"id":920335,"href":"https:\/\/www.pm.pb.gov.br\/portal\/wp-json\/wp\/v2\/posts\/920334\/revisions\/920335"}],"wp:featuredmedia":[{"embeddable":true,"href":"https:\/\/www.pm.pb.gov.br\/portal\/wp-json\/wp\/v2\/media\/920330"}],"wp:attachment":[{"href":"https:\/\/www.pm.pb.gov.br\/portal\/wp-json\/wp\/v2\/media?parent=920334"}],"wp:term":[{"taxonomy":"category","embeddable":true,"href":"https:\/\/www.pm.pb.gov.br\/portal\/wp-json\/wp\/v2\/categories?post=920334"},{"taxonomy":"post_tag","embeddable":true,"href":"https:\/\/www.pm.pb.gov.br\/portal\/wp-json\/wp\/v2\/tags?post=920334"}],"curies":[{"name":"wp","href":"https:\/\/api.w.org\/{rel}","templated":true}]}}