{"id":920322,"date":"2024-01-16T13:34:53","date_gmt":"2024-01-16T16:34:53","guid":{"rendered":"https:\/\/www.pm.pb.gov.br\/portal\/?p=920322"},"modified":"2024-01-16T13:34:56","modified_gmt":"2024-01-16T16:34:56","slug":"mais-um-operacao-prende-acusado-de-estupro-de-vulneravel-com-18-anos-de-condenacao-no-brejo","status":"publish","type":"post","link":"https:\/\/www.pm.pb.gov.br\/portal\/2024\/01\/16\/mais-um-operacao-prende-acusado-de-estupro-de-vulneravel-com-18-anos-de-condenacao-no-brejo\/","title":{"rendered":"MAIS UM: Opera\u00e7\u00e3o prende acusado de estupro de vulner\u00e1vel com 18 anos de condena\u00e7\u00e3o no brejo"},"content":{"rendered":"\n<p>A Pol\u00edcia Militar capturou mais um foragido da Justi\u00e7a, acusado do crime de estupro de vulner\u00e1vel, que tinha uma pena de 18 anos de condena\u00e7\u00e3o pela Vara \u00danica de Alagoa Grande, no brejo paraibano (foto acima ilustrativa). A captura ocorreu nesta ter\u00e7a-feira (16) durante a Opera\u00e7\u00e3o For\u00e7a Total.<\/p>\n<p>O acusado preso tem 68 anos de idade e foi preso pelos policiais do 4\u00ba Batalh\u00e3o na cidade durante o cumprimento de um mandado de pris\u00e3o pelo crime. Ele foi apresentado na delegacia para o devido cumprimento da pena.<\/p>\n<p>A Opera\u00e7\u00e3o For\u00e7a Total acontece nesta ter\u00e7a em todo o pa\u00eds, com intensifica\u00e7\u00e3o das a\u00e7\u00f5es policiais militares na seguran\u00e7a p\u00fablica.<\/p>\n\n\n","protected":false},"excerpt":{"rendered":"<p>A Pol\u00edcia Militar capturou mais um foragido da Justi\u00e7a, acusado do crime de estupro de vulner\u00e1vel, que tinha uma pena<\/p>\n","protected":false},"author":12,"featured_media":919969,"comment_status":"closed","ping_status":"closed","sticky":false,"template":"","format":"standard","meta":{"_exactmetrics_skip_tracking":false,"_exactmetrics_sitenote_active":false,"_exactmetrics_sitenote_note":"","_exactmetrics_sitenote_category":0,"footnotes":""},"categories":[4],"tags":[],"yoast_head":"<!-- This site is optimized with the Yoast SEO plugin v22.0 - https:\/\/yoast.com\/wordpress\/plugins\/seo\/ -->\n<title>MAIS UM: Opera\u00e7\u00e3o prende acusado de estupro de vulner\u00e1vel com 18 anos de condena\u00e7\u00e3o no brejo - Pol\u00edcia Militar da Para\u00edba<\/title>\n<meta name=\"description\" content=\"A Opera\u00e7\u00e3o For\u00e7a Total acontece nesta ter\u00e7a em todo o pa\u00eds, com intensifica\u00e7\u00e3o das a\u00e7\u00f5es policiais militares na seguran\u00e7a p\u00fablica.\" \/>\n<meta name=\"robots\" content=\"index, follow, max-snippet:-1, max-image-preview:large, max-video-preview:-1\" \/>\n<link rel=\"canonical\" href=\"https:\/\/www.pm.pb.gov.br\/portal\/2024\/01\/16\/mais-um-operacao-prende-acusado-de-estupro-de-vulneravel-com-18-anos-de-condenacao-no-brejo\/\" \/>\n<meta property=\"og:locale\" content=\"pt_BR\" \/>\n<meta property=\"og:type\" content=\"article\" \/>\n<meta property=\"og:title\" content=\"MAIS UM: Opera\u00e7\u00e3o prende acusado de estupro de vulner\u00e1vel com 18 anos de condena\u00e7\u00e3o no brejo - Pol\u00edcia Militar da Para\u00edba\" \/>\n<meta property=\"og:description\" content=\"A Opera\u00e7\u00e3o For\u00e7a Total acontece nesta ter\u00e7a em todo o pa\u00eds, com intensifica\u00e7\u00e3o das a\u00e7\u00f5es policiais militares na seguran\u00e7a p\u00fablica.\" \/>\n<meta property=\"og:url\" content=\"https:\/\/www.pm.pb.gov.br\/portal\/2024\/01\/16\/mais-um-operacao-prende-acusado-de-estupro-de-vulneravel-com-18-anos-de-condenacao-no-brejo\/\" \/>\n<meta property=\"og:site_name\" content=\"Pol\u00edcia Militar da Para\u00edba\" \/>\n<meta property=\"article:published_time\" content=\"2024-01-16T16:34:53+00:00\" \/>\n<meta property=\"article:modified_time\" content=\"2024-01-16T16:34:56+00:00\" \/>\n<meta property=\"og:image\" content=\"http:\/\/www.pm.pb.gov.br\/portal\/wp-content\/uploads\/2024\/01\/4bpm.jpg\" \/>\n\t<meta property=\"og:image:width\" content=\"1079\" \/>\n\t<meta property=\"og:image:height\" content=\"592\" \/>\n\t<meta property=\"og:image:type\" content=\"image\/jpeg\" \/>\n<meta name=\"author\" content=\"Tarcisio Oliveira\" \/>\n<meta name=\"twitter:card\" content=\"summary_large_image\" \/>\n<meta name=\"twitter:label1\" content=\"Escrito por\" \/>\n\t<meta name=\"twitter:data1\" content=\"Tarcisio Oliveira\" \/>\n\t<meta name=\"twitter:label2\" content=\"Est. tempo de leitura\" \/>\n\t<meta name=\"twitter:data2\" content=\"1 minuto\" \/>\n<script type=\"application\/ld+json\" class=\"yoast-schema-graph\">{\"@context\":\"https:\/\/schema.org\",\"@graph\":[{\"@type\":\"Article\",\"@id\":\"https:\/\/www.pm.pb.gov.br\/portal\/2024\/01\/16\/mais-um-operacao-prende-acusado-de-estupro-de-vulneravel-com-18-anos-de-condenacao-no-brejo\/#article\",\"isPartOf\":{\"@id\":\"https:\/\/www.pm.pb.gov.br\/portal\/2024\/01\/16\/mais-um-operacao-prende-acusado-de-estupro-de-vulneravel-com-18-anos-de-condenacao-no-brejo\/\"},\"author\":{\"name\":\"Tarcisio Oliveira\",\"@id\":\"https:\/\/www.pm.pb.gov.br\/portal\/#\/schema\/person\/f84f56dcc78ce4357054da888b8247fd\"},\"headline\":\"MAIS UM: Opera\u00e7\u00e3o prende acusado de estupro de vulner\u00e1vel com 18 anos de condena\u00e7\u00e3o no brejo\",\"datePublished\":\"2024-01-16T16:34:53+00:00\",\"dateModified\":\"2024-01-16T16:34:56+00:00\",\"mainEntityOfPage\":{\"@id\":\"https:\/\/www.pm.pb.gov.br\/portal\/2024\/01\/16\/mais-um-operacao-prende-acusado-de-estupro-de-vulneravel-com-18-anos-de-condenacao-no-brejo\/\"},\"wordCount\":138,\"publisher\":{\"@id\":\"https:\/\/www.pm.pb.gov.br\/portal\/#organization\"},\"articleSection\":[\"A\u00e7\u00f5es Policiais\"],\"inLanguage\":\"pt-BR\"},{\"@type\":\"WebPage\",\"@id\":\"https:\/\/www.pm.pb.gov.br\/portal\/2024\/01\/16\/mais-um-operacao-prende-acusado-de-estupro-de-vulneravel-com-18-anos-de-condenacao-no-brejo\/\",\"url\":\"https:\/\/www.pm.pb.gov.br\/portal\/2024\/01\/16\/mais-um-operacao-prende-acusado-de-estupro-de-vulneravel-com-18-anos-de-condenacao-no-brejo\/\",\"name\":\"MAIS UM: Opera\u00e7\u00e3o prende acusado de estupro de vulner\u00e1vel com 18 anos de condena\u00e7\u00e3o no brejo - Pol\u00edcia Militar da Para\u00edba\",\"isPartOf\":{\"@id\":\"https:\/\/www.pm.pb.gov.br\/portal\/#website\"},\"datePublished\":\"2024-01-16T16:34:53+00:00\",\"dateModified\":\"2024-01-16T16:34:56+00:00\",\"description\":\"A Opera\u00e7\u00e3o For\u00e7a Total acontece nesta ter\u00e7a em todo o pa\u00eds, com intensifica\u00e7\u00e3o das a\u00e7\u00f5es policiais militares na seguran\u00e7a p\u00fablica.\",\"breadcrumb\":{\"@id\":\"https:\/\/www.pm.pb.gov.br\/portal\/2024\/01\/16\/mais-um-operacao-prende-acusado-de-estupro-de-vulneravel-com-18-anos-de-condenacao-no-brejo\/#breadcrumb\"},\"inLanguage\":\"pt-BR\",\"potentialAction\":[{\"@type\":\"ReadAction\",\"target\":[\"https:\/\/www.pm.pb.gov.br\/portal\/2024\/01\/16\/mais-um-operacao-prende-acusado-de-estupro-de-vulneravel-com-18-anos-de-condenacao-no-brejo\/\"]}]},{\"@type\":\"BreadcrumbList\",\"@id\":\"https:\/\/www.pm.pb.gov.br\/portal\/2024\/01\/16\/mais-um-operacao-prende-acusado-de-estupro-de-vulneravel-com-18-anos-de-condenacao-no-brejo\/#breadcrumb\",\"itemListElement\":[{\"@type\":\"ListItem\",\"position\":1,\"name\":\"In\u00edcio\",\"item\":\"https:\/\/www.pm.pb.gov.br\/portal\/\"},{\"@type\":\"ListItem\",\"position\":2,\"name\":\"MAIS UM: Opera\u00e7\u00e3o prende acusado de estupro de vulner\u00e1vel com 18 anos de condena\u00e7\u00e3o no brejo\"}]},{\"@type\":\"WebSite\",\"@id\":\"https:\/\/www.pm.pb.gov.br\/portal\/#website\",\"url\":\"https:\/\/www.pm.pb.gov.br\/portal\/\",\"name\":\"Pol\u00edcia Militar da Para\u00edba\",\"description\":\"\",\"publisher\":{\"@id\":\"https:\/\/www.pm.pb.gov.br\/portal\/#organization\"},\"potentialAction\":[{\"@type\":\"SearchAction\",\"target\":{\"@type\":\"EntryPoint\",\"urlTemplate\":\"https:\/\/www.pm.pb.gov.br\/portal\/?s={search_term_string}\"},\"query-input\":\"required name=search_term_string\"}],\"inLanguage\":\"pt-BR\"},{\"@type\":\"Organization\",\"@id\":\"https:\/\/www.pm.pb.gov.br\/portal\/#organization\",\"name\":\"Pol\u00edcia Militar da Para\u00edba\",\"url\":\"https:\/\/www.pm.pb.gov.br\/portal\/\",\"logo\":{\"@type\":\"ImageObject\",\"inLanguage\":\"pt-BR\",\"@id\":\"https:\/\/www.pm.pb.gov.br\/portal\/#\/schema\/logo\/image\/\",\"url\":\"https:\/\/www.pm.pb.gov.br\/portal\/wp-content\/uploads\/2025\/03\/cropped-logo-site-mag2-1.png\",\"contentUrl\":\"https:\/\/www.pm.pb.gov.br\/portal\/wp-content\/uploads\/2025\/03\/cropped-logo-site-mag2-1.png\",\"width\":320,\"height\":90,\"caption\":\"Pol\u00edcia Militar da Para\u00edba\"},\"image\":{\"@id\":\"https:\/\/www.pm.pb.gov.br\/portal\/#\/schema\/logo\/image\/\"}},{\"@type\":\"Person\",\"@id\":\"https:\/\/www.pm.pb.gov.br\/portal\/#\/schema\/person\/f84f56dcc78ce4357054da888b8247fd\",\"name\":\"Tarcisio Oliveira\",\"image\":{\"@type\":\"ImageObject\",\"inLanguage\":\"pt-BR\",\"@id\":\"https:\/\/www.pm.pb.gov.br\/portal\/#\/schema\/person\/image\/\",\"url\":\"https:\/\/secure.gravatar.com\/avatar\/72917b630b69d31cd0297507f34bac97?s=96&d=mm&r=g\",\"contentUrl\":\"https:\/\/secure.gravatar.com\/avatar\/72917b630b69d31cd0297507f34bac97?s=96&d=mm&r=g\",\"caption\":\"Tarcisio Oliveira\"},\"url\":\"https:\/\/www.pm.pb.gov.br\/portal\/author\/tarcisio\/\"}]}<\/script>\n<!-- \/ Yoast SEO plugin. -->","yoast_head_json":{"title":"MAIS UM: Opera\u00e7\u00e3o prende acusado de estupro de vulner\u00e1vel com 18 anos de condena\u00e7\u00e3o no brejo - Pol\u00edcia Militar da Para\u00edba","description":"A Opera\u00e7\u00e3o For\u00e7a Total acontece nesta ter\u00e7a em todo o pa\u00eds, com intensifica\u00e7\u00e3o das a\u00e7\u00f5es policiais militares na seguran\u00e7a p\u00fablica.","robots":{"index":"index","follow":"follow","max-snippet":"max-snippet:-1","max-image-preview":"max-image-preview:large","max-video-preview":"max-video-preview:-1"},"canonical":"https:\/\/www.pm.pb.gov.br\/portal\/2024\/01\/16\/mais-um-operacao-prende-acusado-de-estupro-de-vulneravel-com-18-anos-de-condenacao-no-brejo\/","og_locale":"pt_BR","og_type":"article","og_title":"MAIS UM: Opera\u00e7\u00e3o prende acusado de estupro de vulner\u00e1vel com 18 anos de condena\u00e7\u00e3o no brejo - Pol\u00edcia Militar da Para\u00edba","og_description":"A Opera\u00e7\u00e3o For\u00e7a Total acontece nesta ter\u00e7a em todo o pa\u00eds, com intensifica\u00e7\u00e3o das a\u00e7\u00f5es policiais militares na seguran\u00e7a p\u00fablica.","og_url":"https:\/\/www.pm.pb.gov.br\/portal\/2024\/01\/16\/mais-um-operacao-prende-acusado-de-estupro-de-vulneravel-com-18-anos-de-condenacao-no-brejo\/","og_site_name":"Pol\u00edcia Militar da Para\u00edba","article_published_time":"2024-01-16T16:34:53+00:00","article_modified_time":"2024-01-16T16:34:56+00:00","og_image":[{"width":1079,"height":592,"url":"http:\/\/www.pm.pb.gov.br\/portal\/wp-content\/uploads\/2024\/01\/4bpm.jpg","type":"image\/jpeg"}],"author":"Tarcisio Oliveira","twitter_card":"summary_large_image","twitter_misc":{"Escrito por":"Tarcisio Oliveira","Est. tempo de leitura":"1 minuto"},"schema":{"@context":"https:\/\/schema.org","@graph":[{"@type":"Article","@id":"https:\/\/www.pm.pb.gov.br\/portal\/2024\/01\/16\/mais-um-operacao-prende-acusado-de-estupro-de-vulneravel-com-18-anos-de-condenacao-no-brejo\/#article","isPartOf":{"@id":"https:\/\/www.pm.pb.gov.br\/portal\/2024\/01\/16\/mais-um-operacao-prende-acusado-de-estupro-de-vulneravel-com-18-anos-de-condenacao-no-brejo\/"},"author":{"name":"Tarcisio Oliveira","@id":"https:\/\/www.pm.pb.gov.br\/portal\/#\/schema\/person\/f84f56dcc78ce4357054da888b8247fd"},"headline":"MAIS UM: Opera\u00e7\u00e3o prende acusado de estupro de vulner\u00e1vel com 18 anos de condena\u00e7\u00e3o no brejo","datePublished":"2024-01-16T16:34:53+00:00","dateModified":"2024-01-16T16:34:56+00:00","mainEntityOfPage":{"@id":"https:\/\/www.pm.pb.gov.br\/portal\/2024\/01\/16\/mais-um-operacao-prende-acusado-de-estupro-de-vulneravel-com-18-anos-de-condenacao-no-brejo\/"},"wordCount":138,"publisher":{"@id":"https:\/\/www.pm.pb.gov.br\/portal\/#organization"},"articleSection":["A\u00e7\u00f5es Policiais"],"inLanguage":"pt-BR"},{"@type":"WebPage","@id":"https:\/\/www.pm.pb.gov.br\/portal\/2024\/01\/16\/mais-um-operacao-prende-acusado-de-estupro-de-vulneravel-com-18-anos-de-condenacao-no-brejo\/","url":"https:\/\/www.pm.pb.gov.br\/portal\/2024\/01\/16\/mais-um-operacao-prende-acusado-de-estupro-de-vulneravel-com-18-anos-de-condenacao-no-brejo\/","name":"MAIS UM: Opera\u00e7\u00e3o prende acusado de estupro de vulner\u00e1vel com 18 anos de condena\u00e7\u00e3o no brejo - Pol\u00edcia Militar da Para\u00edba","isPartOf":{"@id":"https:\/\/www.pm.pb.gov.br\/portal\/#website"},"datePublished":"2024-01-16T16:34:53+00:00","dateModified":"2024-01-16T16:34:56+00:00","description":"A Opera\u00e7\u00e3o For\u00e7a Total acontece nesta ter\u00e7a em todo o pa\u00eds, com intensifica\u00e7\u00e3o das a\u00e7\u00f5es policiais militares na seguran\u00e7a p\u00fablica.","breadcrumb":{"@id":"https:\/\/www.pm.pb.gov.br\/portal\/2024\/01\/16\/mais-um-operacao-prende-acusado-de-estupro-de-vulneravel-com-18-anos-de-condenacao-no-brejo\/#breadcrumb"},"inLanguage":"pt-BR","potentialAction":[{"@type":"ReadAction","target":["https:\/\/www.pm.pb.gov.br\/portal\/2024\/01\/16\/mais-um-operacao-prende-acusado-de-estupro-de-vulneravel-com-18-anos-de-condenacao-no-brejo\/"]}]},{"@type":"BreadcrumbList","@id":"https:\/\/www.pm.pb.gov.br\/portal\/2024\/01\/16\/mais-um-operacao-prende-acusado-de-estupro-de-vulneravel-com-18-anos-de-condenacao-no-brejo\/#breadcrumb","itemListElement":[{"@type":"ListItem","position":1,"name":"In\u00edcio","item":"https:\/\/www.pm.pb.gov.br\/portal\/"},{"@type":"ListItem","position":2,"name":"MAIS UM: Opera\u00e7\u00e3o prende acusado de estupro de vulner\u00e1vel com 18 anos de condena\u00e7\u00e3o no brejo"}]},{"@type":"WebSite","@id":"https:\/\/www.pm.pb.gov.br\/portal\/#website","url":"https:\/\/www.pm.pb.gov.br\/portal\/","name":"Pol\u00edcia Militar da Para\u00edba","description":"","publisher":{"@id":"https:\/\/www.pm.pb.gov.br\/portal\/#organization"},"potentialAction":[{"@type":"SearchAction","target":{"@type":"EntryPoint","urlTemplate":"https:\/\/www.pm.pb.gov.br\/portal\/?s={search_term_string}"},"query-input":"required name=search_term_string"}],"inLanguage":"pt-BR"},{"@type":"Organization","@id":"https:\/\/www.pm.pb.gov.br\/portal\/#organization","name":"Pol\u00edcia Militar da Para\u00edba","url":"https:\/\/www.pm.pb.gov.br\/portal\/","logo":{"@type":"ImageObject","inLanguage":"pt-BR","@id":"https:\/\/www.pm.pb.gov.br\/portal\/#\/schema\/logo\/image\/","url":"https:\/\/www.pm.pb.gov.br\/portal\/wp-content\/uploads\/2025\/03\/cropped-logo-site-mag2-1.png","contentUrl":"https:\/\/www.pm.pb.gov.br\/portal\/wp-content\/uploads\/2025\/03\/cropped-logo-site-mag2-1.png","width":320,"height":90,"caption":"Pol\u00edcia Militar da Para\u00edba"},"image":{"@id":"https:\/\/www.pm.pb.gov.br\/portal\/#\/schema\/logo\/image\/"}},{"@type":"Person","@id":"https:\/\/www.pm.pb.gov.br\/portal\/#\/schema\/person\/f84f56dcc78ce4357054da888b8247fd","name":"Tarcisio Oliveira","image":{"@type":"ImageObject","inLanguage":"pt-BR","@id":"https:\/\/www.pm.pb.gov.br\/portal\/#\/schema\/person\/image\/","url":"https:\/\/secure.gravatar.com\/avatar\/72917b630b69d31cd0297507f34bac97?s=96&d=mm&r=g","contentUrl":"https:\/\/secure.gravatar.com\/avatar\/72917b630b69d31cd0297507f34bac97?s=96&d=mm&r=g","caption":"Tarcisio Oliveira"},"url":"https:\/\/www.pm.pb.gov.br\/portal\/author\/tarcisio\/"}]}},"_links":{"self":[{"href":"https:\/\/www.pm.pb.gov.br\/portal\/wp-json\/wp\/v2\/posts\/920322"}],"collection":[{"href":"https:\/\/www.pm.pb.gov.br\/portal\/wp-json\/wp\/v2\/posts"}],"about":[{"href":"https:\/\/www.pm.pb.gov.br\/portal\/wp-json\/wp\/v2\/types\/post"}],"author":[{"embeddable":true,"href":"https:\/\/www.pm.pb.gov.br\/portal\/wp-json\/wp\/v2\/users\/12"}],"replies":[{"embeddable":true,"href":"https:\/\/www.pm.pb.gov.br\/portal\/wp-json\/wp\/v2\/comments?post=920322"}],"version-history":[{"count":1,"href":"https:\/\/www.pm.pb.gov.br\/portal\/wp-json\/wp\/v2\/posts\/920322\/revisions"}],"predecessor-version":[{"id":920323,"href":"https:\/\/www.pm.pb.gov.br\/portal\/wp-json\/wp\/v2\/posts\/920322\/revisions\/920323"}],"wp:featuredmedia":[{"embeddable":true,"href":"https:\/\/www.pm.pb.gov.br\/portal\/wp-json\/wp\/v2\/media\/919969"}],"wp:attachment":[{"href":"https:\/\/www.pm.pb.gov.br\/portal\/wp-json\/wp\/v2\/media?parent=920322"}],"wp:term":[{"taxonomy":"category","embeddable":true,"href":"https:\/\/www.pm.pb.gov.br\/portal\/wp-json\/wp\/v2\/categories?post=920322"},{"taxonomy":"post_tag","embeddable":true,"href":"https:\/\/www.pm.pb.gov.br\/portal\/wp-json\/wp\/v2\/tags?post=920322"}],"curies":[{"name":"wp","href":"https:\/\/api.w.org\/{rel}","templated":true}]}}